{"id":100,"date":"2008-10-11T20:14:00","date_gmt":"2008-10-11T20:14:00","guid":{"rendered":"https:\/\/bozsogiattila.hu\/?p=100"},"modified":"2024-01-05T20:18:03","modified_gmt":"2024-01-05T20:18:03","slug":"muzsikus-sorsok","status":"publish","type":"post","link":"https:\/\/bozsogiattila.hu\/?p=100","title":{"rendered":"Muzsikus sorsok"},"content":{"rendered":"\n<p class=\"wp-block-paragraph\"><strong>MUZSIKUS SORSOK!<\/strong><\/p>\n\n\n\n<p class=\"wp-block-paragraph\">Tal\u00e1n a vil\u00e1g legnehezebb hivat\u00e1s\u00e1r\u00f3l szeretn\u00e9m megosztani gondolataimat az olvas\u00f3kkal. E mondat elolvas\u00e1sa ut\u00e1n a legt\u00f6bben a zen\u00e9szekre \u00e9s \u00e9nekesekre asszoci\u00e1lnak. Helyesen teszik: igen, \u0151k azok, akiknek a sorsa k\u00e9sztetett e sorok meg\u00edr\u00e1s\u00e1ra.<\/p>\n\n\n\n<p class=\"wp-block-paragraph\">Egy zen\u00e9sznek vagy \u00e9nekesnek mindig mosolyogva, vid\u00e1ms\u00e1got sz\u00ednlelve kell a k\u00f6z\u00f6ns\u00e9g el\u00e9 l\u00e9pni, holott lehet, hogy gy\u00e1szt, betegs\u00e9get, csal\u00e1di konfliktust vagy egy\u00e9b olyan t\u00e9nyez\u0151t takar a sokat jelent\u0151 mosoly, melynek produk\u00e1l\u00e1s\u00e1ra egyszer\u0171 f\u00f6ldi haland\u00f3k k\u00e9ptelenek voln\u00e1nak ilyen k\u00f6r\u00fclm\u00e9nyek k\u00f6z\u00f6tt.<\/p>\n\n\n\n<p class=\"wp-block-paragraph\">A vil\u00e1gh\u00e1bor\u00fa el\u0151tt a Zen\u00e9sz Sz\u00f6vets\u00e9g adta ki a m\u0171k\u00f6d\u00e9si enged\u00e9lyeket, egy\u00e9neknek, kisegy\u00fctteseknek vagy cig\u00e1nyzenekaroknak. A k\u00f6vetelm\u00e9ny csup\u00e1n annyi volt: j\u00e1tszani, \u00e9nekelni kellett valamit, \u00e9s ha megtetszett, m\u00e1r vizsg\u00e1zott zen\u00e9sznek, \u00e9nekesnek sz\u00e1m\u00edtott, \u00e9s sim\u00e1n megkapta illetve kapt\u00e1k a m\u0171k\u00f6d\u00e9si enged\u00e9ly\u00fcket. Akik egy-k\u00e9t \u00e9v elv\u00e9gz\u00e9s\u00e9r\u0151l fel tudt\u00e1k mutatni zeneakad\u00e9miai index\u00fcket, azoknak j\u00e1tszani sem kellett.<\/p>\n\n\n\n<p class=\"wp-block-paragraph\">1945 ut\u00e1n a szakszervezet vette \u00e1t az enged\u00e9ly \u00fcgyk\u00f6rt. Az \u00faj m\u0171k\u00f6d\u00e9si enged\u00e9llyel \u00e9rv\u00e9nyes\u00edt\u00e9s v\u00e9get a rend\u0151rkapit\u00e1nys\u00e1gon kellett jelentkezni, ahol \u00fajlenyomatot vettek e m\u0171faj k\u00e9pvisel\u0151it\u0151l, \u00e9s m\u00e9g a m\u0171k\u00f6d\u00e9si enged\u00e9lybe is bele kellett nyomniuk a vegytint\u00e1s h\u00fcvelykujjukat, hasonl\u00f3an a b\u0171n\u00f6z\u0151kh\u00f6z. Ilyen megal\u00e1z\u00f3 int\u00e9zked\u00e9ssel m\u00e9g a prostitu\u00e1ltakat sem sz\u00e9gyen\u00edtett\u00e9k meg.<\/p>\n\n\n\n<p class=\"wp-block-paragraph\">Az 1930-as \u00e9vekben L\u00e1ng Gy\u00f6rgy, Kod\u00e1ly Zolt\u00e1n tan\u00edtv\u00e1nyk\u00e9nt diplom\u00e1zott a zeneakad\u00e9mi\u00e1n, majd a k\u00e9pz\u0151m\u0171v\u00e9szeti f\u0151iskol\u00e1t is elv\u00e9gezte. K\u00e9s\u0151bbi zeneszerz\u0151, \u00edr\u00f3, publicista, sz\u00ednm\u0171\u00edr\u00f3, fest\u0151, szobr\u00e1sz \u00e9vtizedekig kocsmazongoristak\u00e9nt napi 50-70Ft-os fizet\u00e9sb\u0151l k\u00e9nyszer\u00fclt eltartani csal\u00e1dj\u00e1t.<\/p>\n\n\n\n<p class=\"wp-block-paragraph\">Az akad\u00e9miai \u00e9vek alatt Bart\u00f3k B\u00e9la is m\u00e9ltatta munk\u00e1ss\u00e1g\u00e1t \u00e9s \u00f6szt\u00f6n\u00f6zte, tan\u00e1csokkal l\u00e1tta el a rendk\u00edv\u00fcli tehets\u00e9g\u0171 m\u0171v\u00e9sz aspir\u00e1nst.<\/p>\n\n\n\n<p class=\"wp-block-paragraph\">Ezek a sokat \u00edg\u00e9r\u0151 ind\u00edttat\u00e1sok is kev\u00e9snek bizonyultak e kiv\u00e1l\u00f3 tehets\u00e9g \u00e9let\u00fatj\u00e1nak, karrierj\u00e9nek kialakul\u00e1s\u00e1hoz.<\/p>\n\n\n\n<p class=\"wp-block-paragraph\">1935-40-ig sz\u00e1rmaz\u00e1sa miatt mell\u0151zt\u00e9k. Ezut\u00e1n n\u00e9gy \u00e9v, deport\u00e1l\u00e1s k\u00f6vetkezett. Majd 10 \u00e9vig az \u00f6tvenes \u00e9vekben kocsmazongoristak\u00e9nt alkalmi helyettes\u00edt\u00e9sekre k\u00f6zvet\u00edtett\u00e9k csak ki. \u00c1lland\u00f3 nyomor, megal\u00e1ztat\u00e1s, \u00e9hez\u00e9s \u00e9s munkaut\u00e1ni rohang\u00e1l\u00e1s jellemezte t\u00f6rekv\u00e9seit.<\/p>\n\n\n\n<p class=\"wp-block-paragraph\">Amikor el\u0151\u00edrt\u00e1k a zen\u00e9szek \u00e9s \u00e9nekesek \u00faj vizsgarendszer\u00e9t, L\u00e1ng m\u0171v\u00e9sz \u00far szint\u00e9n megjelent zen\u00e9szvizsg\u00e1n, ahol az A, B, C kateg\u00f3ri\u00e1s besorol\u00e1sn\u00e1l sikeres vizsg\u00e1t tett, \u00e9s a szakmailag nem megfelel\u0151 vizsgabizotts\u00e1g a legmagasabbnak sz\u00e1m\u00edt\u00f3 \u201eA\u201d kateg\u00f3ri\u00e1s min\u0151s\u00edt\u00e9st adott sz\u00e1m\u00e1ra.<\/p>\n\n\n\n<p class=\"wp-block-paragraph\">A vizsga befejez\u00e9se ut\u00e1n L\u00e1ng megk\u00e9rdezte: \u201eElm\u00e9letet nem k\u00e9rdeznek t\u0151lem? K\u00e9rd\u00e9s\u00e9re azt a v\u00e1laszt kapta, hogy zongora produkci\u00f3ja ut\u00e1n sz\u00fcks\u00e9gtelen. Erre azt felelte: \u201eengedj\u00e9k meg, hogy akkor \u00e9n k\u00e9rdezzek a vizsg\u00e1ztat\u00f3kt\u00f3l\u201d. K\u00e9t egyszer\u0171 k\u00e9rd\u00e9st tett fel, amire a vizsgabizotts\u00e1gb\u00f3l senki sem tudott v\u00e1laszolni.<\/p>\n\n\n\n<p class=\"wp-block-paragraph\">Ezek ut\u00e1n h\u00e1rom nappal kapott egy \u00e9rtes\u00edt\u00e9st, melynek \u00e9rtelm\u00e9ben visszavont\u00e1k a m\u0171k\u00f6d\u00e9si enged\u00e9ly\u00e9t. Mint kateg\u00f3ria n\u00e9lk\u00fcli zugmuzsikus \u00e1lland\u00f3 munkahelyet nem kapott, csup\u00e1n alkalmi munk\u00e1kra k\u00f6zvet\u00edtett\u00e9k ki egy-k\u00e9t napra, vagy a zongorist\u00e1k szabads\u00e1ga idej\u00e9re.<\/p>\n\n\n\n<p class=\"wp-block-paragraph\">Ezeken a munkahelyeken \u00fagy a vend\u00e9gekt\u0151l, mind a f\u0151n\u00f6k\u00f6kt\u0151l rengeteg megal\u00e1ztat\u00e1sban volt r\u00e9sze, \u00e9s olyan is el\u0151fordult, hogy a r\u00e9szeg vend\u00e9g szemk\u00f6zt k\u00f6pte, mert k\u00e9rte, hogy \u00fclj\u00f6n az asztalhoz, mivel a klaviat\u00fara mellett \u00e1llva zavarja a muzsik\u00e1l\u00e1sban. Id\u0151nk\u00e9nt karmesteri megb\u00edzat\u00e1sokat is elv\u00e1llalt, vagy nagysiker\u0171 k\u00e9pz\u0151m\u0171v\u00e9szeti \u00e9s zenet\u00f6rt\u00e9neti el\u0151ad\u00e1sokat tartott, felk\u00e9r\u00e9sre.<\/p>\n\n\n\n<p class=\"wp-block-paragraph\">A kocsm\u00e1kban gyakorta felkerest\u00e9k az olyan zen\u00e9szek, akik nem voltak k\u00e9pesek hall\u00e1sb\u00f3l le\u00edrni n\u00f3t\u00e1kat. Sz\u00e1mukra a sz\u00fcnetben ott a helysz\u00ednen d\u00fadol\u00e1s vagy f\u00fctty\u00f6l\u00e9s ut\u00e1n percek alatt 5 forint\u00e9rt elk\u00e9sz\u00edtette a zongorakivonatot.<\/p>\n\n\n\n<p class=\"wp-block-paragraph\">A kocsmazongor\u00e1z\u00e1s eml\u00e9keiben: \u201eTe sz\u0151ke gyerek\u201d c\u00edm\u0171 k\u00f6nyv\u00e9ben, izgalmas k\u00e9pet fest a korr\u00f3l, az \u00f6tvenes \u00e9vekr\u0151l, \u00e9s elkalauzol egy sokak \u00e1ltal ismeretlen vil\u00e1gba, a pesti \u00e9jszak\u00e1ba. Hal\u00e1la ut\u00e1n feljegyz\u00e9seinek rendez\u00e9se nyom\u00e1n feles\u00e9g\u00e9nek j\u00f3volt\u00e1b\u00f3l sz\u00fcletett meg ez a k\u00f6nyv.<\/p>\n\n\n\n<p class=\"wp-block-paragraph\">Munk\u00e1ja mellett nem lett h\u0171tlen a klasszikus zen\u00e9hez sem, \u00e9s zeneszerz\u0151i tev\u00e9kenys\u00e9g\u00e9nek k\u00f6sz\u00f6nhet\u0151en \u00f6r\u00f6k\u00e9let\u0171 m\u0171veket kompon\u00e1lt.<\/p>\n\n\n\n<p class=\"wp-block-paragraph\">Szoros bar\u00e1ts\u00e1g f\u0171zte a vil\u00e1gh\u00edr\u0171 m\u0171v\u00e9sz h\u00e1zasp\u00e1rhoz, Kocsis Alberthez (heged\u0171m\u0171v\u00e9sz) \u00e9s Szab\u00f3 Csill\u00e1hoz (zongoram\u0171v\u00e9sz), akik minden pesti koncertj\u00fckre megh\u00edvt\u00e1k, \u00e9s vil\u00e1gk\u00f6r\u00fcli turn\u00e9juk alkalm\u00e1val odaadt\u00e1k L\u00e1ng Gy\u00f6rgy: Mozart III. heged\u0171koncerthez \u00edrt kadenci\u00e1j\u00e1t Otto Scheldingnek, Yehudi Menuhinnek, Isac Sternek, \u00e9s David Ojsztrah heged\u0171m\u0171v\u00e9szeknek, akik lelkes szavakkal lev\u00e9lben vagy telefonon k\u00f6sz\u00f6nt\u00e9k meg e kit\u0171n\u0151 alkot\u00e1st.<\/p>\n\n\n\n<p class=\"wp-block-paragraph\">Elk\u00e9sz\u00fclt a n\u00e9gy t\u00e9teles (d-moll) heged\u0171versenye is, (44 perc) melynek a hangszerel\u00e9s\u00e9hez sz\u00fcks\u00e9ges partiturapapirt sok\u00e1ig anyagi gondjai miatt nem tudta megv\u00e1s\u00e1rolni. Ezen k\u00edv\u00fcl sok m\u00e1s munk\u00e1j\u00e1val is halhatatlann\u00e1 tette nev\u00e9t.<\/p>\n\n\n\n<p class=\"wp-block-paragraph\">Zeneszerz\u0151i tev\u00e9kenys\u00e9ge mellett, egyre-m\u00e1sra k\u00e9sz\u00fcltek el \u00edr\u00f3i munk\u00e1ss\u00e1g\u00e1nak remekei: \u201eTam\u00e1s templom karnagya, (Johann Sebastian Bach \u00e9letreg\u00e9nye) Bart\u00f3k \u00e9letrajz, Sz\u00edv \u00e9s szaxofon, Haydn \u00e9letrajz, Beethoven \u00e9letrajz, Hanele\u201d. Sz\u00ednm\u0171vei: \u201dK\u00e9t f\u00e9rfi az \u00e1gy alatt, Primavera\u201d.<\/p>\n\n\n\n<p class=\"wp-block-paragraph\">L\u00e1ng Gy\u00f6rgy meg\u00e1ll\u00e1s n\u00e9lk\u00fcl \u00edrt, kutatott, utazott, hogy k\u00f6nyveihez hiteles forr\u00e1sokhoz jusson.<\/p>\n\n\n\n<p class=\"wp-block-paragraph\">1959-ben \u00e9rkezett haza utols\u00f3 olaszorsz\u00e1gi \u00fatj\u00e1r\u00f3l, ahol a renesz\u00e1nsz szakasz\u00e1nak, a quatrocent\u00f3nak igyekezett a m\u00e9ly\u00e9re \u00e1sni, a befejezni<\/p>\n\n\n\n<p class=\"wp-block-paragraph\">sz\u00e1nd\u00e9koz\u00f3 Botticelli \u00e9letreg\u00e9ny \u00e9rdek\u00e9ben. K\u00f6lts\u00e9geinek tetemes r\u00e9sz\u00e9t Kod\u00e1ly Zolt\u00e1n \u00e1llta, aki rendszeresen t\u00e1mogatta rendk\u00edv\u00fcl tehets\u00e9ges tan\u00edtv\u00e1ny\u00e1t.<\/p>\n\n\n\n<p class=\"wp-block-paragraph\">Kod\u00e1ly tan\u00e1r \u00far sok tehets\u00e9ges tan\u00edtv\u00e1ny\u00e1t seg\u00edtette anyagilag. T\u00f6bbek k\u00f6z\u00f6tt V\u00e1s\u00e1ri Tam\u00e1s zongoram\u0171v\u00e9sz, karmestert is. A v\u00e9letlen folyt\u00e1n V\u00e1s\u00e1ri Tam\u00e1s nem volt otthon, mikor sz\u00fcleit deport\u00e1lt\u00e1k \u00e9s \u00edgy megmenek\u00fclt a gett\u00f3 borzalmait\u00f3l. Lak\u00e1sukat teljesen kifosztott\u00e1k, ez\u00e9rt zongora n\u00e9lk\u00fcl maradt. Mikor Kod\u00e1ly Zolt\u00e1n tan\u00edtv\u00e1ny\u00e1t\u00f3l megtudta, hogy nincs hangszere, \u00e9s nem tud gyakorolni, m\u00e1snap harmincezer forint\u00e9rt v\u00e1s\u00e1rolt V\u00e1s\u00e1rinak egy j\u00f3 zongor\u00e1t \u00e9s elk\u00fcldte lak\u00e1s\u00e1ra, <em>\u201eJ\u00f3 gyakorl\u00e1st\u201d<\/em> \u00fczenettel.<\/p>\n\n\n\n<p class=\"wp-block-paragraph\">Dac\u00e1ra, L\u00e1ng Gy\u00f6rgy sokoldal\u00fa k\u00e9pzetts\u00e9g\u00e9nek \u00e9s tud\u00e1s\u00e1nak napr\u00f3l- napra meg kellett k\u00fczdenie a l\u00e9t\u00e9rt, \u00e9s le kellett gy\u0151znie a legnagyobb \u201eurat\u201d az \u00e9hez\u00e9st.<\/p>\n\n\n\n<p class=\"wp-block-paragraph\">\u00cdr\u00f3i munk\u00e1ss\u00e1g\u00e1r\u00f3l azt vallott: <em>\u201eEg\u00e9sz egyszer\u0171en: nem tudok nem \u00edrni. M\u00e9g az utc\u00e1n j\u00e1r\u00e1s k\u00f6zben, vagy este, az \u00e1gyamban elny\u00falva is \u00e1lland\u00f3an forognak a kerekek abban a furcsa g\u00e9pezetben, amit bel\u00fcl hordok, a kopony\u00e1mban. (Lehet, hogy egy ker\u00e9kkel t\u00f6bb vagy kevesebb?) Szenved\u00e9ly, gy\u00f6ny\u00f6r\u0171s\u00e9g, \u00f6nk\u00ednz\u00e1s, m\u00e1mor, verg\u0151d\u00e9s \u00e9s betegs\u00e9g n\u00e1lam az \u00edr\u00e1s. \u00dagy \u00e1llok vele, mint m\u00e1s a morfiummal vagy az alkohollal. Nem tudok leszokni r\u00f3la\u201d.<\/em><\/p>\n\n\n\n<p class=\"wp-block-paragraph\"><strong>RESKA<\/strong><\/p>\n\n\n\n<p class=\"wp-block-paragraph\">L\u00e1ng Gy\u00f6rgy h\u00fasz\u00e9ves k\u00f6r\u00fcli akad\u00e9mista volt, mikor \u00f6sszesodr\u00f3dott Seress Rezs\u0151vel (Reska), akihez e t\u00f6rt\u00e9net idej\u00e9n, amolyan h\u00e1rom \u00e9vtizedes bar\u00e1ts\u00e1g f\u0171zte.<\/p>\n\n\n\n<p class=\"wp-block-paragraph\">Mint bar\u00e1tnak nagyon sokat seg\u00edtett, sok n\u00f3t\u00e1t megtan\u00edtott Resk\u00e1nak, aki nagyon nehezen tanult. Volt olyan, amikor h\u00e1rom d\u00e9lut\u00e1nt vett ig\u00e9nybe mire egy \u00faj sl\u00e1gert siker\u00fcl a fej\u00e9be, f\u00fcl\u00e9be verni Seressnek, Kulhanek N\u00e1ndivel (zongorista) kar\u00f6ltve.<\/p>\n\n\n\n<p class=\"wp-block-paragraph\">Seress Rezs\u0151nek volt egy \u00f3ri\u00e1si \u00e9rdeme: abszol\u00fat g\u00e1tl\u00e1stalan volt.<\/p>\n\n\n\n<p class=\"wp-block-paragraph\">Egyik este volt egy mag\u00e1nyos vend\u00e9g a kocsm\u00e1ban, akit L\u00e1ng mag\u00e1ban \u201eSepof\u00e1nak\u201d nevezett el. Csendesen iszogatott, n\u00f3t\u00e1t rendelt \u00e9s a szok\u00e1sos t\u00edzessel honor\u00e1lta. Z\u00e1r\u00f3rakor odaintette L\u00e1ngot \u00e9s k\u00e9rte, hogy menjen el vele, hallgass\u00e1k meg Seresst, mert nincs m\u00e9g kedve hazamenni. L\u00e1ng el\u0151sz\u00f6r vonakodott, de miut\u00e1n megegyeztek abban, hogy Sepofa kifizeti a sz\u00f3rakoz\u00e1s idej\u00e9n L\u00e1ng \u00f3rab\u00e9r\u00e9t, r\u00e1\u00e1llt az \u00e9jszakai kir\u00e1ndul\u00e1sra.<\/p>\n\n\n\n<p class=\"wp-block-paragraph\">Seress ekkor m\u00e1r ismert zeneszerz\u0151, aki soha nem \u201es\u00e9t\u00e1lt\u201d mindig szerz\u0151d\u00f6tt n\u00e9pszer\u0171 muzsikus volt<\/p>\n\n\n\n<p class=\"wp-block-paragraph\">L\u00e1ng Gy\u00f6rgy \u00e9s Sepofa helyet foglaltak a Csarnok eszpressz\u00f3ban \u00e9s italoz\u00e1s k\u00f6zben hallgatt\u00e1k a k\u00fcl\u00f6n\u00f6s el\u0151ad\u00e1s\u00fa zeneszerz\u0151t, Seresst. Egy id\u0151 m\u00falva Sepofa k\u00e9rte L\u00e1ngot, hogy zongor\u00e1zzon egy p\u00e1r n\u00f3t\u00e1t. L\u00e1ng elmondta, hogy ez nem szok\u00e1s a zen\u00e9szek k\u00f6z\u00f6tt, mert ha \u00e9n zongor\u00e1zom jobban a zongorista \u00e9g le, ha \u0151, akkor \u00e9n. Sepofa hajthatatlan volt \u00e9s azt mondta L\u00e1ngnak, ha nem j\u00e1tszik nem fizeti ki a meg\u00e1llapodott \u00f3rab\u00e9rt.<\/p>\n\n\n\n<p class=\"wp-block-paragraph\">L\u00e1ng, odament bar\u00e1tj\u00e1hoz s elmondta, mir\u0151l van sz\u00f3, \u00e9s meg\u00edg\u00e9rte, hogy csak Seress n\u00f3t\u00e1kat fog j\u00e1tszani. Rezs\u0151 kelletlen\u00fcl, savany\u00fa pof\u00e1val \u00e1tengedte a zongor\u00e1t.<\/p>\n\n\n\n<p class=\"wp-block-paragraph\">Felcsend\u00fcltek a rossz zongor\u00e1n az \u00f6r\u00f6kz\u00f6ld Seress n\u00f3t\u00e1k: \u201eSzeress\u00fck egym\u00e1st gyerekek, Szomor\u00fa vas\u00e1rnap, Fizetek f\u0151\u00far, \u00c9n \u00fagy szeretn\u00e9k r\u00e9szeg lenni\u201d\u2026A k\u00f6z\u00f6ns\u00e9g egy ideig figyelte L\u00e1ng \u00e9nek\u00e9t \u00e9s j\u00e1t\u00e9k\u00e1t, majd r\u00e1 sem n\u00e9ztek, mikor vissza\u00fclt a hangszerhez Reska, a hangulat \u00fajb\u00f3l a tet\u0151fok\u00e1ra h\u00e1gott, \u00e9s L\u00e1ngnak szomor\u00faan kellett tudom\u00e1sul vennie, hogy <em>megbukott<strong>,<\/strong><\/em> s nem tudta felvenni a versenyt Seressel.<\/p>\n\n\n\n<p class=\"wp-block-paragraph\">Seress j\u00e1tszott a Kulacsban, a Nyany\u00e1ban, a K\u00e9k flask\u00e1ban \u00e9s a Csarnok eszpressz\u00f3ban.<\/p>\n\n\n\n<p class=\"wp-block-paragraph\">A kirakatban mindig nagybet\u0171vel ki volt \u00edrva: \u201eSeress Rezs\u0151 zeneszerz\u0151 a zongor\u00e1n\u00e1l\u201d, ez a rekl\u00e1m minden \u00e9jszaka telt h\u00e1zat jelentett!<\/p>\n\n\n\n<p class=\"wp-block-paragraph\">A \u201eTe sz\u0151ke gyerek\u201d c\u00edm\u0171 k\u00f6nyv\u00e9ben L\u00e1ng eln\u00e9z\u0151en \u00edr bar\u00e1tj\u00e1r\u00f3l:<\/p>\n\n\n\n<p class=\"wp-block-paragraph\"><em>\u201eDr\u00e1ga, Rezs\u0151k\u00e9m, igaz, szeretett bar\u00e1tom, bocs\u00e1sd meg, hogy \u00edgy \u00edrok R\u00f3lad, de a bar\u00e1ts\u00e1g k\u00f6telez az \u0151szintes\u00e9gre, holtakkal szemben \u00e9pp\u00fagy, mint az \u00e9l\u0151kkel, s Te m\u00e1r r\u00e9g elment\u00e9l t\u0151l\u00fcnk, saj\u00e1t magad m\u00f6g\u00f6tt v\u00e1gtad be az ajt\u00f3t, ki tudja mi\u00e9rt. \u00dagy eldobtad az \u00e9leted, mint sokan a Te n\u00f3t\u00e1d, a \u201eSzomor\u00fa vas\u00e1rnap\u201d hipn\u00f3zisa alatt, Te boh\u00e9m, gavall\u00e9r haver, aki sokszor istenn\u0151v\u00e9 emelt\u00e9l egy loncsos kir\u00fagott csel\u00e9dm\u00e1rit, \u00e9s b\u00e1lv\u00e1nyozva sz\u00f3rtad r\u00e1 eg\u00e9sz \u00e9jszakai kereseted. Rezs\u0151k\u00e9m meg kell \u00edrnom, hogy semmi k\u00f6z\u00f6d nem volt a zen\u00e9hez, semmilyen vonatkoz\u00e1sban nem tudlak kapcsolatba hozni a zongor\u00e1z\u00e1ssal, \u00e9nekl\u00e9ssel \u2013 no, mint zeneszerz\u0151-sz\u00f6veg\u00edr\u00f3 r\u00e1\u00e9rezt\u00e9l a sz\u00e1juk \u00edz\u00e9re, a mell\u00fckbe tudt\u00e1l markolni, \u00e9s el tudtad szor\u00edtani a torkukat, ezen a t\u00e9ren megtal\u00e1ltad c\u00e9lodat \u00e9s bet\u00f6lt\u00f6tted rendeltet\u00e9sed. Mint m\u0171k\u00f6d\u0151 sz\u00f3rakoztat\u00f3zen\u00e9szt nem tudlak hov\u00e1 tenni, nem tudlak hov\u00e1 sorolni, nem tudok mit kezdeni veled. Seress Rezs\u0151 \u00e9s a muzsik\u00e1l\u00e1s olyan messze estek egym\u00e1st\u00f3l, mint k\u00e9t t\u00e1voli galatika, ahol egyiknek a strukt\u00far\u00e1ja kalcium, a m\u00e1sik\u00e9 szilik\u00e1t. Te, a vil\u00e1g egyetlen m\u00e1s pontj\u00e1n nem tudt\u00e1l volna egy falat kenyeret sem kikalap\u00e1lni magadnak a zongor\u00e1b\u00f3l. Te valami olyan lehetetlen\u00fcl egyedi, term\u00e9szetellenes jelens\u00e9g volt\u00e1l, valami k\u00e9ptelen kocsmai t\u00fcnem\u00e9ny, aki csak a pesti \u00e9jszak\u00e1ban tudt\u00e1l \u201ev\u00e9gbemenni\u201d, te sz\u00f6rnyeteg, te borzalom, te kib\u00edrhatatlan Rezs\u0151ke, te zongoraellenes sz\u00e9rum, ember form\u00e1j\u00fa tart\u00e1lyba t\u00f6ltve \u00e9s k\u00e9t l\u00e1bon j\u00e1rva, Te \u00e9des, te j\u00f3s\u00e1gos, kompoz\u00edci\u00f3ra m\u00e9gis csak invenci\u00f3zus arany bar\u00e1tom, nagyon, nagyon, nagyon szerett\u00fcnk Resk\u00e1m. Te felfoghatatlan, megfoghatatlan ott a zongor\u00e1n\u00e1l h\u00f6r\u00f6gve, vis\u00edtva, vonagolva \u00e9s bal kezeddel hadon\u00e1szva. Te legfels\u0151bb foka az \u00e9rthetetlens\u00e9gnek \u00e9s infantilis m\u00e9rc\u00e9vel m\u00e9gis \u00e9rthet\u0151. Te kocsm\u00e1k jobbkezes rettenete, Te gy\u00e9m\u00e1ntpoloska, Te ellentmond\u00e1sok legtiszt\u00e1bb egyet\u00e9rt\u00e9se, aki m\u00e9gis, unikum sz\u00ednfolt volt\u00e1l a Pesti Nagy \u00c9jszaka tabl\u00f3j\u00e1n kivil\u00e1gol\u00f3 pasztellsz\u00edn, a Mi \u00c9jszak\u00e1nkban, abszurd zongorista, abszurd nem zongorista, aki \u00fagy hozz\u00e1tartozt\u00e1l a Mi Pest\u00fcnkh\u00f6z, mint a Margit-h\u00edd, N\u00e9lk\u00fcled Pest nem volt, Te v\u00e1rostartoz\u00e9k, kort\u00fcnet volt\u00e1l, R\u00e1d vonatkoztatva semmif\u00e9le m\u00e1s terminol\u00f3gia nem alkalmazhat\u00f3, csak azaz egy: seresrezs\u0151s\u00e9g\u2026<\/em><\/p>\n\n\n\n<p class=\"wp-block-paragraph\">Mikor fel\u00fct\u00f6ttem a \u201eTe sz\u0151ke gyerek\u201d c\u00edm\u0171 478 oldalas k\u00f6nyv els\u0151 oldal\u00e1t, m\u00e9g nem tudtam, hogy az \u00f6tvenes \u00e9vek nagy Budapestj\u00e9nek \u00e9jszakai \u00e9let\u00e9be cs\u00f6ppenek bele, \u00e9s lelki szemeim el\u0151tt felvonulnak a kocsm\u00e1k, \u00e9s azok vend\u00e9gk\u00f6re.<\/p>\n\n\n\n<p class=\"wp-block-paragraph\">Az els\u0151 oldal elolvas\u00e1sa ut\u00e1n szemeim, mintegy rak\u00e9ta, \u00fagy rohantak a bet\u0171k gl\u00e9d\u00e1j\u00e1n, \u00e9s agyam fesz\u00fclt rezzen\u00e9ssel igyekezet minden mozzanatot meg\u00f6r\u00f6k\u00edteni, elrakt\u00e1rozni a sz\u00e1m\u00edt\u00f3g\u00e9p wincseszter\u00e9hez hasonl\u00f3an.<\/p>\n\n\n\n<p class=\"wp-block-paragraph\">Vizu\u00e1lis k\u00e9pzeletem birtok\u00e1ban l\u00e1ttam a vend\u00e9geket becsap\u00f3 pinc\u00e9reket, a k\u00e9ts\u00e9gbeesett zen\u00e9szeket, akik minden igyekezettel megpr\u00f3b\u00e1lt\u00e1k hangszer\u00fck b\u0171v\u00f6let\u00e9ben a vend\u00e9gek zseb\u00e9b\u0151l el\u0151var\u00e1zsolni, \u00e9s megkaparintani a t\u00edz-h\u00fasz forintos bank\u00f3kat. L\u00e1ttam az \u00e9jszak\u00e1ban csatangol\u00f3 m\u0171v\u00e9szeket, a szebbn\u00e9l-szebb utcal\u00e1nyokat, a lepusztult, ki\u00f6regedett loty\u00f3kat, akik a r\u00e9szeg vend\u00e9geket \u00fagy kutatt\u00e1k, mint a hi\u00e9n\u00e1k a d\u00f6g\u00f6t. L\u00e1ttam a sorstalans\u00e1got, az \u00e9hez\u0151 embereket, a d\u00fcl\u00f6ng\u00e9l\u0151 alkoholist\u00e1kat, a markecol\u00f3kat, a kisst\u00edl\u0171 tolvajokat. Eljutottam a buzik fellegv\u00e1r\u00e1ba, ahol zenesz\u00f3 mellett tett\u00e9k meg ordin\u00e1r\u00e9 aj\u00e1nlatukat. Hallottam a zsong\u00f3 \u00e9jszakai Budapestet, mely hasonl\u00edtott a kapt\u00e1rb\u00f3l szabadulni akar\u00f3 m\u00e9hek zsibong\u00e1s\u00e1hoz. L\u00e1ttam a f\u00e9nyt, mely mintegy f\u00f6ldi galaxis, \u00fagy vil\u00e1g\u00edtotta meg a budapesti \u00e9jszak\u00e1t, a vil\u00e1gv\u00e1ros alvil\u00e1g\u00e1t, \u00e9s az \u00fari kiv\u00e1lts\u00e1gosok pajz\u00e1n sz\u00f3rakoz\u00e1s\u00e1t. \u00c9reztem azt, hogy a hib\u00e1k ellen\u00e9re visszak\u00edv\u00e1nj\u00e1k azokat az id\u0151ket, amikor zene sz\u00f3lt a legkisebb kocsm\u00e1ban is.<\/p>\n\n\n\n<p class=\"wp-block-paragraph\">Minden megelevenedett el\u0151ttem, \u00e9s benne \u00e9ltem abban, amit \u00fagy neveznek, \u00e9jszakai \u00e9let. Az\u00f3ta rengeteg gondolat cik\u00e1zik sz\u00fcrke\u00e1llom\u00e1nyom tekerv\u00e9nyeiben, \u00e9s v\u00e9gs\u0151 konzekvencia levon\u00e1sakor el\u00e9m t\u00e1rul: <em>\u00e9lt a v\u00e1ros. S<\/em>zeg\u00e9nyen is boldogok voltak az emberek, akik ha valaha visszaeml\u00e9keznek az akkori id\u0151kre, melegs\u00e9g t\u00f6lti el sz\u00edv\u00fcket.<\/p>\n\n\n\n<p class=\"wp-block-paragraph\">R\u00e1j\u00f6ttem, hogy valahol elromlott valami, \u00e9s megv\u00e1ltozott az \u00e9let, a rohan\u00f3 vil\u00e1gban sz\u00e1guld\u00f3 j\u00e1rm\u0171vek, t\u00fcrelmetlen, ideges emberek, irigyked\u0151 \u00e9s har\u00e1csol\u00f3 \u00fajgazdagok, munkan\u00e9lk\u00fcli c\u00e9ltalan, kil\u00e1t\u00e1stalan \u00e9letek, b\u0171n\u00f6z\u00e9s, er\u0151szak v\u00e1ltotta fel a romantikus budapesti muzsikasz\u00f3t\u00f3l zsong\u00f3 \u00e9jszak\u00e1t.<\/p>\n\n\n\n<p class=\"wp-block-paragraph\">Napjainkban orsz\u00e1gszerte \u00fcresek a sz\u00f3rakoz\u00f3helyek, nincsenek zen\u00e9s kiskocsm\u00e1k, pressz\u00f3k, k\u00e1v\u00e9h\u00e1zak. Elfogytak a zen\u00e9szek, m\u00e1s meg\u00e9lhet\u00e9s ut\u00e1n kellett n\u00e9zni\u00fck, mivel Pesten \u00e9s a nagyv\u00e1rosokban is alig akad zen\u00e9s sz\u00f3rakoz\u00f3hely, a kisv\u00e1rosokban \u00e9s a falvakban pedig egy\u00e1ltal\u00e1n nincs.<\/p>\n\n\n\n<p class=\"wp-block-paragraph\">Szomor\u00fa, hogy komoly els\u0151 oszt\u00e1ly\u00fa sz\u00f3rakoz\u00f3helyeken csup\u00e1n egy szintetiz\u00e1toros p\u00f3tolja a zenekart.<\/p>\n\n\n\n<p class=\"wp-block-paragraph\">Fejl\u0151dik a vil\u00e1g, de ezen a t\u00e9ren m\u00e9lyrep\u00fcl\u00e9st hajtottak v\u00e9gre azok, akik csup\u00e1n kapni szeretn\u00e9nek, \u00e9s sz\u00ednvonalas szolg\u00e1ltat\u00e1st adni nem.<\/p>\n\n\n\n<p class=\"wp-block-paragraph\">Meg\u00f6lt\u00e9k azt a romantik\u00e1t, mely az emberek sz\u00edv\u00e9ben forr\u00f3 \u00e9rzelmeket v\u00e1ltott ki, \u00e9s megpr\u00f3b\u00e1lj\u00e1k elfeledtetni azt:<\/p>\n\n\n\n<p class=\"wp-block-paragraph\">&nbsp;\u201eAki a zen\u00e9t szereti, rossz ember nem lehet\u201d<\/p>\n\n\n\n<p class=\"wp-block-paragraph\">&nbsp; Mak\u00f3, 2008. 10. 11.<\/p>\n","protected":false},"excerpt":{"rendered":"<p>MUZSIKUS SORSOK! Tal\u00e1n a vil\u00e1g legnehezebb hivat\u00e1s\u00e1r\u00f3l szeretn\u00e9m megosztani gondolataimat az olvas\u00f3kkal. E mondat elolvas\u00e1sa ut\u00e1n a legt\u00f6bben a zen\u00e9szekre \u00e9s \u00e9nekesekre asszoci\u00e1lnak. Helyesen teszik: igen, \u0151k azok, akiknek a sorsa k\u00e9sztetett e sorok meg\u00edr\u00e1s\u00e1ra. Egy zen\u00e9sznek vagy \u00e9nekesnek mindig mosolyogva, vid\u00e1ms\u00e1got sz\u00ednlelve kell a k\u00f6z\u00f6ns\u00e9g el\u00e9 l\u00e9pni, holott lehet, hogy gy\u00e1szt, betegs\u00e9get, csal\u00e1di konfliktust &#8230; <a title=\"Muzsikus sorsok\" class=\"read-more\" href=\"https:\/\/bozsogiattila.hu\/?p=100\" aria-label=\"Tov\u00e1bbiak Muzsikus sorsok\">Olvass tov\u00e1bb<\/a><\/p>\n","protected":false},"author":3,"featured_media":0,"comment_status":"open","ping_status":"open","sticky":false,"template":"","format":"standard","meta":{"footnotes":""},"categories":[15],"tags":[18,17],"class_list":["post-100","post","type-post","status-publish","format-standard","hentry","category-primasok-notaenekesek","tag-enekesek","tag-primasok"],"yoast_head":"<!-- This site is optimized with the Yoast SEO plugin v21.8 - https:\/\/yoast.com\/wordpress\/plugins\/seo\/ -->\n<title>Muzsikus sorsok - Bozsogi Attila<\/title>\n<meta name=\"robots\" content=\"index, follow, max-snippet:-1, max-image-preview:large, max-video-preview:-1\" \/>\n<link rel=\"canonical\" href=\"https:\/\/bozsogiattila.hu\/?p=100\" \/>\n<meta property=\"og:locale\" content=\"hu_HU\" \/>\n<meta property=\"og:type\" content=\"article\" \/>\n<meta property=\"og:title\" content=\"Muzsikus sorsok - Bozsogi Attila\" \/>\n<meta property=\"og:description\" content=\"MUZSIKUS SORSOK! Tal\u00e1n a vil\u00e1g legnehezebb hivat\u00e1s\u00e1r\u00f3l szeretn\u00e9m megosztani gondolataimat az olvas\u00f3kkal. E mondat elolvas\u00e1sa ut\u00e1n a legt\u00f6bben a zen\u00e9szekre \u00e9s \u00e9nekesekre asszoci\u00e1lnak. Helyesen teszik: igen, \u0151k azok, akiknek a sorsa k\u00e9sztetett e sorok meg\u00edr\u00e1s\u00e1ra. Egy zen\u00e9sznek vagy \u00e9nekesnek mindig mosolyogva, vid\u00e1ms\u00e1got sz\u00ednlelve kell a k\u00f6z\u00f6ns\u00e9g el\u00e9 l\u00e9pni, holott lehet, hogy gy\u00e1szt, betegs\u00e9get, csal\u00e1di konfliktust ... Olvass tov\u00e1bb\" \/>\n<meta property=\"og:url\" content=\"https:\/\/bozsogiattila.hu\/?p=100\" \/>\n<meta property=\"og:site_name\" content=\"Bozsogi Attila\" \/>\n<meta property=\"article:published_time\" content=\"2008-10-11T20:14:00+00:00\" \/>\n<meta property=\"article:modified_time\" content=\"2024-01-05T20:18:03+00:00\" \/>\n<meta name=\"author\" content=\"Bozsogi Attila\" \/>\n<meta name=\"twitter:card\" content=\"summary_large_image\" \/>\n<meta name=\"twitter:label1\" content=\"Szerz\u0151:\" \/>\n\t<meta name=\"twitter:data1\" content=\"Bozsogi Attila\" \/>\n\t<meta name=\"twitter:label2\" content=\"Becs\u00fclt olvas\u00e1si id\u0151\" \/>\n\t<meta name=\"twitter:data2\" content=\"15 perc\" \/>\n<script type=\"application\/ld+json\" class=\"yoast-schema-graph\">{\"@context\":\"https:\/\/schema.org\",\"@graph\":[{\"@type\":\"WebPage\",\"@id\":\"https:\/\/bozsogiattila.hu\/?p=100\",\"url\":\"https:\/\/bozsogiattila.hu\/?p=100\",\"name\":\"Muzsikus sorsok - Bozsogi Attila\",\"isPartOf\":{\"@id\":\"https:\/\/bozsogiattila.hu\/#website\"},\"datePublished\":\"2008-10-11T20:14:00+00:00\",\"dateModified\":\"2024-01-05T20:18:03+00:00\",\"author\":{\"@id\":\"https:\/\/bozsogiattila.hu\/#\/schema\/person\/488c99f554a8c4039201260dd5eb795e\"},\"breadcrumb\":{\"@id\":\"https:\/\/bozsogiattila.hu\/?p=100#breadcrumb\"},\"inLanguage\":\"hu\",\"potentialAction\":[{\"@type\":\"ReadAction\",\"target\":[\"https:\/\/bozsogiattila.hu\/?p=100\"]}]},{\"@type\":\"BreadcrumbList\",\"@id\":\"https:\/\/bozsogiattila.hu\/?p=100#breadcrumb\",\"itemListElement\":[{\"@type\":\"ListItem\",\"position\":1,\"name\":\"Kezd\u0151lap\",\"item\":\"https:\/\/bozsogiattila.hu\/\"},{\"@type\":\"ListItem\",\"position\":2,\"name\":\"Muzsikus sorsok\"}]},{\"@type\":\"WebSite\",\"@id\":\"https:\/\/bozsogiattila.hu\/#website\",\"url\":\"https:\/\/bozsogiattila.hu\/\",\"name\":\"Bozsogi Attila\",\"description\":\"a zen\u00e9sz, \u00edr\u00f3 munk\u00e1ss\u00e1g\u00e1nak \u00e9s a mak\u00f3i muzsikusok eml\u00e9k\u00e9t \u0151rz\u0151 oldal\",\"potentialAction\":[{\"@type\":\"SearchAction\",\"target\":{\"@type\":\"EntryPoint\",\"urlTemplate\":\"https:\/\/bozsogiattila.hu\/?s={search_term_string}\"},\"query-input\":\"required name=search_term_string\"}],\"inLanguage\":\"hu\"},{\"@type\":\"Person\",\"@id\":\"https:\/\/bozsogiattila.hu\/#\/schema\/person\/488c99f554a8c4039201260dd5eb795e\",\"name\":\"Bozsogi Attila\",\"image\":{\"@type\":\"ImageObject\",\"inLanguage\":\"hu\",\"@id\":\"https:\/\/bozsogiattila.hu\/#\/schema\/person\/image\/\",\"url\":\"https:\/\/secure.gravatar.com\/avatar\/7da6b5985e34ed798d1670c54ce7d20e6a53b800bb0c07945c64b09392f3dbfd?s=96&d=mm&r=g\",\"contentUrl\":\"https:\/\/secure.gravatar.com\/avatar\/7da6b5985e34ed798d1670c54ce7d20e6a53b800bb0c07945c64b09392f3dbfd?s=96&d=mm&r=g\",\"caption\":\"Bozsogi Attila\"},\"sameAs\":[\"http:\/\/www.boszogiattila.hu\"],\"url\":\"https:\/\/bozsogiattila.hu\/?author=3\"}]}<\/script>\n<!-- \/ Yoast SEO plugin. -->","yoast_head_json":{"title":"Muzsikus sorsok - Bozsogi Attila","robots":{"index":"index","follow":"follow","max-snippet":"max-snippet:-1","max-image-preview":"max-image-preview:large","max-video-preview":"max-video-preview:-1"},"canonical":"https:\/\/bozsogiattila.hu\/?p=100","og_locale":"hu_HU","og_type":"article","og_title":"Muzsikus sorsok - Bozsogi Attila","og_description":"MUZSIKUS SORSOK! Tal\u00e1n a vil\u00e1g legnehezebb hivat\u00e1s\u00e1r\u00f3l szeretn\u00e9m megosztani gondolataimat az olvas\u00f3kkal. E mondat elolvas\u00e1sa ut\u00e1n a legt\u00f6bben a zen\u00e9szekre \u00e9s \u00e9nekesekre asszoci\u00e1lnak. Helyesen teszik: igen, \u0151k azok, akiknek a sorsa k\u00e9sztetett e sorok meg\u00edr\u00e1s\u00e1ra. Egy zen\u00e9sznek vagy \u00e9nekesnek mindig mosolyogva, vid\u00e1ms\u00e1got sz\u00ednlelve kell a k\u00f6z\u00f6ns\u00e9g el\u00e9 l\u00e9pni, holott lehet, hogy gy\u00e1szt, betegs\u00e9get, csal\u00e1di konfliktust ... Olvass tov\u00e1bb","og_url":"https:\/\/bozsogiattila.hu\/?p=100","og_site_name":"Bozsogi Attila","article_published_time":"2008-10-11T20:14:00+00:00","article_modified_time":"2024-01-05T20:18:03+00:00","author":"Bozsogi Attila","twitter_card":"summary_large_image","twitter_misc":{"Szerz\u0151:":"Bozsogi Attila","Becs\u00fclt olvas\u00e1si id\u0151":"15 perc"},"schema":{"@context":"https:\/\/schema.org","@graph":[{"@type":"WebPage","@id":"https:\/\/bozsogiattila.hu\/?p=100","url":"https:\/\/bozsogiattila.hu\/?p=100","name":"Muzsikus sorsok - Bozsogi Attila","isPartOf":{"@id":"https:\/\/bozsogiattila.hu\/#website"},"datePublished":"2008-10-11T20:14:00+00:00","dateModified":"2024-01-05T20:18:03+00:00","author":{"@id":"https:\/\/bozsogiattila.hu\/#\/schema\/person\/488c99f554a8c4039201260dd5eb795e"},"breadcrumb":{"@id":"https:\/\/bozsogiattila.hu\/?p=100#breadcrumb"},"inLanguage":"hu","potentialAction":[{"@type":"ReadAction","target":["https:\/\/bozsogiattila.hu\/?p=100"]}]},{"@type":"BreadcrumbList","@id":"https:\/\/bozsogiattila.hu\/?p=100#breadcrumb","itemListElement":[{"@type":"ListItem","position":1,"name":"Kezd\u0151lap","item":"https:\/\/bozsogiattila.hu\/"},{"@type":"ListItem","position":2,"name":"Muzsikus sorsok"}]},{"@type":"WebSite","@id":"https:\/\/bozsogiattila.hu\/#website","url":"https:\/\/bozsogiattila.hu\/","name":"Bozsogi Attila","description":"a zen\u00e9sz, \u00edr\u00f3 munk\u00e1ss\u00e1g\u00e1nak \u00e9s a mak\u00f3i muzsikusok eml\u00e9k\u00e9t \u0151rz\u0151 oldal","potentialAction":[{"@type":"SearchAction","target":{"@type":"EntryPoint","urlTemplate":"https:\/\/bozsogiattila.hu\/?s={search_term_string}"},"query-input":"required name=search_term_string"}],"inLanguage":"hu"},{"@type":"Person","@id":"https:\/\/bozsogiattila.hu\/#\/schema\/person\/488c99f554a8c4039201260dd5eb795e","name":"Bozsogi Attila","image":{"@type":"ImageObject","inLanguage":"hu","@id":"https:\/\/bozsogiattila.hu\/#\/schema\/person\/image\/","url":"https:\/\/secure.gravatar.com\/avatar\/7da6b5985e34ed798d1670c54ce7d20e6a53b800bb0c07945c64b09392f3dbfd?s=96&d=mm&r=g","contentUrl":"https:\/\/secure.gravatar.com\/avatar\/7da6b5985e34ed798d1670c54ce7d20e6a53b800bb0c07945c64b09392f3dbfd?s=96&d=mm&r=g","caption":"Bozsogi Attila"},"sameAs":["http:\/\/www.boszogiattila.hu"],"url":"https:\/\/bozsogiattila.hu\/?author=3"}]}},"jetpack_featured_media_url":"","_links":{"self":[{"href":"https:\/\/bozsogiattila.hu\/index.php?rest_route=\/wp\/v2\/posts\/100","targetHints":{"allow":["GET"]}}],"collection":[{"href":"https:\/\/bozsogiattila.hu\/index.php?rest_route=\/wp\/v2\/posts"}],"about":[{"href":"https:\/\/bozsogiattila.hu\/index.php?rest_route=\/wp\/v2\/types\/post"}],"author":[{"embeddable":true,"href":"https:\/\/bozsogiattila.hu\/index.php?rest_route=\/wp\/v2\/users\/3"}],"replies":[{"embeddable":true,"href":"https:\/\/bozsogiattila.hu\/index.php?rest_route=%2Fwp%2Fv2%2Fcomments&post=100"}],"version-history":[{"count":1,"href":"https:\/\/bozsogiattila.hu\/index.php?rest_route=\/wp\/v2\/posts\/100\/revisions"}],"predecessor-version":[{"id":101,"href":"https:\/\/bozsogiattila.hu\/index.php?rest_route=\/wp\/v2\/posts\/100\/revisions\/101"}],"wp:attachment":[{"href":"https:\/\/bozsogiattila.hu\/index.php?rest_route=%2Fwp%2Fv2%2Fmedia&parent=100"}],"wp:term":[{"taxonomy":"category","embeddable":true,"href":"https:\/\/bozsogiattila.hu\/index.php?rest_route=%2Fwp%2Fv2%2Fcategories&post=100"},{"taxonomy":"post_tag","embeddable":true,"href":"https:\/\/bozsogiattila.hu\/index.php?rest_route=%2Fwp%2Fv2%2Ftags&post=100"}],"curies":[{"name":"wp","href":"https:\/\/api.w.org\/{rel}","templated":true}]}}