{"id":1002,"date":"2017-02-03T15:18:00","date_gmt":"2017-02-03T15:18:00","guid":{"rendered":"https:\/\/bozsogiattila.hu\/?p=1002"},"modified":"2024-01-08T15:21:28","modified_gmt":"2024-01-08T15:21:28","slug":"egyutt-veletek","status":"publish","type":"post","link":"https:\/\/bozsogiattila.hu\/?p=1002","title":{"rendered":"EGY\u00dcTT VELETEK"},"content":{"rendered":"\n<p class=\"wp-block-paragraph\">EGY\u00dcTT VELETEK<\/p>\n\n\n\n<p class=\"wp-block-paragraph\">Eml\u00e9keztek?-, Mert \u00e9n igen!<br>Veletek sok sz\u00e9pet \u00e9ltem!<br>Egy\u00fctt kezdt\u00fck az \u00e9letet,<br>A befejez\u00e9s az m\u00e1r m\u00e1s lesz.<\/p>\n\n\n\n<p class=\"wp-block-paragraph\">Megszeppenve \u00f3vod\u00e1ban,<br>M\u00e9g gy\u00e1moltalan korunkban.<br>Els\u0151 nap az iskol\u00e1ban,<br>H\u0171! De r\u00e9g volt, m\u00e1r oda van.<\/p>\n\n\n\n<p class=\"wp-block-paragraph\">Kergett\u00fck az \u00e1lmainkat,<br>Huncut, vid\u00e1m, j\u00e1t\u00e9kokat.<br>\u00d6sszetartoztunk m\u00e9g akkor,<br>Ma m\u00e1r lett\u00fcnk az ut\u00f3kor.<\/p>\n\n\n\n<p class=\"wp-block-paragraph\">Tan\u00edt\u00f3 n\u00e9ni szigora,<br>Mindig javunkat akarta.<br>A fenek\u00fcnk n\u00e9ha b\u00e1nta,<br>Ha les\u00fajtott a n\u00e1dp\u00e1lca.<\/p>\n\n\n\n<p class=\"wp-block-paragraph\">Gy\u00falok meg, fagyok meg, mondta,<br>Ablakot nyitotta, csukta.<br>Erd\u00e9lyb\u0151l ker\u00fclt mihozz\u00e1nk,<br>N\u00e9ha szavain kacag\u00e1nk.<\/p>\n\n\n\n<p class=\"wp-block-paragraph\">K\u00f6rm\u00f6ssel sem fukarkodott,<br>S nek\u00fcnk volt az m\u00e1r megszokott.<br>N\u00e9gy \u00e9vig egy\u00fctt szenvedt\u00fcnk,<br>Nem is igaz-, hisz nevett\u00fcnk.<\/p>\n\n\n\n<p class=\"wp-block-paragraph\">Tudom\u00e1ny\u00e1t r\u00e1nk taks\u00e1lta,<br>J\u00f3 sz\u00e1nd\u00e9k\u00e1t re\u00e1nk hagyta.<br>\u00cdrni, olvasni tan\u00edtott,<br>Sz\u00e1mol\u00e1sra is ok\u00edtott.<\/p>\n\n\n\n<p class=\"wp-block-paragraph\">Fels\u0151ben kezd\u0151dtek gondok,<br>Minden \u00f3r\u00e1n m\u00e1s tan\u00edtott.<br>Neh\u00e9z volt megszokni \u0151ket,<br>Mi lett\u00fcnk tud\u00f3s jel\u00f6ltek.<\/p>\n\n\n\n<p class=\"wp-block-paragraph\">Ez\u00e9rt mindent meg is tettek,<br>Folyv\u00e1st csak n\u00f3gattak minket.<br>Nyugtunk nem volt, nem lehetett,<br>Kizsigereltek benn\u00fcnket.<\/p>\n\n\n\n<p class=\"wp-block-paragraph\">Nyolc \u00e9v eltelt nagyon gyorsan,<br>V\u00e1lasz\u00fathoz \u00e9rt\u00fcnk ottan.<br>Sz\u00e9tsz\u00f3r\u00f3dtunk minden fel\u00e9,<br>Van, kiket nem l\u00e1ttunk t\u00f6bb\u00e9.<\/p>\n\n\n\n<p class=\"wp-block-paragraph\">K\u00f6z\u00e9piskol\u00e1s korunkban,<br>Bel\u00e9pt\u00fcnk a kamaszkorba\u2019.<br>Bar\u00e1ts\u00e1gok alakultak,<br>Melyek \u00f6r\u00f6kk\u00e9 maradtak.<\/p>\n\n\n\n<p class=\"wp-block-paragraph\">\u00c9retts\u00e9gin, hogy t\u00fal lett\u00fcnk,<br>Ism\u00e9t tov\u00e1bb, sz\u00e9jjelest\u00fcnk.<br>K\u00f6nnyes szemmel ballagtunk el,<br>Azt, feledni lehetetlen.<\/p>\n\n\n\n<p class=\"wp-block-paragraph\">A sors \u00fatj\u00e1n j\u00e1rtunk azt\u00e1n,<br>Fej\u00fcnkben volt a tudom\u00e1ny.<br>P\u00e1lyav\u00e1laszt\u00e1sok ut\u00e1n,<br>Elindultunk lassan tov\u00e1bb.<\/p>\n\n\n\n<p class=\"wp-block-paragraph\">Munk\u00e1sok, vagy f\u00f6ldm\u0171vesek,<br>Orvosok \u00e9s filiszterek,<br>Muzsikusok, vagy tud\u00f3sok,<br>Lettek a mi sorainkb\u00f3l.<\/p>\n\n\n\n<p class=\"wp-block-paragraph\">Tal\u00e1lkoz\u00f3kra elj\u00e1runk,<br>Magunkr\u00f3l mindent elmondunk.<br>Egy\u00fctt vagyunk, eml\u00e9kez\u00fcnk.<br>S ottan egy\u00fctt meg\u00f6regsz\u00fcnk.<\/p>\n\n\n\n<p class=\"wp-block-paragraph\">Sz\u00e1munk lassan fogyatkozik,<br>Mindig van, ki elt\u00e1vozik.<br>Az egykori bar\u00e1tokt\u00f3l,<br>B\u00facs\u00fazunk az \u00e1rnyvil\u00e1gb\u00f3l.<\/p>\n\n\n\n<p class=\"wp-block-paragraph\">Mak\u00f3, 2017-02-03<\/p>\n","protected":false},"excerpt":{"rendered":"<p>EGY\u00dcTT VELETEK Eml\u00e9keztek?-, Mert \u00e9n igen!Veletek sok sz\u00e9pet \u00e9ltem!Egy\u00fctt kezdt\u00fck az \u00e9letet,A befejez\u00e9s az m\u00e1r m\u00e1s lesz. Megszeppenve \u00f3vod\u00e1ban,M\u00e9g gy\u00e1moltalan korunkban.Els\u0151 nap az iskol\u00e1ban,H\u0171! De r\u00e9g volt, m\u00e1r oda van. Kergett\u00fck az \u00e1lmainkat,Huncut, vid\u00e1m, j\u00e1t\u00e9kokat.\u00d6sszetartoztunk m\u00e9g akkor,Ma m\u00e1r lett\u00fcnk az ut\u00f3kor. Tan\u00edt\u00f3 n\u00e9ni szigora,Mindig javunkat akarta.A fenek\u00fcnk n\u00e9ha b\u00e1nta,Ha les\u00fajtott a n\u00e1dp\u00e1lca. Gy\u00falok meg, fagyok &#8230; <a title=\"EGY\u00dcTT VELETEK\" class=\"read-more\" href=\"https:\/\/bozsogiattila.hu\/?p=1002\" aria-label=\"Tov\u00e1bbiak EGY\u00dcTT VELETEK\">Olvass tov\u00e1bb<\/a><\/p>\n","protected":false},"author":3,"featured_media":0,"comment_status":"closed","ping_status":"open","sticky":false,"template":"","format":"standard","meta":{"footnotes":""},"categories":[4],"tags":[313,12],"class_list":["post-1002","post","type-post","status-publish","format-standard","hentry","category-versek","tag-313","tag-mako"],"yoast_head":"<!-- This site is optimized with the Yoast SEO plugin v21.8 - https:\/\/yoast.com\/wordpress\/plugins\/seo\/ -->\n<title>EGY\u00dcTT VELETEK - Bozsogi Attila<\/title>\n<meta name=\"robots\" content=\"index, follow, max-snippet:-1, max-image-preview:large, max-video-preview:-1\" \/>\n<link rel=\"canonical\" href=\"https:\/\/bozsogiattila.hu\/?p=1002\" \/>\n<meta property=\"og:locale\" content=\"hu_HU\" \/>\n<meta property=\"og:type\" content=\"article\" \/>\n<meta property=\"og:title\" content=\"EGY\u00dcTT VELETEK - Bozsogi Attila\" \/>\n<meta property=\"og:description\" content=\"EGY\u00dcTT VELETEK Eml\u00e9keztek?-, Mert \u00e9n igen!Veletek sok sz\u00e9pet \u00e9ltem!Egy\u00fctt kezdt\u00fck az \u00e9letet,A befejez\u00e9s az m\u00e1r m\u00e1s lesz. Megszeppenve \u00f3vod\u00e1ban,M\u00e9g gy\u00e1moltalan korunkban.Els\u0151 nap az iskol\u00e1ban,H\u0171! De r\u00e9g volt, m\u00e1r oda van. Kergett\u00fck az \u00e1lmainkat,Huncut, vid\u00e1m, j\u00e1t\u00e9kokat.\u00d6sszetartoztunk m\u00e9g akkor,Ma m\u00e1r lett\u00fcnk az ut\u00f3kor. Tan\u00edt\u00f3 n\u00e9ni szigora,Mindig javunkat akarta.A fenek\u00fcnk n\u00e9ha b\u00e1nta,Ha les\u00fajtott a n\u00e1dp\u00e1lca. Gy\u00falok meg, fagyok ... Olvass tov\u00e1bb\" \/>\n<meta property=\"og:url\" content=\"https:\/\/bozsogiattila.hu\/?p=1002\" \/>\n<meta property=\"og:site_name\" content=\"Bozsogi Attila\" \/>\n<meta property=\"article:published_time\" content=\"2017-02-03T15:18:00+00:00\" \/>\n<meta property=\"article:modified_time\" content=\"2024-01-08T15:21:28+00:00\" \/>\n<meta name=\"author\" content=\"Bozsogi Attila\" \/>\n<meta name=\"twitter:card\" content=\"summary_large_image\" \/>\n<meta name=\"twitter:label1\" content=\"Szerz\u0151:\" \/>\n\t<meta name=\"twitter:data1\" content=\"Bozsogi Attila\" \/>\n\t<meta name=\"twitter:label2\" content=\"Becs\u00fclt olvas\u00e1si id\u0151\" \/>\n\t<meta name=\"twitter:data2\" content=\"2 perc\" \/>\n<script type=\"application\/ld+json\" class=\"yoast-schema-graph\">{\"@context\":\"https:\/\/schema.org\",\"@graph\":[{\"@type\":\"WebPage\",\"@id\":\"https:\/\/bozsogiattila.hu\/?p=1002\",\"url\":\"https:\/\/bozsogiattila.hu\/?p=1002\",\"name\":\"EGY\u00dcTT VELETEK - Bozsogi Attila\",\"isPartOf\":{\"@id\":\"https:\/\/bozsogiattila.hu\/#website\"},\"datePublished\":\"2017-02-03T15:18:00+00:00\",\"dateModified\":\"2024-01-08T15:21:28+00:00\",\"author\":{\"@id\":\"https:\/\/bozsogiattila.hu\/#\/schema\/person\/488c99f554a8c4039201260dd5eb795e\"},\"breadcrumb\":{\"@id\":\"https:\/\/bozsogiattila.hu\/?p=1002#breadcrumb\"},\"inLanguage\":\"hu\",\"potentialAction\":[{\"@type\":\"ReadAction\",\"target\":[\"https:\/\/bozsogiattila.hu\/?p=1002\"]}]},{\"@type\":\"BreadcrumbList\",\"@id\":\"https:\/\/bozsogiattila.hu\/?p=1002#breadcrumb\",\"itemListElement\":[{\"@type\":\"ListItem\",\"position\":1,\"name\":\"Kezd\u0151lap\",\"item\":\"https:\/\/bozsogiattila.hu\/\"},{\"@type\":\"ListItem\",\"position\":2,\"name\":\"EGY\u00dcTT VELETEK\"}]},{\"@type\":\"WebSite\",\"@id\":\"https:\/\/bozsogiattila.hu\/#website\",\"url\":\"https:\/\/bozsogiattila.hu\/\",\"name\":\"Bozsogi Attila\",\"description\":\"a zen\u00e9sz, \u00edr\u00f3 munk\u00e1ss\u00e1g\u00e1nak \u00e9s a mak\u00f3i muzsikusok eml\u00e9k\u00e9t \u0151rz\u0151 oldal\",\"potentialAction\":[{\"@type\":\"SearchAction\",\"target\":{\"@type\":\"EntryPoint\",\"urlTemplate\":\"https:\/\/bozsogiattila.hu\/?s={search_term_string}\"},\"query-input\":\"required name=search_term_string\"}],\"inLanguage\":\"hu\"},{\"@type\":\"Person\",\"@id\":\"https:\/\/bozsogiattila.hu\/#\/schema\/person\/488c99f554a8c4039201260dd5eb795e\",\"name\":\"Bozsogi Attila\",\"image\":{\"@type\":\"ImageObject\",\"inLanguage\":\"hu\",\"@id\":\"https:\/\/bozsogiattila.hu\/#\/schema\/person\/image\/\",\"url\":\"https:\/\/secure.gravatar.com\/avatar\/7da6b5985e34ed798d1670c54ce7d20e6a53b800bb0c07945c64b09392f3dbfd?s=96&d=mm&r=g\",\"contentUrl\":\"https:\/\/secure.gravatar.com\/avatar\/7da6b5985e34ed798d1670c54ce7d20e6a53b800bb0c07945c64b09392f3dbfd?s=96&d=mm&r=g\",\"caption\":\"Bozsogi Attila\"},\"sameAs\":[\"http:\/\/www.boszogiattila.hu\"],\"url\":\"https:\/\/bozsogiattila.hu\/?author=3\"}]}<\/script>\n<!-- \/ Yoast SEO plugin. -->","yoast_head_json":{"title":"EGY\u00dcTT VELETEK - Bozsogi Attila","robots":{"index":"index","follow":"follow","max-snippet":"max-snippet:-1","max-image-preview":"max-image-preview:large","max-video-preview":"max-video-preview:-1"},"canonical":"https:\/\/bozsogiattila.hu\/?p=1002","og_locale":"hu_HU","og_type":"article","og_title":"EGY\u00dcTT VELETEK - Bozsogi Attila","og_description":"EGY\u00dcTT VELETEK Eml\u00e9keztek?-, Mert \u00e9n igen!Veletek sok sz\u00e9pet \u00e9ltem!Egy\u00fctt kezdt\u00fck az \u00e9letet,A befejez\u00e9s az m\u00e1r m\u00e1s lesz. Megszeppenve \u00f3vod\u00e1ban,M\u00e9g gy\u00e1moltalan korunkban.Els\u0151 nap az iskol\u00e1ban,H\u0171! De r\u00e9g volt, m\u00e1r oda van. Kergett\u00fck az \u00e1lmainkat,Huncut, vid\u00e1m, j\u00e1t\u00e9kokat.\u00d6sszetartoztunk m\u00e9g akkor,Ma m\u00e1r lett\u00fcnk az ut\u00f3kor. Tan\u00edt\u00f3 n\u00e9ni szigora,Mindig javunkat akarta.A fenek\u00fcnk n\u00e9ha b\u00e1nta,Ha les\u00fajtott a n\u00e1dp\u00e1lca. Gy\u00falok meg, fagyok ... Olvass tov\u00e1bb","og_url":"https:\/\/bozsogiattila.hu\/?p=1002","og_site_name":"Bozsogi Attila","article_published_time":"2017-02-03T15:18:00+00:00","article_modified_time":"2024-01-08T15:21:28+00:00","author":"Bozsogi Attila","twitter_card":"summary_large_image","twitter_misc":{"Szerz\u0151:":"Bozsogi Attila","Becs\u00fclt olvas\u00e1si id\u0151":"2 perc"},"schema":{"@context":"https:\/\/schema.org","@graph":[{"@type":"WebPage","@id":"https:\/\/bozsogiattila.hu\/?p=1002","url":"https:\/\/bozsogiattila.hu\/?p=1002","name":"EGY\u00dcTT VELETEK - Bozsogi Attila","isPartOf":{"@id":"https:\/\/bozsogiattila.hu\/#website"},"datePublished":"2017-02-03T15:18:00+00:00","dateModified":"2024-01-08T15:21:28+00:00","author":{"@id":"https:\/\/bozsogiattila.hu\/#\/schema\/person\/488c99f554a8c4039201260dd5eb795e"},"breadcrumb":{"@id":"https:\/\/bozsogiattila.hu\/?p=1002#breadcrumb"},"inLanguage":"hu","potentialAction":[{"@type":"ReadAction","target":["https:\/\/bozsogiattila.hu\/?p=1002"]}]},{"@type":"BreadcrumbList","@id":"https:\/\/bozsogiattila.hu\/?p=1002#breadcrumb","itemListElement":[{"@type":"ListItem","position":1,"name":"Kezd\u0151lap","item":"https:\/\/bozsogiattila.hu\/"},{"@type":"ListItem","position":2,"name":"EGY\u00dcTT VELETEK"}]},{"@type":"WebSite","@id":"https:\/\/bozsogiattila.hu\/#website","url":"https:\/\/bozsogiattila.hu\/","name":"Bozsogi Attila","description":"a zen\u00e9sz, \u00edr\u00f3 munk\u00e1ss\u00e1g\u00e1nak \u00e9s a mak\u00f3i muzsikusok eml\u00e9k\u00e9t \u0151rz\u0151 oldal","potentialAction":[{"@type":"SearchAction","target":{"@type":"EntryPoint","urlTemplate":"https:\/\/bozsogiattila.hu\/?s={search_term_string}"},"query-input":"required name=search_term_string"}],"inLanguage":"hu"},{"@type":"Person","@id":"https:\/\/bozsogiattila.hu\/#\/schema\/person\/488c99f554a8c4039201260dd5eb795e","name":"Bozsogi Attila","image":{"@type":"ImageObject","inLanguage":"hu","@id":"https:\/\/bozsogiattila.hu\/#\/schema\/person\/image\/","url":"https:\/\/secure.gravatar.com\/avatar\/7da6b5985e34ed798d1670c54ce7d20e6a53b800bb0c07945c64b09392f3dbfd?s=96&d=mm&r=g","contentUrl":"https:\/\/secure.gravatar.com\/avatar\/7da6b5985e34ed798d1670c54ce7d20e6a53b800bb0c07945c64b09392f3dbfd?s=96&d=mm&r=g","caption":"Bozsogi Attila"},"sameAs":["http:\/\/www.boszogiattila.hu"],"url":"https:\/\/bozsogiattila.hu\/?author=3"}]}},"jetpack_featured_media_url":"","_links":{"self":[{"href":"https:\/\/bozsogiattila.hu\/index.php?rest_route=\/wp\/v2\/posts\/1002","targetHints":{"allow":["GET"]}}],"collection":[{"href":"https:\/\/bozsogiattila.hu\/index.php?rest_route=\/wp\/v2\/posts"}],"about":[{"href":"https:\/\/bozsogiattila.hu\/index.php?rest_route=\/wp\/v2\/types\/post"}],"author":[{"embeddable":true,"href":"https:\/\/bozsogiattila.hu\/index.php?rest_route=\/wp\/v2\/users\/3"}],"replies":[{"embeddable":true,"href":"https:\/\/bozsogiattila.hu\/index.php?rest_route=%2Fwp%2Fv2%2Fcomments&post=1002"}],"version-history":[{"count":1,"href":"https:\/\/bozsogiattila.hu\/index.php?rest_route=\/wp\/v2\/posts\/1002\/revisions"}],"predecessor-version":[{"id":1003,"href":"https:\/\/bozsogiattila.hu\/index.php?rest_route=\/wp\/v2\/posts\/1002\/revisions\/1003"}],"wp:attachment":[{"href":"https:\/\/bozsogiattila.hu\/index.php?rest_route=%2Fwp%2Fv2%2Fmedia&parent=1002"}],"wp:term":[{"taxonomy":"category","embeddable":true,"href":"https:\/\/bozsogiattila.hu\/index.php?rest_route=%2Fwp%2Fv2%2Fcategories&post=1002"},{"taxonomy":"post_tag","embeddable":true,"href":"https:\/\/bozsogiattila.hu\/index.php?rest_route=%2Fwp%2Fv2%2Ftags&post=1002"}],"curies":[{"name":"wp","href":"https:\/\/api.w.org\/{rel}","templated":true}]}}