{"id":1006,"date":"2017-07-12T15:22:00","date_gmt":"2017-07-12T15:22:00","guid":{"rendered":"https:\/\/bozsogiattila.hu\/?p=1006"},"modified":"2024-01-08T15:24:27","modified_gmt":"2024-01-08T15:24:27","slug":"ejszaka-van","status":"publish","type":"post","link":"https:\/\/bozsogiattila.hu\/?p=1006","title":{"rendered":"\u00c9JSZAKA VAN"},"content":{"rendered":"\n<p class=\"wp-block-paragraph\">\u00c9JSZAKA VAN<\/p>\n\n\n\n<p class=\"wp-block-paragraph\">\u00c9jszaka van, de nem alszom,<br>Nyitott szemmel \u00e1lmodozom.<br>Messze j\u00e1rok gondolatban,<br>Csend vesz k\u00f6r\u00fcl-, s tovasuhan.<\/p>\n\n\n\n<p class=\"wp-block-paragraph\">Az \u00e9jji csend b\u0171v\u00f6lete,<br>Nyugalmamnak ig\u00e9z\u0151je.<br>R\u00e1m telepszik, sosem hagy el,<br>Velem marad eml\u00e9k\u00e9vel.<\/p>\n\n\n\n<p class=\"wp-block-paragraph\">Sok-sok \u00e9vet h\u00e1trahagytam,<br>S\u00f6t\u00e9tben, \u00e9s vil\u00e1gosban.<br>J\u00e1rtam a magamnak \u00fatj\u00e1t,<br>V\u00e1ndoroltam egyre tov\u00e1bb.<\/p>\n\n\n\n<p class=\"wp-block-paragraph\">Az \u00f6reg Hold, k\u00eds\u00e9r\u0151m volt,<br>M\u00edg a lelkem elk\u00f3borolt,<br>Felh\u0151k m\u00f6g\u00e9 b\u00fajt ilyenkor,<br>Hogy ne l\u00e1ssa pajz\u00e1ns\u00e1gom.<\/p>\n\n\n\n<p class=\"wp-block-paragraph\">Szemreh\u00e1ny\u00f3 nem volt velem,<br>Pedig l\u00e1tta minden tervem.<br>Tal\u00e1n tudta-, s meg\u00e9rtette,<br>Sz\u00edvem titk\u00e1t megfejtette.<\/p>\n\n\n\n<p class=\"wp-block-paragraph\">Most is l\u00e1tom f\u00e9nyl\u0151 k\u00e9p\u00e9t,<br>Szemreh\u00e1ny\u00f3 tekintet\u00e9t.<br>Mintha s\u00fagn\u00e1 halkan nekem,<br>Nem vagy ifj\u00fa, m\u00e1r, gyermekem.<\/p>\n\n\n\n<p class=\"wp-block-paragraph\">Visszan\u00e9zek mosolyogva,<br>B\u00f6lcs mond\u00e1s\u00e1n gondolkodva.<br>Hozz\u00e1sz\u00f3lok, s v\u00e1laszolok,<br>Hagyj most b\u00e9k\u00e9n, annyit mondok.<\/p>\n\n\n\n<p class=\"wp-block-paragraph\">R\u00f6g\u00f6s \u00faton mentem sokat,<br>Nem seg\u00edtetted sorsomat.<br>Ne t\u00f6r\u0151dj h\u00e1t most m\u00e1r velem,<br>Magamnak ezt ki is k\u00e9rem.<\/p>\n\n\n\n<p class=\"wp-block-paragraph\">Tan\u00faim mind a csillagok,<br>Hallj\u00e1k \u0151k is, hogy mit mondok.<br>\u00c9jszakai ember vagyok,<br>Am\u00edg \u00e9lek-, az maradok.<\/p>\n\n\n\n<p class=\"wp-block-paragraph\">Heged\u0171 sz\u00f3l, t\u00fccs\u00f6k m\u00f3dra,<br>Ciripelve, \u00fagy trill\u00e1zva.<br>Hallgatom a v\u00edg muzsik\u00e1t,<br>\u00c9jszak\u00e1nak szeren\u00e1dj\u00e1t.<\/p>\n\n\n\n<p class=\"wp-block-paragraph\">Eml\u00e9keim h\u00eddj\u00e1n j\u00e1rok,<br>Visszan\u00e9zek, s meg-meg\u00e1llok.<br>\u00d6regesen k\u00f3borolok,<br>Ezen azt\u00e1n j\u00f3t kacagok.<\/p>\n\n\n\n<p class=\"wp-block-paragraph\">Nem vagyok m\u00e9g tal\u00e1n \u00f6reg,<br>Csak az \u00e9vek gyorsan telnek?<br>K\u00e9rd\u00e9sem \u00edgy sz\u00f3l magamnak,<br>Boh\u00e9ms\u00e1gom az megnyugtat.<\/p>\n\n\n\n<p class=\"wp-block-paragraph\">Ablakomban k\u00f6ny\u00f6k\u00f6l\u00f6k,<br>\u00daj terveket ott ki\u00f6tl\u00f6k.<br>Eln\u00e9zek a messzes\u00e9gbe,<br>Boh\u00f3k\u00e1san elmerengve.<\/p>\n\n\n\n<p class=\"wp-block-paragraph\">M\u00edg van \u00f6tlet \u00e9s ide\u00e1k,<br>Visszat\u00e9r a r\u00e9g ifj\u00fas\u00e1g.<br>Pezseg, vagy felforr a v\u00e9rem,<br>\u00daj rem\u00e9nyt ad-, rem\u00e9nykedem.<\/p>\n\n\n\n<p class=\"wp-block-paragraph\">\u00c9jszaka van, vihar k\u00e9sz\u00fcl,<br>D\u00f6r\u00f6g az \u00e9g, kegyetlen\u00fcl.<br>Megzavarja gondolatom,<br>De, az\u00e9rt is \u00e1br\u00e1ndozom.<\/p>\n\n\n\n<p class=\"wp-block-paragraph\">A sz\u00e9p id\u0151k megjelennek,<br>F\u00e9nyt adnak az \u00e9letemnek.<br>Vid\u00e1ms\u00e1gra serkentenek,<br>Mondj\u00e1k nekem-, maradj ilyen!<\/p>\n\n\n\n<p class=\"wp-block-paragraph\">Mak\u00f3, 2017-07-12<\/p>\n","protected":false},"excerpt":{"rendered":"<p>\u00c9JSZAKA VAN \u00c9jszaka van, de nem alszom,Nyitott szemmel \u00e1lmodozom.Messze j\u00e1rok gondolatban,Csend vesz k\u00f6r\u00fcl-, s tovasuhan. Az \u00e9jji csend b\u0171v\u00f6lete,Nyugalmamnak ig\u00e9z\u0151je.R\u00e1m telepszik, sosem hagy el,Velem marad eml\u00e9k\u00e9vel. Sok-sok \u00e9vet h\u00e1trahagytam,S\u00f6t\u00e9tben, \u00e9s vil\u00e1gosban.J\u00e1rtam a magamnak \u00fatj\u00e1t,V\u00e1ndoroltam egyre tov\u00e1bb. Az \u00f6reg Hold, k\u00eds\u00e9r\u0151m volt,M\u00edg a lelkem elk\u00f3borolt,Felh\u0151k m\u00f6g\u00e9 b\u00fajt ilyenkor,Hogy ne l\u00e1ssa pajz\u00e1ns\u00e1gom. Szemreh\u00e1ny\u00f3 nem volt velem,Pedig l\u00e1tta &#8230; <a title=\"\u00c9JSZAKA VAN\" class=\"read-more\" href=\"https:\/\/bozsogiattila.hu\/?p=1006\" aria-label=\"Tov\u00e1bbiak \u00c9JSZAKA VAN\">Olvass tov\u00e1bb<\/a><\/p>\n","protected":false},"author":3,"featured_media":0,"comment_status":"closed","ping_status":"open","sticky":false,"template":"","format":"standard","meta":{"footnotes":""},"categories":[4],"tags":[313,12],"class_list":["post-1006","post","type-post","status-publish","format-standard","hentry","category-versek","tag-313","tag-mako"],"yoast_head":"<!-- This site is optimized with the Yoast SEO plugin v21.8 - https:\/\/yoast.com\/wordpress\/plugins\/seo\/ -->\n<title>\u00c9JSZAKA VAN - Bozsogi Attila<\/title>\n<meta name=\"robots\" content=\"index, follow, max-snippet:-1, max-image-preview:large, max-video-preview:-1\" \/>\n<link rel=\"canonical\" href=\"https:\/\/bozsogiattila.hu\/?p=1006\" \/>\n<meta property=\"og:locale\" content=\"hu_HU\" \/>\n<meta property=\"og:type\" content=\"article\" \/>\n<meta property=\"og:title\" content=\"\u00c9JSZAKA VAN - Bozsogi Attila\" \/>\n<meta property=\"og:description\" content=\"\u00c9JSZAKA VAN \u00c9jszaka van, de nem alszom,Nyitott szemmel \u00e1lmodozom.Messze j\u00e1rok gondolatban,Csend vesz k\u00f6r\u00fcl-, s tovasuhan. Az \u00e9jji csend b\u0171v\u00f6lete,Nyugalmamnak ig\u00e9z\u0151je.R\u00e1m telepszik, sosem hagy el,Velem marad eml\u00e9k\u00e9vel. Sok-sok \u00e9vet h\u00e1trahagytam,S\u00f6t\u00e9tben, \u00e9s vil\u00e1gosban.J\u00e1rtam a magamnak \u00fatj\u00e1t,V\u00e1ndoroltam egyre tov\u00e1bb. Az \u00f6reg Hold, k\u00eds\u00e9r\u0151m volt,M\u00edg a lelkem elk\u00f3borolt,Felh\u0151k m\u00f6g\u00e9 b\u00fajt ilyenkor,Hogy ne l\u00e1ssa pajz\u00e1ns\u00e1gom. Szemreh\u00e1ny\u00f3 nem volt velem,Pedig l\u00e1tta ... Olvass tov\u00e1bb\" \/>\n<meta property=\"og:url\" content=\"https:\/\/bozsogiattila.hu\/?p=1006\" \/>\n<meta property=\"og:site_name\" content=\"Bozsogi Attila\" \/>\n<meta property=\"article:published_time\" content=\"2017-07-12T15:22:00+00:00\" \/>\n<meta property=\"article:modified_time\" content=\"2024-01-08T15:24:27+00:00\" \/>\n<meta name=\"author\" content=\"Bozsogi Attila\" \/>\n<meta name=\"twitter:card\" content=\"summary_large_image\" \/>\n<meta name=\"twitter:label1\" content=\"Szerz\u0151:\" \/>\n\t<meta name=\"twitter:data1\" content=\"Bozsogi Attila\" \/>\n\t<meta name=\"twitter:label2\" content=\"Becs\u00fclt olvas\u00e1si id\u0151\" \/>\n\t<meta name=\"twitter:data2\" content=\"2 perc\" \/>\n<script type=\"application\/ld+json\" class=\"yoast-schema-graph\">{\"@context\":\"https:\/\/schema.org\",\"@graph\":[{\"@type\":\"WebPage\",\"@id\":\"https:\/\/bozsogiattila.hu\/?p=1006\",\"url\":\"https:\/\/bozsogiattila.hu\/?p=1006\",\"name\":\"\u00c9JSZAKA VAN - Bozsogi Attila\",\"isPartOf\":{\"@id\":\"https:\/\/bozsogiattila.hu\/#website\"},\"datePublished\":\"2017-07-12T15:22:00+00:00\",\"dateModified\":\"2024-01-08T15:24:27+00:00\",\"author\":{\"@id\":\"https:\/\/bozsogiattila.hu\/#\/schema\/person\/488c99f554a8c4039201260dd5eb795e\"},\"breadcrumb\":{\"@id\":\"https:\/\/bozsogiattila.hu\/?p=1006#breadcrumb\"},\"inLanguage\":\"hu\",\"potentialAction\":[{\"@type\":\"ReadAction\",\"target\":[\"https:\/\/bozsogiattila.hu\/?p=1006\"]}]},{\"@type\":\"BreadcrumbList\",\"@id\":\"https:\/\/bozsogiattila.hu\/?p=1006#breadcrumb\",\"itemListElement\":[{\"@type\":\"ListItem\",\"position\":1,\"name\":\"Kezd\u0151lap\",\"item\":\"https:\/\/bozsogiattila.hu\/\"},{\"@type\":\"ListItem\",\"position\":2,\"name\":\"\u00c9JSZAKA VAN\"}]},{\"@type\":\"WebSite\",\"@id\":\"https:\/\/bozsogiattila.hu\/#website\",\"url\":\"https:\/\/bozsogiattila.hu\/\",\"name\":\"Bozsogi Attila\",\"description\":\"a zen\u00e9sz, \u00edr\u00f3 munk\u00e1ss\u00e1g\u00e1nak \u00e9s a mak\u00f3i muzsikusok eml\u00e9k\u00e9t \u0151rz\u0151 oldal\",\"potentialAction\":[{\"@type\":\"SearchAction\",\"target\":{\"@type\":\"EntryPoint\",\"urlTemplate\":\"https:\/\/bozsogiattila.hu\/?s={search_term_string}\"},\"query-input\":\"required name=search_term_string\"}],\"inLanguage\":\"hu\"},{\"@type\":\"Person\",\"@id\":\"https:\/\/bozsogiattila.hu\/#\/schema\/person\/488c99f554a8c4039201260dd5eb795e\",\"name\":\"Bozsogi Attila\",\"image\":{\"@type\":\"ImageObject\",\"inLanguage\":\"hu\",\"@id\":\"https:\/\/bozsogiattila.hu\/#\/schema\/person\/image\/\",\"url\":\"https:\/\/secure.gravatar.com\/avatar\/7da6b5985e34ed798d1670c54ce7d20e6a53b800bb0c07945c64b09392f3dbfd?s=96&d=mm&r=g\",\"contentUrl\":\"https:\/\/secure.gravatar.com\/avatar\/7da6b5985e34ed798d1670c54ce7d20e6a53b800bb0c07945c64b09392f3dbfd?s=96&d=mm&r=g\",\"caption\":\"Bozsogi Attila\"},\"sameAs\":[\"http:\/\/www.boszogiattila.hu\"],\"url\":\"https:\/\/bozsogiattila.hu\/?author=3\"}]}<\/script>\n<!-- \/ Yoast SEO plugin. -->","yoast_head_json":{"title":"\u00c9JSZAKA VAN - Bozsogi Attila","robots":{"index":"index","follow":"follow","max-snippet":"max-snippet:-1","max-image-preview":"max-image-preview:large","max-video-preview":"max-video-preview:-1"},"canonical":"https:\/\/bozsogiattila.hu\/?p=1006","og_locale":"hu_HU","og_type":"article","og_title":"\u00c9JSZAKA VAN - Bozsogi Attila","og_description":"\u00c9JSZAKA VAN \u00c9jszaka van, de nem alszom,Nyitott szemmel \u00e1lmodozom.Messze j\u00e1rok gondolatban,Csend vesz k\u00f6r\u00fcl-, s tovasuhan. Az \u00e9jji csend b\u0171v\u00f6lete,Nyugalmamnak ig\u00e9z\u0151je.R\u00e1m telepszik, sosem hagy el,Velem marad eml\u00e9k\u00e9vel. Sok-sok \u00e9vet h\u00e1trahagytam,S\u00f6t\u00e9tben, \u00e9s vil\u00e1gosban.J\u00e1rtam a magamnak \u00fatj\u00e1t,V\u00e1ndoroltam egyre tov\u00e1bb. Az \u00f6reg Hold, k\u00eds\u00e9r\u0151m volt,M\u00edg a lelkem elk\u00f3borolt,Felh\u0151k m\u00f6g\u00e9 b\u00fajt ilyenkor,Hogy ne l\u00e1ssa pajz\u00e1ns\u00e1gom. Szemreh\u00e1ny\u00f3 nem volt velem,Pedig l\u00e1tta ... Olvass tov\u00e1bb","og_url":"https:\/\/bozsogiattila.hu\/?p=1006","og_site_name":"Bozsogi Attila","article_published_time":"2017-07-12T15:22:00+00:00","article_modified_time":"2024-01-08T15:24:27+00:00","author":"Bozsogi Attila","twitter_card":"summary_large_image","twitter_misc":{"Szerz\u0151:":"Bozsogi Attila","Becs\u00fclt olvas\u00e1si id\u0151":"2 perc"},"schema":{"@context":"https:\/\/schema.org","@graph":[{"@type":"WebPage","@id":"https:\/\/bozsogiattila.hu\/?p=1006","url":"https:\/\/bozsogiattila.hu\/?p=1006","name":"\u00c9JSZAKA VAN - Bozsogi Attila","isPartOf":{"@id":"https:\/\/bozsogiattila.hu\/#website"},"datePublished":"2017-07-12T15:22:00+00:00","dateModified":"2024-01-08T15:24:27+00:00","author":{"@id":"https:\/\/bozsogiattila.hu\/#\/schema\/person\/488c99f554a8c4039201260dd5eb795e"},"breadcrumb":{"@id":"https:\/\/bozsogiattila.hu\/?p=1006#breadcrumb"},"inLanguage":"hu","potentialAction":[{"@type":"ReadAction","target":["https:\/\/bozsogiattila.hu\/?p=1006"]}]},{"@type":"BreadcrumbList","@id":"https:\/\/bozsogiattila.hu\/?p=1006#breadcrumb","itemListElement":[{"@type":"ListItem","position":1,"name":"Kezd\u0151lap","item":"https:\/\/bozsogiattila.hu\/"},{"@type":"ListItem","position":2,"name":"\u00c9JSZAKA VAN"}]},{"@type":"WebSite","@id":"https:\/\/bozsogiattila.hu\/#website","url":"https:\/\/bozsogiattila.hu\/","name":"Bozsogi Attila","description":"a zen\u00e9sz, \u00edr\u00f3 munk\u00e1ss\u00e1g\u00e1nak \u00e9s a mak\u00f3i muzsikusok eml\u00e9k\u00e9t \u0151rz\u0151 oldal","potentialAction":[{"@type":"SearchAction","target":{"@type":"EntryPoint","urlTemplate":"https:\/\/bozsogiattila.hu\/?s={search_term_string}"},"query-input":"required name=search_term_string"}],"inLanguage":"hu"},{"@type":"Person","@id":"https:\/\/bozsogiattila.hu\/#\/schema\/person\/488c99f554a8c4039201260dd5eb795e","name":"Bozsogi Attila","image":{"@type":"ImageObject","inLanguage":"hu","@id":"https:\/\/bozsogiattila.hu\/#\/schema\/person\/image\/","url":"https:\/\/secure.gravatar.com\/avatar\/7da6b5985e34ed798d1670c54ce7d20e6a53b800bb0c07945c64b09392f3dbfd?s=96&d=mm&r=g","contentUrl":"https:\/\/secure.gravatar.com\/avatar\/7da6b5985e34ed798d1670c54ce7d20e6a53b800bb0c07945c64b09392f3dbfd?s=96&d=mm&r=g","caption":"Bozsogi Attila"},"sameAs":["http:\/\/www.boszogiattila.hu"],"url":"https:\/\/bozsogiattila.hu\/?author=3"}]}},"jetpack_featured_media_url":"","_links":{"self":[{"href":"https:\/\/bozsogiattila.hu\/index.php?rest_route=\/wp\/v2\/posts\/1006","targetHints":{"allow":["GET"]}}],"collection":[{"href":"https:\/\/bozsogiattila.hu\/index.php?rest_route=\/wp\/v2\/posts"}],"about":[{"href":"https:\/\/bozsogiattila.hu\/index.php?rest_route=\/wp\/v2\/types\/post"}],"author":[{"embeddable":true,"href":"https:\/\/bozsogiattila.hu\/index.php?rest_route=\/wp\/v2\/users\/3"}],"replies":[{"embeddable":true,"href":"https:\/\/bozsogiattila.hu\/index.php?rest_route=%2Fwp%2Fv2%2Fcomments&post=1006"}],"version-history":[{"count":1,"href":"https:\/\/bozsogiattila.hu\/index.php?rest_route=\/wp\/v2\/posts\/1006\/revisions"}],"predecessor-version":[{"id":1007,"href":"https:\/\/bozsogiattila.hu\/index.php?rest_route=\/wp\/v2\/posts\/1006\/revisions\/1007"}],"wp:attachment":[{"href":"https:\/\/bozsogiattila.hu\/index.php?rest_route=%2Fwp%2Fv2%2Fmedia&parent=1006"}],"wp:term":[{"taxonomy":"category","embeddable":true,"href":"https:\/\/bozsogiattila.hu\/index.php?rest_route=%2Fwp%2Fv2%2Fcategories&post=1006"},{"taxonomy":"post_tag","embeddable":true,"href":"https:\/\/bozsogiattila.hu\/index.php?rest_route=%2Fwp%2Fv2%2Ftags&post=1006"}],"curies":[{"name":"wp","href":"https:\/\/api.w.org\/{rel}","templated":true}]}}