{"id":1012,"date":"2017-04-30T15:26:00","date_gmt":"2017-04-30T15:26:00","guid":{"rendered":"https:\/\/bozsogiattila.hu\/?p=1012"},"modified":"2024-01-08T15:28:01","modified_gmt":"2024-01-08T15:28:01","slug":"elmultak-az-evek","status":"publish","type":"post","link":"https:\/\/bozsogiattila.hu\/?p=1012","title":{"rendered":"ELM\u00daLTAK AZ \u00c9VEK"},"content":{"rendered":"\n<p class=\"wp-block-paragraph\">ELM\u00daLTAK AZ \u00c9VEK<\/p>\n\n\n\n<p class=\"wp-block-paragraph\">Elm\u00faltak az \u00e9vek,<br>A napok elfogynak,<br>S egyre kevesebb lesz,<br>Minek neve holnap.<\/p>\n\n\n\n<p class=\"wp-block-paragraph\">Az \u00e9rz\u00e9s megrokkan,<br>A rem\u00e9ny is elsz\u00e1ll,<br>A sz\u00edvnek ritmusa,<br>Zakatol csak csup\u00e1n.<\/p>\n\n\n\n<p class=\"wp-block-paragraph\">A szem visszafordul,<br>Lassan befel\u00e9 l\u00e1t,<br>A k\u00f6nny is arra tart,<br>Siratja m\u00e1r a m\u00e1t.<\/p>\n\n\n\n<p class=\"wp-block-paragraph\">A m\u00falt id\u00e9z\u00e9se,<br>\u00c1lmodoz\u00e1s tal\u00e1n,<br>V\u00e1gynak elhal\u00e1sa,<br>Jelent trag\u00e9di\u00e1t.<\/p>\n\n\n\n<p class=\"wp-block-paragraph\">A gondolat megfagy,<br>Az \u00e9rz\u00e9s megreked,<br>A l\u00e9lek medit\u00e1l,<br>Tudja-, egyszer mehet.<\/p>\n\n\n\n<p class=\"wp-block-paragraph\">(Az) id\u0151pont kit\u0171zve,<br>Titkot rejteget m\u00e9g,<br>Csalf\u00e1n \u00e9leszt n\u00e9ha,<br>Haldokl\u00f3 b\u00fas rem\u00e9nyt.<\/p>\n\n\n\n<p class=\"wp-block-paragraph\">Az agy akadozik,<br>De t\u00e1n felfogja azt,<br>V\u00e1rakoz\u00e1sban van,<br>Az \u00f6r\u00f6k\u00f6s malaszt.<\/p>\n\n\n\n<p class=\"wp-block-paragraph\">A n\u00e9z\u00e9s hom\u00e1lyos,<br>Sz\u00fcrk\u00fcletet adhat,<br>A l\u00e1t\u00e1s val\u00f3ja,<br>Csak volt, s nincs tov\u00e1bb az.<\/p>\n\n\n\n<p class=\"wp-block-paragraph\">Egyhang\u00fa minden perc,<br>Az \u00f3ra lelassul,<br>Rekedten \u00fct n\u00e9ha,<br>Riaszt az, konokul.<\/p>\n\n\n\n<p class=\"wp-block-paragraph\">Hallik ketyeg\u00e9se,<br>A mutat\u00f3 halad,<br>Gondol egyet, meg\u00e1ll,<br>S \u00f6r\u00f6kre elakad.<\/p>\n\n\n\n<p class=\"wp-block-paragraph\">A t\u00e1vols\u00e1g cs\u00f6kken,<br>\u00c9s naponta sz\u0171k\u00fcl,<br>Ha egyszer \u00f6ssze\u00e9r,<br>A l\u00e9lek megrezd\u00fcl.<\/p>\n\n\n\n<p class=\"wp-block-paragraph\">L\u00e1tom\u00e1s ad er\u0151t,<br>Szomor\u00fa \u00e9rz\u00e9ssel,<br>Remeg\u00e9s k\u00ednj\u00e1val,<br>F\u00e1j\u00f3 \u00f6lel\u00e9ssel.<\/p>\n\n\n\n<p class=\"wp-block-paragraph\">Az utols\u00f3 cs\u00f3knak,<br>G\u00fanyos kacag\u00e1sa,<br>Eml\u00e9keztet arra,<br>Ami volt valaha.<\/p>\n\n\n\n<p class=\"wp-block-paragraph\">M\u00falt id\u0151 lesz minden,<br>Elpusztul a jelen,<br>Ut\u00f3pia hangja,<br>J\u00f6v\u0151t m\u00e1r nem teremt.<\/p>\n\n\n\n<p class=\"wp-block-paragraph\">K\u00f6zeledik a nap,<br>Egyre igyekezve,<br>Lehullik a csillag,<br>S az lesz \u00edt\u00e9lete.<\/p>\n\n\n\n<p class=\"wp-block-paragraph\">\u00dcst\u00f6k\u00f6s cs\u00f3v\u00e1ja,<br>V\u00f6r\u00f6s l\u00e1ngot ok\u00e1d,<br>S elt\u0171nik egy \u00e9let,<br>F\u00e9nye kialszik m\u00e1r.<\/p>\n\n\n\n<p class=\"wp-block-paragraph\">Mak\u00f3, 2017-04-30<\/p>\n","protected":false},"excerpt":{"rendered":"<p>ELM\u00daLTAK AZ \u00c9VEK Elm\u00faltak az \u00e9vek,A napok elfogynak,S egyre kevesebb lesz,Minek neve holnap. Az \u00e9rz\u00e9s megrokkan,A rem\u00e9ny is elsz\u00e1ll,A sz\u00edvnek ritmusa,Zakatol csak csup\u00e1n. A szem visszafordul,Lassan befel\u00e9 l\u00e1t,A k\u00f6nny is arra tart,Siratja m\u00e1r a m\u00e1t. A m\u00falt id\u00e9z\u00e9se,\u00c1lmodoz\u00e1s tal\u00e1n,V\u00e1gynak elhal\u00e1sa,Jelent trag\u00e9di\u00e1t. A gondolat megfagy,Az \u00e9rz\u00e9s megreked,A l\u00e9lek medit\u00e1l,Tudja-, egyszer mehet. (Az) id\u0151pont kit\u0171zve,Titkot rejteget m\u00e9g,Csalf\u00e1n &#8230; <a title=\"ELM\u00daLTAK AZ \u00c9VEK\" class=\"read-more\" href=\"https:\/\/bozsogiattila.hu\/?p=1012\" aria-label=\"Tov\u00e1bbiak ELM\u00daLTAK AZ \u00c9VEK\">Olvass tov\u00e1bb<\/a><\/p>\n","protected":false},"author":3,"featured_media":0,"comment_status":"closed","ping_status":"open","sticky":false,"template":"","format":"standard","meta":{"footnotes":""},"categories":[4],"tags":[313,12],"class_list":["post-1012","post","type-post","status-publish","format-standard","hentry","category-versek","tag-313","tag-mako"],"yoast_head":"<!-- This site is optimized with the Yoast SEO plugin v21.8 - https:\/\/yoast.com\/wordpress\/plugins\/seo\/ -->\n<title>ELM\u00daLTAK AZ \u00c9VEK - Bozsogi Attila<\/title>\n<meta name=\"robots\" content=\"index, follow, max-snippet:-1, max-image-preview:large, max-video-preview:-1\" \/>\n<link rel=\"canonical\" href=\"https:\/\/bozsogiattila.hu\/?p=1012\" \/>\n<meta property=\"og:locale\" content=\"hu_HU\" \/>\n<meta property=\"og:type\" content=\"article\" \/>\n<meta property=\"og:title\" content=\"ELM\u00daLTAK AZ \u00c9VEK - Bozsogi Attila\" \/>\n<meta property=\"og:description\" content=\"ELM\u00daLTAK AZ \u00c9VEK Elm\u00faltak az \u00e9vek,A napok elfogynak,S egyre kevesebb lesz,Minek neve holnap. Az \u00e9rz\u00e9s megrokkan,A rem\u00e9ny is elsz\u00e1ll,A sz\u00edvnek ritmusa,Zakatol csak csup\u00e1n. A szem visszafordul,Lassan befel\u00e9 l\u00e1t,A k\u00f6nny is arra tart,Siratja m\u00e1r a m\u00e1t. A m\u00falt id\u00e9z\u00e9se,\u00c1lmodoz\u00e1s tal\u00e1n,V\u00e1gynak elhal\u00e1sa,Jelent trag\u00e9di\u00e1t. A gondolat megfagy,Az \u00e9rz\u00e9s megreked,A l\u00e9lek medit\u00e1l,Tudja-, egyszer mehet. (Az) id\u0151pont kit\u0171zve,Titkot rejteget m\u00e9g,Csalf\u00e1n ... Olvass tov\u00e1bb\" \/>\n<meta property=\"og:url\" content=\"https:\/\/bozsogiattila.hu\/?p=1012\" \/>\n<meta property=\"og:site_name\" content=\"Bozsogi Attila\" \/>\n<meta property=\"article:published_time\" content=\"2017-04-30T15:26:00+00:00\" \/>\n<meta property=\"article:modified_time\" content=\"2024-01-08T15:28:01+00:00\" \/>\n<meta name=\"author\" content=\"Bozsogi Attila\" \/>\n<meta name=\"twitter:card\" content=\"summary_large_image\" \/>\n<meta name=\"twitter:label1\" content=\"Szerz\u0151:\" \/>\n\t<meta name=\"twitter:data1\" content=\"Bozsogi Attila\" \/>\n\t<meta name=\"twitter:label2\" content=\"Becs\u00fclt olvas\u00e1si id\u0151\" \/>\n\t<meta name=\"twitter:data2\" content=\"1 perc\" \/>\n<script type=\"application\/ld+json\" class=\"yoast-schema-graph\">{\"@context\":\"https:\/\/schema.org\",\"@graph\":[{\"@type\":\"WebPage\",\"@id\":\"https:\/\/bozsogiattila.hu\/?p=1012\",\"url\":\"https:\/\/bozsogiattila.hu\/?p=1012\",\"name\":\"ELM\u00daLTAK AZ \u00c9VEK - Bozsogi Attila\",\"isPartOf\":{\"@id\":\"https:\/\/bozsogiattila.hu\/#website\"},\"datePublished\":\"2017-04-30T15:26:00+00:00\",\"dateModified\":\"2024-01-08T15:28:01+00:00\",\"author\":{\"@id\":\"https:\/\/bozsogiattila.hu\/#\/schema\/person\/488c99f554a8c4039201260dd5eb795e\"},\"breadcrumb\":{\"@id\":\"https:\/\/bozsogiattila.hu\/?p=1012#breadcrumb\"},\"inLanguage\":\"hu\",\"potentialAction\":[{\"@type\":\"ReadAction\",\"target\":[\"https:\/\/bozsogiattila.hu\/?p=1012\"]}]},{\"@type\":\"BreadcrumbList\",\"@id\":\"https:\/\/bozsogiattila.hu\/?p=1012#breadcrumb\",\"itemListElement\":[{\"@type\":\"ListItem\",\"position\":1,\"name\":\"Kezd\u0151lap\",\"item\":\"https:\/\/bozsogiattila.hu\/\"},{\"@type\":\"ListItem\",\"position\":2,\"name\":\"ELM\u00daLTAK AZ \u00c9VEK\"}]},{\"@type\":\"WebSite\",\"@id\":\"https:\/\/bozsogiattila.hu\/#website\",\"url\":\"https:\/\/bozsogiattila.hu\/\",\"name\":\"Bozsogi Attila\",\"description\":\"a zen\u00e9sz, \u00edr\u00f3 munk\u00e1ss\u00e1g\u00e1nak \u00e9s a mak\u00f3i muzsikusok eml\u00e9k\u00e9t \u0151rz\u0151 oldal\",\"potentialAction\":[{\"@type\":\"SearchAction\",\"target\":{\"@type\":\"EntryPoint\",\"urlTemplate\":\"https:\/\/bozsogiattila.hu\/?s={search_term_string}\"},\"query-input\":\"required name=search_term_string\"}],\"inLanguage\":\"hu\"},{\"@type\":\"Person\",\"@id\":\"https:\/\/bozsogiattila.hu\/#\/schema\/person\/488c99f554a8c4039201260dd5eb795e\",\"name\":\"Bozsogi Attila\",\"image\":{\"@type\":\"ImageObject\",\"inLanguage\":\"hu\",\"@id\":\"https:\/\/bozsogiattila.hu\/#\/schema\/person\/image\/\",\"url\":\"https:\/\/secure.gravatar.com\/avatar\/7da6b5985e34ed798d1670c54ce7d20e6a53b800bb0c07945c64b09392f3dbfd?s=96&d=mm&r=g\",\"contentUrl\":\"https:\/\/secure.gravatar.com\/avatar\/7da6b5985e34ed798d1670c54ce7d20e6a53b800bb0c07945c64b09392f3dbfd?s=96&d=mm&r=g\",\"caption\":\"Bozsogi Attila\"},\"sameAs\":[\"http:\/\/www.boszogiattila.hu\"],\"url\":\"https:\/\/bozsogiattila.hu\/?author=3\"}]}<\/script>\n<!-- \/ Yoast SEO plugin. -->","yoast_head_json":{"title":"ELM\u00daLTAK AZ \u00c9VEK - Bozsogi Attila","robots":{"index":"index","follow":"follow","max-snippet":"max-snippet:-1","max-image-preview":"max-image-preview:large","max-video-preview":"max-video-preview:-1"},"canonical":"https:\/\/bozsogiattila.hu\/?p=1012","og_locale":"hu_HU","og_type":"article","og_title":"ELM\u00daLTAK AZ \u00c9VEK - Bozsogi Attila","og_description":"ELM\u00daLTAK AZ \u00c9VEK Elm\u00faltak az \u00e9vek,A napok elfogynak,S egyre kevesebb lesz,Minek neve holnap. Az \u00e9rz\u00e9s megrokkan,A rem\u00e9ny is elsz\u00e1ll,A sz\u00edvnek ritmusa,Zakatol csak csup\u00e1n. A szem visszafordul,Lassan befel\u00e9 l\u00e1t,A k\u00f6nny is arra tart,Siratja m\u00e1r a m\u00e1t. A m\u00falt id\u00e9z\u00e9se,\u00c1lmodoz\u00e1s tal\u00e1n,V\u00e1gynak elhal\u00e1sa,Jelent trag\u00e9di\u00e1t. A gondolat megfagy,Az \u00e9rz\u00e9s megreked,A l\u00e9lek medit\u00e1l,Tudja-, egyszer mehet. (Az) id\u0151pont kit\u0171zve,Titkot rejteget m\u00e9g,Csalf\u00e1n ... Olvass tov\u00e1bb","og_url":"https:\/\/bozsogiattila.hu\/?p=1012","og_site_name":"Bozsogi Attila","article_published_time":"2017-04-30T15:26:00+00:00","article_modified_time":"2024-01-08T15:28:01+00:00","author":"Bozsogi Attila","twitter_card":"summary_large_image","twitter_misc":{"Szerz\u0151:":"Bozsogi Attila","Becs\u00fclt olvas\u00e1si id\u0151":"1 perc"},"schema":{"@context":"https:\/\/schema.org","@graph":[{"@type":"WebPage","@id":"https:\/\/bozsogiattila.hu\/?p=1012","url":"https:\/\/bozsogiattila.hu\/?p=1012","name":"ELM\u00daLTAK AZ \u00c9VEK - Bozsogi Attila","isPartOf":{"@id":"https:\/\/bozsogiattila.hu\/#website"},"datePublished":"2017-04-30T15:26:00+00:00","dateModified":"2024-01-08T15:28:01+00:00","author":{"@id":"https:\/\/bozsogiattila.hu\/#\/schema\/person\/488c99f554a8c4039201260dd5eb795e"},"breadcrumb":{"@id":"https:\/\/bozsogiattila.hu\/?p=1012#breadcrumb"},"inLanguage":"hu","potentialAction":[{"@type":"ReadAction","target":["https:\/\/bozsogiattila.hu\/?p=1012"]}]},{"@type":"BreadcrumbList","@id":"https:\/\/bozsogiattila.hu\/?p=1012#breadcrumb","itemListElement":[{"@type":"ListItem","position":1,"name":"Kezd\u0151lap","item":"https:\/\/bozsogiattila.hu\/"},{"@type":"ListItem","position":2,"name":"ELM\u00daLTAK AZ \u00c9VEK"}]},{"@type":"WebSite","@id":"https:\/\/bozsogiattila.hu\/#website","url":"https:\/\/bozsogiattila.hu\/","name":"Bozsogi Attila","description":"a zen\u00e9sz, \u00edr\u00f3 munk\u00e1ss\u00e1g\u00e1nak \u00e9s a mak\u00f3i muzsikusok eml\u00e9k\u00e9t \u0151rz\u0151 oldal","potentialAction":[{"@type":"SearchAction","target":{"@type":"EntryPoint","urlTemplate":"https:\/\/bozsogiattila.hu\/?s={search_term_string}"},"query-input":"required name=search_term_string"}],"inLanguage":"hu"},{"@type":"Person","@id":"https:\/\/bozsogiattila.hu\/#\/schema\/person\/488c99f554a8c4039201260dd5eb795e","name":"Bozsogi Attila","image":{"@type":"ImageObject","inLanguage":"hu","@id":"https:\/\/bozsogiattila.hu\/#\/schema\/person\/image\/","url":"https:\/\/secure.gravatar.com\/avatar\/7da6b5985e34ed798d1670c54ce7d20e6a53b800bb0c07945c64b09392f3dbfd?s=96&d=mm&r=g","contentUrl":"https:\/\/secure.gravatar.com\/avatar\/7da6b5985e34ed798d1670c54ce7d20e6a53b800bb0c07945c64b09392f3dbfd?s=96&d=mm&r=g","caption":"Bozsogi Attila"},"sameAs":["http:\/\/www.boszogiattila.hu"],"url":"https:\/\/bozsogiattila.hu\/?author=3"}]}},"jetpack_featured_media_url":"","_links":{"self":[{"href":"https:\/\/bozsogiattila.hu\/index.php?rest_route=\/wp\/v2\/posts\/1012","targetHints":{"allow":["GET"]}}],"collection":[{"href":"https:\/\/bozsogiattila.hu\/index.php?rest_route=\/wp\/v2\/posts"}],"about":[{"href":"https:\/\/bozsogiattila.hu\/index.php?rest_route=\/wp\/v2\/types\/post"}],"author":[{"embeddable":true,"href":"https:\/\/bozsogiattila.hu\/index.php?rest_route=\/wp\/v2\/users\/3"}],"replies":[{"embeddable":true,"href":"https:\/\/bozsogiattila.hu\/index.php?rest_route=%2Fwp%2Fv2%2Fcomments&post=1012"}],"version-history":[{"count":1,"href":"https:\/\/bozsogiattila.hu\/index.php?rest_route=\/wp\/v2\/posts\/1012\/revisions"}],"predecessor-version":[{"id":1013,"href":"https:\/\/bozsogiattila.hu\/index.php?rest_route=\/wp\/v2\/posts\/1012\/revisions\/1013"}],"wp:attachment":[{"href":"https:\/\/bozsogiattila.hu\/index.php?rest_route=%2Fwp%2Fv2%2Fmedia&parent=1012"}],"wp:term":[{"taxonomy":"category","embeddable":true,"href":"https:\/\/bozsogiattila.hu\/index.php?rest_route=%2Fwp%2Fv2%2Fcategories&post=1012"},{"taxonomy":"post_tag","embeddable":true,"href":"https:\/\/bozsogiattila.hu\/index.php?rest_route=%2Fwp%2Fv2%2Ftags&post=1012"}],"curies":[{"name":"wp","href":"https:\/\/api.w.org\/{rel}","templated":true}]}}