{"id":1020,"date":"2017-01-13T15:33:00","date_gmt":"2017-01-13T15:33:00","guid":{"rendered":"https:\/\/bozsogiattila.hu\/?p=1020"},"modified":"2024-01-08T15:34:15","modified_gmt":"2024-01-08T15:34:15","slug":"emlekszem","status":"publish","type":"post","link":"https:\/\/bozsogiattila.hu\/?p=1020","title":{"rendered":"EML\u00c9KSZEM"},"content":{"rendered":"\n<p class=\"wp-block-paragraph\">EML\u00c9KSZEM<\/p>\n\n\n\n<p class=\"wp-block-paragraph\">Eml\u00e9kszem gyermekkoromra,<br>Vil\u00e1gh\u00e1bor\u00fas napokra.<br>Harcok d\u00faltak, bomb\u00e1k hulltak,<br>Szt\u00e1linorgon\u00e1k vinnyogtak.<\/p>\n\n\n\n<p class=\"wp-block-paragraph\">Utc\u00e1nkba n\u00e9metek j\u00f6ttek,<br>Aut\u00f3juk, mint berregett.<br>Megpihentek, leparkoltak,<br>Hossz\u00fa utat m\u00e1r bej\u00e1rtak.<\/p>\n\n\n\n<p class=\"wp-block-paragraph\">A h\u00e1zunkba becsengettek,<br>V\u00f6dreikbe vizet k\u00e9rtek.<br>Tiszt\u00e1lkodtak, mosakodtak,<br>\u00datpor\u00e1t\u00f3l szabadultak.<\/p>\n\n\n\n<p class=\"wp-block-paragraph\">Tat\u00e1m nyelv\u00fcket besz\u00e9lte,<br>Szeg\u00e9nyeket \u00fcdv\u00f6z\u00f6lte.<br>K\u00e9t katona bej\u00f6tt hozz\u00e1nk,<br>Vel\u00fcnk ett\u00e9k a vacsor\u00e1t.<\/p>\n\n\n\n<p class=\"wp-block-paragraph\">Mam\u00e1m asztalt ter\u00edtette,<br>Az \u00e9tkeket oda tette.<br>Kolb\u00e1sz, szalonn\u00e1t, kenyeret,<br>V\u00f6r\u00f6shagym\u00e1t, egy kis tejet.<\/p>\n\n\n\n<p class=\"wp-block-paragraph\">A kolb\u00e1szt nem mert\u00e9k enni,<br>El\u0151bb nekem kellett szelni.<br>Neki l\u00e1ttam, mint egy kis h\u0151s,<br>Nekik, azt mondt\u00e1k, hogy er\u0151s.<\/p>\n\n\n\n<p class=\"wp-block-paragraph\">M\u00e1snap \u00fajra megjelentek,<br>Hoztak nekem \u00e9dess\u00e9get.<br>Tat\u00e1m\u00e9knak aj\u00e1nd\u00e9kot,<br>Szappant, k\u00e1v\u00e9t, egy kis cukrot.<\/p>\n\n\n\n<p class=\"wp-block-paragraph\">Any\u00e1m, n\u0151v\u00e9remmel elb\u00fajt,<br>A pinc\u00e9ben, hol aludtunk.<br>Csendben voltak, t\u00e1n remegtek,<br>\u00c9n m\u00e9g semmit nem \u00e9rtettem.<\/p>\n\n\n\n<p class=\"wp-block-paragraph\">P\u00e1r nap m\u00falva zaj hallatszott,<br>K\u00f6zeledtek az oroszok.<br>A n\u00e9metek menek\u00fcltek,<br>\u0150k lettek az \u00fcld\u00f6z\u00f6ttek.<\/p>\n\n\n\n<p class=\"wp-block-paragraph\">A szomsz\u00e9dok j\u00f6ttek sokan,<br>F\u00e9ltek a nagy h\u00e1bor\u00faban.<br>S\u00e1t\u00e1n kuty\u00e1nk ott volt velem,<br>J\u00f3 dolga volt, \u00fagy, mint nekem.<\/p>\n\n\n\n<p class=\"wp-block-paragraph\">Kisgyermekk\u00e9nt boldog voltam,<br>Lenn a pinc\u00e9ben j\u00e1tszhattam.<br>Lett egyszer nagy riadalom,<br>A n\u0151k menek\u00fcltek nagyon.<\/p>\n\n\n\n<p class=\"wp-block-paragraph\">A kertekben megh\u00faz\u00f3dtak,<br>A bunkerben, csutkak\u00fapban.<br>Malinovszkijnak serege,<br>Mondt\u00e1k, olyan, mint egy cs\u00fcrhe.<\/p>\n\n\n\n<p class=\"wp-block-paragraph\">Puskatussal d\u00f6r\u00f6mb\u00f6ltek,<br>Kerest\u00e9k a n\u00e9meteket.<br>A szomsz\u00e9daink rettegtek,<br>A pinc\u00e9b\u0151l, ki sem j\u00f6ttek.<\/p>\n\n\n\n<p class=\"wp-block-paragraph\">Tat\u00e1m ut\u00e1n \u00e9n kimentem,<br>Nem tudtam mi a f\u00e9lelem.<br>Bern\u00e1thegyi kuty\u00e1nk is j\u00f6tt,<br>Tal\u00e1n ott is engem \u0151rz\u00f6tt.<\/p>\n\n\n\n<p class=\"wp-block-paragraph\">Csaknem ez lett szeg\u00e9ny veszte,<br>Egyik orosz majd lel\u0151tte.<br>A szomsz\u00e9dunk oroszul sz\u00f3lt,<br>Ne b\u00e1ntsd, nem b\u00e1nt, igen j\u00e1mbor.<\/p>\n\n\n\n<p class=\"wp-block-paragraph\">Riad\u00f3 sz\u00f3lt, tov\u00e1bb \u00e1lltak,<br>Az utc\u00e1nknak b\u00e9k\u00e9t hagytak.<br>Felk\u00f6lt\u00f6zt\u00fcnk lak\u00e1sunkba,<br>S\u00edrtam a pinc\u00e9t elhagyva.<\/p>\n\n\n\n<p class=\"wp-block-paragraph\">Mak\u00f3, 2017-01-13<\/p>\n","protected":false},"excerpt":{"rendered":"<p>EML\u00c9KSZEM Eml\u00e9kszem gyermekkoromra,Vil\u00e1gh\u00e1bor\u00fas napokra.Harcok d\u00faltak, bomb\u00e1k hulltak,Szt\u00e1linorgon\u00e1k vinnyogtak. Utc\u00e1nkba n\u00e9metek j\u00f6ttek,Aut\u00f3juk, mint berregett.Megpihentek, leparkoltak,Hossz\u00fa utat m\u00e1r bej\u00e1rtak. A h\u00e1zunkba becsengettek,V\u00f6dreikbe vizet k\u00e9rtek.Tiszt\u00e1lkodtak, mosakodtak,\u00datpor\u00e1t\u00f3l szabadultak. Tat\u00e1m nyelv\u00fcket besz\u00e9lte,Szeg\u00e9nyeket \u00fcdv\u00f6z\u00f6lte.K\u00e9t katona bej\u00f6tt hozz\u00e1nk,Vel\u00fcnk ett\u00e9k a vacsor\u00e1t. Mam\u00e1m asztalt ter\u00edtette,Az \u00e9tkeket oda tette.Kolb\u00e1sz, szalonn\u00e1t, kenyeret,V\u00f6r\u00f6shagym\u00e1t, egy kis tejet. A kolb\u00e1szt nem mert\u00e9k enni,El\u0151bb nekem kellett szelni.Neki l\u00e1ttam, mint &#8230; <a title=\"EML\u00c9KSZEM\" class=\"read-more\" href=\"https:\/\/bozsogiattila.hu\/?p=1020\" aria-label=\"Tov\u00e1bbiak EML\u00c9KSZEM\">Olvass tov\u00e1bb<\/a><\/p>\n","protected":false},"author":3,"featured_media":0,"comment_status":"closed","ping_status":"open","sticky":false,"template":"","format":"standard","meta":{"footnotes":""},"categories":[4],"tags":[313,12],"class_list":["post-1020","post","type-post","status-publish","format-standard","hentry","category-versek","tag-313","tag-mako"],"yoast_head":"<!-- This site is optimized with the Yoast SEO plugin v21.8 - https:\/\/yoast.com\/wordpress\/plugins\/seo\/ -->\n<title>EML\u00c9KSZEM - Bozsogi Attila<\/title>\n<meta name=\"robots\" content=\"index, follow, max-snippet:-1, max-image-preview:large, max-video-preview:-1\" \/>\n<link rel=\"canonical\" href=\"https:\/\/bozsogiattila.hu\/?p=1020\" \/>\n<meta property=\"og:locale\" content=\"hu_HU\" \/>\n<meta property=\"og:type\" content=\"article\" \/>\n<meta property=\"og:title\" content=\"EML\u00c9KSZEM - Bozsogi Attila\" \/>\n<meta property=\"og:description\" content=\"EML\u00c9KSZEM Eml\u00e9kszem gyermekkoromra,Vil\u00e1gh\u00e1bor\u00fas napokra.Harcok d\u00faltak, bomb\u00e1k hulltak,Szt\u00e1linorgon\u00e1k vinnyogtak. Utc\u00e1nkba n\u00e9metek j\u00f6ttek,Aut\u00f3juk, mint berregett.Megpihentek, leparkoltak,Hossz\u00fa utat m\u00e1r bej\u00e1rtak. A h\u00e1zunkba becsengettek,V\u00f6dreikbe vizet k\u00e9rtek.Tiszt\u00e1lkodtak, mosakodtak,\u00datpor\u00e1t\u00f3l szabadultak. Tat\u00e1m nyelv\u00fcket besz\u00e9lte,Szeg\u00e9nyeket \u00fcdv\u00f6z\u00f6lte.K\u00e9t katona bej\u00f6tt hozz\u00e1nk,Vel\u00fcnk ett\u00e9k a vacsor\u00e1t. Mam\u00e1m asztalt ter\u00edtette,Az \u00e9tkeket oda tette.Kolb\u00e1sz, szalonn\u00e1t, kenyeret,V\u00f6r\u00f6shagym\u00e1t, egy kis tejet. A kolb\u00e1szt nem mert\u00e9k enni,El\u0151bb nekem kellett szelni.Neki l\u00e1ttam, mint ... Olvass tov\u00e1bb\" \/>\n<meta property=\"og:url\" content=\"https:\/\/bozsogiattila.hu\/?p=1020\" \/>\n<meta property=\"og:site_name\" content=\"Bozsogi Attila\" \/>\n<meta property=\"article:published_time\" content=\"2017-01-13T15:33:00+00:00\" \/>\n<meta property=\"article:modified_time\" content=\"2024-01-08T15:34:15+00:00\" \/>\n<meta name=\"author\" content=\"Bozsogi Attila\" \/>\n<meta name=\"twitter:card\" content=\"summary_large_image\" \/>\n<meta name=\"twitter:label1\" content=\"Szerz\u0151:\" \/>\n\t<meta name=\"twitter:data1\" content=\"Bozsogi Attila\" \/>\n\t<meta name=\"twitter:label2\" content=\"Becs\u00fclt olvas\u00e1si id\u0151\" \/>\n\t<meta name=\"twitter:data2\" content=\"2 perc\" \/>\n<script type=\"application\/ld+json\" class=\"yoast-schema-graph\">{\"@context\":\"https:\/\/schema.org\",\"@graph\":[{\"@type\":\"WebPage\",\"@id\":\"https:\/\/bozsogiattila.hu\/?p=1020\",\"url\":\"https:\/\/bozsogiattila.hu\/?p=1020\",\"name\":\"EML\u00c9KSZEM - Bozsogi Attila\",\"isPartOf\":{\"@id\":\"https:\/\/bozsogiattila.hu\/#website\"},\"datePublished\":\"2017-01-13T15:33:00+00:00\",\"dateModified\":\"2024-01-08T15:34:15+00:00\",\"author\":{\"@id\":\"https:\/\/bozsogiattila.hu\/#\/schema\/person\/488c99f554a8c4039201260dd5eb795e\"},\"breadcrumb\":{\"@id\":\"https:\/\/bozsogiattila.hu\/?p=1020#breadcrumb\"},\"inLanguage\":\"hu\",\"potentialAction\":[{\"@type\":\"ReadAction\",\"target\":[\"https:\/\/bozsogiattila.hu\/?p=1020\"]}]},{\"@type\":\"BreadcrumbList\",\"@id\":\"https:\/\/bozsogiattila.hu\/?p=1020#breadcrumb\",\"itemListElement\":[{\"@type\":\"ListItem\",\"position\":1,\"name\":\"Kezd\u0151lap\",\"item\":\"https:\/\/bozsogiattila.hu\/\"},{\"@type\":\"ListItem\",\"position\":2,\"name\":\"EML\u00c9KSZEM\"}]},{\"@type\":\"WebSite\",\"@id\":\"https:\/\/bozsogiattila.hu\/#website\",\"url\":\"https:\/\/bozsogiattila.hu\/\",\"name\":\"Bozsogi Attila\",\"description\":\"a zen\u00e9sz, \u00edr\u00f3 munk\u00e1ss\u00e1g\u00e1nak \u00e9s a mak\u00f3i muzsikusok eml\u00e9k\u00e9t \u0151rz\u0151 oldal\",\"potentialAction\":[{\"@type\":\"SearchAction\",\"target\":{\"@type\":\"EntryPoint\",\"urlTemplate\":\"https:\/\/bozsogiattila.hu\/?s={search_term_string}\"},\"query-input\":\"required name=search_term_string\"}],\"inLanguage\":\"hu\"},{\"@type\":\"Person\",\"@id\":\"https:\/\/bozsogiattila.hu\/#\/schema\/person\/488c99f554a8c4039201260dd5eb795e\",\"name\":\"Bozsogi Attila\",\"image\":{\"@type\":\"ImageObject\",\"inLanguage\":\"hu\",\"@id\":\"https:\/\/bozsogiattila.hu\/#\/schema\/person\/image\/\",\"url\":\"https:\/\/secure.gravatar.com\/avatar\/7da6b5985e34ed798d1670c54ce7d20e6a53b800bb0c07945c64b09392f3dbfd?s=96&d=mm&r=g\",\"contentUrl\":\"https:\/\/secure.gravatar.com\/avatar\/7da6b5985e34ed798d1670c54ce7d20e6a53b800bb0c07945c64b09392f3dbfd?s=96&d=mm&r=g\",\"caption\":\"Bozsogi Attila\"},\"sameAs\":[\"http:\/\/www.boszogiattila.hu\"],\"url\":\"https:\/\/bozsogiattila.hu\/?author=3\"}]}<\/script>\n<!-- \/ Yoast SEO plugin. -->","yoast_head_json":{"title":"EML\u00c9KSZEM - Bozsogi Attila","robots":{"index":"index","follow":"follow","max-snippet":"max-snippet:-1","max-image-preview":"max-image-preview:large","max-video-preview":"max-video-preview:-1"},"canonical":"https:\/\/bozsogiattila.hu\/?p=1020","og_locale":"hu_HU","og_type":"article","og_title":"EML\u00c9KSZEM - Bozsogi Attila","og_description":"EML\u00c9KSZEM Eml\u00e9kszem gyermekkoromra,Vil\u00e1gh\u00e1bor\u00fas napokra.Harcok d\u00faltak, bomb\u00e1k hulltak,Szt\u00e1linorgon\u00e1k vinnyogtak. Utc\u00e1nkba n\u00e9metek j\u00f6ttek,Aut\u00f3juk, mint berregett.Megpihentek, leparkoltak,Hossz\u00fa utat m\u00e1r bej\u00e1rtak. A h\u00e1zunkba becsengettek,V\u00f6dreikbe vizet k\u00e9rtek.Tiszt\u00e1lkodtak, mosakodtak,\u00datpor\u00e1t\u00f3l szabadultak. Tat\u00e1m nyelv\u00fcket besz\u00e9lte,Szeg\u00e9nyeket \u00fcdv\u00f6z\u00f6lte.K\u00e9t katona bej\u00f6tt hozz\u00e1nk,Vel\u00fcnk ett\u00e9k a vacsor\u00e1t. Mam\u00e1m asztalt ter\u00edtette,Az \u00e9tkeket oda tette.Kolb\u00e1sz, szalonn\u00e1t, kenyeret,V\u00f6r\u00f6shagym\u00e1t, egy kis tejet. A kolb\u00e1szt nem mert\u00e9k enni,El\u0151bb nekem kellett szelni.Neki l\u00e1ttam, mint ... Olvass tov\u00e1bb","og_url":"https:\/\/bozsogiattila.hu\/?p=1020","og_site_name":"Bozsogi Attila","article_published_time":"2017-01-13T15:33:00+00:00","article_modified_time":"2024-01-08T15:34:15+00:00","author":"Bozsogi Attila","twitter_card":"summary_large_image","twitter_misc":{"Szerz\u0151:":"Bozsogi Attila","Becs\u00fclt olvas\u00e1si id\u0151":"2 perc"},"schema":{"@context":"https:\/\/schema.org","@graph":[{"@type":"WebPage","@id":"https:\/\/bozsogiattila.hu\/?p=1020","url":"https:\/\/bozsogiattila.hu\/?p=1020","name":"EML\u00c9KSZEM - Bozsogi Attila","isPartOf":{"@id":"https:\/\/bozsogiattila.hu\/#website"},"datePublished":"2017-01-13T15:33:00+00:00","dateModified":"2024-01-08T15:34:15+00:00","author":{"@id":"https:\/\/bozsogiattila.hu\/#\/schema\/person\/488c99f554a8c4039201260dd5eb795e"},"breadcrumb":{"@id":"https:\/\/bozsogiattila.hu\/?p=1020#breadcrumb"},"inLanguage":"hu","potentialAction":[{"@type":"ReadAction","target":["https:\/\/bozsogiattila.hu\/?p=1020"]}]},{"@type":"BreadcrumbList","@id":"https:\/\/bozsogiattila.hu\/?p=1020#breadcrumb","itemListElement":[{"@type":"ListItem","position":1,"name":"Kezd\u0151lap","item":"https:\/\/bozsogiattila.hu\/"},{"@type":"ListItem","position":2,"name":"EML\u00c9KSZEM"}]},{"@type":"WebSite","@id":"https:\/\/bozsogiattila.hu\/#website","url":"https:\/\/bozsogiattila.hu\/","name":"Bozsogi Attila","description":"a zen\u00e9sz, \u00edr\u00f3 munk\u00e1ss\u00e1g\u00e1nak \u00e9s a mak\u00f3i muzsikusok eml\u00e9k\u00e9t \u0151rz\u0151 oldal","potentialAction":[{"@type":"SearchAction","target":{"@type":"EntryPoint","urlTemplate":"https:\/\/bozsogiattila.hu\/?s={search_term_string}"},"query-input":"required name=search_term_string"}],"inLanguage":"hu"},{"@type":"Person","@id":"https:\/\/bozsogiattila.hu\/#\/schema\/person\/488c99f554a8c4039201260dd5eb795e","name":"Bozsogi Attila","image":{"@type":"ImageObject","inLanguage":"hu","@id":"https:\/\/bozsogiattila.hu\/#\/schema\/person\/image\/","url":"https:\/\/secure.gravatar.com\/avatar\/7da6b5985e34ed798d1670c54ce7d20e6a53b800bb0c07945c64b09392f3dbfd?s=96&d=mm&r=g","contentUrl":"https:\/\/secure.gravatar.com\/avatar\/7da6b5985e34ed798d1670c54ce7d20e6a53b800bb0c07945c64b09392f3dbfd?s=96&d=mm&r=g","caption":"Bozsogi Attila"},"sameAs":["http:\/\/www.boszogiattila.hu"],"url":"https:\/\/bozsogiattila.hu\/?author=3"}]}},"jetpack_featured_media_url":"","_links":{"self":[{"href":"https:\/\/bozsogiattila.hu\/index.php?rest_route=\/wp\/v2\/posts\/1020","targetHints":{"allow":["GET"]}}],"collection":[{"href":"https:\/\/bozsogiattila.hu\/index.php?rest_route=\/wp\/v2\/posts"}],"about":[{"href":"https:\/\/bozsogiattila.hu\/index.php?rest_route=\/wp\/v2\/types\/post"}],"author":[{"embeddable":true,"href":"https:\/\/bozsogiattila.hu\/index.php?rest_route=\/wp\/v2\/users\/3"}],"replies":[{"embeddable":true,"href":"https:\/\/bozsogiattila.hu\/index.php?rest_route=%2Fwp%2Fv2%2Fcomments&post=1020"}],"version-history":[{"count":1,"href":"https:\/\/bozsogiattila.hu\/index.php?rest_route=\/wp\/v2\/posts\/1020\/revisions"}],"predecessor-version":[{"id":1021,"href":"https:\/\/bozsogiattila.hu\/index.php?rest_route=\/wp\/v2\/posts\/1020\/revisions\/1021"}],"wp:attachment":[{"href":"https:\/\/bozsogiattila.hu\/index.php?rest_route=%2Fwp%2Fv2%2Fmedia&parent=1020"}],"wp:term":[{"taxonomy":"category","embeddable":true,"href":"https:\/\/bozsogiattila.hu\/index.php?rest_route=%2Fwp%2Fv2%2Fcategories&post=1020"},{"taxonomy":"post_tag","embeddable":true,"href":"https:\/\/bozsogiattila.hu\/index.php?rest_route=%2Fwp%2Fv2%2Ftags&post=1020"}],"curies":[{"name":"wp","href":"https:\/\/api.w.org\/{rel}","templated":true}]}}