{"id":1028,"date":"2016-06-17T15:39:00","date_gmt":"2016-06-17T15:39:00","guid":{"rendered":"https:\/\/bozsogiattila.hu\/?p=1028"},"modified":"2024-01-08T15:40:05","modified_gmt":"2024-01-08T15:40:05","slug":"esteledik","status":"publish","type":"post","link":"https:\/\/bozsogiattila.hu\/?p=1028","title":{"rendered":"ESTELEDIK!"},"content":{"rendered":"\n<p class=\"wp-block-paragraph\">ESTELEDIK!<\/p>\n\n\n\n<p class=\"wp-block-paragraph\">Esteledik, lemegy a Nap,<br>Megpihen, hisz \u0151 is f\u00e1radt.<br>V\u00f6r\u00f6s korongj\u00e1nak f\u00e9nye,<br>Visszatekint elmerengve.<\/p>\n\n\n\n<p class=\"wp-block-paragraph\">Megf\u00fcrdik m\u00e9g a patakba,<br>Sugar\u00e1t tiszt\u00e1ra mossa.<br>Majd elnyeli a horizont,<br>S kialszik a t\u00fcze is ott.<\/p>\n\n\n\n<p class=\"wp-block-paragraph\">Nem hallja m\u00e1r a t\u00fccsk\u00f6ket,<br>\u00c9ji zen\u00e9t, \u00fczenetet.<br>\u00c1lm\u00e1ban \u00faj terveket sz\u0151,<br>Vajon mit hoz a j\u00f6vend\u0151?<\/p>\n\n\n\n<p class=\"wp-block-paragraph\">A t\u00e1jra sz\u00fcrk\u00fclet borul,<br>S\u00f6t\u00e9tedik m\u00e1r konokul.<br>Brekegni kezd a b\u00e9kahad,<br>Sz\u00fanyogokra v\u00e1rakoznak.<\/p>\n\n\n\n<p class=\"wp-block-paragraph\">A s\u00fcn\u00f6k is el\u0151b\u00fajnak,<br>\u00c9lelem ut\u00e1n kutatnak.<br>Felett\u00fck a bagoly huhog,<br>Hal\u00e1lmad\u00e1r hangja vinnyog.<\/p>\n\n\n\n<p class=\"wp-block-paragraph\">Denev\u00e9rek siv\u00edtanak,<br>Hangtalanul tovasz\u00e1llnak.<br>\u00c9hs\u00e9g\u00fcket csillap\u00edtj\u00e1k,<br>Rejtek\u00fcket t\u00e1vol hagyj\u00e1k.<\/p>\n\n\n\n<p class=\"wp-block-paragraph\">Kigy\u00fal a sok l\u00e1mpa f\u00e9nye,<br>Der\u0171t hoz a s\u00f6t\u00e9ts\u00e9gre.<br>A csillagok megjelennek,<br>Pisl\u00e1kolva integetnek.<\/p>\n\n\n\n<p class=\"wp-block-paragraph\">Az \u00f6reg Hold k\u00edv\u00e1ncsian,<br>Leselkedik minduntalan.<br>Bekukucsk\u00e1l az ablakon,<br>Bandukolva tov\u00e1bboson.<\/p>\n\n\n\n<p class=\"wp-block-paragraph\">Az erd\u0151nek rejtek\u00e9ben,<br>\u00c9led a had is ser\u00e9nyen.<br>\u00datra kelnek, elindulnak,<br>J\u00f3llak\u00e1sr\u00f3l \u00e1lmodoznak.<\/p>\n\n\n\n<p class=\"wp-block-paragraph\">Vuknak n\u00e9pe szimatolgat,<br>Ha nincs vesz\u00e9ly, tov\u00e1bb halad.<br>Ty\u00fak\u00f3lakat k\u00f6rny\u00e9kezik,<br>\u00c1ldozatot ott rem\u00e9lik.<\/p>\n\n\n\n<p class=\"wp-block-paragraph\">G\u00f6r\u00e9nyek is r\u00e9sen vannak,<br>Meny\u00e9tekkel konkur\u00e1lnak.<br>Meglopj\u00e1k a tany\u00e1k n\u00e9p\u00e9t,<br>Zs\u00e1km\u00e1nyolnak gyenge j\u00e9rc\u00e9t.<\/p>\n\n\n\n<p class=\"wp-block-paragraph\">Az \u00e9j egyre s\u00f6t\u00e9tebb lesz,<br>Tolvajhadnak teret enged.<br>Zsong az erd\u0151 rabl\u00f3hada,<br>Mindenki v\u00e1r \u00e1ldozatra.<\/p>\n\n\n\n<p class=\"wp-block-paragraph\">Aki gyenge, \u00e9s \u00f3vatlan,<br>\u00c1ldozat lesz, \u00f3hatatlan.<br>Menek\u00fcl, aki teheti,<br>Vagy az \u00e9let\u00e9t elveszti.<\/p>\n\n\n\n<p class=\"wp-block-paragraph\">P\u00e1sztorkuty\u00e1k r\u00e9sen vannak,<br>Ny\u00e1jaikra \u00fagy vigy\u00e1znak.<br>F\u00e9lelmetes komondorok,<br>El\u0171znek betolakod\u00f3t.<\/p>\n\n\n\n<p class=\"wp-block-paragraph\">Megt\u00e9p\u00e1zz\u00e1k a r\u00f3k\u00e1kat,<br>Tekint\u00e9ly \u00fagy parancsolnak.<br>Vad\u00e1szmester puskav\u00e9gre,<br>Veszi \u0151ket ter\u00edt\u00e9kre.<\/p>\n\n\n\n<p class=\"wp-block-paragraph\">\u00c1d\u00e1zharc folyik \u00e9jszaka,<br>\u00c1lnoks\u00e1ggal megrakodva.<br>De, ha a Nap ism\u00e9t felkel,<br>\u00daj \u00e9let j\u0151, minden reggel!<\/p>\n\n\n\n<p class=\"wp-block-paragraph\">Mak\u00f3, 2016-06-17<\/p>\n","protected":false},"excerpt":{"rendered":"<p>ESTELEDIK! Esteledik, lemegy a Nap,Megpihen, hisz \u0151 is f\u00e1radt.V\u00f6r\u00f6s korongj\u00e1nak f\u00e9nye,Visszatekint elmerengve. Megf\u00fcrdik m\u00e9g a patakba,Sugar\u00e1t tiszt\u00e1ra mossa.Majd elnyeli a horizont,S kialszik a t\u00fcze is ott. Nem hallja m\u00e1r a t\u00fccsk\u00f6ket,\u00c9ji zen\u00e9t, \u00fczenetet.\u00c1lm\u00e1ban \u00faj terveket sz\u0151,Vajon mit hoz a j\u00f6vend\u0151? A t\u00e1jra sz\u00fcrk\u00fclet borul,S\u00f6t\u00e9tedik m\u00e1r konokul.Brekegni kezd a b\u00e9kahad,Sz\u00fanyogokra v\u00e1rakoznak. A s\u00fcn\u00f6k is el\u0151b\u00fajnak,\u00c9lelem ut\u00e1n &#8230; <a title=\"ESTELEDIK!\" class=\"read-more\" href=\"https:\/\/bozsogiattila.hu\/?p=1028\" aria-label=\"Tov\u00e1bbiak ESTELEDIK!\">Olvass tov\u00e1bb<\/a><\/p>\n","protected":false},"author":3,"featured_media":0,"comment_status":"closed","ping_status":"open","sticky":false,"template":"","format":"standard","meta":{"footnotes":""},"categories":[4],"tags":[319,12],"class_list":["post-1028","post","type-post","status-publish","format-standard","hentry","category-versek","tag-319","tag-mako"],"yoast_head":"<!-- This site is optimized with the Yoast SEO plugin v21.8 - https:\/\/yoast.com\/wordpress\/plugins\/seo\/ -->\n<title>ESTELEDIK! - Bozsogi Attila<\/title>\n<meta name=\"robots\" content=\"index, follow, max-snippet:-1, max-image-preview:large, max-video-preview:-1\" \/>\n<link rel=\"canonical\" href=\"https:\/\/bozsogiattila.hu\/?p=1028\" \/>\n<meta property=\"og:locale\" content=\"hu_HU\" \/>\n<meta property=\"og:type\" content=\"article\" \/>\n<meta property=\"og:title\" content=\"ESTELEDIK! - Bozsogi Attila\" \/>\n<meta property=\"og:description\" content=\"ESTELEDIK! Esteledik, lemegy a Nap,Megpihen, hisz \u0151 is f\u00e1radt.V\u00f6r\u00f6s korongj\u00e1nak f\u00e9nye,Visszatekint elmerengve. Megf\u00fcrdik m\u00e9g a patakba,Sugar\u00e1t tiszt\u00e1ra mossa.Majd elnyeli a horizont,S kialszik a t\u00fcze is ott. Nem hallja m\u00e1r a t\u00fccsk\u00f6ket,\u00c9ji zen\u00e9t, \u00fczenetet.\u00c1lm\u00e1ban \u00faj terveket sz\u0151,Vajon mit hoz a j\u00f6vend\u0151? A t\u00e1jra sz\u00fcrk\u00fclet borul,S\u00f6t\u00e9tedik m\u00e1r konokul.Brekegni kezd a b\u00e9kahad,Sz\u00fanyogokra v\u00e1rakoznak. A s\u00fcn\u00f6k is el\u0151b\u00fajnak,\u00c9lelem ut\u00e1n ... Olvass tov\u00e1bb\" \/>\n<meta property=\"og:url\" content=\"https:\/\/bozsogiattila.hu\/?p=1028\" \/>\n<meta property=\"og:site_name\" content=\"Bozsogi Attila\" \/>\n<meta property=\"article:published_time\" content=\"2016-06-17T15:39:00+00:00\" \/>\n<meta property=\"article:modified_time\" content=\"2024-01-08T15:40:05+00:00\" \/>\n<meta name=\"author\" content=\"Bozsogi Attila\" \/>\n<meta name=\"twitter:card\" content=\"summary_large_image\" \/>\n<meta name=\"twitter:label1\" content=\"Szerz\u0151:\" \/>\n\t<meta name=\"twitter:data1\" content=\"Bozsogi Attila\" \/>\n\t<meta name=\"twitter:label2\" content=\"Becs\u00fclt olvas\u00e1si id\u0151\" \/>\n\t<meta name=\"twitter:data2\" content=\"2 perc\" \/>\n<script type=\"application\/ld+json\" class=\"yoast-schema-graph\">{\"@context\":\"https:\/\/schema.org\",\"@graph\":[{\"@type\":\"WebPage\",\"@id\":\"https:\/\/bozsogiattila.hu\/?p=1028\",\"url\":\"https:\/\/bozsogiattila.hu\/?p=1028\",\"name\":\"ESTELEDIK! - Bozsogi Attila\",\"isPartOf\":{\"@id\":\"https:\/\/bozsogiattila.hu\/#website\"},\"datePublished\":\"2016-06-17T15:39:00+00:00\",\"dateModified\":\"2024-01-08T15:40:05+00:00\",\"author\":{\"@id\":\"https:\/\/bozsogiattila.hu\/#\/schema\/person\/488c99f554a8c4039201260dd5eb795e\"},\"breadcrumb\":{\"@id\":\"https:\/\/bozsogiattila.hu\/?p=1028#breadcrumb\"},\"inLanguage\":\"hu\",\"potentialAction\":[{\"@type\":\"ReadAction\",\"target\":[\"https:\/\/bozsogiattila.hu\/?p=1028\"]}]},{\"@type\":\"BreadcrumbList\",\"@id\":\"https:\/\/bozsogiattila.hu\/?p=1028#breadcrumb\",\"itemListElement\":[{\"@type\":\"ListItem\",\"position\":1,\"name\":\"Kezd\u0151lap\",\"item\":\"https:\/\/bozsogiattila.hu\/\"},{\"@type\":\"ListItem\",\"position\":2,\"name\":\"ESTELEDIK!\"}]},{\"@type\":\"WebSite\",\"@id\":\"https:\/\/bozsogiattila.hu\/#website\",\"url\":\"https:\/\/bozsogiattila.hu\/\",\"name\":\"Bozsogi Attila\",\"description\":\"a zen\u00e9sz, \u00edr\u00f3 munk\u00e1ss\u00e1g\u00e1nak \u00e9s a mak\u00f3i muzsikusok eml\u00e9k\u00e9t \u0151rz\u0151 oldal\",\"potentialAction\":[{\"@type\":\"SearchAction\",\"target\":{\"@type\":\"EntryPoint\",\"urlTemplate\":\"https:\/\/bozsogiattila.hu\/?s={search_term_string}\"},\"query-input\":\"required name=search_term_string\"}],\"inLanguage\":\"hu\"},{\"@type\":\"Person\",\"@id\":\"https:\/\/bozsogiattila.hu\/#\/schema\/person\/488c99f554a8c4039201260dd5eb795e\",\"name\":\"Bozsogi Attila\",\"image\":{\"@type\":\"ImageObject\",\"inLanguage\":\"hu\",\"@id\":\"https:\/\/bozsogiattila.hu\/#\/schema\/person\/image\/\",\"url\":\"https:\/\/secure.gravatar.com\/avatar\/7da6b5985e34ed798d1670c54ce7d20e6a53b800bb0c07945c64b09392f3dbfd?s=96&d=mm&r=g\",\"contentUrl\":\"https:\/\/secure.gravatar.com\/avatar\/7da6b5985e34ed798d1670c54ce7d20e6a53b800bb0c07945c64b09392f3dbfd?s=96&d=mm&r=g\",\"caption\":\"Bozsogi Attila\"},\"sameAs\":[\"http:\/\/www.boszogiattila.hu\"],\"url\":\"https:\/\/bozsogiattila.hu\/?author=3\"}]}<\/script>\n<!-- \/ Yoast SEO plugin. -->","yoast_head_json":{"title":"ESTELEDIK! - Bozsogi Attila","robots":{"index":"index","follow":"follow","max-snippet":"max-snippet:-1","max-image-preview":"max-image-preview:large","max-video-preview":"max-video-preview:-1"},"canonical":"https:\/\/bozsogiattila.hu\/?p=1028","og_locale":"hu_HU","og_type":"article","og_title":"ESTELEDIK! - Bozsogi Attila","og_description":"ESTELEDIK! Esteledik, lemegy a Nap,Megpihen, hisz \u0151 is f\u00e1radt.V\u00f6r\u00f6s korongj\u00e1nak f\u00e9nye,Visszatekint elmerengve. Megf\u00fcrdik m\u00e9g a patakba,Sugar\u00e1t tiszt\u00e1ra mossa.Majd elnyeli a horizont,S kialszik a t\u00fcze is ott. Nem hallja m\u00e1r a t\u00fccsk\u00f6ket,\u00c9ji zen\u00e9t, \u00fczenetet.\u00c1lm\u00e1ban \u00faj terveket sz\u0151,Vajon mit hoz a j\u00f6vend\u0151? A t\u00e1jra sz\u00fcrk\u00fclet borul,S\u00f6t\u00e9tedik m\u00e1r konokul.Brekegni kezd a b\u00e9kahad,Sz\u00fanyogokra v\u00e1rakoznak. A s\u00fcn\u00f6k is el\u0151b\u00fajnak,\u00c9lelem ut\u00e1n ... Olvass tov\u00e1bb","og_url":"https:\/\/bozsogiattila.hu\/?p=1028","og_site_name":"Bozsogi Attila","article_published_time":"2016-06-17T15:39:00+00:00","article_modified_time":"2024-01-08T15:40:05+00:00","author":"Bozsogi Attila","twitter_card":"summary_large_image","twitter_misc":{"Szerz\u0151:":"Bozsogi Attila","Becs\u00fclt olvas\u00e1si id\u0151":"2 perc"},"schema":{"@context":"https:\/\/schema.org","@graph":[{"@type":"WebPage","@id":"https:\/\/bozsogiattila.hu\/?p=1028","url":"https:\/\/bozsogiattila.hu\/?p=1028","name":"ESTELEDIK! - Bozsogi Attila","isPartOf":{"@id":"https:\/\/bozsogiattila.hu\/#website"},"datePublished":"2016-06-17T15:39:00+00:00","dateModified":"2024-01-08T15:40:05+00:00","author":{"@id":"https:\/\/bozsogiattila.hu\/#\/schema\/person\/488c99f554a8c4039201260dd5eb795e"},"breadcrumb":{"@id":"https:\/\/bozsogiattila.hu\/?p=1028#breadcrumb"},"inLanguage":"hu","potentialAction":[{"@type":"ReadAction","target":["https:\/\/bozsogiattila.hu\/?p=1028"]}]},{"@type":"BreadcrumbList","@id":"https:\/\/bozsogiattila.hu\/?p=1028#breadcrumb","itemListElement":[{"@type":"ListItem","position":1,"name":"Kezd\u0151lap","item":"https:\/\/bozsogiattila.hu\/"},{"@type":"ListItem","position":2,"name":"ESTELEDIK!"}]},{"@type":"WebSite","@id":"https:\/\/bozsogiattila.hu\/#website","url":"https:\/\/bozsogiattila.hu\/","name":"Bozsogi Attila","description":"a zen\u00e9sz, \u00edr\u00f3 munk\u00e1ss\u00e1g\u00e1nak \u00e9s a mak\u00f3i muzsikusok eml\u00e9k\u00e9t \u0151rz\u0151 oldal","potentialAction":[{"@type":"SearchAction","target":{"@type":"EntryPoint","urlTemplate":"https:\/\/bozsogiattila.hu\/?s={search_term_string}"},"query-input":"required name=search_term_string"}],"inLanguage":"hu"},{"@type":"Person","@id":"https:\/\/bozsogiattila.hu\/#\/schema\/person\/488c99f554a8c4039201260dd5eb795e","name":"Bozsogi Attila","image":{"@type":"ImageObject","inLanguage":"hu","@id":"https:\/\/bozsogiattila.hu\/#\/schema\/person\/image\/","url":"https:\/\/secure.gravatar.com\/avatar\/7da6b5985e34ed798d1670c54ce7d20e6a53b800bb0c07945c64b09392f3dbfd?s=96&d=mm&r=g","contentUrl":"https:\/\/secure.gravatar.com\/avatar\/7da6b5985e34ed798d1670c54ce7d20e6a53b800bb0c07945c64b09392f3dbfd?s=96&d=mm&r=g","caption":"Bozsogi Attila"},"sameAs":["http:\/\/www.boszogiattila.hu"],"url":"https:\/\/bozsogiattila.hu\/?author=3"}]}},"jetpack_featured_media_url":"","_links":{"self":[{"href":"https:\/\/bozsogiattila.hu\/index.php?rest_route=\/wp\/v2\/posts\/1028","targetHints":{"allow":["GET"]}}],"collection":[{"href":"https:\/\/bozsogiattila.hu\/index.php?rest_route=\/wp\/v2\/posts"}],"about":[{"href":"https:\/\/bozsogiattila.hu\/index.php?rest_route=\/wp\/v2\/types\/post"}],"author":[{"embeddable":true,"href":"https:\/\/bozsogiattila.hu\/index.php?rest_route=\/wp\/v2\/users\/3"}],"replies":[{"embeddable":true,"href":"https:\/\/bozsogiattila.hu\/index.php?rest_route=%2Fwp%2Fv2%2Fcomments&post=1028"}],"version-history":[{"count":1,"href":"https:\/\/bozsogiattila.hu\/index.php?rest_route=\/wp\/v2\/posts\/1028\/revisions"}],"predecessor-version":[{"id":1029,"href":"https:\/\/bozsogiattila.hu\/index.php?rest_route=\/wp\/v2\/posts\/1028\/revisions\/1029"}],"wp:attachment":[{"href":"https:\/\/bozsogiattila.hu\/index.php?rest_route=%2Fwp%2Fv2%2Fmedia&parent=1028"}],"wp:term":[{"taxonomy":"category","embeddable":true,"href":"https:\/\/bozsogiattila.hu\/index.php?rest_route=%2Fwp%2Fv2%2Fcategories&post=1028"},{"taxonomy":"post_tag","embeddable":true,"href":"https:\/\/bozsogiattila.hu\/index.php?rest_route=%2Fwp%2Fv2%2Ftags&post=1028"}],"curies":[{"name":"wp","href":"https:\/\/api.w.org\/{rel}","templated":true}]}}