{"id":1032,"date":"2016-07-31T15:41:00","date_gmt":"2016-07-31T15:41:00","guid":{"rendered":"https:\/\/bozsogiattila.hu\/?p=1032"},"modified":"2024-01-08T15:42:23","modified_gmt":"2024-01-08T15:42:23","slug":"feherbluz","status":"publish","type":"post","link":"https:\/\/bozsogiattila.hu\/?p=1032","title":{"rendered":"FEH\u00c9RBL\u00daZ"},"content":{"rendered":"\n<p class=\"wp-block-paragraph\">FEH\u00c9RBL\u00daZ<\/p>\n\n\n\n<p class=\"wp-block-paragraph\">Feh\u00e9rbl\u00faz, \u00e9s m\u00e9ly dekolt\u00e1zs,<br>Eml\u00e9k maradt, r\u00e9gen az m\u00e1r.<br>Sokszor megjelenik nekem,<br>Kac\u00e9rkodva j\u00e1tszik velem.<\/p>\n\n\n\n<p class=\"wp-block-paragraph\">Benne mintha labda volna,<br>Elrejtve a ruh\u00e1zatba.<br>Kik\u00edv\u00e1nkozott az onnan,<br>L\u00e1tv\u00e1ny\u00e1val mutat\u00f3ban.<\/p>\n\n\n\n<p class=\"wp-block-paragraph\">Cifracsipk\u00e9vel \u00f6vezve,<br>Szemreval\u00f3nak d\u00edsz\u00edtve.<br>Megakadt a szemem rajta,<br>Ott is maradt, csak \u00fagy falta.<\/p>\n\n\n\n<p class=\"wp-block-paragraph\">Pr\u00f3b\u00e1ltam \u00e9n visszafogni,<br>Ildomosan korl\u00e1tozni.<br>De \u00f6szt\u00f6n\u00f6m el\u0151bb val\u00f3,<br>\u00cdgy nem lettem, hitv\u00e1nycsal\u00f3.<\/p>\n\n\n\n<p class=\"wp-block-paragraph\">Szemeimet legeltettem,<br>Vagy t\u00e1n b\u00e1m\u00e9szkodva n\u00e9ztem.<br>Fant\u00e1zi\u00e1m gyorsra kapcsolt,<br>\u00cdgy voltam \u00e9n elevenholt.<\/p>\n\n\n\n<p class=\"wp-block-paragraph\">Isten jutott az eszembe,<br>Aki mindezt teremtette.<br>Nem gondolt a f\u00e9rfi nemre,<br>\u00c9s azoknak \u00f6szt\u00f6n\u00e9re?<\/p>\n\n\n\n<p class=\"wp-block-paragraph\">Vagy, ha gondolt mi\u00e9rt tette,<br>Felcsig\u00e1z\u00e1s volt a terve?<br>Ha ez az igazval\u00f3s\u00e1g,<br>J\u00f3l eltraf\u00e1lta a m\u00f3dj\u00e1t.<\/p>\n\n\n\n<p class=\"wp-block-paragraph\">\u00c9n csak \u00e1lltam v\u00e1rtam n\u00e9m\u00e1n,<br>K\u00f6zben a bl\u00fazban kutatv\u00e1n.<br>De az \u00fagy volt konstru\u00e1lva,<br>Hogy a l\u00e1tv\u00e1ny nem jut tova.<\/p>\n\n\n\n<p class=\"wp-block-paragraph\">Fesz\u00fclt, d\u00fasan kidagadva,<br>Izgat\u00f3an hull\u00e1mozva.<br>Kirakatk\u00e9nt \u00fagy domin\u00e1lt,<br>Mutatva a f\u00f6ldi csod\u00e1t.<\/p>\n\n\n\n<p class=\"wp-block-paragraph\">J\u00f3l nevelten f\u00e9lren\u00e9ztem,<br>R\u00f6gt\u00f6n b\u00e1ntam, hogy azt tettem.<br>Tal\u00e1n m\u00e1gnes is volt abba,<br>Szemeim, visszar\u00e1ntotta.<\/p>\n\n\n\n<p class=\"wp-block-paragraph\">K\u00f6zben \u00e9n is sz\u00f3ltam n\u00e9ha,<br>Badars\u00e1got elhadarva.<br>Besz\u00e9lget\u00e9s \u00fagy tet\u0151z\u00f6tt,<br>P\u00e1rbesz\u00e9dk\u00e9nt ott szerf\u00f6l\u00f6tt.<\/p>\n\n\n\n<p class=\"wp-block-paragraph\">Gondolkoztam, hogy mit mondjak,<br>\u00c9s az id\u0151t h\u00fazzam-vonjam.<br>Mennem k\u00e9ne, (de) nem indulok,<br>Ink\u00e1bb v\u00e1rok, mintegy tulok.<\/p>\n\n\n\n<p class=\"wp-block-paragraph\">(A) sz\u00e9pet mindig megcsod\u00e1ltam,<br>M\u00e9rt most hagyjam, \u00fagy gondoltam.<br>Szemeim t\u00e1n forogtak is,<br>Majd meg\u00e1lltak, n\u00e9ha kicsit.<\/p>\n\n\n\n<p class=\"wp-block-paragraph\">\u00c1ll\u00f3helyben jobb volt n\u00e9zni,<br>Mint futt\u00e1ban tekinteni.<br>\u00d6r\u00fcltem, hogy r\u00e1\u00e9bredtem,<br>Vid\u00e1mabb is lett a kedvem.<\/p>\n\n\n\n<p class=\"wp-block-paragraph\">\u00d6sszehasonl\u00edt\u00e1st tettem,<br>Melyik tetszik jobban nekem.<br>Jobb, vagy bal, ez lett a k\u00e9rd\u00e9s,<br>De nem sz\u00fcletett meg, (a) d\u00f6nt\u00e9s.<\/p>\n\n\n\n<p class=\"wp-block-paragraph\">R\u00e1j\u00f6ttem, hogy \u00f6nz\u0151 vagyok,<br>Mindkett\u0151h\u00f6z ragaszkodok.<br>Feh\u00e9rbl\u00faznak rabja lettem,<br>V\u00e1rom mindig \u00f6nfeledten.<\/p>\n\n\n\n<p class=\"wp-block-paragraph\">Mak\u00f3, 2016-07-31<\/p>\n","protected":false},"excerpt":{"rendered":"<p>FEH\u00c9RBL\u00daZ Feh\u00e9rbl\u00faz, \u00e9s m\u00e9ly dekolt\u00e1zs,Eml\u00e9k maradt, r\u00e9gen az m\u00e1r.Sokszor megjelenik nekem,Kac\u00e9rkodva j\u00e1tszik velem. Benne mintha labda volna,Elrejtve a ruh\u00e1zatba.Kik\u00edv\u00e1nkozott az onnan,L\u00e1tv\u00e1ny\u00e1val mutat\u00f3ban. Cifracsipk\u00e9vel \u00f6vezve,Szemreval\u00f3nak d\u00edsz\u00edtve.Megakadt a szemem rajta,Ott is maradt, csak \u00fagy falta. Pr\u00f3b\u00e1ltam \u00e9n visszafogni,Ildomosan korl\u00e1tozni.De \u00f6szt\u00f6n\u00f6m el\u0151bb val\u00f3,\u00cdgy nem lettem, hitv\u00e1nycsal\u00f3. Szemeimet legeltettem,Vagy t\u00e1n b\u00e1m\u00e9szkodva n\u00e9ztem.Fant\u00e1zi\u00e1m gyorsra kapcsolt,\u00cdgy voltam \u00e9n elevenholt. Isten jutott &#8230; <a title=\"FEH\u00c9RBL\u00daZ\" class=\"read-more\" href=\"https:\/\/bozsogiattila.hu\/?p=1032\" aria-label=\"Tov\u00e1bbiak FEH\u00c9RBL\u00daZ\">Olvass tov\u00e1bb<\/a><\/p>\n","protected":false},"author":3,"featured_media":0,"comment_status":"closed","ping_status":"open","sticky":false,"template":"","format":"standard","meta":{"footnotes":""},"categories":[4],"tags":[319,12],"class_list":["post-1032","post","type-post","status-publish","format-standard","hentry","category-versek","tag-319","tag-mako"],"yoast_head":"<!-- This site is optimized with the Yoast SEO plugin v21.8 - https:\/\/yoast.com\/wordpress\/plugins\/seo\/ -->\n<title>FEH\u00c9RBL\u00daZ - Bozsogi Attila<\/title>\n<meta name=\"robots\" content=\"index, follow, max-snippet:-1, max-image-preview:large, max-video-preview:-1\" \/>\n<link rel=\"canonical\" href=\"https:\/\/bozsogiattila.hu\/?p=1032\" \/>\n<meta property=\"og:locale\" content=\"hu_HU\" \/>\n<meta property=\"og:type\" content=\"article\" \/>\n<meta property=\"og:title\" content=\"FEH\u00c9RBL\u00daZ - Bozsogi Attila\" \/>\n<meta property=\"og:description\" content=\"FEH\u00c9RBL\u00daZ Feh\u00e9rbl\u00faz, \u00e9s m\u00e9ly dekolt\u00e1zs,Eml\u00e9k maradt, r\u00e9gen az m\u00e1r.Sokszor megjelenik nekem,Kac\u00e9rkodva j\u00e1tszik velem. Benne mintha labda volna,Elrejtve a ruh\u00e1zatba.Kik\u00edv\u00e1nkozott az onnan,L\u00e1tv\u00e1ny\u00e1val mutat\u00f3ban. Cifracsipk\u00e9vel \u00f6vezve,Szemreval\u00f3nak d\u00edsz\u00edtve.Megakadt a szemem rajta,Ott is maradt, csak \u00fagy falta. Pr\u00f3b\u00e1ltam \u00e9n visszafogni,Ildomosan korl\u00e1tozni.De \u00f6szt\u00f6n\u00f6m el\u0151bb val\u00f3,\u00cdgy nem lettem, hitv\u00e1nycsal\u00f3. Szemeimet legeltettem,Vagy t\u00e1n b\u00e1m\u00e9szkodva n\u00e9ztem.Fant\u00e1zi\u00e1m gyorsra kapcsolt,\u00cdgy voltam \u00e9n elevenholt. Isten jutott ... Olvass tov\u00e1bb\" \/>\n<meta property=\"og:url\" content=\"https:\/\/bozsogiattila.hu\/?p=1032\" \/>\n<meta property=\"og:site_name\" content=\"Bozsogi Attila\" \/>\n<meta property=\"article:published_time\" content=\"2016-07-31T15:41:00+00:00\" \/>\n<meta property=\"article:modified_time\" content=\"2024-01-08T15:42:23+00:00\" \/>\n<meta name=\"author\" content=\"Bozsogi Attila\" \/>\n<meta name=\"twitter:card\" content=\"summary_large_image\" \/>\n<meta name=\"twitter:label1\" content=\"Szerz\u0151:\" \/>\n\t<meta name=\"twitter:data1\" content=\"Bozsogi Attila\" \/>\n\t<meta name=\"twitter:label2\" content=\"Becs\u00fclt olvas\u00e1si id\u0151\" \/>\n\t<meta name=\"twitter:data2\" content=\"2 perc\" \/>\n<script type=\"application\/ld+json\" class=\"yoast-schema-graph\">{\"@context\":\"https:\/\/schema.org\",\"@graph\":[{\"@type\":\"WebPage\",\"@id\":\"https:\/\/bozsogiattila.hu\/?p=1032\",\"url\":\"https:\/\/bozsogiattila.hu\/?p=1032\",\"name\":\"FEH\u00c9RBL\u00daZ - Bozsogi Attila\",\"isPartOf\":{\"@id\":\"https:\/\/bozsogiattila.hu\/#website\"},\"datePublished\":\"2016-07-31T15:41:00+00:00\",\"dateModified\":\"2024-01-08T15:42:23+00:00\",\"author\":{\"@id\":\"https:\/\/bozsogiattila.hu\/#\/schema\/person\/488c99f554a8c4039201260dd5eb795e\"},\"breadcrumb\":{\"@id\":\"https:\/\/bozsogiattila.hu\/?p=1032#breadcrumb\"},\"inLanguage\":\"hu\",\"potentialAction\":[{\"@type\":\"ReadAction\",\"target\":[\"https:\/\/bozsogiattila.hu\/?p=1032\"]}]},{\"@type\":\"BreadcrumbList\",\"@id\":\"https:\/\/bozsogiattila.hu\/?p=1032#breadcrumb\",\"itemListElement\":[{\"@type\":\"ListItem\",\"position\":1,\"name\":\"Kezd\u0151lap\",\"item\":\"https:\/\/bozsogiattila.hu\/\"},{\"@type\":\"ListItem\",\"position\":2,\"name\":\"FEH\u00c9RBL\u00daZ\"}]},{\"@type\":\"WebSite\",\"@id\":\"https:\/\/bozsogiattila.hu\/#website\",\"url\":\"https:\/\/bozsogiattila.hu\/\",\"name\":\"Bozsogi Attila\",\"description\":\"a zen\u00e9sz, \u00edr\u00f3 munk\u00e1ss\u00e1g\u00e1nak \u00e9s a mak\u00f3i muzsikusok eml\u00e9k\u00e9t \u0151rz\u0151 oldal\",\"potentialAction\":[{\"@type\":\"SearchAction\",\"target\":{\"@type\":\"EntryPoint\",\"urlTemplate\":\"https:\/\/bozsogiattila.hu\/?s={search_term_string}\"},\"query-input\":\"required name=search_term_string\"}],\"inLanguage\":\"hu\"},{\"@type\":\"Person\",\"@id\":\"https:\/\/bozsogiattila.hu\/#\/schema\/person\/488c99f554a8c4039201260dd5eb795e\",\"name\":\"Bozsogi Attila\",\"image\":{\"@type\":\"ImageObject\",\"inLanguage\":\"hu\",\"@id\":\"https:\/\/bozsogiattila.hu\/#\/schema\/person\/image\/\",\"url\":\"https:\/\/secure.gravatar.com\/avatar\/7da6b5985e34ed798d1670c54ce7d20e6a53b800bb0c07945c64b09392f3dbfd?s=96&d=mm&r=g\",\"contentUrl\":\"https:\/\/secure.gravatar.com\/avatar\/7da6b5985e34ed798d1670c54ce7d20e6a53b800bb0c07945c64b09392f3dbfd?s=96&d=mm&r=g\",\"caption\":\"Bozsogi Attila\"},\"sameAs\":[\"http:\/\/www.boszogiattila.hu\"],\"url\":\"https:\/\/bozsogiattila.hu\/?author=3\"}]}<\/script>\n<!-- \/ Yoast SEO plugin. -->","yoast_head_json":{"title":"FEH\u00c9RBL\u00daZ - Bozsogi Attila","robots":{"index":"index","follow":"follow","max-snippet":"max-snippet:-1","max-image-preview":"max-image-preview:large","max-video-preview":"max-video-preview:-1"},"canonical":"https:\/\/bozsogiattila.hu\/?p=1032","og_locale":"hu_HU","og_type":"article","og_title":"FEH\u00c9RBL\u00daZ - Bozsogi Attila","og_description":"FEH\u00c9RBL\u00daZ Feh\u00e9rbl\u00faz, \u00e9s m\u00e9ly dekolt\u00e1zs,Eml\u00e9k maradt, r\u00e9gen az m\u00e1r.Sokszor megjelenik nekem,Kac\u00e9rkodva j\u00e1tszik velem. Benne mintha labda volna,Elrejtve a ruh\u00e1zatba.Kik\u00edv\u00e1nkozott az onnan,L\u00e1tv\u00e1ny\u00e1val mutat\u00f3ban. Cifracsipk\u00e9vel \u00f6vezve,Szemreval\u00f3nak d\u00edsz\u00edtve.Megakadt a szemem rajta,Ott is maradt, csak \u00fagy falta. Pr\u00f3b\u00e1ltam \u00e9n visszafogni,Ildomosan korl\u00e1tozni.De \u00f6szt\u00f6n\u00f6m el\u0151bb val\u00f3,\u00cdgy nem lettem, hitv\u00e1nycsal\u00f3. Szemeimet legeltettem,Vagy t\u00e1n b\u00e1m\u00e9szkodva n\u00e9ztem.Fant\u00e1zi\u00e1m gyorsra kapcsolt,\u00cdgy voltam \u00e9n elevenholt. Isten jutott ... Olvass tov\u00e1bb","og_url":"https:\/\/bozsogiattila.hu\/?p=1032","og_site_name":"Bozsogi Attila","article_published_time":"2016-07-31T15:41:00+00:00","article_modified_time":"2024-01-08T15:42:23+00:00","author":"Bozsogi Attila","twitter_card":"summary_large_image","twitter_misc":{"Szerz\u0151:":"Bozsogi Attila","Becs\u00fclt olvas\u00e1si id\u0151":"2 perc"},"schema":{"@context":"https:\/\/schema.org","@graph":[{"@type":"WebPage","@id":"https:\/\/bozsogiattila.hu\/?p=1032","url":"https:\/\/bozsogiattila.hu\/?p=1032","name":"FEH\u00c9RBL\u00daZ - Bozsogi Attila","isPartOf":{"@id":"https:\/\/bozsogiattila.hu\/#website"},"datePublished":"2016-07-31T15:41:00+00:00","dateModified":"2024-01-08T15:42:23+00:00","author":{"@id":"https:\/\/bozsogiattila.hu\/#\/schema\/person\/488c99f554a8c4039201260dd5eb795e"},"breadcrumb":{"@id":"https:\/\/bozsogiattila.hu\/?p=1032#breadcrumb"},"inLanguage":"hu","potentialAction":[{"@type":"ReadAction","target":["https:\/\/bozsogiattila.hu\/?p=1032"]}]},{"@type":"BreadcrumbList","@id":"https:\/\/bozsogiattila.hu\/?p=1032#breadcrumb","itemListElement":[{"@type":"ListItem","position":1,"name":"Kezd\u0151lap","item":"https:\/\/bozsogiattila.hu\/"},{"@type":"ListItem","position":2,"name":"FEH\u00c9RBL\u00daZ"}]},{"@type":"WebSite","@id":"https:\/\/bozsogiattila.hu\/#website","url":"https:\/\/bozsogiattila.hu\/","name":"Bozsogi Attila","description":"a zen\u00e9sz, \u00edr\u00f3 munk\u00e1ss\u00e1g\u00e1nak \u00e9s a mak\u00f3i muzsikusok eml\u00e9k\u00e9t \u0151rz\u0151 oldal","potentialAction":[{"@type":"SearchAction","target":{"@type":"EntryPoint","urlTemplate":"https:\/\/bozsogiattila.hu\/?s={search_term_string}"},"query-input":"required name=search_term_string"}],"inLanguage":"hu"},{"@type":"Person","@id":"https:\/\/bozsogiattila.hu\/#\/schema\/person\/488c99f554a8c4039201260dd5eb795e","name":"Bozsogi Attila","image":{"@type":"ImageObject","inLanguage":"hu","@id":"https:\/\/bozsogiattila.hu\/#\/schema\/person\/image\/","url":"https:\/\/secure.gravatar.com\/avatar\/7da6b5985e34ed798d1670c54ce7d20e6a53b800bb0c07945c64b09392f3dbfd?s=96&d=mm&r=g","contentUrl":"https:\/\/secure.gravatar.com\/avatar\/7da6b5985e34ed798d1670c54ce7d20e6a53b800bb0c07945c64b09392f3dbfd?s=96&d=mm&r=g","caption":"Bozsogi Attila"},"sameAs":["http:\/\/www.boszogiattila.hu"],"url":"https:\/\/bozsogiattila.hu\/?author=3"}]}},"jetpack_featured_media_url":"","_links":{"self":[{"href":"https:\/\/bozsogiattila.hu\/index.php?rest_route=\/wp\/v2\/posts\/1032","targetHints":{"allow":["GET"]}}],"collection":[{"href":"https:\/\/bozsogiattila.hu\/index.php?rest_route=\/wp\/v2\/posts"}],"about":[{"href":"https:\/\/bozsogiattila.hu\/index.php?rest_route=\/wp\/v2\/types\/post"}],"author":[{"embeddable":true,"href":"https:\/\/bozsogiattila.hu\/index.php?rest_route=\/wp\/v2\/users\/3"}],"replies":[{"embeddable":true,"href":"https:\/\/bozsogiattila.hu\/index.php?rest_route=%2Fwp%2Fv2%2Fcomments&post=1032"}],"version-history":[{"count":1,"href":"https:\/\/bozsogiattila.hu\/index.php?rest_route=\/wp\/v2\/posts\/1032\/revisions"}],"predecessor-version":[{"id":1033,"href":"https:\/\/bozsogiattila.hu\/index.php?rest_route=\/wp\/v2\/posts\/1032\/revisions\/1033"}],"wp:attachment":[{"href":"https:\/\/bozsogiattila.hu\/index.php?rest_route=%2Fwp%2Fv2%2Fmedia&parent=1032"}],"wp:term":[{"taxonomy":"category","embeddable":true,"href":"https:\/\/bozsogiattila.hu\/index.php?rest_route=%2Fwp%2Fv2%2Fcategories&post=1032"},{"taxonomy":"post_tag","embeddable":true,"href":"https:\/\/bozsogiattila.hu\/index.php?rest_route=%2Fwp%2Fv2%2Ftags&post=1032"}],"curies":[{"name":"wp","href":"https:\/\/api.w.org\/{rel}","templated":true}]}}