{"id":1042,"date":"2017-01-08T15:50:00","date_gmt":"2017-01-08T15:50:00","guid":{"rendered":"https:\/\/bozsogiattila.hu\/?p=1042"},"modified":"2024-01-08T15:51:40","modified_gmt":"2024-01-08T15:51:40","slug":"gyuloletben-elni","status":"publish","type":"post","link":"https:\/\/bozsogiattila.hu\/?p=1042","title":{"rendered":"GY\u0170L\u00d6LETBEN \u00c9LNI"},"content":{"rendered":"\n<p class=\"wp-block-paragraph\">GY\u0170L\u00d6LETBEN \u00c9LNI<\/p>\n\n\n\n<p class=\"wp-block-paragraph\">Egy p\u00e1rt rendszer volt egykor r\u00e9g,<br>Megs\u00ednylette a magyar n\u00e9p.<br>Oszt\u00e1lyidegenek sokan,<br>\u00c9ltek akkor elnyom\u00e1sban.<\/p>\n\n\n\n<p class=\"wp-block-paragraph\">Elhurcoltak, intern\u00e1ltak,<br>Kul\u00e1ks\u00e1got ki\u00e1ltottak.<br>B\u00f6rt\u00f6n\u00f6kben megk\u00ednoztak,<br>Ott szenvedtek, raboskodtak.<\/p>\n\n\n\n<p class=\"wp-block-paragraph\">B\u0171n\u00fck volt a gazdags\u00e1guk,<br>\u00d6r\u00f6ks\u00e9g\u00fck \u00e9s a jussuk.<br>Keresked\u0151k, iparosok,<br>Vezet\u0151 hivatalnokok.<\/p>\n\n\n\n<p class=\"wp-block-paragraph\">Azokat mind t\u00f6nkretett\u00e9k,<br>Lev\u00e1lt\u00e1ssal megb\u00fcntett\u00e9k.<br>\u00c1llamos\u00edt\u00e1sok j\u00f6ttek,<br>A csal\u00e1dok retteghettek.<\/p>\n\n\n\n<p class=\"wp-block-paragraph\">Akik ez ellen l\u00e1zadtak,<br>Kegyetlen\u00fcl perbe fogtak.<br>Terrorh\u00e1zba toloncolt\u00e1k,<br>Nem k\u00edm\u00e9lt\u00e9k, megk\u00ednozt\u00e1k.<\/p>\n\n\n\n<p class=\"wp-block-paragraph\">V\u00e1logatott k\u00ednz\u00e1sokat,<br>Szadist\u00e1k mit kital\u00e1ltak,<br>\u00c9lvezettel alkalmaztak,<br>Sokak abban belehaltak.<\/p>\n\n\n\n<p class=\"wp-block-paragraph\">A cenz\u00far\u00e1k is dolgoztak,<br>\u00c9rv\u00e9nyes\u00fclni nem hagytak.<br>Betiltottak \u00edr\u00e1sokat,<br>Gy\u0171l\u00f6leteket sz\u00edtottak.<\/p>\n\n\n\n<p class=\"wp-block-paragraph\">\u00d6tvenhatban harcba sz\u00e1lltak,<br>Magyarorsz\u00e1g\u00e9rt harcoltak.<br>H\u0151s\u00f6k \u00e9let\u00fcket adt\u00e1k,<br>S ezut\u00e1n j\u00f6tt a megtorl\u00e1s.<\/p>\n\n\n\n<p class=\"wp-block-paragraph\">Fizetett \u00fcgy\u00e9szek, b\u00edr\u00f3k,<br>\u0150k voltak a hal\u00e1loszt\u00f3k.<br>Kiskor\u00fat (is) hal\u00e1lba k\u00fcldtek,<br>Hatalmukkal vissza\u00e9ltek.<\/p>\n\n\n\n<p class=\"wp-block-paragraph\">Di\u00e1kokat, munk\u00e1sokat,<br>Azokat is perbe fogtak.<br>B\u0171n\u00fck volt szabads\u00e1g v\u00e1gyuk,<br>Rabs\u00e1g lett ez\u00e9rt \u201ejutalmuk\u201d.<\/p>\n\n\n\n<p class=\"wp-block-paragraph\">V\u00e9gre j\u00f6tt a rendszerv\u00e1lt\u00e1s,<br>T\u00f6bbp\u00e1rtrendszer \u00faj ide\u00e1k.<br>\u00d6r\u00f6k harc a b\u00e1rsonysz\u00e9k\u00e9rt,<br>Ez jelenti most a \u201eb\u00e9k\u00e9t\u201d.<\/p>\n\n\n\n<p class=\"wp-block-paragraph\">Nem tanultak, nem akartak,<br>Korrupt id\u0151k burj\u00e1nzanak.<br>Vagyonokat felhalmoznak,<br>Nem \u00f6r\u00f6k\u00f6lt\u00e9k azokat.<\/p>\n\n\n\n<p class=\"wp-block-paragraph\">Ad\u00f3csal\u00e1s divatos lett,<br>Folynak \u00fajb\u00f3l ilyen perek.<br>Magyar-magyart gy\u0171l\u00f6l ism\u00e9t,<br>Harcoknak eredm\u00e9nyek\u00e9nt.<\/p>\n\n\n\n<p class=\"wp-block-paragraph\">Keresztbetesznek egym\u00e1snak,<br>\u00c9rv\u00e9nyes\u00fclni nem hagynak.<br>Tal\u00e1n ez is egy p\u00e1rt rendszer,<br>\u00daj id\u0151knek v\u00edvm\u00e1nya ez?<\/p>\n\n\n\n<p class=\"wp-block-paragraph\">Egys\u00e9gben volna az er\u0151,<br>De sajnos ez most sem nyer\u0151.<br>Tr\u00f3nvisz\u00e1lyok el\u0151t\u00e9rben,<br>Neh\u00e9z id\u0151knek t\u00fcz\u00e9ben.<\/p>\n\n\n\n<p class=\"wp-block-paragraph\">Fejl\u0151dik az\u00e9rt az orsz\u00e1g,<br>A fejl\u0151d\u00e9s soha sem \u00e1ll.<br>Ha nem gy\u0171l\u00f6letben \u00e9ln\u00e9nk,<br>M\u00e1s lehetne az eredm\u00e9ny.<\/p>\n\n\n\n<p class=\"wp-block-paragraph\">Mak\u00f3, 2017-01-18<\/p>\n","protected":false},"excerpt":{"rendered":"<p>GY\u0170L\u00d6LETBEN \u00c9LNI Egy p\u00e1rt rendszer volt egykor r\u00e9g,Megs\u00ednylette a magyar n\u00e9p.Oszt\u00e1lyidegenek sokan,\u00c9ltek akkor elnyom\u00e1sban. Elhurcoltak, intern\u00e1ltak,Kul\u00e1ks\u00e1got ki\u00e1ltottak.B\u00f6rt\u00f6n\u00f6kben megk\u00ednoztak,Ott szenvedtek, raboskodtak. B\u0171n\u00fck volt a gazdags\u00e1guk,\u00d6r\u00f6ks\u00e9g\u00fck \u00e9s a jussuk.Keresked\u0151k, iparosok,Vezet\u0151 hivatalnokok. Azokat mind t\u00f6nkretett\u00e9k,Lev\u00e1lt\u00e1ssal megb\u00fcntett\u00e9k.\u00c1llamos\u00edt\u00e1sok j\u00f6ttek,A csal\u00e1dok retteghettek. Akik ez ellen l\u00e1zadtak,Kegyetlen\u00fcl perbe fogtak.Terrorh\u00e1zba toloncolt\u00e1k,Nem k\u00edm\u00e9lt\u00e9k, megk\u00ednozt\u00e1k. V\u00e1logatott k\u00ednz\u00e1sokat,Szadist\u00e1k mit kital\u00e1ltak,\u00c9lvezettel alkalmaztak,Sokak abban belehaltak. A cenz\u00far\u00e1k is &#8230; <a title=\"GY\u0170L\u00d6LETBEN \u00c9LNI\" class=\"read-more\" href=\"https:\/\/bozsogiattila.hu\/?p=1042\" aria-label=\"Tov\u00e1bbiak GY\u0170L\u00d6LETBEN \u00c9LNI\">Olvass tov\u00e1bb<\/a><\/p>\n","protected":false},"author":3,"featured_media":0,"comment_status":"closed","ping_status":"open","sticky":false,"template":"","format":"standard","meta":{"footnotes":""},"categories":[4],"tags":[313,12],"class_list":["post-1042","post","type-post","status-publish","format-standard","hentry","category-versek","tag-313","tag-mako"],"yoast_head":"<!-- This site is optimized with the Yoast SEO plugin v21.8 - https:\/\/yoast.com\/wordpress\/plugins\/seo\/ -->\n<title>GY\u0170L\u00d6LETBEN \u00c9LNI - Bozsogi Attila<\/title>\n<meta name=\"robots\" content=\"index, follow, max-snippet:-1, max-image-preview:large, max-video-preview:-1\" \/>\n<link rel=\"canonical\" href=\"https:\/\/bozsogiattila.hu\/?p=1042\" \/>\n<meta property=\"og:locale\" content=\"hu_HU\" \/>\n<meta property=\"og:type\" content=\"article\" \/>\n<meta property=\"og:title\" content=\"GY\u0170L\u00d6LETBEN \u00c9LNI - Bozsogi Attila\" \/>\n<meta property=\"og:description\" content=\"GY\u0170L\u00d6LETBEN \u00c9LNI Egy p\u00e1rt rendszer volt egykor r\u00e9g,Megs\u00ednylette a magyar n\u00e9p.Oszt\u00e1lyidegenek sokan,\u00c9ltek akkor elnyom\u00e1sban. Elhurcoltak, intern\u00e1ltak,Kul\u00e1ks\u00e1got ki\u00e1ltottak.B\u00f6rt\u00f6n\u00f6kben megk\u00ednoztak,Ott szenvedtek, raboskodtak. B\u0171n\u00fck volt a gazdags\u00e1guk,\u00d6r\u00f6ks\u00e9g\u00fck \u00e9s a jussuk.Keresked\u0151k, iparosok,Vezet\u0151 hivatalnokok. Azokat mind t\u00f6nkretett\u00e9k,Lev\u00e1lt\u00e1ssal megb\u00fcntett\u00e9k.\u00c1llamos\u00edt\u00e1sok j\u00f6ttek,A csal\u00e1dok retteghettek. Akik ez ellen l\u00e1zadtak,Kegyetlen\u00fcl perbe fogtak.Terrorh\u00e1zba toloncolt\u00e1k,Nem k\u00edm\u00e9lt\u00e9k, megk\u00ednozt\u00e1k. V\u00e1logatott k\u00ednz\u00e1sokat,Szadist\u00e1k mit kital\u00e1ltak,\u00c9lvezettel alkalmaztak,Sokak abban belehaltak. A cenz\u00far\u00e1k is ... Olvass tov\u00e1bb\" \/>\n<meta property=\"og:url\" content=\"https:\/\/bozsogiattila.hu\/?p=1042\" \/>\n<meta property=\"og:site_name\" content=\"Bozsogi Attila\" \/>\n<meta property=\"article:published_time\" content=\"2017-01-08T15:50:00+00:00\" \/>\n<meta property=\"article:modified_time\" content=\"2024-01-08T15:51:40+00:00\" \/>\n<meta name=\"author\" content=\"Bozsogi Attila\" \/>\n<meta name=\"twitter:card\" content=\"summary_large_image\" \/>\n<meta name=\"twitter:label1\" content=\"Szerz\u0151:\" \/>\n\t<meta name=\"twitter:data1\" content=\"Bozsogi Attila\" \/>\n\t<meta name=\"twitter:label2\" content=\"Becs\u00fclt olvas\u00e1si id\u0151\" \/>\n\t<meta name=\"twitter:data2\" content=\"2 perc\" \/>\n<script type=\"application\/ld+json\" class=\"yoast-schema-graph\">{\"@context\":\"https:\/\/schema.org\",\"@graph\":[{\"@type\":\"WebPage\",\"@id\":\"https:\/\/bozsogiattila.hu\/?p=1042\",\"url\":\"https:\/\/bozsogiattila.hu\/?p=1042\",\"name\":\"GY\u0170L\u00d6LETBEN \u00c9LNI - Bozsogi Attila\",\"isPartOf\":{\"@id\":\"https:\/\/bozsogiattila.hu\/#website\"},\"datePublished\":\"2017-01-08T15:50:00+00:00\",\"dateModified\":\"2024-01-08T15:51:40+00:00\",\"author\":{\"@id\":\"https:\/\/bozsogiattila.hu\/#\/schema\/person\/488c99f554a8c4039201260dd5eb795e\"},\"breadcrumb\":{\"@id\":\"https:\/\/bozsogiattila.hu\/?p=1042#breadcrumb\"},\"inLanguage\":\"hu\",\"potentialAction\":[{\"@type\":\"ReadAction\",\"target\":[\"https:\/\/bozsogiattila.hu\/?p=1042\"]}]},{\"@type\":\"BreadcrumbList\",\"@id\":\"https:\/\/bozsogiattila.hu\/?p=1042#breadcrumb\",\"itemListElement\":[{\"@type\":\"ListItem\",\"position\":1,\"name\":\"Kezd\u0151lap\",\"item\":\"https:\/\/bozsogiattila.hu\/\"},{\"@type\":\"ListItem\",\"position\":2,\"name\":\"GY\u0170L\u00d6LETBEN \u00c9LNI\"}]},{\"@type\":\"WebSite\",\"@id\":\"https:\/\/bozsogiattila.hu\/#website\",\"url\":\"https:\/\/bozsogiattila.hu\/\",\"name\":\"Bozsogi Attila\",\"description\":\"a zen\u00e9sz, \u00edr\u00f3 munk\u00e1ss\u00e1g\u00e1nak \u00e9s a mak\u00f3i muzsikusok eml\u00e9k\u00e9t \u0151rz\u0151 oldal\",\"potentialAction\":[{\"@type\":\"SearchAction\",\"target\":{\"@type\":\"EntryPoint\",\"urlTemplate\":\"https:\/\/bozsogiattila.hu\/?s={search_term_string}\"},\"query-input\":\"required name=search_term_string\"}],\"inLanguage\":\"hu\"},{\"@type\":\"Person\",\"@id\":\"https:\/\/bozsogiattila.hu\/#\/schema\/person\/488c99f554a8c4039201260dd5eb795e\",\"name\":\"Bozsogi Attila\",\"image\":{\"@type\":\"ImageObject\",\"inLanguage\":\"hu\",\"@id\":\"https:\/\/bozsogiattila.hu\/#\/schema\/person\/image\/\",\"url\":\"https:\/\/secure.gravatar.com\/avatar\/7da6b5985e34ed798d1670c54ce7d20e6a53b800bb0c07945c64b09392f3dbfd?s=96&d=mm&r=g\",\"contentUrl\":\"https:\/\/secure.gravatar.com\/avatar\/7da6b5985e34ed798d1670c54ce7d20e6a53b800bb0c07945c64b09392f3dbfd?s=96&d=mm&r=g\",\"caption\":\"Bozsogi Attila\"},\"sameAs\":[\"http:\/\/www.boszogiattila.hu\"],\"url\":\"https:\/\/bozsogiattila.hu\/?author=3\"}]}<\/script>\n<!-- \/ Yoast SEO plugin. -->","yoast_head_json":{"title":"GY\u0170L\u00d6LETBEN \u00c9LNI - Bozsogi Attila","robots":{"index":"index","follow":"follow","max-snippet":"max-snippet:-1","max-image-preview":"max-image-preview:large","max-video-preview":"max-video-preview:-1"},"canonical":"https:\/\/bozsogiattila.hu\/?p=1042","og_locale":"hu_HU","og_type":"article","og_title":"GY\u0170L\u00d6LETBEN \u00c9LNI - Bozsogi Attila","og_description":"GY\u0170L\u00d6LETBEN \u00c9LNI Egy p\u00e1rt rendszer volt egykor r\u00e9g,Megs\u00ednylette a magyar n\u00e9p.Oszt\u00e1lyidegenek sokan,\u00c9ltek akkor elnyom\u00e1sban. Elhurcoltak, intern\u00e1ltak,Kul\u00e1ks\u00e1got ki\u00e1ltottak.B\u00f6rt\u00f6n\u00f6kben megk\u00ednoztak,Ott szenvedtek, raboskodtak. B\u0171n\u00fck volt a gazdags\u00e1guk,\u00d6r\u00f6ks\u00e9g\u00fck \u00e9s a jussuk.Keresked\u0151k, iparosok,Vezet\u0151 hivatalnokok. Azokat mind t\u00f6nkretett\u00e9k,Lev\u00e1lt\u00e1ssal megb\u00fcntett\u00e9k.\u00c1llamos\u00edt\u00e1sok j\u00f6ttek,A csal\u00e1dok retteghettek. Akik ez ellen l\u00e1zadtak,Kegyetlen\u00fcl perbe fogtak.Terrorh\u00e1zba toloncolt\u00e1k,Nem k\u00edm\u00e9lt\u00e9k, megk\u00ednozt\u00e1k. V\u00e1logatott k\u00ednz\u00e1sokat,Szadist\u00e1k mit kital\u00e1ltak,\u00c9lvezettel alkalmaztak,Sokak abban belehaltak. A cenz\u00far\u00e1k is ... Olvass tov\u00e1bb","og_url":"https:\/\/bozsogiattila.hu\/?p=1042","og_site_name":"Bozsogi Attila","article_published_time":"2017-01-08T15:50:00+00:00","article_modified_time":"2024-01-08T15:51:40+00:00","author":"Bozsogi Attila","twitter_card":"summary_large_image","twitter_misc":{"Szerz\u0151:":"Bozsogi Attila","Becs\u00fclt olvas\u00e1si id\u0151":"2 perc"},"schema":{"@context":"https:\/\/schema.org","@graph":[{"@type":"WebPage","@id":"https:\/\/bozsogiattila.hu\/?p=1042","url":"https:\/\/bozsogiattila.hu\/?p=1042","name":"GY\u0170L\u00d6LETBEN \u00c9LNI - Bozsogi Attila","isPartOf":{"@id":"https:\/\/bozsogiattila.hu\/#website"},"datePublished":"2017-01-08T15:50:00+00:00","dateModified":"2024-01-08T15:51:40+00:00","author":{"@id":"https:\/\/bozsogiattila.hu\/#\/schema\/person\/488c99f554a8c4039201260dd5eb795e"},"breadcrumb":{"@id":"https:\/\/bozsogiattila.hu\/?p=1042#breadcrumb"},"inLanguage":"hu","potentialAction":[{"@type":"ReadAction","target":["https:\/\/bozsogiattila.hu\/?p=1042"]}]},{"@type":"BreadcrumbList","@id":"https:\/\/bozsogiattila.hu\/?p=1042#breadcrumb","itemListElement":[{"@type":"ListItem","position":1,"name":"Kezd\u0151lap","item":"https:\/\/bozsogiattila.hu\/"},{"@type":"ListItem","position":2,"name":"GY\u0170L\u00d6LETBEN \u00c9LNI"}]},{"@type":"WebSite","@id":"https:\/\/bozsogiattila.hu\/#website","url":"https:\/\/bozsogiattila.hu\/","name":"Bozsogi Attila","description":"a zen\u00e9sz, \u00edr\u00f3 munk\u00e1ss\u00e1g\u00e1nak \u00e9s a mak\u00f3i muzsikusok eml\u00e9k\u00e9t \u0151rz\u0151 oldal","potentialAction":[{"@type":"SearchAction","target":{"@type":"EntryPoint","urlTemplate":"https:\/\/bozsogiattila.hu\/?s={search_term_string}"},"query-input":"required name=search_term_string"}],"inLanguage":"hu"},{"@type":"Person","@id":"https:\/\/bozsogiattila.hu\/#\/schema\/person\/488c99f554a8c4039201260dd5eb795e","name":"Bozsogi Attila","image":{"@type":"ImageObject","inLanguage":"hu","@id":"https:\/\/bozsogiattila.hu\/#\/schema\/person\/image\/","url":"https:\/\/secure.gravatar.com\/avatar\/7da6b5985e34ed798d1670c54ce7d20e6a53b800bb0c07945c64b09392f3dbfd?s=96&d=mm&r=g","contentUrl":"https:\/\/secure.gravatar.com\/avatar\/7da6b5985e34ed798d1670c54ce7d20e6a53b800bb0c07945c64b09392f3dbfd?s=96&d=mm&r=g","caption":"Bozsogi Attila"},"sameAs":["http:\/\/www.boszogiattila.hu"],"url":"https:\/\/bozsogiattila.hu\/?author=3"}]}},"jetpack_featured_media_url":"","_links":{"self":[{"href":"https:\/\/bozsogiattila.hu\/index.php?rest_route=\/wp\/v2\/posts\/1042","targetHints":{"allow":["GET"]}}],"collection":[{"href":"https:\/\/bozsogiattila.hu\/index.php?rest_route=\/wp\/v2\/posts"}],"about":[{"href":"https:\/\/bozsogiattila.hu\/index.php?rest_route=\/wp\/v2\/types\/post"}],"author":[{"embeddable":true,"href":"https:\/\/bozsogiattila.hu\/index.php?rest_route=\/wp\/v2\/users\/3"}],"replies":[{"embeddable":true,"href":"https:\/\/bozsogiattila.hu\/index.php?rest_route=%2Fwp%2Fv2%2Fcomments&post=1042"}],"version-history":[{"count":1,"href":"https:\/\/bozsogiattila.hu\/index.php?rest_route=\/wp\/v2\/posts\/1042\/revisions"}],"predecessor-version":[{"id":1043,"href":"https:\/\/bozsogiattila.hu\/index.php?rest_route=\/wp\/v2\/posts\/1042\/revisions\/1043"}],"wp:attachment":[{"href":"https:\/\/bozsogiattila.hu\/index.php?rest_route=%2Fwp%2Fv2%2Fmedia&parent=1042"}],"wp:term":[{"taxonomy":"category","embeddable":true,"href":"https:\/\/bozsogiattila.hu\/index.php?rest_route=%2Fwp%2Fv2%2Fcategories&post=1042"},{"taxonomy":"post_tag","embeddable":true,"href":"https:\/\/bozsogiattila.hu\/index.php?rest_route=%2Fwp%2Fv2%2Ftags&post=1042"}],"curies":[{"name":"wp","href":"https:\/\/api.w.org\/{rel}","templated":true}]}}