{"id":1044,"date":"2016-06-22T15:51:00","date_gmt":"2016-06-22T15:51:00","guid":{"rendered":"https:\/\/bozsogiattila.hu\/?p=1044"},"modified":"2024-01-08T15:53:27","modified_gmt":"2024-01-08T15:53:27","slug":"ha-meghalok","status":"publish","type":"post","link":"https:\/\/bozsogiattila.hu\/?p=1044","title":{"rendered":"HA MEGHALOK"},"content":{"rendered":"\n<p class=\"wp-block-paragraph\">HA MEGHALOK<\/p>\n\n\n\n<p class=\"wp-block-paragraph\">Ha meghalok, eltemetnek,<br>Elfelednek az emberek.<br>Nem mondanak im\u00e1t \u00e9rtem,<br>Pedig egykor k\u00f6zt\u00fck \u00e9ltem.<\/p>\n\n\n\n<p class=\"wp-block-paragraph\">\u00c9ltem bizony, &#8211; nem ak\u00e1rhogy,<br>De az, &#8211; semmit nem hat\u00e1roz,<br>Elt\u0171nnek a sz\u00e9p eml\u00e9kek,<br>Boh\u00e9ms\u00e1gok, tr\u00e9f\u00e1k, viccek.<\/p>\n\n\n\n<p class=\"wp-block-paragraph\">Boldog azut\u00e1n lehetek,<br>Odafenn, hol vannak sz\u00e9pek.<br>Angyalokkal j\u00e1tszhatom majd,<br>Vagy a pokol is befogad.<\/p>\n\n\n\n<p class=\"wp-block-paragraph\">Hal\u00e1lomr\u00f3l j\u00f3t, vagy semmit,<br>Idelent azt rebesgetik.<br>Tal\u00e1n n\u00e9ha megeml\u00edtik,<br>\u00c9lt erre egy ember r\u00e9g itt.<\/p>\n\n\n\n<p class=\"wp-block-paragraph\">Nevemre sem eml\u00e9keznek,<br>H\u00e9tk\u00f6znapb\u00f3l, nem lesz \u00fcnnep.<br>Bar\u00e1taim sem lesznek m\u00e1r,<br>Elmentek r\u00e9g, oda a ny\u00e1r.<\/p>\n\n\n\n<p class=\"wp-block-paragraph\">Eln\u00e9mulnak hangszereim,<br>Megs\u00e1rgulnak szerzem\u00e9nyim.<br>Tal\u00e1n hasznos\u00edtj\u00e1k \u0151ket,<br>\u00c9s a t\u0171z \u00e9geti azt meg.<\/p>\n\n\n\n<p class=\"wp-block-paragraph\">Verseimet sutba v\u00e1gj\u00e1k,<br>Reg\u00e9nyeim sem m\u00e9ltatj\u00e1k.<br>Megeszi az id\u0151 foga,<br>S elpusztul a romantika.<\/p>\n\n\n\n<p class=\"wp-block-paragraph\">Romantika az \u00e9ltetett,<br>Kalandokat is teremtett.<br>Term\u00e9szetben k\u00f3boroltam,<br>Mag\u00e1nyosan boldog voltam.<\/p>\n\n\n\n<p class=\"wp-block-paragraph\">A zongor\u00e1m fekete volt,<br>Lehet, hogy m\u00e1r r\u00e9gen gy\u00e1szolt.<br>De a titk\u00e1t megtartotta,<br>S k\u00f6zben zen\u00e9m hangoztatta.<\/p>\n\n\n\n<p class=\"wp-block-paragraph\">Harmonik\u00e1m a kedvencem,<br>\u0150t soha el nem feledem.<br>Szomor\u00fa lesz az, n\u00e9lk\u00fclem,<br>\u00c9letemben vele \u00e9ltem.<\/p>\n\n\n\n<p class=\"wp-block-paragraph\">Ha felvettem csak kacagott,<br>Szebbn\u00e9l-szebb hangokat adott.<br>Trill\u00e1ira felfigyeltek,<br>Akkordjai megremegtek.<\/p>\n\n\n\n<p class=\"wp-block-paragraph\">F\u00fclbem\u00e1sz\u00f3 dallamait,<br>Elhantolj\u00e1k, nem marad itt.<br>N\u00e9ma lesz a szeg\u00e9ny hangszer,<br>Olyan, mint egy \u00fcres f\u00e9szer.<\/p>\n\n\n\n<p class=\"wp-block-paragraph\">Ceruz\u00e1m hegye sem kopik,<br>Nem \u00edr t\u00f6bb\u00e9, nem ragozik.<br>Benne marad sok t\u00f6rt\u00e9net,<br>Majd az id\u0151 em\u00e9szti meg.<\/p>\n\n\n\n<p class=\"wp-block-paragraph\">Gonosz leszek, \u00e9s kegyetlen,<br>Agyam telve j\u00f6n el velem.<br>Nem tudja meg soha senki,<br>M\u00e9rt kellett mindent temetni.<\/p>\n\n\n\n<p class=\"wp-block-paragraph\">K\u00e9s\u0151n kezdtem \u00edrogatni,<br>Az\u00e9rt kell velem utazni.<br>Gondolataim hat\u00e1sa,<br>A krem\u00f3nak lesz a t\u00e1rsa.<\/p>\n\n\n\n<p class=\"wp-block-paragraph\">Ez\u00e9rt k\u00e9rem, n\u00e9zz\u00e9tek el,<br>M\u00e9g itt vagyok szeretettel.<br>\u00cdrok, \u00edrok, \u00e9s csak \u00edrok,<br>\u00cdr\u00e1sommal bomb\u00e1zgatok!<\/p>\n\n\n\n<p class=\"wp-block-paragraph\">Mak\u00f3, 2016-06-22<\/p>\n","protected":false},"excerpt":{"rendered":"<p>HA MEGHALOK Ha meghalok, eltemetnek,Elfelednek az emberek.Nem mondanak im\u00e1t \u00e9rtem,Pedig egykor k\u00f6zt\u00fck \u00e9ltem. \u00c9ltem bizony, &#8211; nem ak\u00e1rhogy,De az, &#8211; semmit nem hat\u00e1roz,Elt\u0171nnek a sz\u00e9p eml\u00e9kek,Boh\u00e9ms\u00e1gok, tr\u00e9f\u00e1k, viccek. Boldog azut\u00e1n lehetek,Odafenn, hol vannak sz\u00e9pek.Angyalokkal j\u00e1tszhatom majd,Vagy a pokol is befogad. Hal\u00e1lomr\u00f3l j\u00f3t, vagy semmit,Idelent azt rebesgetik.Tal\u00e1n n\u00e9ha megeml\u00edtik,\u00c9lt erre egy ember r\u00e9g itt. Nevemre sem &#8230; <a title=\"HA MEGHALOK\" class=\"read-more\" href=\"https:\/\/bozsogiattila.hu\/?p=1044\" aria-label=\"Tov\u00e1bbiak HA MEGHALOK\">Olvass tov\u00e1bb<\/a><\/p>\n","protected":false},"author":3,"featured_media":0,"comment_status":"closed","ping_status":"open","sticky":false,"template":"","format":"standard","meta":{"footnotes":""},"categories":[4],"tags":[319,12],"class_list":["post-1044","post","type-post","status-publish","format-standard","hentry","category-versek","tag-319","tag-mako"],"yoast_head":"<!-- This site is optimized with the Yoast SEO plugin v21.8 - https:\/\/yoast.com\/wordpress\/plugins\/seo\/ -->\n<title>HA MEGHALOK - Bozsogi Attila<\/title>\n<meta name=\"robots\" content=\"index, follow, max-snippet:-1, max-image-preview:large, max-video-preview:-1\" \/>\n<link rel=\"canonical\" href=\"https:\/\/bozsogiattila.hu\/?p=1044\" \/>\n<meta property=\"og:locale\" content=\"hu_HU\" \/>\n<meta property=\"og:type\" content=\"article\" \/>\n<meta property=\"og:title\" content=\"HA MEGHALOK - Bozsogi Attila\" \/>\n<meta property=\"og:description\" content=\"HA MEGHALOK Ha meghalok, eltemetnek,Elfelednek az emberek.Nem mondanak im\u00e1t \u00e9rtem,Pedig egykor k\u00f6zt\u00fck \u00e9ltem. \u00c9ltem bizony, &#8211; nem ak\u00e1rhogy,De az, &#8211; semmit nem hat\u00e1roz,Elt\u0171nnek a sz\u00e9p eml\u00e9kek,Boh\u00e9ms\u00e1gok, tr\u00e9f\u00e1k, viccek. Boldog azut\u00e1n lehetek,Odafenn, hol vannak sz\u00e9pek.Angyalokkal j\u00e1tszhatom majd,Vagy a pokol is befogad. Hal\u00e1lomr\u00f3l j\u00f3t, vagy semmit,Idelent azt rebesgetik.Tal\u00e1n n\u00e9ha megeml\u00edtik,\u00c9lt erre egy ember r\u00e9g itt. Nevemre sem ... Olvass tov\u00e1bb\" \/>\n<meta property=\"og:url\" content=\"https:\/\/bozsogiattila.hu\/?p=1044\" \/>\n<meta property=\"og:site_name\" content=\"Bozsogi Attila\" \/>\n<meta property=\"article:published_time\" content=\"2016-06-22T15:51:00+00:00\" \/>\n<meta property=\"article:modified_time\" content=\"2024-01-08T15:53:27+00:00\" \/>\n<meta name=\"author\" content=\"Bozsogi Attila\" \/>\n<meta name=\"twitter:card\" content=\"summary_large_image\" \/>\n<meta name=\"twitter:label1\" content=\"Szerz\u0151:\" \/>\n\t<meta name=\"twitter:data1\" content=\"Bozsogi Attila\" \/>\n\t<meta name=\"twitter:label2\" content=\"Becs\u00fclt olvas\u00e1si id\u0151\" \/>\n\t<meta name=\"twitter:data2\" content=\"2 perc\" \/>\n<script type=\"application\/ld+json\" class=\"yoast-schema-graph\">{\"@context\":\"https:\/\/schema.org\",\"@graph\":[{\"@type\":\"WebPage\",\"@id\":\"https:\/\/bozsogiattila.hu\/?p=1044\",\"url\":\"https:\/\/bozsogiattila.hu\/?p=1044\",\"name\":\"HA MEGHALOK - Bozsogi Attila\",\"isPartOf\":{\"@id\":\"https:\/\/bozsogiattila.hu\/#website\"},\"datePublished\":\"2016-06-22T15:51:00+00:00\",\"dateModified\":\"2024-01-08T15:53:27+00:00\",\"author\":{\"@id\":\"https:\/\/bozsogiattila.hu\/#\/schema\/person\/488c99f554a8c4039201260dd5eb795e\"},\"breadcrumb\":{\"@id\":\"https:\/\/bozsogiattila.hu\/?p=1044#breadcrumb\"},\"inLanguage\":\"hu\",\"potentialAction\":[{\"@type\":\"ReadAction\",\"target\":[\"https:\/\/bozsogiattila.hu\/?p=1044\"]}]},{\"@type\":\"BreadcrumbList\",\"@id\":\"https:\/\/bozsogiattila.hu\/?p=1044#breadcrumb\",\"itemListElement\":[{\"@type\":\"ListItem\",\"position\":1,\"name\":\"Kezd\u0151lap\",\"item\":\"https:\/\/bozsogiattila.hu\/\"},{\"@type\":\"ListItem\",\"position\":2,\"name\":\"HA MEGHALOK\"}]},{\"@type\":\"WebSite\",\"@id\":\"https:\/\/bozsogiattila.hu\/#website\",\"url\":\"https:\/\/bozsogiattila.hu\/\",\"name\":\"Bozsogi Attila\",\"description\":\"a zen\u00e9sz, \u00edr\u00f3 munk\u00e1ss\u00e1g\u00e1nak \u00e9s a mak\u00f3i muzsikusok eml\u00e9k\u00e9t \u0151rz\u0151 oldal\",\"potentialAction\":[{\"@type\":\"SearchAction\",\"target\":{\"@type\":\"EntryPoint\",\"urlTemplate\":\"https:\/\/bozsogiattila.hu\/?s={search_term_string}\"},\"query-input\":\"required name=search_term_string\"}],\"inLanguage\":\"hu\"},{\"@type\":\"Person\",\"@id\":\"https:\/\/bozsogiattila.hu\/#\/schema\/person\/488c99f554a8c4039201260dd5eb795e\",\"name\":\"Bozsogi Attila\",\"image\":{\"@type\":\"ImageObject\",\"inLanguage\":\"hu\",\"@id\":\"https:\/\/bozsogiattila.hu\/#\/schema\/person\/image\/\",\"url\":\"https:\/\/secure.gravatar.com\/avatar\/7da6b5985e34ed798d1670c54ce7d20e6a53b800bb0c07945c64b09392f3dbfd?s=96&d=mm&r=g\",\"contentUrl\":\"https:\/\/secure.gravatar.com\/avatar\/7da6b5985e34ed798d1670c54ce7d20e6a53b800bb0c07945c64b09392f3dbfd?s=96&d=mm&r=g\",\"caption\":\"Bozsogi Attila\"},\"sameAs\":[\"http:\/\/www.boszogiattila.hu\"],\"url\":\"https:\/\/bozsogiattila.hu\/?author=3\"}]}<\/script>\n<!-- \/ Yoast SEO plugin. -->","yoast_head_json":{"title":"HA MEGHALOK - Bozsogi Attila","robots":{"index":"index","follow":"follow","max-snippet":"max-snippet:-1","max-image-preview":"max-image-preview:large","max-video-preview":"max-video-preview:-1"},"canonical":"https:\/\/bozsogiattila.hu\/?p=1044","og_locale":"hu_HU","og_type":"article","og_title":"HA MEGHALOK - Bozsogi Attila","og_description":"HA MEGHALOK Ha meghalok, eltemetnek,Elfelednek az emberek.Nem mondanak im\u00e1t \u00e9rtem,Pedig egykor k\u00f6zt\u00fck \u00e9ltem. \u00c9ltem bizony, &#8211; nem ak\u00e1rhogy,De az, &#8211; semmit nem hat\u00e1roz,Elt\u0171nnek a sz\u00e9p eml\u00e9kek,Boh\u00e9ms\u00e1gok, tr\u00e9f\u00e1k, viccek. Boldog azut\u00e1n lehetek,Odafenn, hol vannak sz\u00e9pek.Angyalokkal j\u00e1tszhatom majd,Vagy a pokol is befogad. Hal\u00e1lomr\u00f3l j\u00f3t, vagy semmit,Idelent azt rebesgetik.Tal\u00e1n n\u00e9ha megeml\u00edtik,\u00c9lt erre egy ember r\u00e9g itt. Nevemre sem ... Olvass tov\u00e1bb","og_url":"https:\/\/bozsogiattila.hu\/?p=1044","og_site_name":"Bozsogi Attila","article_published_time":"2016-06-22T15:51:00+00:00","article_modified_time":"2024-01-08T15:53:27+00:00","author":"Bozsogi Attila","twitter_card":"summary_large_image","twitter_misc":{"Szerz\u0151:":"Bozsogi Attila","Becs\u00fclt olvas\u00e1si id\u0151":"2 perc"},"schema":{"@context":"https:\/\/schema.org","@graph":[{"@type":"WebPage","@id":"https:\/\/bozsogiattila.hu\/?p=1044","url":"https:\/\/bozsogiattila.hu\/?p=1044","name":"HA MEGHALOK - Bozsogi Attila","isPartOf":{"@id":"https:\/\/bozsogiattila.hu\/#website"},"datePublished":"2016-06-22T15:51:00+00:00","dateModified":"2024-01-08T15:53:27+00:00","author":{"@id":"https:\/\/bozsogiattila.hu\/#\/schema\/person\/488c99f554a8c4039201260dd5eb795e"},"breadcrumb":{"@id":"https:\/\/bozsogiattila.hu\/?p=1044#breadcrumb"},"inLanguage":"hu","potentialAction":[{"@type":"ReadAction","target":["https:\/\/bozsogiattila.hu\/?p=1044"]}]},{"@type":"BreadcrumbList","@id":"https:\/\/bozsogiattila.hu\/?p=1044#breadcrumb","itemListElement":[{"@type":"ListItem","position":1,"name":"Kezd\u0151lap","item":"https:\/\/bozsogiattila.hu\/"},{"@type":"ListItem","position":2,"name":"HA MEGHALOK"}]},{"@type":"WebSite","@id":"https:\/\/bozsogiattila.hu\/#website","url":"https:\/\/bozsogiattila.hu\/","name":"Bozsogi Attila","description":"a zen\u00e9sz, \u00edr\u00f3 munk\u00e1ss\u00e1g\u00e1nak \u00e9s a mak\u00f3i muzsikusok eml\u00e9k\u00e9t \u0151rz\u0151 oldal","potentialAction":[{"@type":"SearchAction","target":{"@type":"EntryPoint","urlTemplate":"https:\/\/bozsogiattila.hu\/?s={search_term_string}"},"query-input":"required name=search_term_string"}],"inLanguage":"hu"},{"@type":"Person","@id":"https:\/\/bozsogiattila.hu\/#\/schema\/person\/488c99f554a8c4039201260dd5eb795e","name":"Bozsogi Attila","image":{"@type":"ImageObject","inLanguage":"hu","@id":"https:\/\/bozsogiattila.hu\/#\/schema\/person\/image\/","url":"https:\/\/secure.gravatar.com\/avatar\/7da6b5985e34ed798d1670c54ce7d20e6a53b800bb0c07945c64b09392f3dbfd?s=96&d=mm&r=g","contentUrl":"https:\/\/secure.gravatar.com\/avatar\/7da6b5985e34ed798d1670c54ce7d20e6a53b800bb0c07945c64b09392f3dbfd?s=96&d=mm&r=g","caption":"Bozsogi Attila"},"sameAs":["http:\/\/www.boszogiattila.hu"],"url":"https:\/\/bozsogiattila.hu\/?author=3"}]}},"jetpack_featured_media_url":"","_links":{"self":[{"href":"https:\/\/bozsogiattila.hu\/index.php?rest_route=\/wp\/v2\/posts\/1044","targetHints":{"allow":["GET"]}}],"collection":[{"href":"https:\/\/bozsogiattila.hu\/index.php?rest_route=\/wp\/v2\/posts"}],"about":[{"href":"https:\/\/bozsogiattila.hu\/index.php?rest_route=\/wp\/v2\/types\/post"}],"author":[{"embeddable":true,"href":"https:\/\/bozsogiattila.hu\/index.php?rest_route=\/wp\/v2\/users\/3"}],"replies":[{"embeddable":true,"href":"https:\/\/bozsogiattila.hu\/index.php?rest_route=%2Fwp%2Fv2%2Fcomments&post=1044"}],"version-history":[{"count":1,"href":"https:\/\/bozsogiattila.hu\/index.php?rest_route=\/wp\/v2\/posts\/1044\/revisions"}],"predecessor-version":[{"id":1045,"href":"https:\/\/bozsogiattila.hu\/index.php?rest_route=\/wp\/v2\/posts\/1044\/revisions\/1045"}],"wp:attachment":[{"href":"https:\/\/bozsogiattila.hu\/index.php?rest_route=%2Fwp%2Fv2%2Fmedia&parent=1044"}],"wp:term":[{"taxonomy":"category","embeddable":true,"href":"https:\/\/bozsogiattila.hu\/index.php?rest_route=%2Fwp%2Fv2%2Fcategories&post=1044"},{"taxonomy":"post_tag","embeddable":true,"href":"https:\/\/bozsogiattila.hu\/index.php?rest_route=%2Fwp%2Fv2%2Ftags&post=1044"}],"curies":[{"name":"wp","href":"https:\/\/api.w.org\/{rel}","templated":true}]}}