{"id":1054,"date":"2020-07-04T17:54:00","date_gmt":"2020-07-04T17:54:00","guid":{"rendered":"https:\/\/bozsogiattila.hu\/?p=1054"},"modified":"2024-01-09T17:55:41","modified_gmt":"2024-01-09T17:55:41","slug":"hazi-muzeum","status":"publish","type":"post","link":"https:\/\/bozsogiattila.hu\/?p=1054","title":{"rendered":"H\u00c1ZI M\u00daZEUM"},"content":{"rendered":"\n<p class=\"wp-block-paragraph\">H\u00c1ZI M\u00daZEUM<\/p>\n\n\n\n<p class=\"wp-block-paragraph\">H\u00e1zi M\u00fazeum, hol \u00e9lek,<br>Velem vannak az eml\u00e9kek.<br>\u0150seim kedvenc t\u00e1rgyai,<br>Sorakoznak sorban ott mind.<\/p>\n\n\n\n<p class=\"wp-block-paragraph\">D\u00edszt\u00e1ny\u00e9rok, v\u00e1z\u00e1k, nippek,<br>Cser\u00e9pkann\u00e1k, szilk\u00e9k, k\u00e9pek.<br>Egym\u00e1s mellett ki\u00e1ll\u00edtva,<br>Tat\u00e1m, mam\u00e1m hagyat\u00e9ka.<\/p>\n\n\n\n<p class=\"wp-block-paragraph\">Sz\u00fcleim mit re\u00e1m hagytak,<br>Gobelinek ap\u00e1mt\u00f3l varrva.<br>Az alakoknak arcm\u00e1sa.<br>Any\u00e1mnak volt a munk\u00e1ja..<\/p>\n\n\n\n<p class=\"wp-block-paragraph\">H\u00edres fest\u0151 alkot\u00e1sa,<br>\u0150-, Alm\u00e1si Gyula B\u00e9la.<br>Any\u00e1m, \u00e9s ap\u00e1m portr\u00e9j\u00e1t.<br>Aj\u00e1nd\u00e9kk\u00e9nt nek\u00fcnk ad\u00e1.<\/p>\n\n\n\n<p class=\"wp-block-paragraph\">M\u00falt \u00e9s jelen a h\u00e1zunkban,<br>\u00d6t gener\u00e1ci\u00f3 n\u00e1lam.<br>A k\u00e9pekr\u0151l re\u00e1m n\u00e9znek,<br>Szeretetet felid\u00e9znek.<\/p>\n\n\n\n<p class=\"wp-block-paragraph\">Bar\u00e1taink-, kik elmentek,<br>A temet\u0151ben pihennek.<br>M\u00e9gis ott vannak, \u00e9nvelem.<br>Mosolyogva visszan\u00e9znek.<\/p>\n\n\n\n<p class=\"wp-block-paragraph\">Etuka, Imre, alakja,<br>Sz\u00e9p id\u0151knek r\u00e9gi m\u00e1sa.<br>Sosem lesznek elfeledve,<br>Hozz\u00e1nk tartoztak, m\u00edg \u00e9ltek.<\/p>\n\n\n\n<p class=\"wp-block-paragraph\">K\u00f6nyveimnek sokas\u00e1ga,<br>K\u00f6nyvt\u00e1rt k\u00e9pez mag\u00e1n h\u00e1zba\u2019.<br>K\u00f6zt\u00fck \u00edr\u00e1saim sorban,<br>Mit kiadtak a nyomd\u00e1kban.<\/p>\n\n\n\n<p class=\"wp-block-paragraph\">K\u00fcl\u00f6n kott\u00e1imnak t\u00e1ra,<br>Rendezve, elrakt\u00e1rozva.<br>Benn\u00fck a szerzem\u00e9nyeim,<br>Miket \u00edrtam-, eml\u00e9keim.<\/p>\n\n\n\n<p class=\"wp-block-paragraph\">Zongor\u00e1m \u00e9s harmonik\u00e1m,<br>\u00c1llnak a sarokban n\u00e9m\u00e1n.<br>N\u00e9ha felcsend\u00fclnek rajtuk,<br>Kedvenc dalaimnak hangjuk.<\/p>\n\n\n\n<p class=\"wp-block-paragraph\">A hossz\u00fa id\u0151, mi elm\u00falt,<br>\u00c9letemben az m\u00e1r a m\u00falt.<br>Ahhoz mindig ragaszkodom,<br>Olyanok, mint egy sz\u00e9p \u00e1lom.<\/p>\n\n\n\n<p class=\"wp-block-paragraph\">Vel\u00fck \u00e9lni, vel\u00fck lakni,<br>Azokra r\u00e1 mosolyogni.<br>Term\u00e9szetes nekem ez mind,<br>Hiszen \u0151k a kedvenceim.<\/p>\n\n\n\n<p class=\"wp-block-paragraph\">Br\u00fan\u00f3 volt h\u0171s\u00e9ges kuty\u00e1m,<br>F\u00e9nyk\u00e9p\u00e9r\u0151l \u0151 vigy\u00e1z r\u00e1m.<br>Elbesz\u00e9l\u00e9st, verset \u00edrtam,<br>Eml\u00e9k\u00e9nek \u00fagy ad\u00f3ztam.<\/p>\n\n\n\n<p class=\"wp-block-paragraph\">H\u00e1zunk el\u0151tt egy kis liget,<br>Udvaromban vir\u00e1goskert.<br>T\u00e9len, ny\u00e1ron nekem ny\u00edlnak,<br>K\u00fcnn \u00e9s benn is vir\u00e1goznak.<\/p>\n\n\n\n<p class=\"wp-block-paragraph\">Ez volna a k\u00f6rnyezetem,<br>Itt sz\u00fclettem \u00e9s itt \u00e9lek.<br>Egyszer itt kell hagyni mindent,<br>Nem lesz, ki gondozza \u0151ket.<\/p>\n\n\n\n<p class=\"wp-block-paragraph\">Hazaj\u00f6v\u00f6k senki sem v\u00e1r,<br>Csup\u00e1n Ny\u00e9rvi, \u00f6reg macsk\u00e1m.<br>Ketten lakjuk be a h\u00e1zat,<br>S sz\u00fcletnek m\u00e9g bennem v\u00e1gyak!<\/p>\n\n\n\n<p class=\"wp-block-paragraph\">Mak\u00f3, 2020-07-04<\/p>\n","protected":false},"excerpt":{"rendered":"<p>H\u00c1ZI M\u00daZEUM H\u00e1zi M\u00fazeum, hol \u00e9lek,Velem vannak az eml\u00e9kek.\u0150seim kedvenc t\u00e1rgyai,Sorakoznak sorban ott mind. D\u00edszt\u00e1ny\u00e9rok, v\u00e1z\u00e1k, nippek,Cser\u00e9pkann\u00e1k, szilk\u00e9k, k\u00e9pek.Egym\u00e1s mellett ki\u00e1ll\u00edtva,Tat\u00e1m, mam\u00e1m hagyat\u00e9ka. Sz\u00fcleim mit re\u00e1m hagytak,Gobelinek ap\u00e1mt\u00f3l varrva.Az alakoknak arcm\u00e1sa.Any\u00e1mnak volt a munk\u00e1ja.. H\u00edres fest\u0151 alkot\u00e1sa,\u0150-, Alm\u00e1si Gyula B\u00e9la.Any\u00e1m, \u00e9s ap\u00e1m portr\u00e9j\u00e1t.Aj\u00e1nd\u00e9kk\u00e9nt nek\u00fcnk ad\u00e1. M\u00falt \u00e9s jelen a h\u00e1zunkban,\u00d6t gener\u00e1ci\u00f3 n\u00e1lam.A k\u00e9pekr\u0151l re\u00e1m n\u00e9znek,Szeretetet &#8230; <a title=\"H\u00c1ZI M\u00daZEUM\" class=\"read-more\" href=\"https:\/\/bozsogiattila.hu\/?p=1054\" aria-label=\"Tov\u00e1bbiak H\u00c1ZI M\u00daZEUM\">Olvass tov\u00e1bb<\/a><\/p>\n","protected":false},"author":3,"featured_media":0,"comment_status":"closed","ping_status":"open","sticky":false,"template":"","format":"standard","meta":{"footnotes":""},"categories":[4],"tags":[321,149,12],"class_list":["post-1054","post","type-post","status-publish","format-standard","hentry","category-versek","tag-321","tag-magany","tag-mako"],"yoast_head":"<!-- This site is optimized with the Yoast SEO plugin v21.8 - https:\/\/yoast.com\/wordpress\/plugins\/seo\/ -->\n<title>H\u00c1ZI M\u00daZEUM - Bozsogi Attila<\/title>\n<meta name=\"robots\" content=\"index, follow, max-snippet:-1, max-image-preview:large, max-video-preview:-1\" \/>\n<link rel=\"canonical\" href=\"https:\/\/bozsogiattila.hu\/?p=1054\" \/>\n<meta property=\"og:locale\" content=\"hu_HU\" \/>\n<meta property=\"og:type\" content=\"article\" \/>\n<meta property=\"og:title\" content=\"H\u00c1ZI M\u00daZEUM - Bozsogi Attila\" \/>\n<meta property=\"og:description\" content=\"H\u00c1ZI M\u00daZEUM H\u00e1zi M\u00fazeum, hol \u00e9lek,Velem vannak az eml\u00e9kek.\u0150seim kedvenc t\u00e1rgyai,Sorakoznak sorban ott mind. D\u00edszt\u00e1ny\u00e9rok, v\u00e1z\u00e1k, nippek,Cser\u00e9pkann\u00e1k, szilk\u00e9k, k\u00e9pek.Egym\u00e1s mellett ki\u00e1ll\u00edtva,Tat\u00e1m, mam\u00e1m hagyat\u00e9ka. Sz\u00fcleim mit re\u00e1m hagytak,Gobelinek ap\u00e1mt\u00f3l varrva.Az alakoknak arcm\u00e1sa.Any\u00e1mnak volt a munk\u00e1ja.. H\u00edres fest\u0151 alkot\u00e1sa,\u0150-, Alm\u00e1si Gyula B\u00e9la.Any\u00e1m, \u00e9s ap\u00e1m portr\u00e9j\u00e1t.Aj\u00e1nd\u00e9kk\u00e9nt nek\u00fcnk ad\u00e1. M\u00falt \u00e9s jelen a h\u00e1zunkban,\u00d6t gener\u00e1ci\u00f3 n\u00e1lam.A k\u00e9pekr\u0151l re\u00e1m n\u00e9znek,Szeretetet ... Olvass tov\u00e1bb\" \/>\n<meta property=\"og:url\" content=\"https:\/\/bozsogiattila.hu\/?p=1054\" \/>\n<meta property=\"og:site_name\" content=\"Bozsogi Attila\" \/>\n<meta property=\"article:published_time\" content=\"2020-07-04T17:54:00+00:00\" \/>\n<meta property=\"article:modified_time\" content=\"2024-01-09T17:55:41+00:00\" \/>\n<meta name=\"author\" content=\"Bozsogi Attila\" \/>\n<meta name=\"twitter:card\" content=\"summary_large_image\" \/>\n<meta name=\"twitter:label1\" content=\"Szerz\u0151:\" \/>\n\t<meta name=\"twitter:data1\" content=\"Bozsogi Attila\" \/>\n\t<meta name=\"twitter:label2\" content=\"Becs\u00fclt olvas\u00e1si id\u0151\" \/>\n\t<meta name=\"twitter:data2\" content=\"2 perc\" \/>\n<script type=\"application\/ld+json\" class=\"yoast-schema-graph\">{\"@context\":\"https:\/\/schema.org\",\"@graph\":[{\"@type\":\"WebPage\",\"@id\":\"https:\/\/bozsogiattila.hu\/?p=1054\",\"url\":\"https:\/\/bozsogiattila.hu\/?p=1054\",\"name\":\"H\u00c1ZI M\u00daZEUM - Bozsogi Attila\",\"isPartOf\":{\"@id\":\"https:\/\/bozsogiattila.hu\/#website\"},\"datePublished\":\"2020-07-04T17:54:00+00:00\",\"dateModified\":\"2024-01-09T17:55:41+00:00\",\"author\":{\"@id\":\"https:\/\/bozsogiattila.hu\/#\/schema\/person\/488c99f554a8c4039201260dd5eb795e\"},\"breadcrumb\":{\"@id\":\"https:\/\/bozsogiattila.hu\/?p=1054#breadcrumb\"},\"inLanguage\":\"hu\",\"potentialAction\":[{\"@type\":\"ReadAction\",\"target\":[\"https:\/\/bozsogiattila.hu\/?p=1054\"]}]},{\"@type\":\"BreadcrumbList\",\"@id\":\"https:\/\/bozsogiattila.hu\/?p=1054#breadcrumb\",\"itemListElement\":[{\"@type\":\"ListItem\",\"position\":1,\"name\":\"Kezd\u0151lap\",\"item\":\"https:\/\/bozsogiattila.hu\/\"},{\"@type\":\"ListItem\",\"position\":2,\"name\":\"H\u00c1ZI M\u00daZEUM\"}]},{\"@type\":\"WebSite\",\"@id\":\"https:\/\/bozsogiattila.hu\/#website\",\"url\":\"https:\/\/bozsogiattila.hu\/\",\"name\":\"Bozsogi Attila\",\"description\":\"a zen\u00e9sz, \u00edr\u00f3 munk\u00e1ss\u00e1g\u00e1nak \u00e9s a mak\u00f3i muzsikusok eml\u00e9k\u00e9t \u0151rz\u0151 oldal\",\"potentialAction\":[{\"@type\":\"SearchAction\",\"target\":{\"@type\":\"EntryPoint\",\"urlTemplate\":\"https:\/\/bozsogiattila.hu\/?s={search_term_string}\"},\"query-input\":\"required name=search_term_string\"}],\"inLanguage\":\"hu\"},{\"@type\":\"Person\",\"@id\":\"https:\/\/bozsogiattila.hu\/#\/schema\/person\/488c99f554a8c4039201260dd5eb795e\",\"name\":\"Bozsogi Attila\",\"image\":{\"@type\":\"ImageObject\",\"inLanguage\":\"hu\",\"@id\":\"https:\/\/bozsogiattila.hu\/#\/schema\/person\/image\/\",\"url\":\"https:\/\/secure.gravatar.com\/avatar\/7da6b5985e34ed798d1670c54ce7d20e6a53b800bb0c07945c64b09392f3dbfd?s=96&d=mm&r=g\",\"contentUrl\":\"https:\/\/secure.gravatar.com\/avatar\/7da6b5985e34ed798d1670c54ce7d20e6a53b800bb0c07945c64b09392f3dbfd?s=96&d=mm&r=g\",\"caption\":\"Bozsogi Attila\"},\"sameAs\":[\"http:\/\/www.boszogiattila.hu\"],\"url\":\"https:\/\/bozsogiattila.hu\/?author=3\"}]}<\/script>\n<!-- \/ Yoast SEO plugin. -->","yoast_head_json":{"title":"H\u00c1ZI M\u00daZEUM - Bozsogi Attila","robots":{"index":"index","follow":"follow","max-snippet":"max-snippet:-1","max-image-preview":"max-image-preview:large","max-video-preview":"max-video-preview:-1"},"canonical":"https:\/\/bozsogiattila.hu\/?p=1054","og_locale":"hu_HU","og_type":"article","og_title":"H\u00c1ZI M\u00daZEUM - Bozsogi Attila","og_description":"H\u00c1ZI M\u00daZEUM H\u00e1zi M\u00fazeum, hol \u00e9lek,Velem vannak az eml\u00e9kek.\u0150seim kedvenc t\u00e1rgyai,Sorakoznak sorban ott mind. D\u00edszt\u00e1ny\u00e9rok, v\u00e1z\u00e1k, nippek,Cser\u00e9pkann\u00e1k, szilk\u00e9k, k\u00e9pek.Egym\u00e1s mellett ki\u00e1ll\u00edtva,Tat\u00e1m, mam\u00e1m hagyat\u00e9ka. Sz\u00fcleim mit re\u00e1m hagytak,Gobelinek ap\u00e1mt\u00f3l varrva.Az alakoknak arcm\u00e1sa.Any\u00e1mnak volt a munk\u00e1ja.. H\u00edres fest\u0151 alkot\u00e1sa,\u0150-, Alm\u00e1si Gyula B\u00e9la.Any\u00e1m, \u00e9s ap\u00e1m portr\u00e9j\u00e1t.Aj\u00e1nd\u00e9kk\u00e9nt nek\u00fcnk ad\u00e1. M\u00falt \u00e9s jelen a h\u00e1zunkban,\u00d6t gener\u00e1ci\u00f3 n\u00e1lam.A k\u00e9pekr\u0151l re\u00e1m n\u00e9znek,Szeretetet ... Olvass tov\u00e1bb","og_url":"https:\/\/bozsogiattila.hu\/?p=1054","og_site_name":"Bozsogi Attila","article_published_time":"2020-07-04T17:54:00+00:00","article_modified_time":"2024-01-09T17:55:41+00:00","author":"Bozsogi Attila","twitter_card":"summary_large_image","twitter_misc":{"Szerz\u0151:":"Bozsogi Attila","Becs\u00fclt olvas\u00e1si id\u0151":"2 perc"},"schema":{"@context":"https:\/\/schema.org","@graph":[{"@type":"WebPage","@id":"https:\/\/bozsogiattila.hu\/?p=1054","url":"https:\/\/bozsogiattila.hu\/?p=1054","name":"H\u00c1ZI M\u00daZEUM - Bozsogi Attila","isPartOf":{"@id":"https:\/\/bozsogiattila.hu\/#website"},"datePublished":"2020-07-04T17:54:00+00:00","dateModified":"2024-01-09T17:55:41+00:00","author":{"@id":"https:\/\/bozsogiattila.hu\/#\/schema\/person\/488c99f554a8c4039201260dd5eb795e"},"breadcrumb":{"@id":"https:\/\/bozsogiattila.hu\/?p=1054#breadcrumb"},"inLanguage":"hu","potentialAction":[{"@type":"ReadAction","target":["https:\/\/bozsogiattila.hu\/?p=1054"]}]},{"@type":"BreadcrumbList","@id":"https:\/\/bozsogiattila.hu\/?p=1054#breadcrumb","itemListElement":[{"@type":"ListItem","position":1,"name":"Kezd\u0151lap","item":"https:\/\/bozsogiattila.hu\/"},{"@type":"ListItem","position":2,"name":"H\u00c1ZI M\u00daZEUM"}]},{"@type":"WebSite","@id":"https:\/\/bozsogiattila.hu\/#website","url":"https:\/\/bozsogiattila.hu\/","name":"Bozsogi Attila","description":"a zen\u00e9sz, \u00edr\u00f3 munk\u00e1ss\u00e1g\u00e1nak \u00e9s a mak\u00f3i muzsikusok eml\u00e9k\u00e9t \u0151rz\u0151 oldal","potentialAction":[{"@type":"SearchAction","target":{"@type":"EntryPoint","urlTemplate":"https:\/\/bozsogiattila.hu\/?s={search_term_string}"},"query-input":"required name=search_term_string"}],"inLanguage":"hu"},{"@type":"Person","@id":"https:\/\/bozsogiattila.hu\/#\/schema\/person\/488c99f554a8c4039201260dd5eb795e","name":"Bozsogi Attila","image":{"@type":"ImageObject","inLanguage":"hu","@id":"https:\/\/bozsogiattila.hu\/#\/schema\/person\/image\/","url":"https:\/\/secure.gravatar.com\/avatar\/7da6b5985e34ed798d1670c54ce7d20e6a53b800bb0c07945c64b09392f3dbfd?s=96&d=mm&r=g","contentUrl":"https:\/\/secure.gravatar.com\/avatar\/7da6b5985e34ed798d1670c54ce7d20e6a53b800bb0c07945c64b09392f3dbfd?s=96&d=mm&r=g","caption":"Bozsogi Attila"},"sameAs":["http:\/\/www.boszogiattila.hu"],"url":"https:\/\/bozsogiattila.hu\/?author=3"}]}},"jetpack_featured_media_url":"","_links":{"self":[{"href":"https:\/\/bozsogiattila.hu\/index.php?rest_route=\/wp\/v2\/posts\/1054","targetHints":{"allow":["GET"]}}],"collection":[{"href":"https:\/\/bozsogiattila.hu\/index.php?rest_route=\/wp\/v2\/posts"}],"about":[{"href":"https:\/\/bozsogiattila.hu\/index.php?rest_route=\/wp\/v2\/types\/post"}],"author":[{"embeddable":true,"href":"https:\/\/bozsogiattila.hu\/index.php?rest_route=\/wp\/v2\/users\/3"}],"replies":[{"embeddable":true,"href":"https:\/\/bozsogiattila.hu\/index.php?rest_route=%2Fwp%2Fv2%2Fcomments&post=1054"}],"version-history":[{"count":1,"href":"https:\/\/bozsogiattila.hu\/index.php?rest_route=\/wp\/v2\/posts\/1054\/revisions"}],"predecessor-version":[{"id":1055,"href":"https:\/\/bozsogiattila.hu\/index.php?rest_route=\/wp\/v2\/posts\/1054\/revisions\/1055"}],"wp:attachment":[{"href":"https:\/\/bozsogiattila.hu\/index.php?rest_route=%2Fwp%2Fv2%2Fmedia&parent=1054"}],"wp:term":[{"taxonomy":"category","embeddable":true,"href":"https:\/\/bozsogiattila.hu\/index.php?rest_route=%2Fwp%2Fv2%2Fcategories&post=1054"},{"taxonomy":"post_tag","embeddable":true,"href":"https:\/\/bozsogiattila.hu\/index.php?rest_route=%2Fwp%2Fv2%2Ftags&post=1054"}],"curies":[{"name":"wp","href":"https:\/\/api.w.org\/{rel}","templated":true}]}}