{"id":1060,"date":"2016-07-22T17:57:00","date_gmt":"2016-07-22T17:57:00","guid":{"rendered":"https:\/\/bozsogiattila.hu\/?p=1060"},"modified":"2024-01-09T17:58:12","modified_gmt":"2024-01-09T17:58:12","slug":"igy-vagy-ugy","status":"publish","type":"post","link":"https:\/\/bozsogiattila.hu\/?p=1060","title":{"rendered":"\u00cdGY, VAGY \u00daGY!"},"content":{"rendered":"\n<p class=\"wp-block-paragraph\">\u00cdGY, VAGY \u00daGY!<\/p>\n\n\n\n<p class=\"wp-block-paragraph\">\u00cdgy, vagy \u00fagy, vagy am\u00fagy mondjuk<br>A biztosat nem \u00e1ll\u00edtjuk.<br>Hazug sz\u00f3knak hisz\u00fcnk n\u00e9ha,<br>Annak vagyunk \u00e1ldozata.<\/p>\n\n\n\n<p class=\"wp-block-paragraph\">Politika bajkever\u0151,<br>Sokszor tal\u00e1n, gaz, cselsz\u00f6v\u0151.<br>Usz\u00edtanak embereket,<br>N\u00e9peket \u00e9s nemzeteket.<\/p>\n\n\n\n<p class=\"wp-block-paragraph\">\u00c1lnok tanokat hirdetnek,<br>T\u00e9ves eszm\u00e9ket hintenek.<br>\u00c1ll\u00edtj\u00e1k maguk t\u00e9zis\u00e9t,<br>Megal\u00e1zz\u00e1k m\u00e1sok hit\u00e9t.<\/p>\n\n\n\n<p class=\"wp-block-paragraph\">Ah\u00e1ny ember, annyi f\u00e9le,<br>Feh\u00e9r, s\u00e1rga vagy fekete.<br>Nem a sz\u00edn hat\u00e1rozza meg,<br>\u00c1llampolg\u00e1rs\u00e1g mit jelent.<\/p>\n\n\n\n<p class=\"wp-block-paragraph\">Amerik\u00e1nak eln\u00f6ke,<br>M\u00e1sodszor is csak fekete.<br>Feh\u00e9rek ott elismerik,<br>Vil\u00e1gszerte mind tisztelik.<\/p>\n\n\n\n<p class=\"wp-block-paragraph\">M\u00e9gis rasszist\u00e1k is vannak,<br>Gy\u0171l\u00f6letet \u0151k sz\u00edtanak.<br>Sz\u00ednes b\u0151r\u0171 feket\u00e9ket,<br>Megvetik a n\u00e9gereket.<\/p>\n\n\n\n<p class=\"wp-block-paragraph\">Sportol\u00f3kat, m\u0171v\u00e9szeket,<br>Tud\u00f3sokat, elismernek.<br>Nem sz\u00e1m\u00edt nekik a sz\u00edn\u00fck,<br>Ha \u00fagy k\u00edv\u00e1nja \u00e9rdek\u00fck.<\/p>\n\n\n\n<p class=\"wp-block-paragraph\">Politikusoknak harca,<br>Sokr\u00e9t\u0171 azoknak arca.<br>P\u00edr, sokszor az nem l\u00e9tezik,<br>A sz\u00e9gyent, azt nem ismerik.<\/p>\n\n\n\n<p class=\"wp-block-paragraph\">Antiszemitist\u00e1k sokan,<br>Bajt kavarnak m\u00e1s vall\u00e1sban.<br>Nem tudj\u00e1k, vagy nem akarj\u00e1k,<br>Elhinni, mi az igazs\u00e1g?<\/p>\n\n\n\n<p class=\"wp-block-paragraph\">Magyar ember a zsid\u00f3 is,<br>Vall\u00e1suk m\u00e1s, azt hirdetik.<br>Nobel-d\u00edjas tud\u00f3saink,<br>Izraelita szinte mind.<\/p>\n\n\n\n<p class=\"wp-block-paragraph\">Magyar nemzet b\u00fcszke r\u00e1juk,<br>B\u00e1rhol is van a haz\u00e1juk.<br>T\u00e9nyek \u00e9s a val\u00f3s\u00e1gok,<br>Alkotj\u00e1k az igazs\u00e1got.<\/p>\n\n\n\n<p class=\"wp-block-paragraph\">Zsid\u00f3gy\u0171l\u00f6let l\u00e9tezik,<br>Nem tudj\u00e1k, hogy mi\u00e9rt teszik?<br>Egy\u00fctt \u00e9lt\u00fcnk, s \u00e9l\u00fcnk vel\u00fck,<br>K\u00f6z\u00f6s nek\u00fcnk a nemzet\u00fcnk.<\/p>\n\n\n\n<p class=\"wp-block-paragraph\">T\u00f3r\u00e1b\u00f3l lett a bibli\u00e1nk,<br>M\u00f3zes, k\u00f6nyv\u00e9ben hagyta r\u00e1nk.<br>J\u00e9zus Krisztus is zsid\u00f3 volt,<br>B\u0171neink\u00e9rt kereszten holt.<\/p>\n\n\n\n<p class=\"wp-block-paragraph\">Im\u00e1t mondani sem tudn\u00e1nk,<br>Ha a T\u00f3ra, nem marad r\u00e1nk.<br>Fajgy\u0171l\u00f6l\u0151k hitv\u00e1nys\u00e1ga,<br>Vesz\u00e9lyes a nagyvil\u00e1gra.<\/p>\n\n\n\n<p class=\"wp-block-paragraph\">A s\u00e1rg\u00e1k is sokan vannak,<br>A vil\u00e1gra is r\u00e1hatnak.<br>Leg\u00fajabb kutat\u00e1s szerint,<br>Jap\u00e1nok a rokonaink.<\/p>\n\n\n\n<p class=\"wp-block-paragraph\">Ha mindent \u00edgy \u00e1tgondoln\u00e1nk,<br>Nem szavakkal vagdal\u00f3zn\u00e1nk,<br>Sokat tenn\u00e9nk \u00f6nmagunknak,<br>B\u00e9k\u00e9nknek, \u00e9s nyugalmunknak!<\/p>\n\n\n\n<p class=\"wp-block-paragraph\">Mak\u00f3, 2016-07-22<\/p>\n","protected":false},"excerpt":{"rendered":"<p>\u00cdGY, VAGY \u00daGY! \u00cdgy, vagy \u00fagy, vagy am\u00fagy mondjukA biztosat nem \u00e1ll\u00edtjuk.Hazug sz\u00f3knak hisz\u00fcnk n\u00e9ha,Annak vagyunk \u00e1ldozata. Politika bajkever\u0151,Sokszor tal\u00e1n, gaz, cselsz\u00f6v\u0151.Usz\u00edtanak embereket,N\u00e9peket \u00e9s nemzeteket. \u00c1lnok tanokat hirdetnek,T\u00e9ves eszm\u00e9ket hintenek.\u00c1ll\u00edtj\u00e1k maguk t\u00e9zis\u00e9t,Megal\u00e1zz\u00e1k m\u00e1sok hit\u00e9t. Ah\u00e1ny ember, annyi f\u00e9le,Feh\u00e9r, s\u00e1rga vagy fekete.Nem a sz\u00edn hat\u00e1rozza meg,\u00c1llampolg\u00e1rs\u00e1g mit jelent. Amerik\u00e1nak eln\u00f6ke,M\u00e1sodszor is csak fekete.Feh\u00e9rek ott elismerik,Vil\u00e1gszerte mind &#8230; <a title=\"\u00cdGY, VAGY \u00daGY!\" class=\"read-more\" href=\"https:\/\/bozsogiattila.hu\/?p=1060\" aria-label=\"Tov\u00e1bbiak \u00cdGY, VAGY \u00daGY!\">Olvass tov\u00e1bb<\/a><\/p>\n","protected":false},"author":3,"featured_media":0,"comment_status":"closed","ping_status":"open","sticky":false,"template":"","format":"standard","meta":{"footnotes":""},"categories":[4],"tags":[319,12],"class_list":["post-1060","post","type-post","status-publish","format-standard","hentry","category-versek","tag-319","tag-mako"],"yoast_head":"<!-- This site is optimized with the Yoast SEO plugin v21.8 - https:\/\/yoast.com\/wordpress\/plugins\/seo\/ -->\n<title>\u00cdGY, VAGY \u00daGY! - Bozsogi Attila<\/title>\n<meta name=\"robots\" content=\"index, follow, max-snippet:-1, max-image-preview:large, max-video-preview:-1\" \/>\n<link rel=\"canonical\" href=\"https:\/\/bozsogiattila.hu\/?p=1060\" \/>\n<meta property=\"og:locale\" content=\"hu_HU\" \/>\n<meta property=\"og:type\" content=\"article\" \/>\n<meta property=\"og:title\" content=\"\u00cdGY, VAGY \u00daGY! - Bozsogi Attila\" \/>\n<meta property=\"og:description\" content=\"\u00cdGY, VAGY \u00daGY! \u00cdgy, vagy \u00fagy, vagy am\u00fagy mondjukA biztosat nem \u00e1ll\u00edtjuk.Hazug sz\u00f3knak hisz\u00fcnk n\u00e9ha,Annak vagyunk \u00e1ldozata. Politika bajkever\u0151,Sokszor tal\u00e1n, gaz, cselsz\u00f6v\u0151.Usz\u00edtanak embereket,N\u00e9peket \u00e9s nemzeteket. \u00c1lnok tanokat hirdetnek,T\u00e9ves eszm\u00e9ket hintenek.\u00c1ll\u00edtj\u00e1k maguk t\u00e9zis\u00e9t,Megal\u00e1zz\u00e1k m\u00e1sok hit\u00e9t. Ah\u00e1ny ember, annyi f\u00e9le,Feh\u00e9r, s\u00e1rga vagy fekete.Nem a sz\u00edn hat\u00e1rozza meg,\u00c1llampolg\u00e1rs\u00e1g mit jelent. Amerik\u00e1nak eln\u00f6ke,M\u00e1sodszor is csak fekete.Feh\u00e9rek ott elismerik,Vil\u00e1gszerte mind ... Olvass tov\u00e1bb\" \/>\n<meta property=\"og:url\" content=\"https:\/\/bozsogiattila.hu\/?p=1060\" \/>\n<meta property=\"og:site_name\" content=\"Bozsogi Attila\" \/>\n<meta property=\"article:published_time\" content=\"2016-07-22T17:57:00+00:00\" \/>\n<meta property=\"article:modified_time\" content=\"2024-01-09T17:58:12+00:00\" \/>\n<meta name=\"author\" content=\"Bozsogi Attila\" \/>\n<meta name=\"twitter:card\" content=\"summary_large_image\" \/>\n<meta name=\"twitter:label1\" content=\"Szerz\u0151:\" \/>\n\t<meta name=\"twitter:data1\" content=\"Bozsogi Attila\" \/>\n\t<meta name=\"twitter:label2\" content=\"Becs\u00fclt olvas\u00e1si id\u0151\" \/>\n\t<meta name=\"twitter:data2\" content=\"2 perc\" \/>\n<script type=\"application\/ld+json\" class=\"yoast-schema-graph\">{\"@context\":\"https:\/\/schema.org\",\"@graph\":[{\"@type\":\"WebPage\",\"@id\":\"https:\/\/bozsogiattila.hu\/?p=1060\",\"url\":\"https:\/\/bozsogiattila.hu\/?p=1060\",\"name\":\"\u00cdGY, VAGY \u00daGY! - Bozsogi Attila\",\"isPartOf\":{\"@id\":\"https:\/\/bozsogiattila.hu\/#website\"},\"datePublished\":\"2016-07-22T17:57:00+00:00\",\"dateModified\":\"2024-01-09T17:58:12+00:00\",\"author\":{\"@id\":\"https:\/\/bozsogiattila.hu\/#\/schema\/person\/488c99f554a8c4039201260dd5eb795e\"},\"breadcrumb\":{\"@id\":\"https:\/\/bozsogiattila.hu\/?p=1060#breadcrumb\"},\"inLanguage\":\"hu\",\"potentialAction\":[{\"@type\":\"ReadAction\",\"target\":[\"https:\/\/bozsogiattila.hu\/?p=1060\"]}]},{\"@type\":\"BreadcrumbList\",\"@id\":\"https:\/\/bozsogiattila.hu\/?p=1060#breadcrumb\",\"itemListElement\":[{\"@type\":\"ListItem\",\"position\":1,\"name\":\"Kezd\u0151lap\",\"item\":\"https:\/\/bozsogiattila.hu\/\"},{\"@type\":\"ListItem\",\"position\":2,\"name\":\"\u00cdGY, VAGY \u00daGY!\"}]},{\"@type\":\"WebSite\",\"@id\":\"https:\/\/bozsogiattila.hu\/#website\",\"url\":\"https:\/\/bozsogiattila.hu\/\",\"name\":\"Bozsogi Attila\",\"description\":\"a zen\u00e9sz, \u00edr\u00f3 munk\u00e1ss\u00e1g\u00e1nak \u00e9s a mak\u00f3i muzsikusok eml\u00e9k\u00e9t \u0151rz\u0151 oldal\",\"potentialAction\":[{\"@type\":\"SearchAction\",\"target\":{\"@type\":\"EntryPoint\",\"urlTemplate\":\"https:\/\/bozsogiattila.hu\/?s={search_term_string}\"},\"query-input\":\"required name=search_term_string\"}],\"inLanguage\":\"hu\"},{\"@type\":\"Person\",\"@id\":\"https:\/\/bozsogiattila.hu\/#\/schema\/person\/488c99f554a8c4039201260dd5eb795e\",\"name\":\"Bozsogi Attila\",\"image\":{\"@type\":\"ImageObject\",\"inLanguage\":\"hu\",\"@id\":\"https:\/\/bozsogiattila.hu\/#\/schema\/person\/image\/\",\"url\":\"https:\/\/secure.gravatar.com\/avatar\/7da6b5985e34ed798d1670c54ce7d20e6a53b800bb0c07945c64b09392f3dbfd?s=96&d=mm&r=g\",\"contentUrl\":\"https:\/\/secure.gravatar.com\/avatar\/7da6b5985e34ed798d1670c54ce7d20e6a53b800bb0c07945c64b09392f3dbfd?s=96&d=mm&r=g\",\"caption\":\"Bozsogi Attila\"},\"sameAs\":[\"http:\/\/www.boszogiattila.hu\"],\"url\":\"https:\/\/bozsogiattila.hu\/?author=3\"}]}<\/script>\n<!-- \/ Yoast SEO plugin. -->","yoast_head_json":{"title":"\u00cdGY, VAGY \u00daGY! - Bozsogi Attila","robots":{"index":"index","follow":"follow","max-snippet":"max-snippet:-1","max-image-preview":"max-image-preview:large","max-video-preview":"max-video-preview:-1"},"canonical":"https:\/\/bozsogiattila.hu\/?p=1060","og_locale":"hu_HU","og_type":"article","og_title":"\u00cdGY, VAGY \u00daGY! - Bozsogi Attila","og_description":"\u00cdGY, VAGY \u00daGY! \u00cdgy, vagy \u00fagy, vagy am\u00fagy mondjukA biztosat nem \u00e1ll\u00edtjuk.Hazug sz\u00f3knak hisz\u00fcnk n\u00e9ha,Annak vagyunk \u00e1ldozata. Politika bajkever\u0151,Sokszor tal\u00e1n, gaz, cselsz\u00f6v\u0151.Usz\u00edtanak embereket,N\u00e9peket \u00e9s nemzeteket. \u00c1lnok tanokat hirdetnek,T\u00e9ves eszm\u00e9ket hintenek.\u00c1ll\u00edtj\u00e1k maguk t\u00e9zis\u00e9t,Megal\u00e1zz\u00e1k m\u00e1sok hit\u00e9t. Ah\u00e1ny ember, annyi f\u00e9le,Feh\u00e9r, s\u00e1rga vagy fekete.Nem a sz\u00edn hat\u00e1rozza meg,\u00c1llampolg\u00e1rs\u00e1g mit jelent. Amerik\u00e1nak eln\u00f6ke,M\u00e1sodszor is csak fekete.Feh\u00e9rek ott elismerik,Vil\u00e1gszerte mind ... Olvass tov\u00e1bb","og_url":"https:\/\/bozsogiattila.hu\/?p=1060","og_site_name":"Bozsogi Attila","article_published_time":"2016-07-22T17:57:00+00:00","article_modified_time":"2024-01-09T17:58:12+00:00","author":"Bozsogi Attila","twitter_card":"summary_large_image","twitter_misc":{"Szerz\u0151:":"Bozsogi Attila","Becs\u00fclt olvas\u00e1si id\u0151":"2 perc"},"schema":{"@context":"https:\/\/schema.org","@graph":[{"@type":"WebPage","@id":"https:\/\/bozsogiattila.hu\/?p=1060","url":"https:\/\/bozsogiattila.hu\/?p=1060","name":"\u00cdGY, VAGY \u00daGY! - Bozsogi Attila","isPartOf":{"@id":"https:\/\/bozsogiattila.hu\/#website"},"datePublished":"2016-07-22T17:57:00+00:00","dateModified":"2024-01-09T17:58:12+00:00","author":{"@id":"https:\/\/bozsogiattila.hu\/#\/schema\/person\/488c99f554a8c4039201260dd5eb795e"},"breadcrumb":{"@id":"https:\/\/bozsogiattila.hu\/?p=1060#breadcrumb"},"inLanguage":"hu","potentialAction":[{"@type":"ReadAction","target":["https:\/\/bozsogiattila.hu\/?p=1060"]}]},{"@type":"BreadcrumbList","@id":"https:\/\/bozsogiattila.hu\/?p=1060#breadcrumb","itemListElement":[{"@type":"ListItem","position":1,"name":"Kezd\u0151lap","item":"https:\/\/bozsogiattila.hu\/"},{"@type":"ListItem","position":2,"name":"\u00cdGY, VAGY \u00daGY!"}]},{"@type":"WebSite","@id":"https:\/\/bozsogiattila.hu\/#website","url":"https:\/\/bozsogiattila.hu\/","name":"Bozsogi Attila","description":"a zen\u00e9sz, \u00edr\u00f3 munk\u00e1ss\u00e1g\u00e1nak \u00e9s a mak\u00f3i muzsikusok eml\u00e9k\u00e9t \u0151rz\u0151 oldal","potentialAction":[{"@type":"SearchAction","target":{"@type":"EntryPoint","urlTemplate":"https:\/\/bozsogiattila.hu\/?s={search_term_string}"},"query-input":"required name=search_term_string"}],"inLanguage":"hu"},{"@type":"Person","@id":"https:\/\/bozsogiattila.hu\/#\/schema\/person\/488c99f554a8c4039201260dd5eb795e","name":"Bozsogi Attila","image":{"@type":"ImageObject","inLanguage":"hu","@id":"https:\/\/bozsogiattila.hu\/#\/schema\/person\/image\/","url":"https:\/\/secure.gravatar.com\/avatar\/7da6b5985e34ed798d1670c54ce7d20e6a53b800bb0c07945c64b09392f3dbfd?s=96&d=mm&r=g","contentUrl":"https:\/\/secure.gravatar.com\/avatar\/7da6b5985e34ed798d1670c54ce7d20e6a53b800bb0c07945c64b09392f3dbfd?s=96&d=mm&r=g","caption":"Bozsogi Attila"},"sameAs":["http:\/\/www.boszogiattila.hu"],"url":"https:\/\/bozsogiattila.hu\/?author=3"}]}},"jetpack_featured_media_url":"","_links":{"self":[{"href":"https:\/\/bozsogiattila.hu\/index.php?rest_route=\/wp\/v2\/posts\/1060","targetHints":{"allow":["GET"]}}],"collection":[{"href":"https:\/\/bozsogiattila.hu\/index.php?rest_route=\/wp\/v2\/posts"}],"about":[{"href":"https:\/\/bozsogiattila.hu\/index.php?rest_route=\/wp\/v2\/types\/post"}],"author":[{"embeddable":true,"href":"https:\/\/bozsogiattila.hu\/index.php?rest_route=\/wp\/v2\/users\/3"}],"replies":[{"embeddable":true,"href":"https:\/\/bozsogiattila.hu\/index.php?rest_route=%2Fwp%2Fv2%2Fcomments&post=1060"}],"version-history":[{"count":1,"href":"https:\/\/bozsogiattila.hu\/index.php?rest_route=\/wp\/v2\/posts\/1060\/revisions"}],"predecessor-version":[{"id":1061,"href":"https:\/\/bozsogiattila.hu\/index.php?rest_route=\/wp\/v2\/posts\/1060\/revisions\/1061"}],"wp:attachment":[{"href":"https:\/\/bozsogiattila.hu\/index.php?rest_route=%2Fwp%2Fv2%2Fmedia&parent=1060"}],"wp:term":[{"taxonomy":"category","embeddable":true,"href":"https:\/\/bozsogiattila.hu\/index.php?rest_route=%2Fwp%2Fv2%2Fcategories&post=1060"},{"taxonomy":"post_tag","embeddable":true,"href":"https:\/\/bozsogiattila.hu\/index.php?rest_route=%2Fwp%2Fv2%2Ftags&post=1060"}],"curies":[{"name":"wp","href":"https:\/\/api.w.org\/{rel}","templated":true}]}}