{"id":1076,"date":"2016-12-25T18:04:00","date_gmt":"2016-12-25T18:04:00","guid":{"rendered":"https:\/\/bozsogiattila.hu\/?p=1076"},"modified":"2024-01-09T18:05:04","modified_gmt":"2024-01-09T18:05:04","slug":"karacsonykor","status":"publish","type":"post","link":"https:\/\/bozsogiattila.hu\/?p=1076","title":{"rendered":"KAR\u00c1CSONYKOR"},"content":{"rendered":"\n<p class=\"wp-block-paragraph\">KAR\u00c1CSONYKOR<\/p>\n\n\n\n<p class=\"wp-block-paragraph\">Elm\u00falt egy \u00e9v, megint itt van,<br>\u00d6r\u00f6m\u00f6t hozott el\u00e1nnal.<br>Ny\u00edlt az ajt\u00f3, bel\u00e9pett rajt\u2019,<br>Csal\u00e1dom \u00f6r\u00f6mujjongva.<\/p>\n\n\n\n<p class=\"wp-block-paragraph\">Kitti, Boti, Anna, Mira,<br>\u00c9s Attila mosolyogva.<br>J\u00f3 k\u00edv\u00e1ns\u00e1gukat mondt\u00e1k,<br>Sz\u00e9p szavukat elhadart\u00e1k.<\/p>\n\n\n\n<p class=\"wp-block-paragraph\">Kellemes kar\u00e1csonyt-, z\u00fagt\u00e1k,<br>Igaz \u00e9rzelm\u00fcket adt\u00e1k.<br>Meghat\u00f3dottan csak \u00e1lltam,<br>Nektek is azt-, b\u00fcszk\u00e9n mondtam.<\/p>\n\n\n\n<p class=\"wp-block-paragraph\">Nincs oly sz\u00e9psz\u00f3 a vil\u00e1gon,<br>Sem a F\u00f6ld\u00f6n, sem a Marson.<br>Sem aj\u00e1nd\u00e9k, sem hasonl\u00f3.<br>Ez az est-, h\u00e1tborzongat\u00f3.<\/p>\n\n\n\n<p class=\"wp-block-paragraph\">Egy\u00fctt voltunk, s megremegtem,<br>Szeretet\u00fcket \u00e9reztem.<br>Nekem \u0151k a vil\u00e1g kincse,<br>Nem is v\u00e1gyom m\u00e1s semmire.<\/p>\n\n\n\n<p class=\"wp-block-paragraph\">Kedves arcuk mosolyg\u00e1sa,<br>Csillog\u00f3 szem\u00fck var\u00e1zsa.<br>R\u00e1m szegez\u0151dtek akkor ott,<br>Igazsz\u00edv\u0171 pillant\u00e1sok.<\/p>\n\n\n\n<p class=\"wp-block-paragraph\">Fogs\u00e1gukba estem m\u00e1r r\u00e9g,<br>Minden perc\u00fck \u00f6r\u00f6k eml\u00e9k.<br>Sz\u00edvembe z\u00e1rva ott vannak,<br>A lelkemmel csatangolnak.<\/p>\n\n\n\n<p class=\"wp-block-paragraph\">Kar\u00e1csonykor fell\u00e1ngolnak,<br>\u00c9rz\u00e9seknek er\u0151t adnak.<br>Felid\u00e9zik-, amit tudnak,<br>Nekem ez a legszebbik nap.<\/p>\n\n\n\n<p class=\"wp-block-paragraph\">M\u00e9gis lehet, hogy t\u00e9vednek,<br>Hisz, \u00f6r\u00f6kk\u00e9 bennem \u00e9lnek.<br>Nincs az \u00e9vnek olyan perce,<br>Ami n\u00e9lk\u00fcl\u00fck eltelne.<\/p>\n\n\n\n<p class=\"wp-block-paragraph\">Legszebb napb\u00f3l nekem sok van,<br>Mindegyikben \u00e1ld\u00e1sosan.<br>Ott lapulnak, b\u00edzv\u00e1n tudj\u00e1k,<br>K\u00e9rem, most az \u00e9g \u00e1ld\u00e1s\u00e1t.<\/p>\n\n\n\n<p class=\"wp-block-paragraph\">Tudatomban, vagy a n\u00e9lk\u00fcl,<br>\u00c9letem az, gyorsan rep\u00fcl.<br>Sz\u00e1guldoznak velem mind\u00e9g,<br>Engedi t\u00e1n-, sok\u00e1\u2019 az \u00e9g.<\/p>\n\n\n\n<p class=\"wp-block-paragraph\">Egy kis csapat-, mi a csal\u00e1d,<br>\u00c9rt\u00fck mondok sok Hozsann\u00e1t.<br>\u00c1lmodozva j\u00e1rom utam,<br>Am\u00edg lehet-, boldogs\u00e1gban.<\/p>\n\n\n\n<p class=\"wp-block-paragraph\">Az eml\u00e9k\u00fck nagy k\u00f6nyv\u00e9be\u2019,<br>Nincs pillanat, mi-, nem \u00e9lne.<br>Fellapozom a lapokat,<br>S olvasom, a sz\u00e9p szavakat.<\/p>\n\n\n\n<p class=\"wp-block-paragraph\">\u00c9szrev\u00e9tlen mind feln\u0151ttek,<br>\u00c9rt\u00e9kes emberek lettek.<br>R\u00e1juk n\u00e9zek-, elm\u00e9l\u00e1zom,<br>\u00c9rdemes volt-, most m\u00e1r tudom.<\/p>\n\n\n\n<p class=\"wp-block-paragraph\">Ez\u00e9rt \u00e9ltem \u00e9s megkaptam,<br>\u00d6r\u00f6kk\u00f6n csak erre v\u00e1rtam.<br>Tal\u00e1n ez az \u00e9let rendje,<br>K\u00fczdelmekkel keveredve.<\/p>\n\n\n\n<p class=\"wp-block-paragraph\">Kar\u00e1csonykor \u00e1tgondolom,<br>B\u00e1rmeddig tart, ez az \u00e1lom.<br>Eml\u00e9k\u00fcket nem feledem,<br>Ha mennem kell-, velem viszem!<\/p>\n\n\n\n<p class=\"wp-block-paragraph\">Mak\u00f3, 2016-12-25<\/p>\n","protected":false},"excerpt":{"rendered":"<p>KAR\u00c1CSONYKOR Elm\u00falt egy \u00e9v, megint itt van,\u00d6r\u00f6m\u00f6t hozott el\u00e1nnal.Ny\u00edlt az ajt\u00f3, bel\u00e9pett rajt\u2019,Csal\u00e1dom \u00f6r\u00f6mujjongva. Kitti, Boti, Anna, Mira,\u00c9s Attila mosolyogva.J\u00f3 k\u00edv\u00e1ns\u00e1gukat mondt\u00e1k,Sz\u00e9p szavukat elhadart\u00e1k. Kellemes kar\u00e1csonyt-, z\u00fagt\u00e1k,Igaz \u00e9rzelm\u00fcket adt\u00e1k.Meghat\u00f3dottan csak \u00e1lltam,Nektek is azt-, b\u00fcszk\u00e9n mondtam. Nincs oly sz\u00e9psz\u00f3 a vil\u00e1gon,Sem a F\u00f6ld\u00f6n, sem a Marson.Sem aj\u00e1nd\u00e9k, sem hasonl\u00f3.Ez az est-, h\u00e1tborzongat\u00f3. Egy\u00fctt voltunk, s megremegtem,Szeretet\u00fcket &#8230; <a title=\"KAR\u00c1CSONYKOR\" class=\"read-more\" href=\"https:\/\/bozsogiattila.hu\/?p=1076\" aria-label=\"Tov\u00e1bbiak KAR\u00c1CSONYKOR\">Olvass tov\u00e1bb<\/a><\/p>\n","protected":false},"author":3,"featured_media":0,"comment_status":"closed","ping_status":"open","sticky":false,"template":"","format":"standard","meta":{"footnotes":""},"categories":[4],"tags":[319,12],"class_list":["post-1076","post","type-post","status-publish","format-standard","hentry","category-versek","tag-319","tag-mako"],"yoast_head":"<!-- This site is optimized with the Yoast SEO plugin v21.8 - https:\/\/yoast.com\/wordpress\/plugins\/seo\/ -->\n<title>KAR\u00c1CSONYKOR - Bozsogi Attila<\/title>\n<meta name=\"robots\" content=\"index, follow, max-snippet:-1, max-image-preview:large, max-video-preview:-1\" \/>\n<link rel=\"canonical\" href=\"https:\/\/bozsogiattila.hu\/?p=1076\" \/>\n<meta property=\"og:locale\" content=\"hu_HU\" \/>\n<meta property=\"og:type\" content=\"article\" \/>\n<meta property=\"og:title\" content=\"KAR\u00c1CSONYKOR - Bozsogi Attila\" \/>\n<meta property=\"og:description\" content=\"KAR\u00c1CSONYKOR Elm\u00falt egy \u00e9v, megint itt van,\u00d6r\u00f6m\u00f6t hozott el\u00e1nnal.Ny\u00edlt az ajt\u00f3, bel\u00e9pett rajt\u2019,Csal\u00e1dom \u00f6r\u00f6mujjongva. Kitti, Boti, Anna, Mira,\u00c9s Attila mosolyogva.J\u00f3 k\u00edv\u00e1ns\u00e1gukat mondt\u00e1k,Sz\u00e9p szavukat elhadart\u00e1k. Kellemes kar\u00e1csonyt-, z\u00fagt\u00e1k,Igaz \u00e9rzelm\u00fcket adt\u00e1k.Meghat\u00f3dottan csak \u00e1lltam,Nektek is azt-, b\u00fcszk\u00e9n mondtam. Nincs oly sz\u00e9psz\u00f3 a vil\u00e1gon,Sem a F\u00f6ld\u00f6n, sem a Marson.Sem aj\u00e1nd\u00e9k, sem hasonl\u00f3.Ez az est-, h\u00e1tborzongat\u00f3. Egy\u00fctt voltunk, s megremegtem,Szeretet\u00fcket ... Olvass tov\u00e1bb\" \/>\n<meta property=\"og:url\" content=\"https:\/\/bozsogiattila.hu\/?p=1076\" \/>\n<meta property=\"og:site_name\" content=\"Bozsogi Attila\" \/>\n<meta property=\"article:published_time\" content=\"2016-12-25T18:04:00+00:00\" \/>\n<meta property=\"article:modified_time\" content=\"2024-01-09T18:05:04+00:00\" \/>\n<meta name=\"author\" content=\"Bozsogi Attila\" \/>\n<meta name=\"twitter:card\" content=\"summary_large_image\" \/>\n<meta name=\"twitter:label1\" content=\"Szerz\u0151:\" \/>\n\t<meta name=\"twitter:data1\" content=\"Bozsogi Attila\" \/>\n\t<meta name=\"twitter:label2\" content=\"Becs\u00fclt olvas\u00e1si id\u0151\" \/>\n\t<meta name=\"twitter:data2\" content=\"2 perc\" \/>\n<script type=\"application\/ld+json\" class=\"yoast-schema-graph\">{\"@context\":\"https:\/\/schema.org\",\"@graph\":[{\"@type\":\"WebPage\",\"@id\":\"https:\/\/bozsogiattila.hu\/?p=1076\",\"url\":\"https:\/\/bozsogiattila.hu\/?p=1076\",\"name\":\"KAR\u00c1CSONYKOR - Bozsogi Attila\",\"isPartOf\":{\"@id\":\"https:\/\/bozsogiattila.hu\/#website\"},\"datePublished\":\"2016-12-25T18:04:00+00:00\",\"dateModified\":\"2024-01-09T18:05:04+00:00\",\"author\":{\"@id\":\"https:\/\/bozsogiattila.hu\/#\/schema\/person\/488c99f554a8c4039201260dd5eb795e\"},\"breadcrumb\":{\"@id\":\"https:\/\/bozsogiattila.hu\/?p=1076#breadcrumb\"},\"inLanguage\":\"hu\",\"potentialAction\":[{\"@type\":\"ReadAction\",\"target\":[\"https:\/\/bozsogiattila.hu\/?p=1076\"]}]},{\"@type\":\"BreadcrumbList\",\"@id\":\"https:\/\/bozsogiattila.hu\/?p=1076#breadcrumb\",\"itemListElement\":[{\"@type\":\"ListItem\",\"position\":1,\"name\":\"Kezd\u0151lap\",\"item\":\"https:\/\/bozsogiattila.hu\/\"},{\"@type\":\"ListItem\",\"position\":2,\"name\":\"KAR\u00c1CSONYKOR\"}]},{\"@type\":\"WebSite\",\"@id\":\"https:\/\/bozsogiattila.hu\/#website\",\"url\":\"https:\/\/bozsogiattila.hu\/\",\"name\":\"Bozsogi Attila\",\"description\":\"a zen\u00e9sz, \u00edr\u00f3 munk\u00e1ss\u00e1g\u00e1nak \u00e9s a mak\u00f3i muzsikusok eml\u00e9k\u00e9t \u0151rz\u0151 oldal\",\"potentialAction\":[{\"@type\":\"SearchAction\",\"target\":{\"@type\":\"EntryPoint\",\"urlTemplate\":\"https:\/\/bozsogiattila.hu\/?s={search_term_string}\"},\"query-input\":\"required name=search_term_string\"}],\"inLanguage\":\"hu\"},{\"@type\":\"Person\",\"@id\":\"https:\/\/bozsogiattila.hu\/#\/schema\/person\/488c99f554a8c4039201260dd5eb795e\",\"name\":\"Bozsogi Attila\",\"image\":{\"@type\":\"ImageObject\",\"inLanguage\":\"hu\",\"@id\":\"https:\/\/bozsogiattila.hu\/#\/schema\/person\/image\/\",\"url\":\"https:\/\/secure.gravatar.com\/avatar\/7da6b5985e34ed798d1670c54ce7d20e6a53b800bb0c07945c64b09392f3dbfd?s=96&d=mm&r=g\",\"contentUrl\":\"https:\/\/secure.gravatar.com\/avatar\/7da6b5985e34ed798d1670c54ce7d20e6a53b800bb0c07945c64b09392f3dbfd?s=96&d=mm&r=g\",\"caption\":\"Bozsogi Attila\"},\"sameAs\":[\"http:\/\/www.boszogiattila.hu\"],\"url\":\"https:\/\/bozsogiattila.hu\/?author=3\"}]}<\/script>\n<!-- \/ Yoast SEO plugin. -->","yoast_head_json":{"title":"KAR\u00c1CSONYKOR - Bozsogi Attila","robots":{"index":"index","follow":"follow","max-snippet":"max-snippet:-1","max-image-preview":"max-image-preview:large","max-video-preview":"max-video-preview:-1"},"canonical":"https:\/\/bozsogiattila.hu\/?p=1076","og_locale":"hu_HU","og_type":"article","og_title":"KAR\u00c1CSONYKOR - Bozsogi Attila","og_description":"KAR\u00c1CSONYKOR Elm\u00falt egy \u00e9v, megint itt van,\u00d6r\u00f6m\u00f6t hozott el\u00e1nnal.Ny\u00edlt az ajt\u00f3, bel\u00e9pett rajt\u2019,Csal\u00e1dom \u00f6r\u00f6mujjongva. Kitti, Boti, Anna, Mira,\u00c9s Attila mosolyogva.J\u00f3 k\u00edv\u00e1ns\u00e1gukat mondt\u00e1k,Sz\u00e9p szavukat elhadart\u00e1k. Kellemes kar\u00e1csonyt-, z\u00fagt\u00e1k,Igaz \u00e9rzelm\u00fcket adt\u00e1k.Meghat\u00f3dottan csak \u00e1lltam,Nektek is azt-, b\u00fcszk\u00e9n mondtam. Nincs oly sz\u00e9psz\u00f3 a vil\u00e1gon,Sem a F\u00f6ld\u00f6n, sem a Marson.Sem aj\u00e1nd\u00e9k, sem hasonl\u00f3.Ez az est-, h\u00e1tborzongat\u00f3. Egy\u00fctt voltunk, s megremegtem,Szeretet\u00fcket ... Olvass tov\u00e1bb","og_url":"https:\/\/bozsogiattila.hu\/?p=1076","og_site_name":"Bozsogi Attila","article_published_time":"2016-12-25T18:04:00+00:00","article_modified_time":"2024-01-09T18:05:04+00:00","author":"Bozsogi Attila","twitter_card":"summary_large_image","twitter_misc":{"Szerz\u0151:":"Bozsogi Attila","Becs\u00fclt olvas\u00e1si id\u0151":"2 perc"},"schema":{"@context":"https:\/\/schema.org","@graph":[{"@type":"WebPage","@id":"https:\/\/bozsogiattila.hu\/?p=1076","url":"https:\/\/bozsogiattila.hu\/?p=1076","name":"KAR\u00c1CSONYKOR - Bozsogi Attila","isPartOf":{"@id":"https:\/\/bozsogiattila.hu\/#website"},"datePublished":"2016-12-25T18:04:00+00:00","dateModified":"2024-01-09T18:05:04+00:00","author":{"@id":"https:\/\/bozsogiattila.hu\/#\/schema\/person\/488c99f554a8c4039201260dd5eb795e"},"breadcrumb":{"@id":"https:\/\/bozsogiattila.hu\/?p=1076#breadcrumb"},"inLanguage":"hu","potentialAction":[{"@type":"ReadAction","target":["https:\/\/bozsogiattila.hu\/?p=1076"]}]},{"@type":"BreadcrumbList","@id":"https:\/\/bozsogiattila.hu\/?p=1076#breadcrumb","itemListElement":[{"@type":"ListItem","position":1,"name":"Kezd\u0151lap","item":"https:\/\/bozsogiattila.hu\/"},{"@type":"ListItem","position":2,"name":"KAR\u00c1CSONYKOR"}]},{"@type":"WebSite","@id":"https:\/\/bozsogiattila.hu\/#website","url":"https:\/\/bozsogiattila.hu\/","name":"Bozsogi Attila","description":"a zen\u00e9sz, \u00edr\u00f3 munk\u00e1ss\u00e1g\u00e1nak \u00e9s a mak\u00f3i muzsikusok eml\u00e9k\u00e9t \u0151rz\u0151 oldal","potentialAction":[{"@type":"SearchAction","target":{"@type":"EntryPoint","urlTemplate":"https:\/\/bozsogiattila.hu\/?s={search_term_string}"},"query-input":"required name=search_term_string"}],"inLanguage":"hu"},{"@type":"Person","@id":"https:\/\/bozsogiattila.hu\/#\/schema\/person\/488c99f554a8c4039201260dd5eb795e","name":"Bozsogi Attila","image":{"@type":"ImageObject","inLanguage":"hu","@id":"https:\/\/bozsogiattila.hu\/#\/schema\/person\/image\/","url":"https:\/\/secure.gravatar.com\/avatar\/7da6b5985e34ed798d1670c54ce7d20e6a53b800bb0c07945c64b09392f3dbfd?s=96&d=mm&r=g","contentUrl":"https:\/\/secure.gravatar.com\/avatar\/7da6b5985e34ed798d1670c54ce7d20e6a53b800bb0c07945c64b09392f3dbfd?s=96&d=mm&r=g","caption":"Bozsogi Attila"},"sameAs":["http:\/\/www.boszogiattila.hu"],"url":"https:\/\/bozsogiattila.hu\/?author=3"}]}},"jetpack_featured_media_url":"","_links":{"self":[{"href":"https:\/\/bozsogiattila.hu\/index.php?rest_route=\/wp\/v2\/posts\/1076","targetHints":{"allow":["GET"]}}],"collection":[{"href":"https:\/\/bozsogiattila.hu\/index.php?rest_route=\/wp\/v2\/posts"}],"about":[{"href":"https:\/\/bozsogiattila.hu\/index.php?rest_route=\/wp\/v2\/types\/post"}],"author":[{"embeddable":true,"href":"https:\/\/bozsogiattila.hu\/index.php?rest_route=\/wp\/v2\/users\/3"}],"replies":[{"embeddable":true,"href":"https:\/\/bozsogiattila.hu\/index.php?rest_route=%2Fwp%2Fv2%2Fcomments&post=1076"}],"version-history":[{"count":1,"href":"https:\/\/bozsogiattila.hu\/index.php?rest_route=\/wp\/v2\/posts\/1076\/revisions"}],"predecessor-version":[{"id":1077,"href":"https:\/\/bozsogiattila.hu\/index.php?rest_route=\/wp\/v2\/posts\/1076\/revisions\/1077"}],"wp:attachment":[{"href":"https:\/\/bozsogiattila.hu\/index.php?rest_route=%2Fwp%2Fv2%2Fmedia&parent=1076"}],"wp:term":[{"taxonomy":"category","embeddable":true,"href":"https:\/\/bozsogiattila.hu\/index.php?rest_route=%2Fwp%2Fv2%2Fcategories&post=1076"},{"taxonomy":"post_tag","embeddable":true,"href":"https:\/\/bozsogiattila.hu\/index.php?rest_route=%2Fwp%2Fv2%2Ftags&post=1076"}],"curies":[{"name":"wp","href":"https:\/\/api.w.org\/{rel}","templated":true}]}}