{"id":1080,"date":"2016-06-11T18:06:00","date_gmt":"2016-06-11T18:06:00","guid":{"rendered":"https:\/\/bozsogiattila.hu\/?p=1080"},"modified":"2024-01-09T18:07:01","modified_gmt":"2024-01-09T18:07:01","slug":"kepek","status":"publish","type":"post","link":"https:\/\/bozsogiattila.hu\/?p=1080","title":{"rendered":"K\u00c9PEK!"},"content":{"rendered":"\n<p class=\"wp-block-paragraph\">K\u00c9PEK!<\/p>\n\n\n\n<p class=\"wp-block-paragraph\">A k\u00e9peim k\u00f6z\u00f6tt \u00e9lek,<br>\u0150k jelentnek eml\u00e9keket.<br>Visszavezetnek a m\u00faltba,<br>Ifj\u00fa \u00e9vek m\u00e1mor\u00e1ba.<\/p>\n\n\n\n<p class=\"wp-block-paragraph\">Az \u0151seim velem vannak,<br>Pedig m\u00e1r r\u00e9gen elhagytak.<br>Egy napon azt vettem \u00e9szre,<br>Magam vagyok elfeledve.<\/p>\n\n\n\n<p class=\"wp-block-paragraph\">K\u00f6r\u00f6ttem ott fenn a falon,<br>Mint megannyi nagyhatalom.<br>K\u00e9pkeretben, eml\u00e9kk\u00e9pben,<br>Ott van hely\u00fck a lelkemben.<\/p>\n\n\n\n<p class=\"wp-block-paragraph\">Elmerengek n\u00e9m\u00e1n, csendben,<br>Az id\u0151tlen messzes\u00e9gben.<br>Megjelennek k\u00e9pzeletben,<br>\u00c1t\u00f6lelnek szeretetben.<\/p>\n\n\n\n<p class=\"wp-block-paragraph\">Gondolatom hat\u00e1s\u00e1ra,<br>El\u00e9m j\u00f6nnek, sz\u00e9pen sorba\u2019.<br>A magasb\u00f3l r\u00e1m nevetnek,<br>Simogat\u00f3n bec\u00e9zgetnek.<\/p>\n\n\n\n<p class=\"wp-block-paragraph\">Ben\u00e9pes\u00fcl szob\u00e1m vel\u00fck,<br>Tal\u00e1n most is van m\u00e9g terv\u00fck.<br>Egyengetn\u00e9k az utamat,<br>Nekem bizalmat adn\u00e1nak.<\/p>\n\n\n\n<p class=\"wp-block-paragraph\">A r\u00e1m\u00e1kb\u00f3l, hogy r\u00e1m tekintnek,<br>Alakjaik megremegnek.<br>Vagy t\u00e1n sz\u00edvemnek j\u00e1t\u00e9ka,<br>Hozz\u00e1m \u0151ket visszahozza.<\/p>\n\n\n\n<p class=\"wp-block-paragraph\">\u00d6t gener\u00e1ci\u00f3 n\u00e1lam,<br>Ott lakozik a szob\u00e1mban.<br>B\u00e9kess\u00e9g honol k\u00f6z\u00f6tt\u00fck,<br>El\u00e1raszt a szeretet\u00fck.<\/p>\n\n\n\n<p class=\"wp-block-paragraph\">B\u00e1styak\u00e9nt, hogy k\u00f6r\u00fcl vesznek,<br>Tornyosulnak az eml\u00e9kek.<br>Ereklyek\u00e9nt laknak velem,<br>\u00d6v\u00e9k minden tiszteletem.<\/p>\n\n\n\n<p class=\"wp-block-paragraph\">Gyermekfejjel boldog voltam,<br>R\u00f3luk sokat \u00e1lmodoztam.<br>M\u00e9gis messze mentek t\u0151lem,<br>Itt maradtam elfeledten.<\/p>\n\n\n\n<p class=\"wp-block-paragraph\">Tal\u00e1n v\u00e1rnak r\u00e1m titokban,<br>T\u00falvil\u00e1gi otthonukban.<br>\u0150k sem feledtek el engem,<br>Lenn a f\u00f6ldi \u00e9letemben.<\/p>\n\n\n\n<p class=\"wp-block-paragraph\">Korom megvolna m\u00e1r hozz\u00e1,<br>M\u00e9gsem megyek m\u00e9g sehov\u00e1.<br>Igaz! H\u00edvni nem h\u00edvtak m\u00e9g,<br>Akkor minek, mi\u00e9rt menn\u00e9k?<\/p>\n\n\n\n<p class=\"wp-block-paragraph\">A holnapot halogatom,<br>Egyre messzebbre eltolom.<br>A v\u00e1gy\u00e1lom ide k\u00f6t m\u00e9g,<br>\u00c9lni sok\u00e1ig szeretn\u00e9k.<\/p>\n\n\n\n<p class=\"wp-block-paragraph\">Tervek, \u00e1lmok sokasodnak,<br>\u00d6tletek k\u00f6zt raboskodnak.<br>Annyi sok minden k\u00f6t ide,<br>Itt hagyni mind, csak b\u0171n lenne.<\/p>\n\n\n\n<p class=\"wp-block-paragraph\">Unok\u00e1im kacag\u00e1sa,<br>F\u00fclemnek az, sz\u00e9p muzsika.<br>\u00d6reg napok \u00fcdv\u00f6ss\u00e9ge,<br>Minden id\u0151k rem\u00e9nys\u00e9ge.<\/p>\n\n\n\n<p class=\"wp-block-paragraph\">Ne h\u00edvjatok h\u00e1t \u0151seim,<br>Sz\u00edvem, lelkem, szeretteim.<br>Maradjatok mindig velem,<br>Hagyj\u00e1tok, hogy itt lent \u00e9ljem!<\/p>\n\n\n\n<p class=\"wp-block-paragraph\">Mak\u00f3, 2016-06-11<\/p>\n","protected":false},"excerpt":{"rendered":"<p>K\u00c9PEK! A k\u00e9peim k\u00f6z\u00f6tt \u00e9lek,\u0150k jelentnek eml\u00e9keket.Visszavezetnek a m\u00faltba,Ifj\u00fa \u00e9vek m\u00e1mor\u00e1ba. Az \u0151seim velem vannak,Pedig m\u00e1r r\u00e9gen elhagytak.Egy napon azt vettem \u00e9szre,Magam vagyok elfeledve. K\u00f6r\u00f6ttem ott fenn a falon,Mint megannyi nagyhatalom.K\u00e9pkeretben, eml\u00e9kk\u00e9pben,Ott van hely\u00fck a lelkemben. Elmerengek n\u00e9m\u00e1n, csendben,Az id\u0151tlen messzes\u00e9gben.Megjelennek k\u00e9pzeletben,\u00c1t\u00f6lelnek szeretetben. Gondolatom hat\u00e1s\u00e1ra,El\u00e9m j\u00f6nnek, sz\u00e9pen sorba\u2019.A magasb\u00f3l r\u00e1m nevetnek,Simogat\u00f3n bec\u00e9zgetnek. Ben\u00e9pes\u00fcl szob\u00e1m vel\u00fck,Tal\u00e1n &#8230; <a title=\"K\u00c9PEK!\" class=\"read-more\" href=\"https:\/\/bozsogiattila.hu\/?p=1080\" aria-label=\"Tov\u00e1bbiak K\u00c9PEK!\">Olvass tov\u00e1bb<\/a><\/p>\n","protected":false},"author":3,"featured_media":0,"comment_status":"closed","ping_status":"open","sticky":false,"template":"","format":"standard","meta":{"footnotes":""},"categories":[4],"tags":[319,12],"class_list":["post-1080","post","type-post","status-publish","format-standard","hentry","category-versek","tag-319","tag-mako"],"yoast_head":"<!-- This site is optimized with the Yoast SEO plugin v21.8 - https:\/\/yoast.com\/wordpress\/plugins\/seo\/ -->\n<title>K\u00c9PEK! - Bozsogi Attila<\/title>\n<meta name=\"robots\" content=\"index, follow, max-snippet:-1, max-image-preview:large, max-video-preview:-1\" \/>\n<link rel=\"canonical\" href=\"https:\/\/bozsogiattila.hu\/?p=1080\" \/>\n<meta property=\"og:locale\" content=\"hu_HU\" \/>\n<meta property=\"og:type\" content=\"article\" \/>\n<meta property=\"og:title\" content=\"K\u00c9PEK! - Bozsogi Attila\" \/>\n<meta property=\"og:description\" content=\"K\u00c9PEK! A k\u00e9peim k\u00f6z\u00f6tt \u00e9lek,\u0150k jelentnek eml\u00e9keket.Visszavezetnek a m\u00faltba,Ifj\u00fa \u00e9vek m\u00e1mor\u00e1ba. Az \u0151seim velem vannak,Pedig m\u00e1r r\u00e9gen elhagytak.Egy napon azt vettem \u00e9szre,Magam vagyok elfeledve. K\u00f6r\u00f6ttem ott fenn a falon,Mint megannyi nagyhatalom.K\u00e9pkeretben, eml\u00e9kk\u00e9pben,Ott van hely\u00fck a lelkemben. Elmerengek n\u00e9m\u00e1n, csendben,Az id\u0151tlen messzes\u00e9gben.Megjelennek k\u00e9pzeletben,\u00c1t\u00f6lelnek szeretetben. Gondolatom hat\u00e1s\u00e1ra,El\u00e9m j\u00f6nnek, sz\u00e9pen sorba\u2019.A magasb\u00f3l r\u00e1m nevetnek,Simogat\u00f3n bec\u00e9zgetnek. Ben\u00e9pes\u00fcl szob\u00e1m vel\u00fck,Tal\u00e1n ... Olvass tov\u00e1bb\" \/>\n<meta property=\"og:url\" content=\"https:\/\/bozsogiattila.hu\/?p=1080\" \/>\n<meta property=\"og:site_name\" content=\"Bozsogi Attila\" \/>\n<meta property=\"article:published_time\" content=\"2016-06-11T18:06:00+00:00\" \/>\n<meta property=\"article:modified_time\" content=\"2024-01-09T18:07:01+00:00\" \/>\n<meta name=\"author\" content=\"Bozsogi Attila\" \/>\n<meta name=\"twitter:card\" content=\"summary_large_image\" \/>\n<meta name=\"twitter:label1\" content=\"Szerz\u0151:\" \/>\n\t<meta name=\"twitter:data1\" content=\"Bozsogi Attila\" \/>\n\t<meta name=\"twitter:label2\" content=\"Becs\u00fclt olvas\u00e1si id\u0151\" \/>\n\t<meta name=\"twitter:data2\" content=\"2 perc\" \/>\n<script type=\"application\/ld+json\" class=\"yoast-schema-graph\">{\"@context\":\"https:\/\/schema.org\",\"@graph\":[{\"@type\":\"WebPage\",\"@id\":\"https:\/\/bozsogiattila.hu\/?p=1080\",\"url\":\"https:\/\/bozsogiattila.hu\/?p=1080\",\"name\":\"K\u00c9PEK! - Bozsogi Attila\",\"isPartOf\":{\"@id\":\"https:\/\/bozsogiattila.hu\/#website\"},\"datePublished\":\"2016-06-11T18:06:00+00:00\",\"dateModified\":\"2024-01-09T18:07:01+00:00\",\"author\":{\"@id\":\"https:\/\/bozsogiattila.hu\/#\/schema\/person\/488c99f554a8c4039201260dd5eb795e\"},\"breadcrumb\":{\"@id\":\"https:\/\/bozsogiattila.hu\/?p=1080#breadcrumb\"},\"inLanguage\":\"hu\",\"potentialAction\":[{\"@type\":\"ReadAction\",\"target\":[\"https:\/\/bozsogiattila.hu\/?p=1080\"]}]},{\"@type\":\"BreadcrumbList\",\"@id\":\"https:\/\/bozsogiattila.hu\/?p=1080#breadcrumb\",\"itemListElement\":[{\"@type\":\"ListItem\",\"position\":1,\"name\":\"Kezd\u0151lap\",\"item\":\"https:\/\/bozsogiattila.hu\/\"},{\"@type\":\"ListItem\",\"position\":2,\"name\":\"K\u00c9PEK!\"}]},{\"@type\":\"WebSite\",\"@id\":\"https:\/\/bozsogiattila.hu\/#website\",\"url\":\"https:\/\/bozsogiattila.hu\/\",\"name\":\"Bozsogi Attila\",\"description\":\"a zen\u00e9sz, \u00edr\u00f3 munk\u00e1ss\u00e1g\u00e1nak \u00e9s a mak\u00f3i muzsikusok eml\u00e9k\u00e9t \u0151rz\u0151 oldal\",\"potentialAction\":[{\"@type\":\"SearchAction\",\"target\":{\"@type\":\"EntryPoint\",\"urlTemplate\":\"https:\/\/bozsogiattila.hu\/?s={search_term_string}\"},\"query-input\":\"required name=search_term_string\"}],\"inLanguage\":\"hu\"},{\"@type\":\"Person\",\"@id\":\"https:\/\/bozsogiattila.hu\/#\/schema\/person\/488c99f554a8c4039201260dd5eb795e\",\"name\":\"Bozsogi Attila\",\"image\":{\"@type\":\"ImageObject\",\"inLanguage\":\"hu\",\"@id\":\"https:\/\/bozsogiattila.hu\/#\/schema\/person\/image\/\",\"url\":\"https:\/\/secure.gravatar.com\/avatar\/7da6b5985e34ed798d1670c54ce7d20e6a53b800bb0c07945c64b09392f3dbfd?s=96&d=mm&r=g\",\"contentUrl\":\"https:\/\/secure.gravatar.com\/avatar\/7da6b5985e34ed798d1670c54ce7d20e6a53b800bb0c07945c64b09392f3dbfd?s=96&d=mm&r=g\",\"caption\":\"Bozsogi Attila\"},\"sameAs\":[\"http:\/\/www.boszogiattila.hu\"],\"url\":\"https:\/\/bozsogiattila.hu\/?author=3\"}]}<\/script>\n<!-- \/ Yoast SEO plugin. -->","yoast_head_json":{"title":"K\u00c9PEK! - Bozsogi Attila","robots":{"index":"index","follow":"follow","max-snippet":"max-snippet:-1","max-image-preview":"max-image-preview:large","max-video-preview":"max-video-preview:-1"},"canonical":"https:\/\/bozsogiattila.hu\/?p=1080","og_locale":"hu_HU","og_type":"article","og_title":"K\u00c9PEK! - Bozsogi Attila","og_description":"K\u00c9PEK! A k\u00e9peim k\u00f6z\u00f6tt \u00e9lek,\u0150k jelentnek eml\u00e9keket.Visszavezetnek a m\u00faltba,Ifj\u00fa \u00e9vek m\u00e1mor\u00e1ba. Az \u0151seim velem vannak,Pedig m\u00e1r r\u00e9gen elhagytak.Egy napon azt vettem \u00e9szre,Magam vagyok elfeledve. K\u00f6r\u00f6ttem ott fenn a falon,Mint megannyi nagyhatalom.K\u00e9pkeretben, eml\u00e9kk\u00e9pben,Ott van hely\u00fck a lelkemben. Elmerengek n\u00e9m\u00e1n, csendben,Az id\u0151tlen messzes\u00e9gben.Megjelennek k\u00e9pzeletben,\u00c1t\u00f6lelnek szeretetben. Gondolatom hat\u00e1s\u00e1ra,El\u00e9m j\u00f6nnek, sz\u00e9pen sorba\u2019.A magasb\u00f3l r\u00e1m nevetnek,Simogat\u00f3n bec\u00e9zgetnek. Ben\u00e9pes\u00fcl szob\u00e1m vel\u00fck,Tal\u00e1n ... Olvass tov\u00e1bb","og_url":"https:\/\/bozsogiattila.hu\/?p=1080","og_site_name":"Bozsogi Attila","article_published_time":"2016-06-11T18:06:00+00:00","article_modified_time":"2024-01-09T18:07:01+00:00","author":"Bozsogi Attila","twitter_card":"summary_large_image","twitter_misc":{"Szerz\u0151:":"Bozsogi Attila","Becs\u00fclt olvas\u00e1si id\u0151":"2 perc"},"schema":{"@context":"https:\/\/schema.org","@graph":[{"@type":"WebPage","@id":"https:\/\/bozsogiattila.hu\/?p=1080","url":"https:\/\/bozsogiattila.hu\/?p=1080","name":"K\u00c9PEK! - Bozsogi Attila","isPartOf":{"@id":"https:\/\/bozsogiattila.hu\/#website"},"datePublished":"2016-06-11T18:06:00+00:00","dateModified":"2024-01-09T18:07:01+00:00","author":{"@id":"https:\/\/bozsogiattila.hu\/#\/schema\/person\/488c99f554a8c4039201260dd5eb795e"},"breadcrumb":{"@id":"https:\/\/bozsogiattila.hu\/?p=1080#breadcrumb"},"inLanguage":"hu","potentialAction":[{"@type":"ReadAction","target":["https:\/\/bozsogiattila.hu\/?p=1080"]}]},{"@type":"BreadcrumbList","@id":"https:\/\/bozsogiattila.hu\/?p=1080#breadcrumb","itemListElement":[{"@type":"ListItem","position":1,"name":"Kezd\u0151lap","item":"https:\/\/bozsogiattila.hu\/"},{"@type":"ListItem","position":2,"name":"K\u00c9PEK!"}]},{"@type":"WebSite","@id":"https:\/\/bozsogiattila.hu\/#website","url":"https:\/\/bozsogiattila.hu\/","name":"Bozsogi Attila","description":"a zen\u00e9sz, \u00edr\u00f3 munk\u00e1ss\u00e1g\u00e1nak \u00e9s a mak\u00f3i muzsikusok eml\u00e9k\u00e9t \u0151rz\u0151 oldal","potentialAction":[{"@type":"SearchAction","target":{"@type":"EntryPoint","urlTemplate":"https:\/\/bozsogiattila.hu\/?s={search_term_string}"},"query-input":"required name=search_term_string"}],"inLanguage":"hu"},{"@type":"Person","@id":"https:\/\/bozsogiattila.hu\/#\/schema\/person\/488c99f554a8c4039201260dd5eb795e","name":"Bozsogi Attila","image":{"@type":"ImageObject","inLanguage":"hu","@id":"https:\/\/bozsogiattila.hu\/#\/schema\/person\/image\/","url":"https:\/\/secure.gravatar.com\/avatar\/7da6b5985e34ed798d1670c54ce7d20e6a53b800bb0c07945c64b09392f3dbfd?s=96&d=mm&r=g","contentUrl":"https:\/\/secure.gravatar.com\/avatar\/7da6b5985e34ed798d1670c54ce7d20e6a53b800bb0c07945c64b09392f3dbfd?s=96&d=mm&r=g","caption":"Bozsogi Attila"},"sameAs":["http:\/\/www.boszogiattila.hu"],"url":"https:\/\/bozsogiattila.hu\/?author=3"}]}},"jetpack_featured_media_url":"","_links":{"self":[{"href":"https:\/\/bozsogiattila.hu\/index.php?rest_route=\/wp\/v2\/posts\/1080","targetHints":{"allow":["GET"]}}],"collection":[{"href":"https:\/\/bozsogiattila.hu\/index.php?rest_route=\/wp\/v2\/posts"}],"about":[{"href":"https:\/\/bozsogiattila.hu\/index.php?rest_route=\/wp\/v2\/types\/post"}],"author":[{"embeddable":true,"href":"https:\/\/bozsogiattila.hu\/index.php?rest_route=\/wp\/v2\/users\/3"}],"replies":[{"embeddable":true,"href":"https:\/\/bozsogiattila.hu\/index.php?rest_route=%2Fwp%2Fv2%2Fcomments&post=1080"}],"version-history":[{"count":1,"href":"https:\/\/bozsogiattila.hu\/index.php?rest_route=\/wp\/v2\/posts\/1080\/revisions"}],"predecessor-version":[{"id":1081,"href":"https:\/\/bozsogiattila.hu\/index.php?rest_route=\/wp\/v2\/posts\/1080\/revisions\/1081"}],"wp:attachment":[{"href":"https:\/\/bozsogiattila.hu\/index.php?rest_route=%2Fwp%2Fv2%2Fmedia&parent=1080"}],"wp:term":[{"taxonomy":"category","embeddable":true,"href":"https:\/\/bozsogiattila.hu\/index.php?rest_route=%2Fwp%2Fv2%2Fcategories&post=1080"},{"taxonomy":"post_tag","embeddable":true,"href":"https:\/\/bozsogiattila.hu\/index.php?rest_route=%2Fwp%2Fv2%2Ftags&post=1080"}],"curies":[{"name":"wp","href":"https:\/\/api.w.org\/{rel}","templated":true}]}}