{"id":1086,"date":"2017-01-01T18:08:00","date_gmt":"2017-01-01T18:08:00","guid":{"rendered":"https:\/\/bozsogiattila.hu\/?p=1086"},"modified":"2024-01-09T18:09:39","modified_gmt":"2024-01-09T18:09:39","slug":"ketezertizenhet","status":"publish","type":"post","link":"https:\/\/bozsogiattila.hu\/?p=1086","title":{"rendered":"K\u00c9TEZERTIZENH\u00c9T"},"content":{"rendered":"\n<p class=\"wp-block-paragraph\">K\u00c9TEZERTIZENH\u00c9T<\/p>\n\n\n\n<p class=\"wp-block-paragraph\">K\u00e9tezertizenh\u00e9t van m\u00e1r,<br>Ez lett most az als\u00f3 hat\u00e1r.<br>Fogadalmak els\u0151 napja<br>\u00daj fejezet indul\u00f3ja.<\/p>\n\n\n\n<p class=\"wp-block-paragraph\">Elkezd\u0151d\u00f6tt, s halad tov\u00e1bb,<br>Nem lesz senkinek sem meg\u00e1llj.<br>Megy\u00fcnk sima, r\u00f6g\u00f6s \u00faton,<br>Haladunk most t\u00e9tov\u00e1z\u00f3n.<\/p>\n\n\n\n<p class=\"wp-block-paragraph\">Kutatjuk a j\u00f6v\u0151nk titk\u00e1t,<br>\u00c1br\u00e1ndjainknak var\u00e1zs\u00e1t.<br>Ki tudja, hogy mit hoz nek\u00fcnk,<br>Erre nincsen felelt\u00fcnk?<\/p>\n\n\n\n<p class=\"wp-block-paragraph\">Az \u00e9jszak\u00e1t \u00e1tmulattuk,<br>Gondjainkat, azt otthagytuk.<br>Vid\u00e1m arccal b\u00facs\u00fazkodtunk,<br>Bar\u00e1tt\u00f3l biztat\u00e1st kaptunk.<\/p>\n\n\n\n<p class=\"wp-block-paragraph\">\u00daj\u00e9v k\u00f6sz\u00f6nt\u00f6tt benn\u00fcnket,<br>R\u00e1nk virradt a legf\u0151bb \u00fcnnep.<br>Himnusz sz\u00f3lt \u00e9jf\u00e9lkor nek\u00fcnk,<br>\u00c1ld\u00e1st k\u00e9rve rem\u00e9nykedt\u00fcnk.<\/p>\n\n\n\n<p class=\"wp-block-paragraph\">Rem\u00e9ny hal meg utolj\u00e1ra,<br>Gondoljunk a csal\u00e1dunkra.<br>\u00c9rt\u00fck \u00e9lt\u00fcnk, s \u00e9lni fogunk,<br>Ez lesz ism\u00e9t feladatunk.<\/p>\n\n\n\n<p class=\"wp-block-paragraph\">B\u00e9kess\u00e9get, szeretetet,<br>Hirdessenek embereknek.<br>Mondjuk egy\u00fctt, s eml\u00e9kezz\u00fcnk,<br>\u201eHaz\u00e1dnak rend\u00fcletlen\u00fcl\u201d.<\/p>\n\n\n\n<p class=\"wp-block-paragraph\">Sz\u00f3zat sz\u00f3ljon, \u00e9kes hangon,<br>Sz\u00e9kely himnusz felhangozzon,<br>Nagy Magyarorsz\u00e1gnak k\u00e9pe,<br>Be van eml\u00e9k\u00fcnkbe v\u00e9sve.<\/p>\n\n\n\n<p class=\"wp-block-paragraph\">J\u00f6jjenek a b\u00e9k\u00e9s napok,<br>Ragyogjanak a csillagok.<br>Ellens\u00e9g ker\u00fclj\u00f6n minket,<br>H\u00e1zainkat \u00e9s kert\u00fcnket.<\/p>\n\n\n\n<p class=\"wp-block-paragraph\">Dolgos h\u00e9tk\u00f6znapjainkban,<br>Ne zavarjanak gonoszan.<br>Mosoly ragyogjon orc\u00e1nkon,<br>B\u00e1nat ne bar\u00e1zd\u00e1t h\u00fazzon.<\/p>\n\n\n\n<p class=\"wp-block-paragraph\">A holnap \u00e9s holnap ut\u00e1n,<br>Vagy tal\u00e1n m\u00e9g, majd azut\u00e1n.<br>Sikereket \u00e9lj\u00fcnk mi meg,<br>\u00c9p\u00edts\u00fck a szerencs\u00e9nket.<\/p>\n\n\n\n<p class=\"wp-block-paragraph\">Terveinket kov\u00e1csoljuk,<br>Az eredm\u00e9nyt hangoztassuk.<br>Ha felvirul majd egykoron,<br>A f\u00e9nyess\u00e9g r\u00e1nk ragyogjon.<\/p>\n\n\n\n<p class=\"wp-block-paragraph\">Zene sz\u00f3ljon, \u00e9s harsogjon,<br>B\u00e9ke dallama sz\u00e1rnyaljon.<br>Hat\u00e1ron t\u00fal, s azon innen,<br>Egys\u00e9get, er\u0151t \u00e9p\u00edtsen.<\/p>\n\n\n\n<p class=\"wp-block-paragraph\">Sokat szenvedett m\u00e1r n\u00e9p\u00fcnk,<br>Tal\u00e1n egyszer \u00e9bredez\u00fcnk.<br>\u00d6tvenhatnak az eml\u00e9ke,<br>Megtorl\u00e1snak, bor\u00fas k\u00e9pe.<\/p>\n\n\n\n<p class=\"wp-block-paragraph\">\u00d6sszefog\u00e1sban van er\u0151,<br>J\u00f6v\u0151nkben ez kecsegtet\u0151.<br>P\u00e9lda ott lebeg el\u0151tt\u00fcnk,<br>M\u00faltb\u00f3l \u00e9p\u00fcl dics\u0151s\u00e9g\u00fcnk.<\/p>\n\n\n\n<p class=\"wp-block-paragraph\">Harcot v\u00edvjunk h\u0151si harcot,<br>Vess\u00fck el az al\u00e1zatot.<br>Boldog \u00fajesztend\u0151nk legyen,<br>Azt k\u00edv\u00e1nom-, hogy \u00fagy legyen!<\/p>\n\n\n\n<p class=\"wp-block-paragraph\">Mak\u00f3, 2017-01-01<\/p>\n","protected":false},"excerpt":{"rendered":"<p>K\u00c9TEZERTIZENH\u00c9T K\u00e9tezertizenh\u00e9t van m\u00e1r,Ez lett most az als\u00f3 hat\u00e1r.Fogadalmak els\u0151 napja\u00daj fejezet indul\u00f3ja. Elkezd\u0151d\u00f6tt, s halad tov\u00e1bb,Nem lesz senkinek sem meg\u00e1llj.Megy\u00fcnk sima, r\u00f6g\u00f6s \u00faton,Haladunk most t\u00e9tov\u00e1z\u00f3n. Kutatjuk a j\u00f6v\u0151nk titk\u00e1t,\u00c1br\u00e1ndjainknak var\u00e1zs\u00e1t.Ki tudja, hogy mit hoz nek\u00fcnk,Erre nincsen felelt\u00fcnk? Az \u00e9jszak\u00e1t \u00e1tmulattuk,Gondjainkat, azt otthagytuk.Vid\u00e1m arccal b\u00facs\u00fazkodtunk,Bar\u00e1tt\u00f3l biztat\u00e1st kaptunk. \u00daj\u00e9v k\u00f6sz\u00f6nt\u00f6tt benn\u00fcnket,R\u00e1nk virradt a legf\u0151bb \u00fcnnep.Himnusz sz\u00f3lt &#8230; <a title=\"K\u00c9TEZERTIZENH\u00c9T\" class=\"read-more\" href=\"https:\/\/bozsogiattila.hu\/?p=1086\" aria-label=\"Tov\u00e1bbiak K\u00c9TEZERTIZENH\u00c9T\">Olvass tov\u00e1bb<\/a><\/p>\n","protected":false},"author":3,"featured_media":0,"comment_status":"closed","ping_status":"open","sticky":false,"template":"","format":"standard","meta":{"footnotes":""},"categories":[4],"tags":[313,12],"class_list":["post-1086","post","type-post","status-publish","format-standard","hentry","category-versek","tag-313","tag-mako"],"yoast_head":"<!-- This site is optimized with the Yoast SEO plugin v21.8 - https:\/\/yoast.com\/wordpress\/plugins\/seo\/ -->\n<title>K\u00c9TEZERTIZENH\u00c9T - Bozsogi Attila<\/title>\n<meta name=\"robots\" content=\"index, follow, max-snippet:-1, max-image-preview:large, max-video-preview:-1\" \/>\n<link rel=\"canonical\" href=\"https:\/\/bozsogiattila.hu\/?p=1086\" \/>\n<meta property=\"og:locale\" content=\"hu_HU\" \/>\n<meta property=\"og:type\" content=\"article\" \/>\n<meta property=\"og:title\" content=\"K\u00c9TEZERTIZENH\u00c9T - Bozsogi Attila\" \/>\n<meta property=\"og:description\" content=\"K\u00c9TEZERTIZENH\u00c9T K\u00e9tezertizenh\u00e9t van m\u00e1r,Ez lett most az als\u00f3 hat\u00e1r.Fogadalmak els\u0151 napja\u00daj fejezet indul\u00f3ja. Elkezd\u0151d\u00f6tt, s halad tov\u00e1bb,Nem lesz senkinek sem meg\u00e1llj.Megy\u00fcnk sima, r\u00f6g\u00f6s \u00faton,Haladunk most t\u00e9tov\u00e1z\u00f3n. Kutatjuk a j\u00f6v\u0151nk titk\u00e1t,\u00c1br\u00e1ndjainknak var\u00e1zs\u00e1t.Ki tudja, hogy mit hoz nek\u00fcnk,Erre nincsen felelt\u00fcnk? Az \u00e9jszak\u00e1t \u00e1tmulattuk,Gondjainkat, azt otthagytuk.Vid\u00e1m arccal b\u00facs\u00fazkodtunk,Bar\u00e1tt\u00f3l biztat\u00e1st kaptunk. \u00daj\u00e9v k\u00f6sz\u00f6nt\u00f6tt benn\u00fcnket,R\u00e1nk virradt a legf\u0151bb \u00fcnnep.Himnusz sz\u00f3lt ... Olvass tov\u00e1bb\" \/>\n<meta property=\"og:url\" content=\"https:\/\/bozsogiattila.hu\/?p=1086\" \/>\n<meta property=\"og:site_name\" content=\"Bozsogi Attila\" \/>\n<meta property=\"article:published_time\" content=\"2017-01-01T18:08:00+00:00\" \/>\n<meta property=\"article:modified_time\" content=\"2024-01-09T18:09:39+00:00\" \/>\n<meta name=\"author\" content=\"Bozsogi Attila\" \/>\n<meta name=\"twitter:card\" content=\"summary_large_image\" \/>\n<meta name=\"twitter:label1\" content=\"Szerz\u0151:\" \/>\n\t<meta name=\"twitter:data1\" content=\"Bozsogi Attila\" \/>\n\t<meta name=\"twitter:label2\" content=\"Becs\u00fclt olvas\u00e1si id\u0151\" \/>\n\t<meta name=\"twitter:data2\" content=\"2 perc\" \/>\n<script type=\"application\/ld+json\" class=\"yoast-schema-graph\">{\"@context\":\"https:\/\/schema.org\",\"@graph\":[{\"@type\":\"WebPage\",\"@id\":\"https:\/\/bozsogiattila.hu\/?p=1086\",\"url\":\"https:\/\/bozsogiattila.hu\/?p=1086\",\"name\":\"K\u00c9TEZERTIZENH\u00c9T - Bozsogi Attila\",\"isPartOf\":{\"@id\":\"https:\/\/bozsogiattila.hu\/#website\"},\"datePublished\":\"2017-01-01T18:08:00+00:00\",\"dateModified\":\"2024-01-09T18:09:39+00:00\",\"author\":{\"@id\":\"https:\/\/bozsogiattila.hu\/#\/schema\/person\/488c99f554a8c4039201260dd5eb795e\"},\"breadcrumb\":{\"@id\":\"https:\/\/bozsogiattila.hu\/?p=1086#breadcrumb\"},\"inLanguage\":\"hu\",\"potentialAction\":[{\"@type\":\"ReadAction\",\"target\":[\"https:\/\/bozsogiattila.hu\/?p=1086\"]}]},{\"@type\":\"BreadcrumbList\",\"@id\":\"https:\/\/bozsogiattila.hu\/?p=1086#breadcrumb\",\"itemListElement\":[{\"@type\":\"ListItem\",\"position\":1,\"name\":\"Kezd\u0151lap\",\"item\":\"https:\/\/bozsogiattila.hu\/\"},{\"@type\":\"ListItem\",\"position\":2,\"name\":\"K\u00c9TEZERTIZENH\u00c9T\"}]},{\"@type\":\"WebSite\",\"@id\":\"https:\/\/bozsogiattila.hu\/#website\",\"url\":\"https:\/\/bozsogiattila.hu\/\",\"name\":\"Bozsogi Attila\",\"description\":\"a zen\u00e9sz, \u00edr\u00f3 munk\u00e1ss\u00e1g\u00e1nak \u00e9s a mak\u00f3i muzsikusok eml\u00e9k\u00e9t \u0151rz\u0151 oldal\",\"potentialAction\":[{\"@type\":\"SearchAction\",\"target\":{\"@type\":\"EntryPoint\",\"urlTemplate\":\"https:\/\/bozsogiattila.hu\/?s={search_term_string}\"},\"query-input\":\"required name=search_term_string\"}],\"inLanguage\":\"hu\"},{\"@type\":\"Person\",\"@id\":\"https:\/\/bozsogiattila.hu\/#\/schema\/person\/488c99f554a8c4039201260dd5eb795e\",\"name\":\"Bozsogi Attila\",\"image\":{\"@type\":\"ImageObject\",\"inLanguage\":\"hu\",\"@id\":\"https:\/\/bozsogiattila.hu\/#\/schema\/person\/image\/\",\"url\":\"https:\/\/secure.gravatar.com\/avatar\/7da6b5985e34ed798d1670c54ce7d20e6a53b800bb0c07945c64b09392f3dbfd?s=96&d=mm&r=g\",\"contentUrl\":\"https:\/\/secure.gravatar.com\/avatar\/7da6b5985e34ed798d1670c54ce7d20e6a53b800bb0c07945c64b09392f3dbfd?s=96&d=mm&r=g\",\"caption\":\"Bozsogi Attila\"},\"sameAs\":[\"http:\/\/www.boszogiattila.hu\"],\"url\":\"https:\/\/bozsogiattila.hu\/?author=3\"}]}<\/script>\n<!-- \/ Yoast SEO plugin. -->","yoast_head_json":{"title":"K\u00c9TEZERTIZENH\u00c9T - Bozsogi Attila","robots":{"index":"index","follow":"follow","max-snippet":"max-snippet:-1","max-image-preview":"max-image-preview:large","max-video-preview":"max-video-preview:-1"},"canonical":"https:\/\/bozsogiattila.hu\/?p=1086","og_locale":"hu_HU","og_type":"article","og_title":"K\u00c9TEZERTIZENH\u00c9T - Bozsogi Attila","og_description":"K\u00c9TEZERTIZENH\u00c9T K\u00e9tezertizenh\u00e9t van m\u00e1r,Ez lett most az als\u00f3 hat\u00e1r.Fogadalmak els\u0151 napja\u00daj fejezet indul\u00f3ja. Elkezd\u0151d\u00f6tt, s halad tov\u00e1bb,Nem lesz senkinek sem meg\u00e1llj.Megy\u00fcnk sima, r\u00f6g\u00f6s \u00faton,Haladunk most t\u00e9tov\u00e1z\u00f3n. Kutatjuk a j\u00f6v\u0151nk titk\u00e1t,\u00c1br\u00e1ndjainknak var\u00e1zs\u00e1t.Ki tudja, hogy mit hoz nek\u00fcnk,Erre nincsen felelt\u00fcnk? Az \u00e9jszak\u00e1t \u00e1tmulattuk,Gondjainkat, azt otthagytuk.Vid\u00e1m arccal b\u00facs\u00fazkodtunk,Bar\u00e1tt\u00f3l biztat\u00e1st kaptunk. \u00daj\u00e9v k\u00f6sz\u00f6nt\u00f6tt benn\u00fcnket,R\u00e1nk virradt a legf\u0151bb \u00fcnnep.Himnusz sz\u00f3lt ... Olvass tov\u00e1bb","og_url":"https:\/\/bozsogiattila.hu\/?p=1086","og_site_name":"Bozsogi Attila","article_published_time":"2017-01-01T18:08:00+00:00","article_modified_time":"2024-01-09T18:09:39+00:00","author":"Bozsogi Attila","twitter_card":"summary_large_image","twitter_misc":{"Szerz\u0151:":"Bozsogi Attila","Becs\u00fclt olvas\u00e1si id\u0151":"2 perc"},"schema":{"@context":"https:\/\/schema.org","@graph":[{"@type":"WebPage","@id":"https:\/\/bozsogiattila.hu\/?p=1086","url":"https:\/\/bozsogiattila.hu\/?p=1086","name":"K\u00c9TEZERTIZENH\u00c9T - Bozsogi Attila","isPartOf":{"@id":"https:\/\/bozsogiattila.hu\/#website"},"datePublished":"2017-01-01T18:08:00+00:00","dateModified":"2024-01-09T18:09:39+00:00","author":{"@id":"https:\/\/bozsogiattila.hu\/#\/schema\/person\/488c99f554a8c4039201260dd5eb795e"},"breadcrumb":{"@id":"https:\/\/bozsogiattila.hu\/?p=1086#breadcrumb"},"inLanguage":"hu","potentialAction":[{"@type":"ReadAction","target":["https:\/\/bozsogiattila.hu\/?p=1086"]}]},{"@type":"BreadcrumbList","@id":"https:\/\/bozsogiattila.hu\/?p=1086#breadcrumb","itemListElement":[{"@type":"ListItem","position":1,"name":"Kezd\u0151lap","item":"https:\/\/bozsogiattila.hu\/"},{"@type":"ListItem","position":2,"name":"K\u00c9TEZERTIZENH\u00c9T"}]},{"@type":"WebSite","@id":"https:\/\/bozsogiattila.hu\/#website","url":"https:\/\/bozsogiattila.hu\/","name":"Bozsogi Attila","description":"a zen\u00e9sz, \u00edr\u00f3 munk\u00e1ss\u00e1g\u00e1nak \u00e9s a mak\u00f3i muzsikusok eml\u00e9k\u00e9t \u0151rz\u0151 oldal","potentialAction":[{"@type":"SearchAction","target":{"@type":"EntryPoint","urlTemplate":"https:\/\/bozsogiattila.hu\/?s={search_term_string}"},"query-input":"required name=search_term_string"}],"inLanguage":"hu"},{"@type":"Person","@id":"https:\/\/bozsogiattila.hu\/#\/schema\/person\/488c99f554a8c4039201260dd5eb795e","name":"Bozsogi Attila","image":{"@type":"ImageObject","inLanguage":"hu","@id":"https:\/\/bozsogiattila.hu\/#\/schema\/person\/image\/","url":"https:\/\/secure.gravatar.com\/avatar\/7da6b5985e34ed798d1670c54ce7d20e6a53b800bb0c07945c64b09392f3dbfd?s=96&d=mm&r=g","contentUrl":"https:\/\/secure.gravatar.com\/avatar\/7da6b5985e34ed798d1670c54ce7d20e6a53b800bb0c07945c64b09392f3dbfd?s=96&d=mm&r=g","caption":"Bozsogi Attila"},"sameAs":["http:\/\/www.boszogiattila.hu"],"url":"https:\/\/bozsogiattila.hu\/?author=3"}]}},"jetpack_featured_media_url":"","_links":{"self":[{"href":"https:\/\/bozsogiattila.hu\/index.php?rest_route=\/wp\/v2\/posts\/1086","targetHints":{"allow":["GET"]}}],"collection":[{"href":"https:\/\/bozsogiattila.hu\/index.php?rest_route=\/wp\/v2\/posts"}],"about":[{"href":"https:\/\/bozsogiattila.hu\/index.php?rest_route=\/wp\/v2\/types\/post"}],"author":[{"embeddable":true,"href":"https:\/\/bozsogiattila.hu\/index.php?rest_route=\/wp\/v2\/users\/3"}],"replies":[{"embeddable":true,"href":"https:\/\/bozsogiattila.hu\/index.php?rest_route=%2Fwp%2Fv2%2Fcomments&post=1086"}],"version-history":[{"count":1,"href":"https:\/\/bozsogiattila.hu\/index.php?rest_route=\/wp\/v2\/posts\/1086\/revisions"}],"predecessor-version":[{"id":1087,"href":"https:\/\/bozsogiattila.hu\/index.php?rest_route=\/wp\/v2\/posts\/1086\/revisions\/1087"}],"wp:attachment":[{"href":"https:\/\/bozsogiattila.hu\/index.php?rest_route=%2Fwp%2Fv2%2Fmedia&parent=1086"}],"wp:term":[{"taxonomy":"category","embeddable":true,"href":"https:\/\/bozsogiattila.hu\/index.php?rest_route=%2Fwp%2Fv2%2Fcategories&post=1086"},{"taxonomy":"post_tag","embeddable":true,"href":"https:\/\/bozsogiattila.hu\/index.php?rest_route=%2Fwp%2Fv2%2Ftags&post=1086"}],"curies":[{"name":"wp","href":"https:\/\/api.w.org\/{rel}","templated":true}]}}