{"id":1088,"date":"2016-07-23T18:09:00","date_gmt":"2016-07-23T18:09:00","guid":{"rendered":"https:\/\/bozsogiattila.hu\/?p=1088"},"modified":"2024-01-09T18:10:53","modified_gmt":"2024-01-09T18:10:53","slug":"ki-nem-mondott-szo","status":"publish","type":"post","link":"https:\/\/bozsogiattila.hu\/?p=1088","title":{"rendered":"KI NEM MONDOTT SZ\u00d3"},"content":{"rendered":"\n<p class=\"wp-block-paragraph\">KI NEM MONDOTT SZ\u00d3<\/p>\n\n\n\n<p class=\"wp-block-paragraph\">H\u00e1nyszor v\u00e1rjuk, mily j\u00f3l esne,<br>Hallani, diszkr\u00e9t kettesbe\u2019.<br>Megnyugodni az \u00e9rz\u00e9sben,<br>Mi k\u00f6r\u00fclvesz, szeretetben.<\/p>\n\n\n\n<p class=\"wp-block-paragraph\">Hallgat\u00e1snak var\u00e1zs\u00e1ban,<br>Elmarad a f\u00e9lhom\u00e1lyban.<br>Pedig tudjuk, \u00e9s \u00e9rezz\u00fck,<br>Szinte ott vibr\u00e1l felett\u00fcnk.<\/p>\n\n\n\n<p class=\"wp-block-paragraph\">K\u00f6zben feln\u00e9z\u00fcnk az \u00e9gre,<br>Seg\u00edts\u00e9get onnan k\u00e9rve.<br>Egy sz\u00f3t csup\u00e1n, annyi el\u00e9g,<br>Nem j\u00f6n onnan sem seg\u00edts\u00e9g.<\/p>\n\n\n\n<p class=\"wp-block-paragraph\">Egym\u00e1st k\u00f6zben \u00e1t\u00f6lelj\u00fck,<br>Tal\u00e1lkozik tekintet\u00fcnk.<br>L\u00e1tjuk benne, mit akarunk,<br>De elmarad, kedves szavunk.<\/p>\n\n\n\n<p class=\"wp-block-paragraph\">Mondunk k\u00f6zben csacskas\u00e1got,<br>Sz\u00e9prem\u00e9ny\u0171 \u00fcdv\u00f6s b\u00f3kot.<br>Tr\u00e9f\u00e1s hangon viccel\u0151d\u00fcnk,<br>J\u00e1t\u00e9kosan kedvesked\u00fcnk.<\/p>\n\n\n\n<p class=\"wp-block-paragraph\">\u00d6r\u00fcl\u00fcnk az egy\u00fcttl\u00e9tnek,<br>Az elt\u00f6lt\u00f6tt, sz\u00e9p perceknek.<br>Mindennek mi a kett\u0151nk\u00e9,<br>K\u00f6z\u00f6s \u00e9lt\u00fcnk rem\u00e9ny\u00e9j\u00e9.<\/p>\n\n\n\n<p class=\"wp-block-paragraph\">V\u00e1runk csendben, s\u00f3hajtozunk,<br>\u00d6r\u00f6mittasan h\u00f3dolunk.<br>Egym\u00e1sra mi r\u00e1mosolyogunk,<br>Hosszan forr\u00f3 cs\u00f3kot adunk.<\/p>\n\n\n\n<p class=\"wp-block-paragraph\">Adjuk-vessz\u00fck sz\u00e1mtalanul,<br>Boldogs\u00e1gr\u00f3l \u00e1radozunk.<br>S a holdvil\u00e1g ontja f\u00e9ny\u00e9t,<br>Mintha mondan\u00e1 \u00f6tlet\u00e9t.<\/p>\n\n\n\n<p class=\"wp-block-paragraph\">Az \u00f6tletben benne rejtve,<br>Ott lapul benn, a f\u00e9ny\u00e9be.<br>Kilenc bet\u0171 csak az eg\u00e9sz,<br>Kimondani tal\u00e1n neh\u00e9z?<\/p>\n\n\n\n<p class=\"wp-block-paragraph\">A k\u00f6z\u00f6s v\u00e1gyakoz\u00e1sban,<br>Olthatatlan \u00e1lmainkban,<br>Kik\u00edv\u00e1nkozik a csendben,<br>De ott marad a sz\u00edvekben.<\/p>\n\n\n\n<p class=\"wp-block-paragraph\">Az id\u0151 rohan felett\u00fcnk,<br>Felforrva meg-megremeg\u00fcnk.<br>\u00c9rezz\u00fck, hogy mire v\u00e1runk,<br>Hisz\u00fcnk, s n\u00e9m\u00e1n, csendben \u00e1llunk.<\/p>\n\n\n\n<p class=\"wp-block-paragraph\">Ajkunk mintha z\u00e1rva lenne,<br>Nem ny\u00edlik meg, epekedve.<br>Tal\u00e1n mondani szeretn\u00e9,<br>M\u00e9gis mag\u00e1ba temet\u00e9.<\/p>\n\n\n\n<p class=\"wp-block-paragraph\">A csillagok is vibr\u00e1lnak,<br>Hallgat\u00f3znak arra v\u00e1rnak.<br>Ami k\u00e9sik, t\u00e1n elmarad,<br>Odafent arra gondolnak.<\/p>\n\n\n\n<p class=\"wp-block-paragraph\">Elbambulva \u00e1csorogunk,<br>S k\u00f6zben t\u00fccs\u00f6k zen\u00e9t hallunk.<br>Elsuhan hangja mellett\u00fcnk,<br>Elsz\u00e1ll vele rem\u00e9nys\u00e9g\u00fcnk?<\/p>\n\n\n\n<p class=\"wp-block-paragraph\">Nem hissz\u00fck, hogy \u00edgy lesz v\u00e9ge,<br>Az \u00e9jbeny\u00fal\u00f3 est\u00e9nek.<br>Olyan sz\u00e9p volt, minden csod\u00e1s,<br>Hol marad a j\u00f3 megold\u00e1s?<\/p>\n\n\n\n<p class=\"wp-block-paragraph\">Menn\u00fcnk kell, az id\u0151nk lej\u00e1rt,<br>V\u00e1r re\u00e1nk most a b\u00facs\u00faz\u00e1s.<br>Szeretlek, hangzik el v\u00e9gre,<br>\u00d6r\u00f6m\u00fcnkre pontot t\u00e9ve!<\/p>\n\n\n\n<p class=\"wp-block-paragraph\">Mak\u00f3, 2016-07-23<\/p>\n","protected":false},"excerpt":{"rendered":"<p>KI NEM MONDOTT SZ\u00d3 H\u00e1nyszor v\u00e1rjuk, mily j\u00f3l esne,Hallani, diszkr\u00e9t kettesbe\u2019.Megnyugodni az \u00e9rz\u00e9sben,Mi k\u00f6r\u00fclvesz, szeretetben. Hallgat\u00e1snak var\u00e1zs\u00e1ban,Elmarad a f\u00e9lhom\u00e1lyban.Pedig tudjuk, \u00e9s \u00e9rezz\u00fck,Szinte ott vibr\u00e1l felett\u00fcnk. K\u00f6zben feln\u00e9z\u00fcnk az \u00e9gre,Seg\u00edts\u00e9get onnan k\u00e9rve.Egy sz\u00f3t csup\u00e1n, annyi el\u00e9g,Nem j\u00f6n onnan sem seg\u00edts\u00e9g. Egym\u00e1st k\u00f6zben \u00e1t\u00f6lelj\u00fck,Tal\u00e1lkozik tekintet\u00fcnk.L\u00e1tjuk benne, mit akarunk,De elmarad, kedves szavunk. Mondunk k\u00f6zben csacskas\u00e1got,Sz\u00e9prem\u00e9ny\u0171 \u00fcdv\u00f6s b\u00f3kot.Tr\u00e9f\u00e1s hangon &#8230; <a title=\"KI NEM MONDOTT SZ\u00d3\" class=\"read-more\" href=\"https:\/\/bozsogiattila.hu\/?p=1088\" aria-label=\"Tov\u00e1bbiak KI NEM MONDOTT SZ\u00d3\">Olvass tov\u00e1bb<\/a><\/p>\n","protected":false},"author":3,"featured_media":0,"comment_status":"closed","ping_status":"open","sticky":false,"template":"","format":"standard","meta":{"footnotes":""},"categories":[4],"tags":[319,12],"class_list":["post-1088","post","type-post","status-publish","format-standard","hentry","category-versek","tag-319","tag-mako"],"yoast_head":"<!-- This site is optimized with the Yoast SEO plugin v21.8 - https:\/\/yoast.com\/wordpress\/plugins\/seo\/ -->\n<title>KI NEM MONDOTT SZ\u00d3 - Bozsogi Attila<\/title>\n<meta name=\"robots\" content=\"index, follow, max-snippet:-1, max-image-preview:large, max-video-preview:-1\" \/>\n<link rel=\"canonical\" href=\"https:\/\/bozsogiattila.hu\/?p=1088\" \/>\n<meta property=\"og:locale\" content=\"hu_HU\" \/>\n<meta property=\"og:type\" content=\"article\" \/>\n<meta property=\"og:title\" content=\"KI NEM MONDOTT SZ\u00d3 - Bozsogi Attila\" \/>\n<meta property=\"og:description\" content=\"KI NEM MONDOTT SZ\u00d3 H\u00e1nyszor v\u00e1rjuk, mily j\u00f3l esne,Hallani, diszkr\u00e9t kettesbe\u2019.Megnyugodni az \u00e9rz\u00e9sben,Mi k\u00f6r\u00fclvesz, szeretetben. Hallgat\u00e1snak var\u00e1zs\u00e1ban,Elmarad a f\u00e9lhom\u00e1lyban.Pedig tudjuk, \u00e9s \u00e9rezz\u00fck,Szinte ott vibr\u00e1l felett\u00fcnk. K\u00f6zben feln\u00e9z\u00fcnk az \u00e9gre,Seg\u00edts\u00e9get onnan k\u00e9rve.Egy sz\u00f3t csup\u00e1n, annyi el\u00e9g,Nem j\u00f6n onnan sem seg\u00edts\u00e9g. Egym\u00e1st k\u00f6zben \u00e1t\u00f6lelj\u00fck,Tal\u00e1lkozik tekintet\u00fcnk.L\u00e1tjuk benne, mit akarunk,De elmarad, kedves szavunk. Mondunk k\u00f6zben csacskas\u00e1got,Sz\u00e9prem\u00e9ny\u0171 \u00fcdv\u00f6s b\u00f3kot.Tr\u00e9f\u00e1s hangon ... Olvass tov\u00e1bb\" \/>\n<meta property=\"og:url\" content=\"https:\/\/bozsogiattila.hu\/?p=1088\" \/>\n<meta property=\"og:site_name\" content=\"Bozsogi Attila\" \/>\n<meta property=\"article:published_time\" content=\"2016-07-23T18:09:00+00:00\" \/>\n<meta property=\"article:modified_time\" content=\"2024-01-09T18:10:53+00:00\" \/>\n<meta name=\"author\" content=\"Bozsogi Attila\" \/>\n<meta name=\"twitter:card\" content=\"summary_large_image\" \/>\n<meta name=\"twitter:label1\" content=\"Szerz\u0151:\" \/>\n\t<meta name=\"twitter:data1\" content=\"Bozsogi Attila\" \/>\n\t<meta name=\"twitter:label2\" content=\"Becs\u00fclt olvas\u00e1si id\u0151\" \/>\n\t<meta name=\"twitter:data2\" content=\"2 perc\" \/>\n<script type=\"application\/ld+json\" class=\"yoast-schema-graph\">{\"@context\":\"https:\/\/schema.org\",\"@graph\":[{\"@type\":\"WebPage\",\"@id\":\"https:\/\/bozsogiattila.hu\/?p=1088\",\"url\":\"https:\/\/bozsogiattila.hu\/?p=1088\",\"name\":\"KI NEM MONDOTT SZ\u00d3 - Bozsogi Attila\",\"isPartOf\":{\"@id\":\"https:\/\/bozsogiattila.hu\/#website\"},\"datePublished\":\"2016-07-23T18:09:00+00:00\",\"dateModified\":\"2024-01-09T18:10:53+00:00\",\"author\":{\"@id\":\"https:\/\/bozsogiattila.hu\/#\/schema\/person\/488c99f554a8c4039201260dd5eb795e\"},\"breadcrumb\":{\"@id\":\"https:\/\/bozsogiattila.hu\/?p=1088#breadcrumb\"},\"inLanguage\":\"hu\",\"potentialAction\":[{\"@type\":\"ReadAction\",\"target\":[\"https:\/\/bozsogiattila.hu\/?p=1088\"]}]},{\"@type\":\"BreadcrumbList\",\"@id\":\"https:\/\/bozsogiattila.hu\/?p=1088#breadcrumb\",\"itemListElement\":[{\"@type\":\"ListItem\",\"position\":1,\"name\":\"Kezd\u0151lap\",\"item\":\"https:\/\/bozsogiattila.hu\/\"},{\"@type\":\"ListItem\",\"position\":2,\"name\":\"KI NEM MONDOTT SZ\u00d3\"}]},{\"@type\":\"WebSite\",\"@id\":\"https:\/\/bozsogiattila.hu\/#website\",\"url\":\"https:\/\/bozsogiattila.hu\/\",\"name\":\"Bozsogi Attila\",\"description\":\"a zen\u00e9sz, \u00edr\u00f3 munk\u00e1ss\u00e1g\u00e1nak \u00e9s a mak\u00f3i muzsikusok eml\u00e9k\u00e9t \u0151rz\u0151 oldal\",\"potentialAction\":[{\"@type\":\"SearchAction\",\"target\":{\"@type\":\"EntryPoint\",\"urlTemplate\":\"https:\/\/bozsogiattila.hu\/?s={search_term_string}\"},\"query-input\":\"required name=search_term_string\"}],\"inLanguage\":\"hu\"},{\"@type\":\"Person\",\"@id\":\"https:\/\/bozsogiattila.hu\/#\/schema\/person\/488c99f554a8c4039201260dd5eb795e\",\"name\":\"Bozsogi Attila\",\"image\":{\"@type\":\"ImageObject\",\"inLanguage\":\"hu\",\"@id\":\"https:\/\/bozsogiattila.hu\/#\/schema\/person\/image\/\",\"url\":\"https:\/\/secure.gravatar.com\/avatar\/7da6b5985e34ed798d1670c54ce7d20e6a53b800bb0c07945c64b09392f3dbfd?s=96&d=mm&r=g\",\"contentUrl\":\"https:\/\/secure.gravatar.com\/avatar\/7da6b5985e34ed798d1670c54ce7d20e6a53b800bb0c07945c64b09392f3dbfd?s=96&d=mm&r=g\",\"caption\":\"Bozsogi Attila\"},\"sameAs\":[\"http:\/\/www.boszogiattila.hu\"],\"url\":\"https:\/\/bozsogiattila.hu\/?author=3\"}]}<\/script>\n<!-- \/ Yoast SEO plugin. -->","yoast_head_json":{"title":"KI NEM MONDOTT SZ\u00d3 - Bozsogi Attila","robots":{"index":"index","follow":"follow","max-snippet":"max-snippet:-1","max-image-preview":"max-image-preview:large","max-video-preview":"max-video-preview:-1"},"canonical":"https:\/\/bozsogiattila.hu\/?p=1088","og_locale":"hu_HU","og_type":"article","og_title":"KI NEM MONDOTT SZ\u00d3 - Bozsogi Attila","og_description":"KI NEM MONDOTT SZ\u00d3 H\u00e1nyszor v\u00e1rjuk, mily j\u00f3l esne,Hallani, diszkr\u00e9t kettesbe\u2019.Megnyugodni az \u00e9rz\u00e9sben,Mi k\u00f6r\u00fclvesz, szeretetben. Hallgat\u00e1snak var\u00e1zs\u00e1ban,Elmarad a f\u00e9lhom\u00e1lyban.Pedig tudjuk, \u00e9s \u00e9rezz\u00fck,Szinte ott vibr\u00e1l felett\u00fcnk. K\u00f6zben feln\u00e9z\u00fcnk az \u00e9gre,Seg\u00edts\u00e9get onnan k\u00e9rve.Egy sz\u00f3t csup\u00e1n, annyi el\u00e9g,Nem j\u00f6n onnan sem seg\u00edts\u00e9g. Egym\u00e1st k\u00f6zben \u00e1t\u00f6lelj\u00fck,Tal\u00e1lkozik tekintet\u00fcnk.L\u00e1tjuk benne, mit akarunk,De elmarad, kedves szavunk. Mondunk k\u00f6zben csacskas\u00e1got,Sz\u00e9prem\u00e9ny\u0171 \u00fcdv\u00f6s b\u00f3kot.Tr\u00e9f\u00e1s hangon ... Olvass tov\u00e1bb","og_url":"https:\/\/bozsogiattila.hu\/?p=1088","og_site_name":"Bozsogi Attila","article_published_time":"2016-07-23T18:09:00+00:00","article_modified_time":"2024-01-09T18:10:53+00:00","author":"Bozsogi Attila","twitter_card":"summary_large_image","twitter_misc":{"Szerz\u0151:":"Bozsogi Attila","Becs\u00fclt olvas\u00e1si id\u0151":"2 perc"},"schema":{"@context":"https:\/\/schema.org","@graph":[{"@type":"WebPage","@id":"https:\/\/bozsogiattila.hu\/?p=1088","url":"https:\/\/bozsogiattila.hu\/?p=1088","name":"KI NEM MONDOTT SZ\u00d3 - Bozsogi Attila","isPartOf":{"@id":"https:\/\/bozsogiattila.hu\/#website"},"datePublished":"2016-07-23T18:09:00+00:00","dateModified":"2024-01-09T18:10:53+00:00","author":{"@id":"https:\/\/bozsogiattila.hu\/#\/schema\/person\/488c99f554a8c4039201260dd5eb795e"},"breadcrumb":{"@id":"https:\/\/bozsogiattila.hu\/?p=1088#breadcrumb"},"inLanguage":"hu","potentialAction":[{"@type":"ReadAction","target":["https:\/\/bozsogiattila.hu\/?p=1088"]}]},{"@type":"BreadcrumbList","@id":"https:\/\/bozsogiattila.hu\/?p=1088#breadcrumb","itemListElement":[{"@type":"ListItem","position":1,"name":"Kezd\u0151lap","item":"https:\/\/bozsogiattila.hu\/"},{"@type":"ListItem","position":2,"name":"KI NEM MONDOTT SZ\u00d3"}]},{"@type":"WebSite","@id":"https:\/\/bozsogiattila.hu\/#website","url":"https:\/\/bozsogiattila.hu\/","name":"Bozsogi Attila","description":"a zen\u00e9sz, \u00edr\u00f3 munk\u00e1ss\u00e1g\u00e1nak \u00e9s a mak\u00f3i muzsikusok eml\u00e9k\u00e9t \u0151rz\u0151 oldal","potentialAction":[{"@type":"SearchAction","target":{"@type":"EntryPoint","urlTemplate":"https:\/\/bozsogiattila.hu\/?s={search_term_string}"},"query-input":"required name=search_term_string"}],"inLanguage":"hu"},{"@type":"Person","@id":"https:\/\/bozsogiattila.hu\/#\/schema\/person\/488c99f554a8c4039201260dd5eb795e","name":"Bozsogi Attila","image":{"@type":"ImageObject","inLanguage":"hu","@id":"https:\/\/bozsogiattila.hu\/#\/schema\/person\/image\/","url":"https:\/\/secure.gravatar.com\/avatar\/7da6b5985e34ed798d1670c54ce7d20e6a53b800bb0c07945c64b09392f3dbfd?s=96&d=mm&r=g","contentUrl":"https:\/\/secure.gravatar.com\/avatar\/7da6b5985e34ed798d1670c54ce7d20e6a53b800bb0c07945c64b09392f3dbfd?s=96&d=mm&r=g","caption":"Bozsogi Attila"},"sameAs":["http:\/\/www.boszogiattila.hu"],"url":"https:\/\/bozsogiattila.hu\/?author=3"}]}},"jetpack_featured_media_url":"","_links":{"self":[{"href":"https:\/\/bozsogiattila.hu\/index.php?rest_route=\/wp\/v2\/posts\/1088","targetHints":{"allow":["GET"]}}],"collection":[{"href":"https:\/\/bozsogiattila.hu\/index.php?rest_route=\/wp\/v2\/posts"}],"about":[{"href":"https:\/\/bozsogiattila.hu\/index.php?rest_route=\/wp\/v2\/types\/post"}],"author":[{"embeddable":true,"href":"https:\/\/bozsogiattila.hu\/index.php?rest_route=\/wp\/v2\/users\/3"}],"replies":[{"embeddable":true,"href":"https:\/\/bozsogiattila.hu\/index.php?rest_route=%2Fwp%2Fv2%2Fcomments&post=1088"}],"version-history":[{"count":1,"href":"https:\/\/bozsogiattila.hu\/index.php?rest_route=\/wp\/v2\/posts\/1088\/revisions"}],"predecessor-version":[{"id":1089,"href":"https:\/\/bozsogiattila.hu\/index.php?rest_route=\/wp\/v2\/posts\/1088\/revisions\/1089"}],"wp:attachment":[{"href":"https:\/\/bozsogiattila.hu\/index.php?rest_route=%2Fwp%2Fv2%2Fmedia&parent=1088"}],"wp:term":[{"taxonomy":"category","embeddable":true,"href":"https:\/\/bozsogiattila.hu\/index.php?rest_route=%2Fwp%2Fv2%2Fcategories&post=1088"},{"taxonomy":"post_tag","embeddable":true,"href":"https:\/\/bozsogiattila.hu\/index.php?rest_route=%2Fwp%2Fv2%2Ftags&post=1088"}],"curies":[{"name":"wp","href":"https:\/\/api.w.org\/{rel}","templated":true}]}}