{"id":1096,"date":"2017-01-20T18:17:00","date_gmt":"2017-01-20T18:17:00","guid":{"rendered":"https:\/\/bozsogiattila.hu\/?p=1096"},"modified":"2024-01-09T18:18:34","modified_gmt":"2024-01-09T18:18:34","slug":"koszonet-neked","status":"publish","type":"post","link":"https:\/\/bozsogiattila.hu\/?p=1096","title":{"rendered":"K\u00d6SZ\u00d6NET NEKED"},"content":{"rendered":"\n<p class=\"wp-block-paragraph\">K\u00d6SZ\u00d6NET NEKED<\/p>\n\n\n\n<p class=\"wp-block-paragraph\">A k\u00e9pzelet csapong, a m\u00faltban j\u00e1r,<br>S a gondolat meg\u00e1ll, sz\u00edvem zil\u00e1l.<br>V\u00e9res, k\u00f6d\u00f6s hajnal v\u00f6r\u00f6sen \u00e9g,<br>Hom\u00e1ly lebeg b\u00fasan, s vibr\u00e1l a k\u00e9p.<\/p>\n\n\n\n<p class=\"wp-block-paragraph\">A t\u00e1volban ott \u00e1llsz-, s mintha v\u00e1rn\u00e1l,<br>Integetsz tal\u00e1n, csendben \u00e9s n\u00e9m\u00e1n.<br>N\u00e9zem kutat\u00f3n \u00f6lel\u0151 karod,<br>L\u00e9pted indul fel\u00e9m, s hajad lobog.<\/p>\n\n\n\n<p class=\"wp-block-paragraph\">F\u00fajja a sz\u00e9l ruh\u00e1d, mi r\u00e1d tapad,<br>Ahogy k\u00f6zeledsz, remeg az \u00e1rnyad.<br>T\u00f6r\u00e9keny alakod meghajlott m\u00e1r,<br>De lelkedben \u00e9l, az ifjonti ny\u00e1r.<\/p>\n\n\n\n<p class=\"wp-block-paragraph\">Hozz\u00e1m igyekszel, mint egykoron m\u00e9g,<br>Nem kopik sohasem-, a r\u00e9gi h\u00e9v.<br>Ajkad, mintha sz\u00f3lna, s a sz\u00e1d suttog,<br>Kedves hangon besz\u00e9lsz, s v\u00e1laszt v\u00e1rsz ott.<\/p>\n\n\n\n<p class=\"wp-block-paragraph\">Elindulok \u00e9n is, lassan megyek,<br>Ingatag l\u00e9pteim fel\u00e9d visznek.<br>A t\u00e1vols\u00e1g nem fogy, az id\u0151 \u00e1ll,<br>A horizont j\u00e1tszik, \u00e9s messze v\u00e1r.<\/p>\n\n\n\n<p class=\"wp-block-paragraph\">D\u00e9lib\u00e1b vagy csup\u00e1n-, nem \u00e9rtem \u00e9n,<br>Hiszen l\u00e1tlak tiszt\u00e1n, vagy k\u00e9pzel\u00e9m?<br>R\u00e9gen elment\u00e9l m\u00e1r, \u00e9s itt hagyt\u00e1l,<br>Meghalt \u00f6r\u00f6kre t\u00e1n a legszebb ny\u00e1r.<\/p>\n\n\n\n<p class=\"wp-block-paragraph\">Nem! Az nem m\u00falhat el-, \u00f6r\u00f6kk\u00f6n \u00e9l.<br>Sz\u00edvembe z\u00e1rva nincsen feled\u00e9s.<br>Lelki szemeimmel mindig l\u00e1tlak,<br>S akarom, szeretlek-, \u00fagy im\u00e1dlak.<\/p>\n\n\n\n<p class=\"wp-block-paragraph\">Boldogs\u00e1g minden perc, \u00f3ra, \u00e9s nap,<br>Gondolatban hozz\u00e1m var\u00e1zsollak.<br>\u00c9vek telnek, m\u00falnak-, helyben j\u00e1rnak,<br>S ahol te vagy, onnan visszav\u00e1rlak.<\/p>\n\n\n\n<p class=\"wp-block-paragraph\">Ott nincsen nap-, h\u00f3napok \u00e9s \u00e9vek,<br>Testet sem \u00f6lt senki, nincs csak l\u00e9lek.<br>Szabadon j\u00e1rhatsz, elj\u00f6hetsz hozz\u00e1m,<br>Figyelhetsz fentr\u0151l-, annyi m\u00e1r csup\u00e1n.<\/p>\n\n\n\n<p class=\"wp-block-paragraph\">A m\u00falt kavarog, gyakran el\u00e9m hoz,<br>Kisgyermekk\u00e9nt veled j\u00e1tszadozok.<br>Felid\u00e9z eml\u00e9ket, s sz\u00e9p napokat,<br>Rem\u00e9nyekben mindig gazdagokat.<\/p>\n\n\n\n<p class=\"wp-block-paragraph\">Hintalovam h\u00e1t\u00e1n, mint v\u00e1gtatok,<br>Husz\u00e1rk\u00e9nt karddal, ahogyan v\u00edvok.<br>N\u00e9zted \u00f6nfeledten, s vigy\u00e1zt\u00e1l r\u00e1m,<br>F\u00e1radhatatlanul egykor tal\u00e1n.<\/p>\n\n\n\n<p class=\"wp-block-paragraph\">Mes\u00e9t mondt\u00e1l tanuls\u00e1gosakat,<br>D\u00fadolt\u00e1l sz\u00e9p altat\u00f3dalokat.<br>\u00c9bren \u00e1lmodoztunk ketten veled,<br>Mindig \u0151rizt\u00e9l, s \u00f3vt\u00e1l engemet.<\/p>\n\n\n\n<p class=\"wp-block-paragraph\">\u00d3vod\u00e1ba, iskol\u00e1ba adt\u00e1l,<br>Felvillant benned az \u00e1lmodoz\u00e1s,<br>Minden el\u00e9m tolul, s egy lesz a k\u00e9p,<br>\u00c9rtem \u00e9lt\u00e9l, s lettem a rem\u00e9nys\u00e9g.<\/p>\n\n\n\n<p class=\"wp-block-paragraph\">Most m\u00e1r l\u00e1tom tiszt\u00e1n a c\u00e9lodat,<br>Dolgozt\u00e1l sokat, hogy t\u00f6bbet adhass.<br>Ha csal\u00f3dt\u00e1l, soha nem mutattad,<br>Egyengetted sz\u00f3tlan a sorsomat.<\/p>\n\n\n\n<p class=\"wp-block-paragraph\">Meg\u00f6regedtem, s te fiatal vagy,<br>\u00dagy maradt\u00e1l ott-, mit \u00fagy h\u00edvnak agy.<br>N\u00e9ha id\u0151s korod megjelenik,<br>F\u00e1radt mosolyod csak j\u00f3s\u00e1gra int.<\/p>\n\n\n\n<p class=\"wp-block-paragraph\">A l\u00e1tom\u00e1s hom\u00e1lyosodni kezd,<br>Utolj\u00e1ra onnan visszaintesz.<br>Megvil\u00e1gosodik a sok sz\u00e9p ny\u00e1r,<br>K\u00f6sz\u00f6net neked-, dr\u00e1ga j\u00f3 any\u00e1m!<\/p>\n\n\n\n<p class=\"wp-block-paragraph\">Mak\u00f3, 2017-01-20<\/p>\n","protected":false},"excerpt":{"rendered":"<p>K\u00d6SZ\u00d6NET NEKED A k\u00e9pzelet csapong, a m\u00faltban j\u00e1r,S a gondolat meg\u00e1ll, sz\u00edvem zil\u00e1l.V\u00e9res, k\u00f6d\u00f6s hajnal v\u00f6r\u00f6sen \u00e9g,Hom\u00e1ly lebeg b\u00fasan, s vibr\u00e1l a k\u00e9p. A t\u00e1volban ott \u00e1llsz-, s mintha v\u00e1rn\u00e1l,Integetsz tal\u00e1n, csendben \u00e9s n\u00e9m\u00e1n.N\u00e9zem kutat\u00f3n \u00f6lel\u0151 karod,L\u00e9pted indul fel\u00e9m, s hajad lobog. F\u00fajja a sz\u00e9l ruh\u00e1d, mi r\u00e1d tapad,Ahogy k\u00f6zeledsz, remeg az \u00e1rnyad.T\u00f6r\u00e9keny alakod meghajlott &#8230; <a title=\"K\u00d6SZ\u00d6NET NEKED\" class=\"read-more\" href=\"https:\/\/bozsogiattila.hu\/?p=1096\" aria-label=\"Tov\u00e1bbiak K\u00d6SZ\u00d6NET NEKED\">Olvass tov\u00e1bb<\/a><\/p>\n","protected":false},"author":3,"featured_media":0,"comment_status":"closed","ping_status":"open","sticky":false,"template":"","format":"standard","meta":{"footnotes":""},"categories":[4],"tags":[313,12],"class_list":["post-1096","post","type-post","status-publish","format-standard","hentry","category-versek","tag-313","tag-mako"],"yoast_head":"<!-- This site is optimized with the Yoast SEO plugin v21.8 - https:\/\/yoast.com\/wordpress\/plugins\/seo\/ -->\n<title>K\u00d6SZ\u00d6NET NEKED - Bozsogi Attila<\/title>\n<meta name=\"robots\" content=\"index, follow, max-snippet:-1, max-image-preview:large, max-video-preview:-1\" \/>\n<link rel=\"canonical\" href=\"https:\/\/bozsogiattila.hu\/?p=1096\" \/>\n<meta property=\"og:locale\" content=\"hu_HU\" \/>\n<meta property=\"og:type\" content=\"article\" \/>\n<meta property=\"og:title\" content=\"K\u00d6SZ\u00d6NET NEKED - Bozsogi Attila\" \/>\n<meta property=\"og:description\" content=\"K\u00d6SZ\u00d6NET NEKED A k\u00e9pzelet csapong, a m\u00faltban j\u00e1r,S a gondolat meg\u00e1ll, sz\u00edvem zil\u00e1l.V\u00e9res, k\u00f6d\u00f6s hajnal v\u00f6r\u00f6sen \u00e9g,Hom\u00e1ly lebeg b\u00fasan, s vibr\u00e1l a k\u00e9p. A t\u00e1volban ott \u00e1llsz-, s mintha v\u00e1rn\u00e1l,Integetsz tal\u00e1n, csendben \u00e9s n\u00e9m\u00e1n.N\u00e9zem kutat\u00f3n \u00f6lel\u0151 karod,L\u00e9pted indul fel\u00e9m, s hajad lobog. F\u00fajja a sz\u00e9l ruh\u00e1d, mi r\u00e1d tapad,Ahogy k\u00f6zeledsz, remeg az \u00e1rnyad.T\u00f6r\u00e9keny alakod meghajlott ... Olvass tov\u00e1bb\" \/>\n<meta property=\"og:url\" content=\"https:\/\/bozsogiattila.hu\/?p=1096\" \/>\n<meta property=\"og:site_name\" content=\"Bozsogi Attila\" \/>\n<meta property=\"article:published_time\" content=\"2017-01-20T18:17:00+00:00\" \/>\n<meta property=\"article:modified_time\" content=\"2024-01-09T18:18:34+00:00\" \/>\n<meta name=\"author\" content=\"Bozsogi Attila\" \/>\n<meta name=\"twitter:card\" content=\"summary_large_image\" \/>\n<meta name=\"twitter:label1\" content=\"Szerz\u0151:\" \/>\n\t<meta name=\"twitter:data1\" content=\"Bozsogi Attila\" \/>\n\t<meta name=\"twitter:label2\" content=\"Becs\u00fclt olvas\u00e1si id\u0151\" \/>\n\t<meta name=\"twitter:data2\" content=\"2 perc\" \/>\n<script type=\"application\/ld+json\" class=\"yoast-schema-graph\">{\"@context\":\"https:\/\/schema.org\",\"@graph\":[{\"@type\":\"WebPage\",\"@id\":\"https:\/\/bozsogiattila.hu\/?p=1096\",\"url\":\"https:\/\/bozsogiattila.hu\/?p=1096\",\"name\":\"K\u00d6SZ\u00d6NET NEKED - Bozsogi Attila\",\"isPartOf\":{\"@id\":\"https:\/\/bozsogiattila.hu\/#website\"},\"datePublished\":\"2017-01-20T18:17:00+00:00\",\"dateModified\":\"2024-01-09T18:18:34+00:00\",\"author\":{\"@id\":\"https:\/\/bozsogiattila.hu\/#\/schema\/person\/488c99f554a8c4039201260dd5eb795e\"},\"breadcrumb\":{\"@id\":\"https:\/\/bozsogiattila.hu\/?p=1096#breadcrumb\"},\"inLanguage\":\"hu\",\"potentialAction\":[{\"@type\":\"ReadAction\",\"target\":[\"https:\/\/bozsogiattila.hu\/?p=1096\"]}]},{\"@type\":\"BreadcrumbList\",\"@id\":\"https:\/\/bozsogiattila.hu\/?p=1096#breadcrumb\",\"itemListElement\":[{\"@type\":\"ListItem\",\"position\":1,\"name\":\"Kezd\u0151lap\",\"item\":\"https:\/\/bozsogiattila.hu\/\"},{\"@type\":\"ListItem\",\"position\":2,\"name\":\"K\u00d6SZ\u00d6NET NEKED\"}]},{\"@type\":\"WebSite\",\"@id\":\"https:\/\/bozsogiattila.hu\/#website\",\"url\":\"https:\/\/bozsogiattila.hu\/\",\"name\":\"Bozsogi Attila\",\"description\":\"a zen\u00e9sz, \u00edr\u00f3 munk\u00e1ss\u00e1g\u00e1nak \u00e9s a mak\u00f3i muzsikusok eml\u00e9k\u00e9t \u0151rz\u0151 oldal\",\"potentialAction\":[{\"@type\":\"SearchAction\",\"target\":{\"@type\":\"EntryPoint\",\"urlTemplate\":\"https:\/\/bozsogiattila.hu\/?s={search_term_string}\"},\"query-input\":\"required name=search_term_string\"}],\"inLanguage\":\"hu\"},{\"@type\":\"Person\",\"@id\":\"https:\/\/bozsogiattila.hu\/#\/schema\/person\/488c99f554a8c4039201260dd5eb795e\",\"name\":\"Bozsogi Attila\",\"image\":{\"@type\":\"ImageObject\",\"inLanguage\":\"hu\",\"@id\":\"https:\/\/bozsogiattila.hu\/#\/schema\/person\/image\/\",\"url\":\"https:\/\/secure.gravatar.com\/avatar\/7da6b5985e34ed798d1670c54ce7d20e6a53b800bb0c07945c64b09392f3dbfd?s=96&d=mm&r=g\",\"contentUrl\":\"https:\/\/secure.gravatar.com\/avatar\/7da6b5985e34ed798d1670c54ce7d20e6a53b800bb0c07945c64b09392f3dbfd?s=96&d=mm&r=g\",\"caption\":\"Bozsogi Attila\"},\"sameAs\":[\"http:\/\/www.boszogiattila.hu\"],\"url\":\"https:\/\/bozsogiattila.hu\/?author=3\"}]}<\/script>\n<!-- \/ Yoast SEO plugin. -->","yoast_head_json":{"title":"K\u00d6SZ\u00d6NET NEKED - Bozsogi Attila","robots":{"index":"index","follow":"follow","max-snippet":"max-snippet:-1","max-image-preview":"max-image-preview:large","max-video-preview":"max-video-preview:-1"},"canonical":"https:\/\/bozsogiattila.hu\/?p=1096","og_locale":"hu_HU","og_type":"article","og_title":"K\u00d6SZ\u00d6NET NEKED - Bozsogi Attila","og_description":"K\u00d6SZ\u00d6NET NEKED A k\u00e9pzelet csapong, a m\u00faltban j\u00e1r,S a gondolat meg\u00e1ll, sz\u00edvem zil\u00e1l.V\u00e9res, k\u00f6d\u00f6s hajnal v\u00f6r\u00f6sen \u00e9g,Hom\u00e1ly lebeg b\u00fasan, s vibr\u00e1l a k\u00e9p. A t\u00e1volban ott \u00e1llsz-, s mintha v\u00e1rn\u00e1l,Integetsz tal\u00e1n, csendben \u00e9s n\u00e9m\u00e1n.N\u00e9zem kutat\u00f3n \u00f6lel\u0151 karod,L\u00e9pted indul fel\u00e9m, s hajad lobog. F\u00fajja a sz\u00e9l ruh\u00e1d, mi r\u00e1d tapad,Ahogy k\u00f6zeledsz, remeg az \u00e1rnyad.T\u00f6r\u00e9keny alakod meghajlott ... Olvass tov\u00e1bb","og_url":"https:\/\/bozsogiattila.hu\/?p=1096","og_site_name":"Bozsogi Attila","article_published_time":"2017-01-20T18:17:00+00:00","article_modified_time":"2024-01-09T18:18:34+00:00","author":"Bozsogi Attila","twitter_card":"summary_large_image","twitter_misc":{"Szerz\u0151:":"Bozsogi Attila","Becs\u00fclt olvas\u00e1si id\u0151":"2 perc"},"schema":{"@context":"https:\/\/schema.org","@graph":[{"@type":"WebPage","@id":"https:\/\/bozsogiattila.hu\/?p=1096","url":"https:\/\/bozsogiattila.hu\/?p=1096","name":"K\u00d6SZ\u00d6NET NEKED - Bozsogi Attila","isPartOf":{"@id":"https:\/\/bozsogiattila.hu\/#website"},"datePublished":"2017-01-20T18:17:00+00:00","dateModified":"2024-01-09T18:18:34+00:00","author":{"@id":"https:\/\/bozsogiattila.hu\/#\/schema\/person\/488c99f554a8c4039201260dd5eb795e"},"breadcrumb":{"@id":"https:\/\/bozsogiattila.hu\/?p=1096#breadcrumb"},"inLanguage":"hu","potentialAction":[{"@type":"ReadAction","target":["https:\/\/bozsogiattila.hu\/?p=1096"]}]},{"@type":"BreadcrumbList","@id":"https:\/\/bozsogiattila.hu\/?p=1096#breadcrumb","itemListElement":[{"@type":"ListItem","position":1,"name":"Kezd\u0151lap","item":"https:\/\/bozsogiattila.hu\/"},{"@type":"ListItem","position":2,"name":"K\u00d6SZ\u00d6NET NEKED"}]},{"@type":"WebSite","@id":"https:\/\/bozsogiattila.hu\/#website","url":"https:\/\/bozsogiattila.hu\/","name":"Bozsogi Attila","description":"a zen\u00e9sz, \u00edr\u00f3 munk\u00e1ss\u00e1g\u00e1nak \u00e9s a mak\u00f3i muzsikusok eml\u00e9k\u00e9t \u0151rz\u0151 oldal","potentialAction":[{"@type":"SearchAction","target":{"@type":"EntryPoint","urlTemplate":"https:\/\/bozsogiattila.hu\/?s={search_term_string}"},"query-input":"required name=search_term_string"}],"inLanguage":"hu"},{"@type":"Person","@id":"https:\/\/bozsogiattila.hu\/#\/schema\/person\/488c99f554a8c4039201260dd5eb795e","name":"Bozsogi Attila","image":{"@type":"ImageObject","inLanguage":"hu","@id":"https:\/\/bozsogiattila.hu\/#\/schema\/person\/image\/","url":"https:\/\/secure.gravatar.com\/avatar\/7da6b5985e34ed798d1670c54ce7d20e6a53b800bb0c07945c64b09392f3dbfd?s=96&d=mm&r=g","contentUrl":"https:\/\/secure.gravatar.com\/avatar\/7da6b5985e34ed798d1670c54ce7d20e6a53b800bb0c07945c64b09392f3dbfd?s=96&d=mm&r=g","caption":"Bozsogi Attila"},"sameAs":["http:\/\/www.boszogiattila.hu"],"url":"https:\/\/bozsogiattila.hu\/?author=3"}]}},"jetpack_featured_media_url":"","_links":{"self":[{"href":"https:\/\/bozsogiattila.hu\/index.php?rest_route=\/wp\/v2\/posts\/1096","targetHints":{"allow":["GET"]}}],"collection":[{"href":"https:\/\/bozsogiattila.hu\/index.php?rest_route=\/wp\/v2\/posts"}],"about":[{"href":"https:\/\/bozsogiattila.hu\/index.php?rest_route=\/wp\/v2\/types\/post"}],"author":[{"embeddable":true,"href":"https:\/\/bozsogiattila.hu\/index.php?rest_route=\/wp\/v2\/users\/3"}],"replies":[{"embeddable":true,"href":"https:\/\/bozsogiattila.hu\/index.php?rest_route=%2Fwp%2Fv2%2Fcomments&post=1096"}],"version-history":[{"count":1,"href":"https:\/\/bozsogiattila.hu\/index.php?rest_route=\/wp\/v2\/posts\/1096\/revisions"}],"predecessor-version":[{"id":1097,"href":"https:\/\/bozsogiattila.hu\/index.php?rest_route=\/wp\/v2\/posts\/1096\/revisions\/1097"}],"wp:attachment":[{"href":"https:\/\/bozsogiattila.hu\/index.php?rest_route=%2Fwp%2Fv2%2Fmedia&parent=1096"}],"wp:term":[{"taxonomy":"category","embeddable":true,"href":"https:\/\/bozsogiattila.hu\/index.php?rest_route=%2Fwp%2Fv2%2Fcategories&post=1096"},{"taxonomy":"post_tag","embeddable":true,"href":"https:\/\/bozsogiattila.hu\/index.php?rest_route=%2Fwp%2Fv2%2Ftags&post=1096"}],"curies":[{"name":"wp","href":"https:\/\/api.w.org\/{rel}","templated":true}]}}