{"id":110,"date":"2008-04-09T20:41:00","date_gmt":"2008-04-09T20:41:00","guid":{"rendered":"https:\/\/bozsogiattila.hu\/?p=110"},"modified":"2024-01-07T18:59:06","modified_gmt":"2024-01-07T18:59:06","slug":"danko-pista-a-zene-es-a-ciganysag","status":"publish","type":"post","link":"https:\/\/bozsogiattila.hu\/?p=110","title":{"rendered":"DANK\u00d3 PISTA, \u00a0A ZENE, \u00c9S A CIG\u00c1NYS\u00c1G"},"content":{"rendered":"\n<h1 class=\"wp-block-heading\">DANK\u00d3 PISTA, &nbsp;A ZENE, \u00c9S A CIG\u00c1NYS\u00c1G<\/h1>\n\n\n\n<blockquote class=\"wp-block-quote is-layout-flow wp-block-quote-is-layout-flow\">\n<p class=\"has-medium-font-size wp-block-paragraph\"><em>&#8222;Szegeden, 1998-ban Dank\u00f3 Pista sz\u00fclet\u00e9s\u00e9nek 150. \u00e9vfordul\u00f3ja alkalm\u00e1val orsz\u00e1gos p\u00e1ly\u00e1zatot \u00edrt ki a D\u00e9l \u2013magyarorsz\u00e1gi N\u00f3taszerz\u0151k Egyes\u00fclete, mely p\u00e1ly\u00e1zat k\u00fcl\u00f6nd\u00edj\u00e1t \u00e9n nyertem el, ezzel a munk\u00e1mmal!&#8221;<\/em><\/p>\n<\/blockquote>\n\n\n\n<p class=\"wp-block-paragraph\">A zene szinte egyid\u0151s az emberis\u00e9ggel. Els\u0151 megnyilv\u00e1nul\u00e1sa m\u00e1r az \u0151sember kor\u00e1ra vezethet\u0151 vissza, amikor a k\u00fcl\u00f6nb\u00f6z\u0151 munkafolyamataik alatt, az egy hangon val\u00f3 recit\u00e1l\u00e1s jelentette a primit\u00edv munkadalt, melyb\u0151l sok ezer \u00e9v ut\u00e1n, kialakult mai 12 egyenl\u0151 r\u00e9szre osztott zenei hangrendszer\u00fcnk.<\/p>\n\n\n\n<p class=\"wp-block-paragraph\">Ebben a sok ezer \u00e9ves m\u00faltban tall\u00f3zva meg\u00e1llap\u00edthatjuk, hogy minden f\u00e9ny keletr\u0151l j\u00f6tt. A mi muzsik\u00e1nk is ott fogamzott, ott sz\u00fcletett \u00e9s ott \u00e9lte b\u00f6lcs\u0151kor\u00e1t.<\/p>\n\n\n\n<p class=\"wp-block-paragraph\">Lehet, hogy a let\u0171nt vil\u00e1gok a main\u00e1l nagyobb zenekult\u00far\u00e1t vittek magukkal a megsemmis\u00fcl\u00e9sbe, \u00e9s tal\u00e1n igaz lehet az a feltev\u00e9s, amely szerint a zene fejl\u0151d\u00e9se a ritmuson kezd\u0151d\u00f6tt; mert a munka, egyenletess\u00e9get k\u00f6vetel, \u00e9s annak v\u00e9grehajt\u00e1sa, ennek hat\u00e1s\u00e1ra k\u00f6nnyebb. A k\u00e9t, h\u00e1rom, n\u00e9gy stb. hangokb\u00f3l \u00e1ll\u00f3 dallamokon kereszt\u00fcl vezetett el az \u00fat az \u00f6szt\u00f6n\u00f6s dalol\u00e1s, \u00e9nekl\u00e9s, hangut\u00e1nz\u00e1s ut\u00e1n a mai hangszeres muzsik\u00e1l\u00e1shoz, &#8211; mely mellett \u00e1ll\u00e1st foglal zenekult\u00far\u00e1nk is.<\/p>\n\n\n\n<p class=\"wp-block-paragraph\">M\u00e1r az \u00f3korban, a szobr\u00e1szat, fest\u00e9szet, \u00e9p\u00edt\u00e9szet, k\u00f6lt\u00e9szet \u00e9s egy\u00e9b m\u0171v\u00e9szeti tev\u00e9kenys\u00e9gek a t\u00f6k\u00e9letess\u00e9gig fejl\u0151dtek. Ellent\u00e9tben a zen\u00e9vel, mely maradt a kor\u00e1bbi kult\u00fara szintje alatt.<\/p>\n\n\n\n<p class=\"wp-block-paragraph\">Ennek magyar\u00e1zata az, hogy a zene <em>elvont,<\/em> \u00e9s minden megnyilv\u00e1nul\u00e1sa a l\u00e9lek m\u00e9ly\u00e9n gy\u00f6keredzik. Teh\u00e1t az emberi l\u00e9lek teljes kifejl\u0151d\u00e9s\u00e9hez, a zene nyelv\u00e9n val\u00f3 igaz \u00e9s t\u00f6k\u00e9letes megnyilatkoz\u00e1shoz sokkal hosszabb id\u0151t\u00e1vols\u00e1g kellett, mint a t\u00f6bbi m\u0171v\u00e9szet kifejl\u0151d\u00e9s\u00e9hez.<\/p>\n\n\n\n<p class=\"wp-block-paragraph\">Az Etel-k\u00f6zb\u0151l val\u00f3 v\u00e1ndorl\u00e1sunk idej\u00e9n, \u0151seink a keleti zenekult\u00fara hordoz\u00f3i voltak. M\u00edg a honfoglal\u00f3 magyarok fejlett harci technik\u00e1jukkal v\u00e1ndorolva jutottak el mai haz\u00e1nk ter\u00fclet\u00e9re, addig a zenei \u0151stehets\u00e9geket mag\u00e1ba foglal\u00f3 cig\u00e1ny faj (szint\u00e9n hosszas v\u00e1ndorl\u00e1s ut\u00e1n), csup\u00e1n a XV. sz\u00e1zadban jutott el \u00c1zsi\u00e1b\u00f3l, &#8211; Eur\u00f3p\u00e1ba. Magyarorsz\u00e1got a Duna mellett haladva Rom\u00e1ni\u00e1n kereszt\u00fcl \u00e9rt\u00e9k el.<\/p>\n\n\n\n<p class=\"wp-block-paragraph\">Kontinens\u00fcnk\u00f6n a fogadtat\u00e1suk meglehet\u0151sen kegyetlen volt, ugyanis idegenked\u00e9ssel, gyanakv\u00e1ssal tekintettek r\u00e1juk \u00e9s k\u00e9meknek tartott\u00e1k \u0151ket. 1595-ben, Franciaorsz\u00e1gban parlamenti hat\u00e1rozat rendelte el kiirt\u00e1sukat. 1662-t\u0151l hal\u00e1lb\u00fcntet\u00e9s terhe mellett tilos volt tart\u00f3zkodniuk; Sv\u00e9dorsz\u00e1gban \u00e9s D\u00e1ni\u00e1ban.<\/p>\n\n\n\n<p class=\"wp-block-paragraph\">A m\u00e1sodik vil\u00e1gh\u00e1bor\u00fa idej\u00e9n Hitler koncentr\u00e1ci\u00f3s t\u00e1boraiban mintegy f\u00e9lmilli\u00f3 cig\u00e1nyt v\u00e9geztek ki, vagy k\u00ednoztak hal\u00e1lra. K\u00f6zt\u00fck t\u00f6bb ezer magyar \u00e9s lengyel cig\u00e1ny \u00e9lete fejez\u0151d\u00f6tt be a g\u00e1zkamr\u00e1kban.<\/p>\n\n\n\n<p class=\"wp-block-paragraph\">Haz\u00e1nkban a leteleped\u00e9s\u00fck ut\u00e1n, meglehet\u0151sen neh\u00e9z k\u00f6r\u00fclm\u00e9nyek k\u00f6z\u00f6tt \u00e9ltek, s legt\u00f6bben putrikban, vagy roskatag h\u00e1zakban laktak. K\u00e9t r\u00e9szre tagol\u00f3dtak: a letelepedett muzsikus, vagy alkalmi munk\u00e1s, \u00e9s a v\u00e1ndorl\u00f3 s\u00e1toros cig\u00e1nyokra.<\/p>\n\n\n\n<p class=\"wp-block-paragraph\">A rossz k\u00f6r\u00fclm\u00e9nyeik ellen\u00e9re, a barokk korban, az 1600-1750-es \u00e9vekben, m\u00e1r a kir\u00e1lyi, \u00e9s a f\u0151\u00fari udvarokban tal\u00e1ljuk, a zen\u00e9sz cig\u00e1nyokat.<\/p>\n\n\n\n<p class=\"wp-block-paragraph\">Igazi szerep\u00fck a nemesi k\u00fari\u00e1kon kezd\u0151d\u00f6tt 1750 ut\u00e1n.<\/p>\n\n\n\n<p class=\"wp-block-paragraph\">A XVIII. sz\u00e1zad utols\u00f3 harmad\u00e1t\u00f3l: a verbunkos korszakban jelent\u0151s\u00e9g\u00fck egyre n\u0151tt, \u00e9s lassan \u0151k v\u00e1ltak a magyar zene reprezent\u00e1nsaiv\u00e1.<\/p>\n\n\n\n<p class=\"wp-block-paragraph\">1867-ben a kiegyez\u00e9s ut\u00e1ni id\u0151kben a birtokaikat elhagy\u00f3 dzsentriv\u00e9 deklassz\u00e1l\u00f3dott nemess\u00e9g, \u00e9s a v\u00e1rosi hivatalnoki r\u00e9teg, valamint a polg\u00e1rs\u00e1g muzsikusaiv\u00e1 v\u00e1ltak.<\/p>\n\n\n\n<p class=\"wp-block-paragraph\">1945-t\u0151l rendez\u0151d\u00f6tt \u00e9letk\u00f6r\u00fclm\u00e9ny\u00fck, \u00edgy a n\u00e9p muzsikusai \u00e9s igazi n\u00e9pzenei hagyom\u00e1nyok let\u00e9tem\u00e9nyesei lettek, s v\u00e1ltak n\u00e9pzen\u00e9szekk\u00e9 a hossz\u00fa \u00e9vsz\u00e1zadokon \u00e1t len\u00e9zett \u00e9s megal\u00e1zott cig\u00e1nyok.<\/p>\n\n\n\n<p class=\"wp-block-paragraph\">Az 1950-es \u00e9vekt\u0151l k\u00f6telezt\u00e9k a zen\u00e9szeket vizsgat\u00e9telre, \u00e9s a vizsga eredm\u00e9ny\u00e9t\u0151l f\u00fcgg\u0151en \u00e1llap\u00edtott\u00e1k meg a fizet\u00e9s\u00fcket. A cig\u00e1nys\u00e1g \u00e9lt a lehet\u0151s\u00e9ggel \u00e9s st\u00fadi\u00f3kban meg tanultak kott\u00e1t olvasni, valamint szakmailag k\u00e9pezt\u00e9k magukat.<\/p>\n\n\n\n<p class=\"wp-block-paragraph\">Ma m\u00e1r eljutottak od\u00e1ig, hogy soraikban vannak Kossuth-d\u00edjas muzsikusok, \u00e9nekesek, \u00e9s nem ritka a m\u0171v\u00e9sztan\u00e1ri diplom\u00e1val rendelkez\u0151, illetve f\u0151iskolai vagy konzervat\u00f3riumi v\u00e9gzetts\u00e9g\u0171 cig\u00e1nyzen\u00e9sz sem.<\/p>\n\n\n\n<p class=\"wp-block-paragraph\">Az elm\u00falt h\u00e1romsz\u00e1z \u00e9vre, ha visszatekint\u00fcnk, h\u00edres \u00e9s megbecs\u00fclt cig\u00e1nypr\u00edm\u00e1sok sora vonul fel el\u0151tt\u00fcnk:<\/p>\n\n\n\n<ul class=\"wp-block-list\">\n<li><strong>Barna Mih\u00e1ly:<\/strong> \u2013Cs\u00e1ky Imre b\u00edboros udvari muzsikusa, aki 1737-ben, 11 t\u00e1rsa el\u00f6l elnyerte a szepesv\u00e1raljai zenei versenyt.<\/li>\n\n\n\n<li><strong>Cinka Panna:<\/strong> (1711-1772) \u2013a XVIII. sz\u00e1zad egyik legh\u00edresebb pr\u00edm\u00e1sa.<\/li>\n\n\n\n<li><strong>Bihari J\u00e1nos: <\/strong>(1764-1827) \u2013a h\u00edres R\u00e1k\u00f3czi n\u00f3ta szerz\u0151je, aki egyes\u00edtette a verbunkos zene elemeit a kuruc zene hagyom\u00e1nyaival, \u00e9s a korabeli m\u0171zene eredm\u00e9nyeivel. Heged\u0171j\u00e1t\u00e9k\u00e1t Beethoven is elragadtat\u00e1ssal hallgatta.<\/li>\n\n\n\n<li><strong>Boka K\u00e1roly:<\/strong> (1808-1860) \u20131846-ban m\u0171v\u00e9szi \u00e9rdemei\u00e9rt polg\u00e1rjoggal ruh\u00e1zt\u00e1k fel, \u00e9s a neve felker\u00fclt a \u201eCivisek\u201d list\u00e1j\u00e1ra. Kossuth Lajos kedvelt cig\u00e1nya volt.<\/li>\n\n\n\n<li><strong>Nagyg\u00e9ci R\u00e1cz Pali.<\/strong> (1815-1885) \u2013Vil\u00e1gh\u00edr\u0171 cig\u00e1nypr\u00edm\u00e1s. (katona karmester) 1848-ban Wladimir orosz herceg R\u00e1czot Szent Gy\u00f6rgy kereszt \u00e9rdemrenddel t\u00fcntette ki.<\/li>\n\n\n\n<li><strong>G\u00e1rdonyi Patik\u00e1rus Ferk\u00f3:<\/strong> (1827-1870) &#8211; 1867-ben a p\u00e1rizsi vil\u00e1gki\u00e1ll\u00edt\u00e1son t\u00f6bbsz\u00f6r is j\u00e1tszott III. Nap\u00f3leonnak. \u2013Az alkotm\u00e1nyos \u00e9let kezdet\u00e9n, az 1870-es \u00e9vekben Bud\u00e1n az udvarn\u00e1l muzsik\u00e1lt.<\/li>\n\n\n\n<li><strong>Szegedi Erd\u00e9lyi N\u00e1ci<\/strong>: (1845-1893) \u2013A v\u00e1rosi zenede tan\u00e1ra, sz\u00ednh\u00e1zzen\u00e9sz, cig\u00e1nypr\u00edm\u00e1s.<\/li>\n<\/ul>\n\n\n\n<p class=\"wp-block-paragraph\">A felsorolt legend\u00e1s h\u00edr\u0171 cig\u00e1nypr\u00edm\u00e1soknak, m\u00e9lt\u00f3 k\u00f6vet\u0151j\u00e9v\u00e9 v\u00e1lt Dank\u00f3 Pista, aki j\u00f3 bar\u00e1tj\u00e1nak: G\u00e1rdonyi G\u00e9z\u00e1nak sz\u00fclet\u00e9si hely\u00e9vel kapcsolatosan elkesered\u00e9s\u00e9ben a k\u00f6vetkez\u0151ket \u00edrta:<\/p>\n\n\n\n<p class=\"wp-block-paragraph\"><em>\u201eSz\u00fclet\u00e9semre vonatkoz\u00f3lag legjobb lenne, ha a helyet nem eml\u00edten\u00e9d, hanem \u00edgy \u00edrn\u00e1d: Sz\u00fcletett ott, ahol a sz\u00edv nem terem. Mindenki tudni fogja, hogy hol sz\u00fclettem\u201d.<\/em><\/p>\n\n\n\n<p class=\"wp-block-paragraph\"><strong>DANK\u00d3 PISTA: <\/strong>(1858-1903)<\/p>\n\n\n\n<p class=\"wp-block-paragraph\">Pr\u00edm\u00e1s, n\u00f3taszerz\u0151, t\u00f6bb mint 400 dala ismeretes. Hasonnev\u0171 apj\u00e1t, (aki Szeged els\u0151 zenekar\u00e1nak volt tagja) m\u00e1r kilenc\u00e9ves kor\u00e1ban elvesztette. Heged\u00fclni ekkor csup\u00e1n annyit tudott m\u00e9g, amit apj\u00e1t\u00f3l n\u00e9ha-n\u00e9ha tanult. A k\u00e9s\u0151bbiekben, G\u00e1rdonyi G\u00e9za k\u00e9r\u00e9s\u00e9re \u00f6n\u00e9letrajz\u00e1ban err\u0151l \u00edgy \u00edrt a h\u00edres n\u00f3taszerz\u0151:<\/p>\n\n\n\n<p class=\"wp-block-paragraph\">\u201e<em>Kedves Bar\u00e1tom!<\/em><\/p>\n\n\n\n<p class=\"wp-block-paragraph\"><em>K\u00edv\u00e1ns\u00e1god szerint ide mell\u00e9kelem az eg\u00e9sz \u00e9letem szurkos fonal\u00e1t. 1858. j\u00fanius 13-\u00e1n sz\u00fclettem (m\u00e1r az eleje sem j\u00f3, 13-as sz\u00e1mmal). Ap\u00e1m a szegedi els\u0151 zenekar seg\u00e9dpr\u00edm\u00e1sa volt, majd saj\u00e1t zenekart szervezett, s az \u00e9l\u00e9re \u00e1llt. 1868. febru\u00e1rban halt meg t\u00fcd\u0151bajban.<\/em><\/p>\n\n\n\n<p class=\"wp-block-paragraph\"><em>\u00c9n ekkor 9 \u00e9ves voltam. Nem \u00f6r\u00f6k\u00f6ltem m\u00e1st, mint a heged\u0171j\u00e9t, amely igen j\u00f3 volt, s n\u00e9h\u00e1ny forint k\u00e9szp\u00e9nzt, \u00e9s tal\u00e1n a t\u00fcd\u0151baj\u00e1t. Azt a kev\u00e9s p\u00e9nzt, amit hagyott, \u00e9desany\u00e1m elk\u00f6lt\u00f6tte, mire felcseperedtem, a heged\u0171t pedig, mint fiatal, k\u00f6nnyelm\u0171 gyerek elz\u00e1logos\u00edtottam egy kocsm\u00e1ban nagyon kev\u00e9s p\u00e9nz\u00e9rt, alig egy p\u00e1r forintba, miut\u00e1n nem ismertem az \u00e9rt\u00e9k\u00e9t\u201d.<\/em><\/p>\n\n\n\n<p class=\"wp-block-paragraph\">A h\u00edres mesterheged\u0171t apja j\u00f3 bar\u00e1tja, E\u00f6rd\u00f6g Mih\u00e1ly (aki Szeged legh\u00edresebb \u00fcgyv\u00e9dje volt,) kiv\u00e1ltotta, \u00e9s unok\u00e1j\u00e1nak aj\u00e1nd\u00e9kozta. Mire Dank\u00f3 Pista ment, hogy kiv\u00e1ltsa a z\u00e1logb\u00f3l, m\u00e1r csak h\u0171lt hely\u00e9t tal\u00e1lta a hangszernek. A n\u00e9pszer\u0171 \u00fcgyv\u00e9d p\u00e1r \u00e9v m\u00falva meghalt, \u00edgy a heged\u0171nek nyoma veszett.<\/p>\n\n\n\n<p class=\"wp-block-paragraph\">A csal\u00e1d anyagi k\u00f6r\u00fclm\u00e9nyei miatt iskolai tanulm\u00e1nyait abba kellett hagynia. Mind\u00f6ssze 4 elemit v\u00e9gzett. A fiatal \u00e9rz\u0151lelk\u0171 gyereknek, nem az iskolai fegyelem s az \u00e1lland\u00f3 regul\u00e1l\u00e1s hi\u00e1nyzott, hanem arra v\u00e1gyott, amit akkor m\u00e9g nem is tudott megfogalmazni, hogy ki tudjon t\u00f6rni abb\u00f3l a k\u00f6r\u00fclm\u00e9nyekb\u0151l, amit a sors ny\u00fajtott, ami\u00e9rt a lelke h\u00e1borgott; az a szeg\u00e9nys\u00e9g, n\u00e9lk\u00fcl\u00f6z\u00e9s, mely k\u00f6r\u00fcl vette a csal\u00e1dot. Annak a hi\u00e1ny\u00e1t \u00e9rezte legjobban, \u00e9s \u00e1h\u00edtotta, hogy embersz\u00e1mba vegy\u00e9k \u0151ket, m\u00e9g akkor is, ha szeg\u00e9nynek sz\u00fclettek.<\/p>\n\n\n\n<p class=\"wp-block-paragraph\">Teljesen mag\u00e1ra hagyva teng\u0151d\u00f6tt 12 \u00e9ves kor\u00e1ig, amikor Erd\u00e9lyi N\u00e1ci a nagyh\u00edr\u0171 zenetan\u00e1r, pr\u00edm\u00e1s felkarolta \u00e9s tan\u00edtani kezdte.<\/p>\n\n\n\n<p class=\"wp-block-paragraph\">15 \u00e9ves kor\u00e1ban m\u00e1r saj\u00e1t zenekara \u00e9l\u00e9n \u00e1llt, de a zeneszerz\u00e9ssel csak 24 \u00e9ves kor\u00e1ban kezdett el foglalkozni.<\/p>\n\n\n\n<p class=\"wp-block-paragraph\">Ekkort\u00e1jt ker\u00fclt kez\u00e9be az els\u0151 k\u00f6nyv, melyre, mint a sz\u00e1raz f\u00f6ld, mely k\u00edv\u00e1nja az es\u0151t, \u00fagy szomjazott. Olvas\u00e1sa megnyugv\u00e1st, \u00e9s lelki b\u00e9k\u00e9t jelentett. Dumas, Hug\u00f3 Viktor, J\u00f3kai M\u00f3r \u00edr\u00e1sait, ahogy mondani szok\u00e1s, val\u00f3s\u00e1ggal falta.<\/p>\n\n\n\n<p class=\"wp-block-paragraph\">A benne kavarg\u00f3 \u00e9rz\u00e9sek hat\u00e1s\u00e1ra, azonosult a reg\u00e9nyalakokkal: a h\u00e1rom Baradlay fi\u00faval: \u00d6d\u00f6nnel, Rich\u00e1rddal \u00e9s Jen\u0151vel, akik nemcsak a monarchia ellen harcoltak, hanem saj\u00e1t maguk t\u00e9ves \u00e9rz\u00e9seit is le kellett gy\u0151zni\u00fck.<\/p>\n\n\n\n<p class=\"wp-block-paragraph\">Az iskolai tanulm\u00e1nyok hi\u00e1ny\u00e1ban, a m\u00e1sodik iskol\u00e1j\u00e1t, az igazit, a reg\u00e9nyek sokas\u00e1ga jelentette.<\/p>\n\n\n\n<p class=\"wp-block-paragraph\">A fiatalon szervezett band\u00e1j\u00e1val, (amelyet k\u00e9s\u0151bb <em>\u201eMalac band\u00e1nak\u201d<\/em> nevezett) b\u00e1lokban, lakodalmakban, keresztel\u0151k\u00f6n, diszn\u00f3torokban, k\u00e1rment\u0151k\u00f6n \u00e9s megannyi jeles esem\u00e9nyeken muzsik\u00e1ltak.<\/p>\n\n\n\n<p class=\"wp-block-paragraph\">\u00cdgy jutottak el a szatymazi sz\u0151l\u0151kbe is.<\/p>\n\n\n\n<p class=\"wp-block-paragraph\">A kor\u00e1n f\u00e9l\u00e1rvas\u00e1gra jutott Dank\u00f3, mindig v\u00e1gyott a szeretetre, mely r\u00e1mosolygott Jo\u00f3 Ilonka szem\u00e9ly\u00e9ben, akit 18 \u00e9ves kor\u00e1ban ismert meg. Ilonka Jo\u00f3 Ferencnek a k\u00fclorsz\u00e1got j\u00e1rt h\u00edres fest\u0151nek volt a bimb\u00f3z\u00f3 le\u00e1nya. A szinte m\u00e9g gyerek pr\u00edm\u00e1s mindent els\u00f6pr\u0151 szerelemre gy\u00falt a sz\u00e9ps\u00e9ges szatymazi le\u00e1ny ir\u00e1nt. <a href=\"#_ftn1\" id=\"_ftnref1\">&nbsp;<\/a><\/p>\n\n\n\n<p class=\"wp-block-paragraph\">Dank\u00f3 Pist\u00e1t r\u00f6vid \u00e9let\u00e9ben sokszor elhagyta a szerencse, \u00e9s h\u00e1tat ford\u00edtott neki a boldogs\u00e1g. Hi\u00e1ba tervezgett\u00e9k az \u00e9let\u00fcket a csodasz\u00e9p Ilonk\u00e1val a sors most is k\u00f6zbesz\u00f3lt.<\/p>\n\n\n\n<p class=\"wp-block-paragraph\">Jo\u00f3 Ferenc j\u00f6vend\u0151beli ap\u00f3sa, hallani sem akart arr\u00f3l, hogy egy szurkos k\u00e9p\u0171 cig\u00e1ny sihederhez adja szeretett le\u00e1ny\u00e1t.<\/p>\n\n\n\n<p class=\"wp-block-paragraph\">Ilonka dacolva az apai szigorral, egy csillaghullajt\u00f3 \u00e9jszak\u00e1n elsz\u00f6k\u00f6tt szerelm\u00e9vel, \u00e9s hal\u00e1lig tart\u00f3 frigyre l\u00e9ptek a Szent D\u00f6m\u00f6t\u00f6rr\u0151l nevezett bel-pal\u00e1nki istenh\u00e1zban.<\/p>\n\n\n\n<p class=\"wp-block-paragraph\">A boldog v\u0151leg\u00e9ny mind\u00f6ssze 19 \u00e9ves volt m\u00e9g ekkor.<\/p>\n\n\n\n<p class=\"wp-block-paragraph\">Ap\u00f3sa val\u00f3s\u00e1ggal gy\u0171l\u00f6lte a fiatal, forr\u00f3fej\u0171 hang\u00e1szt, de amikor Ilonka v\u00e1rand\u00f3s lett, megenyh\u00fclt a haragja \u00e9s elment le\u00e1ny\u00e1\u00e9rt, vej\u00e9nek pedig azt mondta: \u201eNeked meg k\u00edv\u00fcl t\u00e1gasabb\u201d.<\/p>\n\n\n\n<p class=\"wp-block-paragraph\">Egyszer Dank\u00f3 Pista elment megl\u00e1togatni a fi\u00e1t, (Pistik\u00e9t) \u00e9s fel akarta venni, amint megl\u00e1tta az \u00f6reg, r\u00e1ripakodott vej\u00e9re: \u201eHozz\u00e1 ne ny\u00falj, mert pofon v\u00e1glak\u201d, &#8211; k\u00fcl\u00f6nben is mit keresel itt).<\/p>\n\n\n\n<p class=\"wp-block-paragraph\">Mint oly sokszor, a sors most is ellene fordult a fiataloknak: r\u00f6vid id\u0151 m\u00falva meghalt a kisfi\u00fak. Az Istenver\u00e9snek nem lett ezzel v\u00e9ge: a m\u00e1sodik kisfiuk; halva sz\u00fcletett.<\/p>\n\n\n\n<p class=\"wp-block-paragraph\">Ebben az id\u0151ben, Szeged volt Dank\u00f3 m\u0171k\u00f6d\u00e9s\u00e9nek f\u0151 sz\u00edntere, ahol megismerkedett az akkor ott \u00e9l\u0151 P\u00f3sa Lajossal, akinek vers\u00e9re \u00edrta els\u0151 n\u00f3t\u00e1j\u00e1t:<\/p>\n\n\n\n<p class=\"wp-block-paragraph\">\u201eNem j\u00f3 mindig, minden este a fon\u00f3ba elj\u00e1rni\u201d c\u00edm\u0171 dalt.<\/p>\n\n\n\n<p class=\"wp-block-paragraph\">Hamarosan P\u00f3sa Lajos is megtudta, hogy a g\u00f6th\u00f6s cig\u00e1nyfi\u00fa megzen\u00e9s\u00edtette a vers\u00e9t. Elment a Csongr\u00e1di sug\u00e1r\u00fati Pille kocsm\u00e1ba, hogy meghallgassa, a n\u00f3t\u00e1v\u00e1 lett \u00edr\u00e1s\u00e1t.<\/p>\n\n\n\n<p class=\"wp-block-paragraph\">Mikor m\u00e1r sokadszorra elmuzsik\u00e1lta Dank\u00f3 Pista a lombs\u00e1toros mulat\u00f3ban a cs\u00e1rd\u00e1st, a k\u00f6lt\u0151 kebl\u00e9re \u00f6lelte az \u00fajdons\u00fclt n\u00f3taszerz\u0151t. M\u00e1snap a v\u00e1rosi zenede egyik professzora lekott\u00e1zta a k\u00e9s\u0151bb h\u00edress\u00e9 v\u00e1lt n\u00f3t\u00e1t. \u00cdgy jelent meg az els\u0151 szerzem\u00e9nye, mely elind\u00edtotta szerz\u0151i karrierj\u00e9t.<\/p>\n\n\n\n<p class=\"wp-block-paragraph\">P\u00f3sa ekkor m\u00e1r k\u00f6zkedvelt po\u00e9ta volt a v\u00e1rosban. Miut\u00e1n megismerte a vers\u00e9re \u00edrt Dank\u00f3 n\u00f3t\u00e1t, b\u00e1rmely sz\u00f6veg\u00e9t szabadon \u00e1tengedte a fiatal pr\u00edm\u00e1snak megzen\u00e9s\u00edt\u00e9sre.<\/p>\n\n\n\n<p class=\"wp-block-paragraph\">Els\u0151 sikerein felbuzdulva, r\u00f6videsen elkezdte ontani szebbn\u00e9l-szebb n\u00f3t\u00e1it. M\u00e1sodik n\u00f3t\u00e1j\u00e1nak a sz\u00f6veg\u00e9t szint\u00e9n P\u00f3sa \u00edrta: \u201eHabra, hab siet\u201d c\u00edm\u0171 m\u0171dalt.<\/p>\n\n\n\n<p class=\"wp-block-paragraph\">Amikor Blaha Lujza ezt a dalt el\u00e9nekelte Luk\u00e1cs S\u00e1ndor \u201eRebeka\u201d c\u00edm\u0171 n\u00e9psz\u00ednm\u0171v\u00e9ben, teljesen ismertt\u00e9 tette az ifj\u00fa cig\u00e1nypr\u00edm\u00e1st, n\u00f3taszerz\u0151t.<\/p>\n\n\n\n<p class=\"wp-block-paragraph\">Ett\u0151l kezdve versengtek a kiad\u00f3k a Dank\u00f3 n\u00f3t\u00e1k kiad\u00e1s\u00e1nak jog\u00e1\u00e9rt.<\/p>\n\n\n\n<p class=\"wp-block-paragraph\">1885-ben a szint\u00e9n Szegeden \u00e9l\u0151 Papp Zolt\u00e1n k\u00e9t k\u00f6ltem\u00e9ny\u00e9t zen\u00e9s\u00edtette meg a k\u00f6lt\u0151 k\u00e9r\u00e9s\u00e9re.<\/p>\n\n\n\n<p class=\"wp-block-paragraph\">1886-ban Moln\u00e1r Gy\u00f6rgy \u201eZsell\u00e9r \u2013le\u00e1ny\u201d c\u00edm\u0171 n\u00e9psz\u00ednm\u0171v\u00e9nek az \u00f6sszes dal\u00e1t Dank\u00f3 Pista \u00edrta. Ez a darab Szegeden, \u00e9s a vid\u00e9ki v\u00e1rosok legt\u00f6bbj\u00e9ben, a zen\u00e9nek k\u00f6sz\u00f6nhette siker\u00e9t.<\/p>\n\n\n\n<p class=\"wp-block-paragraph\">A szegedi k\u00f6z\u00f6ns\u00e9g a n\u00e9psz\u00ednm\u0171 premierj\u00e9n Dank\u00f3t k\u00e9t bab\u00e9rkoszor\u00faval t\u00fcntette ki.<\/p>\n\n\n\n<p class=\"wp-block-paragraph\">A darab k\u00e9t legismertebb bet\u00e9tdala: \u201eP\u00e1ros \u00e9let a legszebb a vil\u00e1gon\u201d \u00e9s az \u201eIsten veled v\u00e9n eperfa\u201d c\u00edm\u0171 n\u00f3t\u00e1k az eg\u00e9sz orsz\u00e1gban n\u00e9pszer\u0171v\u00e9 v\u00e1ltak.<\/p>\n\n\n\n<p class=\"wp-block-paragraph\">Ezek ut\u00e1n sikeresebbn\u00e9l-sikeresebb n\u00f3t\u00e1k k\u00f6vetkeztek, melyek ma m\u00e1r \u00f6r\u00f6kz\u00f6ldek \u00e9s a k\u00fclf\u00f6ldi megm\u00e9rettet\u00e9sen is meg\u00e1llt\u00e1k a hely\u00fcket.<\/p>\n\n\n\n<ul class=\"wp-block-list\">\n<li>&nbsp;\u201eM\u00e9g azt mondj\u00e1k, nincs Szegeden boszork\u00e1ny\u201d<\/li>\n\n\n\n<li>&nbsp;\u201eSz\u0151ke kisl\u00e1ny: csitt, csitt, csitt\u201d<\/li>\n\n\n\n<li>&nbsp;\u201eV\u00e1s\u00e1rhelyi s\u00e9tat\u00e9ren B\u00e9la cig\u00e1ny muzsik\u00e1l\u201d<\/li>\n\n\n\n<li>&nbsp;\u201eEgy csillag sem ragyog fenn az \u00e9gen\u201d<\/li>\n\n\n\n<li>&nbsp;\u201eAz\u00e9rt, hogy \u00e9n kan\u00e1sz vagyok\u201d<\/li>\n\n\n\n<li>&nbsp;\u201eLemond\u00e1s\u201d (M\u0171dal)<\/li>\n\n\n\n<li>&nbsp;\u201ePiros r\u00f3zsa t\u00f6v\u00e9r\u0151l fakad a bimb\u00f3\u201d stb.<\/li>\n<\/ul>\n\n\n\n<p class=\"wp-block-paragraph\">Az egykor volt szegedi Miksz\u00e1th K\u00e1lm\u00e1n a Dank\u00f3 n\u00f3t\u00e1k megismer\u00e9se ut\u00e1n a k\u00f6vetkez\u0151ket \u00edrta a szerz\u0151r\u0151l:<\/p>\n\n\n\n<p class=\"wp-block-paragraph\">\u201eMicsoda elrendez\u00e9se a Gondvisel\u00e9snek, hogy ennek az \u00e9des-\u00e9rdes V\u00e1rosnak aj\u00e1nd\u00e9kozta Dank\u00f3 g\u00e9niusz\u00e1t, \u00e9s a 80-as \u00e9vekben ide tette le a kenyer\u00e9t P\u00f3sa Lajosnak, aki sz\u00e1mtalanul ontotta a verseket a n\u00f3tafa von\u00f3ja al\u00e1, b\u00e1natosat \u00e9s v\u00edgs\u00e1gosat, f\u00e1jdalmasat \u00e9s szerelmeset, k\u00f6nny\u00fcnket csalogat\u00f3t, \u00e9s kedv\u00fcnket hegyezget\u0151t\u201d.<\/p>\n\n\n\n<p class=\"wp-block-paragraph\">1894-ben sz\u00fclettek a Wekerl\u00e9nek szentelt n\u00f3t\u00e1k:<\/p>\n\n\n\n<ul class=\"wp-block-list\">\n<li>\u201eVisszaj\u00f6tt a fecskemad\u00e1r\u201d<\/li>\n\n\n\n<li>\u201eMegmondta r\u00e9gen Wekerle\u201d<\/li>\n<\/ul>\n\n\n\n<p class=\"wp-block-paragraph\">1895-ben 305-en p\u00e1ly\u00e1ztak az \u201e\u00daj Id\u0151k\u201d c\u00edm\u0171 sz\u00e9pirodalmi lap 300 koron\u00e1s d\u00edjaz\u00e1s\u00fa dalverseny\u00e9re, melyet Dank\u00f3 Pista nyert meg: Feszty k\u00f6rk\u00e9p\u00e9nek; A magyarok bej\u00f6vetel\u00e9nek hat\u00e1sa alatt \u00edrt \u201eZ\u00fag a sz\u00e9lv\u00e9sz, h\u00e1borog a Balaton\u201d c\u00edm\u0171 n\u00f3t\u00e1j\u00e1val.<\/p>\n\n\n\n<p class=\"wp-block-paragraph\">1890-ben dalt\u00e1rsulat\u00e1val (a szegedi bemutat\u00f3 ut\u00e1n) j\u00e1rta a r\u00e9gi nagy Magyarorsz\u00e1got, Aradt\u00f3l K\u00e9sm\u00e1rkig, Gyul\u00e1t\u00f3l Kass\u00e1ig.<\/p>\n\n\n\n<p class=\"wp-block-paragraph\">1891-ben nyughatatlan cig\u00e1ny v\u00e9re elvitt Moszkv\u00e1ba, Szentp\u00e9terv\u00e1rra, \u00e9s h\u00edr\u00fck eljutott a c\u00e1ri udvarba is.<\/p>\n\n\n\n<p class=\"wp-block-paragraph\">1896-ban: Moszkv\u00e1ban az \u0151 zenekara muzsik\u00e1lt Mikl\u00f3s c\u00e1r koron\u00e1z\u00e1si \u00fcnneps\u00e9g\u00e9n.<\/p>\n\n\n\n<p class=\"wp-block-paragraph\">Itt ismerkedett meg Vladimir nagyherceggel, aki megh\u00edvta palot\u00e1j\u00e1ba, \u00e9s megmutatta f\u00e9ltett kincs\u00e9t, a h\u00edres m\u0171gy\u0171jtem\u00e9ny\u00e9t. A heged\u0171k k\u00f6z\u00f6tt szomor\u00faan ismerte fel apja hangszer\u00e9t.<\/p>\n\n\n\n<p class=\"wp-block-paragraph\">A nagyherceg kivette a vitrinb\u0151l a heged\u0171t, \u00e9s \u00e1tadta Dank\u00f3 Pist\u00e1nak, aki k\u00f6nnyivel k\u00fcszk\u00f6dve remeg\u0151 k\u00e9zzel ny\u00falt \u00e9rte. Mint egy t\u00f6r\u00e9keny h\u00edmes toj\u00e1st \u00fagy vette kez\u00e9be az egykori apai \u00f6r\u00f6ks\u00e9get. El\u0151sz\u00f6r csak n\u00e9zegette, vizsg\u00e1lgatta, majd felhangolta \u00e9s felcsend\u00fclt a sz\u00e1razfa h\u00farjain egy-k\u00e9t mesteri futam, amit p\u00e1r akkord ut\u00e1n egy soha nem hallott kadencia k\u00f6vetett, mely az egyik legszebb Dank\u00f3 n\u00f3t\u00e1ba csapott \u00e1t, amit valaha a szatymazi kis le\u00e1nynak Ilonk\u00e1nak \u00edrt: <em>\u201eMad\u00e1r v\u00edgan dalolt a lombos \u00e1gon\u201d. <\/em>(Lemond\u00e1s c\u00edm\u0171 m\u0171dal)<\/p>\n\n\n\n<p class=\"wp-block-paragraph\">A heged\u0171 var\u00e1zslatos hangja val\u00f3s\u00e1ggal bearanyozta a pomp\u00e1s palota felejthetetlen sz\u00e9ps\u00e9g\u0171 term\u00e9t. A nagyherceg szinte l\u00e9legzetvisszafojtva hallgatta az \u00e1ltala ismeretlen mel\u00f3di\u00e1t, melyben a hangjegyeket Dank\u00f3 sz\u00edve \u00f6lelte \u00e1t, s tal\u00e1n el\u0151sz\u00f6r \u00e9s utolj\u00e1ra sz\u00f3lalt meg a hangszer, a mester kez\u00e9ben m\u0171v\u00e9szi fokon, majd \u00f6r\u00f6kre a zeneterem d\u00edsze maradt.<\/p>\n\n\n\n<p class=\"wp-block-paragraph\">1892-ben Budapesten a N\u00e1dor \u00e9s B\u00e1rd c\u00e9g kinyomtatta a sz\u00e1z legt\u00fcnd\u00f6kl\u0151bb Dank\u00f3 n\u00f3t\u00e1t, mely kiadv\u00e1nyon felt\u00fcntett\u00e9k: \u201e<em>Hogy eljusson minden magyarokhoz, \u00f6sszedobbantani a sz\u00edveket\u201d!<\/em><\/p>\n\n\n\n<p class=\"wp-block-paragraph\">Dank\u00f3 Pista nagyon sok \u00f6r\u00f6kz\u00f6ld n\u00f3t\u00e1t kompon\u00e1lt: P\u00f3sa Lajos, Papp Zolt\u00e1n, G\u00e1rdonyi G\u00e9za, Szabolcska Mih\u00e1ly \u00e9s saj\u00e1t verseire.<\/p>\n\n\n\n<p class=\"wp-block-paragraph\"><strong>N\u00f3t\u00e1ib\u00f3l \u00e1ll\u00edtott\u00e1k \u00f6ssze t\u00f6bb n\u00e9psz\u00ednm\u0171 zenei anyag\u00e1t:<\/strong><\/p>\n\n\n\n<ul class=\"wp-block-list\">\n<li>\u201eGyimesi vadvir\u00e1g\u201d<\/li>\n\n\n\n<li>\u201eSzeg\u00e9ny Laci\u201d<\/li>\n\n\n\n<li>\u201eA le\u00e1nyasszony\u201d<\/li>\n\n\n\n<li>\u201eA Zs\u00f6ll\u00e9s le\u00e1ny\u201d<\/li>\n\n\n\n<li>\u201eRebeka\u201d<\/li>\n<\/ul>\n\n\n\n<p class=\"wp-block-paragraph\"><strong>Saj\u00e1t sz\u00f6veg\u0171 n\u00e9psz\u00ednm\u0171vei:<\/strong><\/p>\n\n\n\n<ul class=\"wp-block-list\">\n<li>\u201eCig\u00e1nyszerelem\u201d<\/li>\n\n\n\n<li>\u201eA hal\u00e1sz szeret\u0151je\u201d<\/li>\n<\/ul>\n\n\n\n<p class=\"wp-block-paragraph\">A sikereinek cs\u00facs\u00e1n egy alkalommal \u00edgy \u00edrt bar\u00e1tj\u00e1nak, G\u00e1rdonyi G\u00e9z\u00e1nak \u00f6n\u00e9letrajz\u00e1ban a Szegeden elt\u00f6lt\u00f6tt \u00e9vekr\u0151l<\/p>\n\n\n\n<p class=\"wp-block-paragraph\"><strong>\u201eTizen\u00f6t \u00e9vi m\u0171k\u00f6d\u00e9sem alatt t\u00f6bb volt a nyomor, mint nem. A legutols\u00f3 faluban k\u00fcl\u00f6nb \u00e9letem lett volna, mint Szegeden. M\u00edg zeneszerz\u0151 nem lettem, addig azt mondt\u00e1k, nagyon j\u00f3 muzsikus leszek, s vagyok. Mikor azt\u00e1n n\u00f3t\u00e1t csin\u00e1ltam, kis\u00fct\u00f6tt\u00e9k, hogy nem tudok muzsik\u00e1lni, s kivett\u00e9k a sz\u00e1mb\u00f3l \u00e9s a csal\u00e1dom\u00e9b\u00f3l a kenyeret. \u00c9heztem a csal\u00e1dommal egy\u00fctt, mert \u00f6n\u00e9rzetem nem engedte azt, hogy ennek a n\u00e9pnek \u00e9n t\u00f6bbet heged\u00fcljek. F\u00e9lredobtam a heged\u0171t, s mint cig\u00e1ny a mai napig nem heged\u00fcltem, annak pedig m\u00e1r 11 \u00e9ve.<\/strong><\/p>\n\n\n\n<p class=\"wp-block-paragraph\"><strong><em>1892-ben nem volt f\u0171teni val\u00f3 f\u00e1m eg\u00e9sz t\u00e9len. Nem volt t\u00e9likab\u00e1tom, s r\u00e1m fagyott a kab\u00e1t. Annak a koldusa vagyok most. Gyermekkorom h\u00e1nyt-vetett volt, mint minden \u00e1rv\u00e1\u00e9\u201d.<\/em><\/strong><\/p>\n\n\n\n<p class=\"wp-block-paragraph\">1897-ben b\u00facs\u00fat intett Szeged v\u00e1ros\u00e1nak, \u00e9s elment a sz\u00f6veg\u00edr\u00f3k, P\u00f3sa Lajos, Papp Zolt\u00e1n \u00e9s a j\u00f3 bar\u00e1t G\u00e1rdonyi G\u00e9za ut\u00e1n Pestre.<\/p>\n\n\n\n<p class=\"wp-block-paragraph\">1900-ban az \u00e9g\u0151 szem\u0171 \u00e9s hev\u00fcl\u0151 sz\u00edv\u0171 Ady Endre Dank\u00f3 dalaiban felismerte, hogy azok zenei k\u00fcldet\u00e9st teljes\u00edtenek, \u00e9s kiv\u00e1l\u00f3an alkalmasak az orfeumok r\u00e9sz\u00e9re. Nyomban sercegett a tolla, \u00e9s \u00fcdv\u00f6z\u00f6lte a n\u00f3tak\u00f6lt\u0151t:<\/p>\n\n\n\n<p class=\"wp-block-paragraph\"><em>\u201eMagyar Dank\u00f3 Pista, \u00e1ldjon meg az Isten,<\/em><\/p>\n\n\n\n<p class=\"wp-block-paragraph\"><em>&nbsp;Hogyne szeretn\u00e9lek, hogyne szeretn\u00e9lek\u201d stb.<\/em><\/p>\n\n\n\n<p class=\"wp-block-paragraph\">Am\u00edg Dank\u00f3 Pista neve nem v\u00e1lt ismertt\u00e9, rengeteget n\u00e9lk\u00fcl\u00f6z\u00f6tt \u00e9s ez id\u0151 alatt a t\u00fcd\u0151baj cs\u00edr\u00e1i pl\u00e1nt\u00e1l\u00f3dtak be a szervezet\u00e9be. Hi\u00e1ba keresett a d\u00e9lvid\u00e9ken gy\u00f3gy\u00edrt betegs\u00e9g\u00e9re, beteg teste egyre jobban legyeng\u00fclt, \u00e9s 1903. m\u00e1rcius 29-\u00e9n: 45 \u00e9ves kor\u00e1ban Budapesten meghalt.<\/p>\n\n\n\n<p class=\"wp-block-paragraph\">Temet\u00e9s\u00e9r\u0151l a budapesti \u00dajs\u00e1g\u00edr\u00f3k Egyes\u00fclete gondoskodott.<\/p>\n\n\n\n<p class=\"wp-block-paragraph\">Utols\u00f3 \u00fatj\u00e1ra: R\u00e1cz Pali vezette, mintegy sz\u00e1ztag\u00fa cig\u00e1nyzenekar k\u00eds\u00e9rte, a Nyugati P\u00e1lyaudvarhoz, ahonnan Szegedre sz\u00e1ll\u00edttatta Szeged v\u00e1ros tan\u00e1csa.<\/p>\n\n\n\n<p class=\"wp-block-paragraph\">Sz\u00fcl\u0151v\u00e1ros\u00e1ban \u00e1prilis elsej\u00e9n volt a temet\u00e9s, a Kult\u00farpalota el\u0151tti t\u00e9rr\u0151l, a v\u00e1rosi sz\u00ednh\u00e1z \u00e9s az \u00f6sszes dal\u00e1rd\u00e1k bevon\u00e1s\u00e1val.<\/p>\n\n\n\n<p class=\"wp-block-paragraph\">Utols\u00f3 \u00fatj\u00e1ra a nagy dalk\u00f6lt\u0151t a szegedi cig\u00e1nyok egyes\u00fclt zenekara k\u00eds\u00e9rte Erd\u00e9lyi K\u00e1lm\u00e1n vezet\u00e9s\u00e9vel, a Szeged v\u00e1ros \u00e1ltal adom\u00e1nyozott d\u00edszs\u00edrhelyhez.<\/p>\n\n\n\n<p class=\"wp-block-paragraph\">1904 \u0151sz\u00e9n P\u00f3sa Lajos \u00e9s Mark\u00f3 Mikl\u00f3s mozgalmat ind\u00edtottak, hogy a n\u00f3tak\u00f6lt\u0151 m\u00e9lt\u00f3 eml\u00e9ket kapjon.<\/p>\n\n\n\n<p class=\"wp-block-paragraph\">Porzsolt K\u00e1lm\u00e1n \u00edr\u00f3 a N\u00e9psz\u00ednh\u00e1z akkori igazgat\u00f3ja 26-szor bemutatta telt h\u00e1z mellett<\/p>\n\n\n\n<p class=\"wp-block-paragraph\">Dank\u00f3: Cig\u00e1nyszerelem c\u00edm\u0171 n\u00e9psz\u00ednm\u0171v\u00e9t, melyet minden alkalommal P\u00f3sa Lajos hangulatos prol\u00f3gja vezetett be.<\/p>\n\n\n\n<p class=\"wp-block-paragraph\">A bev\u00e9telb\u0151l \u00f6sszegy\u0171lt a tervezett Dank\u00f3 szobor k\u00f6lts\u00e9g\u00e9nek a fele, a m\u00e1sik fel\u00e9t orsz\u00e1gos gy\u0171jt\u00e9ssel siker\u00fclt megszerezni.<\/p>\n\n\n\n<p class=\"wp-block-paragraph\">Marg\u00f3 Ede, kiv\u00e1l\u00f3an siker\u00fclt szoborm\u0171ve, mely, Dank\u00f3 Pist\u00e1t, t\u00f6r\u00f6tt heged\u0171j\u00e9vel elmerengve \u00e1br\u00e1zolja; 1912. okt\u00f3ber hav\u00e1ban ker\u00fclt m\u00e9lt\u00f3 hely\u00e9re: a r\u00e9gi Hung\u00e1ria K\u00e1v\u00e9h\u00e1z el\u0151tti t\u00e9rre!<\/p>\n\n\n\n<h3 class=\"wp-block-heading\">B\u00daCS\u00da DANK\u00d3 PIST\u00c1T\u00d3L<\/h3>\n\n\n\n<p class=\"wp-block-paragraph\">T\u00f6m\u00f6rk\u00e9ny Istv\u00e1n \u00e9s Dank\u00f3 1885 \u00e9s 1886 t\u00e1j\u00e1n a Hung\u00e1ria Sz\u00e1ll\u00f3 k\u00e1v\u00e9h\u00e1z\u00e1ban ismerkedtek meg. Ismerets\u00e9g\u00fckb\u0151l bar\u00e1ts\u00e1g lett.<\/p>\n\n\n\n<p class=\"wp-block-paragraph\">A K\u00f6zm\u0171vel\u0151d\u00e9si palota el\u0151tt felravatalozott Dank\u00f3 kopors\u00f3j\u00e1n\u00e1l az els\u0151 b\u00facs\u00faztat\u00f3t T\u00f6m\u00f6rk\u00e9ny mondta:<\/p>\n\n\n\n<h4 class=\"wp-block-heading\">\u201eA magyar dalk\u00f6lt\u00e9szet f\u00e1j\u00e1r\u00f3l a legszebb hasadt le\u2026Itt van a magyar n\u00e9pdal fejedelme, mint halott\u202645 \u00e9v\u00e9vel, \u00edm, der\u00e9kban kett\u00e9t\u00f6rt egy \u00e9let\u2026Kincseinkkel nem tudunk b\u00e1nni&nbsp;&nbsp; nem becs\u00fclt\u00fck meg \u00e9let\u00e9ben \u00e9rdeme szerint\u2026megmaradt a nemzetn\u00e9l, a magyars\u00e1gn\u00e1l Dank\u00f3 Pista dalainak hallhatatlans\u00e1ga, amely \u00e9lni fog addig, ameddig magyar dalt \u00e9s magyar vir\u00e1got terem a r\u00e9ti mez\u0151. Neh\u00e9z \u00e9s k\u00fcszk\u00f6d\u00e9ssel teljes \u00e9letedben magad fontad meg magadnak a hallhatatlans\u00e1g l\u00e1ngol\u00f3, f\u00e9nyes t\u0171zkoszor\u00faj\u00e1t. Eredj utadra Pista, eredj k\u00f6zany\u00e1nk \u00f6l\u00e9be, a nyugalomnak cs\u00f6ndes \u00e9jjel\u00e9be\u201d.<\/h4>\n\n\n\n<p class=\"wp-block-paragraph\">Dank\u00f3 Pista hal\u00e1la ut\u00e1n a nekrol\u00f3gok sokas\u00e1ga jelent meg a korabeli \u00fajs\u00e1gokban, eml\u00e9kezve a h\u00edres n\u00f3tak\u00f6lt\u0151 \u00e9let\u00fatj\u00e1ra:<\/p>\n\n\n\n<ul class=\"wp-block-list\">\n<li>M\u00f3ra Ferenc: (szem\u00e9lyesen nem tal\u00e1lkoztak) <em>\u201eFejedelem lett, aki von\u00f3j\u00e1val k\u00e9nye-kedve szerint hurcolhatta meg a sz\u00edveket, a f\u00e1jdalom minden poklain, \u00e9s a gy\u00f6ny\u00f6r\u0171s\u00e9g minden t\u00fcnd\u00e9rszigetein kereszt\u00fcl\u2026Mi, szegediek pedig ne felejts\u00fck el, hogy ez a mi homokunkon nevel\u0151d\u00f6tt, \u00fct\u00f6tt-kopott cig\u00e1ny egyik legnagyobb dics\u0151s\u00e9ge v\u00e1rosunknak. <\/em>(SZN 1903. m\u00e1rc. 31.)<\/li>\n<\/ul>\n\n\n\n<ul class=\"wp-block-list\">\n<li>1904. november 1-\u00e9n, halottak \u00fcnnep\u00e9n: Jo\u00f3 Ilonka (Dank\u00f3 \u00f6zvegye), T\u00f6m\u00f6rk\u00e9ny, P\u00f3sa, B\u00e9kefi, Cserzy \u00e9s m\u00e1s \u00edr\u00f3k, \u00fajs\u00e1g\u00edr\u00f3k egy\u00fctt kerest\u00e9k fel a dalk\u00f6lt\u0151 s\u00edrj\u00e1t a belv\u00e1rosi \u0151skertben, ahol t\u00f6bb sz\u00e1z szegedi el\u0151tt mondta el P\u00f3sa leg\u00fajabb vers\u00e9t:<\/li>\n<\/ul>\n\n\n\n<p class=\"wp-block-paragraph\"><em>\u201eDank\u00f3 Pista, dalos t\u00e1rsam, dobbanjon meg sz\u00edved\u201d!<\/em><\/p>\n\n\n\n<p class=\"wp-block-paragraph\">1912-ben T\u00f6m\u00f6rk\u00e9ny \u00edgy dics\u00e9rte a dalk\u00f6lt\u0151 bar\u00e1tj\u00e1t: (szerz\u0151t\u00e1rs\u00e1t)<\/p>\n\n\n\n<p class=\"wp-block-paragraph\">\u201eElvesz a n\u00f3ta, -Dank\u00f3 Pista hal\u00e1la \u00f3ta \u00faj nem termett, legal\u00e1bb olyan nem, amely belepl\u00e1nt\u00e1l\u00f3dott volna a n\u00e9p sz\u00edv\u00e9be is\u201d.<\/p>\n\n\n\n<p class=\"wp-block-paragraph\">1914-ben T\u00f6m\u00f6rk\u00e9ny finoman megfogalmazta, hogy milyen heged\u0171s volt a n\u00f3tak\u00f6lt\u0151:<\/p>\n\n\n\n<p class=\"wp-block-paragraph\"><em>\u201eElm\u00faltak azok a r\u00e9gi ked\u00e9lyes kisvend\u00e9gl\u0151k\u2026kis apr\u00f3 szob\u00e1k, piros abroszok, amikre bogr\u00e1csban tett\u00e9k f\u00f6l a halat, kancs\u00f3ban a bort, ahol nem sz\u00f3lt sohasem muzsika, legf\u00f6ljebb ha a Dank\u00f3 Pist\u00e1\u00e9, de az sem sok\u00e1ig, mert a Pista sokkal jobban \u00e9rtett n\u00f3t\u00e1t csin\u00e1lni, mint n\u00f3t\u00e1t heged\u00fclni\u201d.<\/em><\/p>\n\n\n\n<p class=\"wp-block-paragraph\"><em>A v\u00e9lem\u00e9nyek m\u00e9g sz\u00e1z \u00e9v mult\u00e1val is megoszlanak Dank\u00f3 Pista m\u0171v\u00e9szet\u00e9r\u0151l. Bizony\u00edtani m\u00e1r nem lehet, de n\u00f3t\u00e1inak \u00f6r\u00f6k\u00e9let\u0171s\u00e9g\u00fckh\u00f6z k\u00e9ts\u00e9g nem f\u00e9r!<\/em><\/p>\n\n\n\n<p class=\"wp-block-paragraph\"><em>1907-ben is, \u00e9s 1909-ben is a szegediek kerest\u00e9k a helyet a Dank\u00f3 szobornak. Sokak azt vallott\u00e1k:<\/em><\/p>\n\n\n\n<p class=\"wp-block-paragraph\">\u201eF\u00f6ls\u0151v\u00e1roson kell eldugni, mert hogyan tolakodhatna Erzs\u00e9bet kir\u00e1lyn\u00e9 f\u00e9nyk\u00f6r\u00e9be Pista cig\u00e1ny g\u00f6th\u00f6s alakja\u201d.<\/p>\n\n\n\n<p class=\"wp-block-paragraph\"><strong><em>A vit\u00e1k hev\u00e9ben M\u00f3ra Ferenc emelte fel szav\u00e1t:<\/em><\/strong><\/p>\n\n\n\n<p class=\"wp-block-paragraph\">\u201eB\u00e1tran el lehet helyezni a m\u00e1rv\u00e1nykir\u00e1lyn\u00e9 mellett, hiszen Dank\u00f3 is kir\u00e1ly volt, a magyar n\u00f3ta kir\u00e1lya, s \u0151 igaz\u00e1n az Isten kegyelm\u00e9b\u0151l val\u00f3 kir\u00e1ly volt\u201d.<\/p>\n\n\n\n<p class=\"wp-block-paragraph\"><em>1912-ben a szoboravat\u00e1sr\u00f3l \u00edrt vez\u00e9rcikk\u00e9ben M\u00f3ra a fanyalg\u00f3khoz hat\u00e1rozottan sz\u00f3lt.<\/em><\/p>\n\n\n\n<p class=\"wp-block-paragraph\">\u201eTess\u00e9k elhinni, ma ez a cig\u00e1nyszobor, a leg nyugat &#8211; eur\u00f3paibb dolog Magyarorsz\u00e1gon\u201d!<\/p>\n\n\n\n<p class=\"wp-block-paragraph\"><em>\u00cdgy, ilyen huzavon\u00e1k ut\u00e1n ker\u00fclt egym\u00e1s k\u00f6zel\u00e9be a magyarok m\u00e1rv\u00e1nykir\u00e1lyn\u00e9ja s a magyar dalok szoborkir\u00e1lya, \u00e9s ez a romantikus k\u00f6zels\u00e9g a k\u00f6lt\u0151k sor\u00e1t verseltette meg. (K\u00f6zt\u00fck Juh\u00e1sz Gyula is)<\/em><\/p>\n\n\n\n<p class=\"wp-block-paragraph\"><em>1968-ban \u00c1d\u00e1m Jen\u0151 (1896-1982) a jeles zenetud\u00f3s \u00edrta:<\/em><\/p>\n\n\n\n<p class=\"wp-block-paragraph\">\u201eSzegeden, P\u00f3sa Lajos, G\u00e1rdonyi G\u00e9za, T\u00f6m\u00f6rk\u00e9ny Istv\u00e1n l\u00e1tta meg Dank\u00f3ban a m\u0171v\u00e9szettel \u00e1tkozottan megvert muzsikust\u2026v\u00e9gig k\u00eds\u00e9rt\u00e9k \u00e9let\u00fatj\u00e1n is\u201d.<\/p>\n\n\n\n<p class=\"wp-block-paragraph\"><em>1941-ben fergeteges szereposzt\u00e1ssal nagysiker\u0171 film k\u00e9sz\u00fclt Dank\u00f3 Pista h\u00e1nyt-vetett \u00e9let\u00e9r\u0151l:<\/em><\/p>\n\n\n\n<ul class=\"wp-block-list\">\n<li><em>\u00cdr\u00f3: Nagymih\u00e1ly S\u00e1ndor<\/em><\/li>\n\n\n\n<li><em>Forgat\u00f3k\u00f6nyv\u00edr\u00f3k: Bihari L\u00e1szl\u00f3 \u00e9s Kalm\u00e1r L\u00e1szl\u00f3<\/em><\/li>\n\n\n\n<li><em>Rendez\u0151: Kalm\u00e1r L\u00e1szl\u00f3<\/em><\/li>\n\n\n\n<li><em>Zeneszerz\u0151: S\u00e1ndor Jen\u0151<\/em><\/li>\n\n\n\n<li><em>Zene: Dank\u00f3 Pista \u00e9s Polg\u00e1r Tibor<\/em><\/li>\n<\/ul>\n\n\n\n<p class=\"wp-block-paragraph\"><em>Szerepl\u0151k:<\/em><\/p>\n\n\n\n<ul class=\"wp-block-list\">\n<li><em>Dank\u00f3 Pista \u2013 J\u00e1vor P\u00e1l<\/em><\/li>\n\n\n\n<li><em>Ilonka \u2013 Simor Erzsi<\/em><\/li>\n\n\n\n<li><em>Vlagyimir nagyherceg Solthi Gy\u00f6rgy, \u00e9s m\u00e9g sokan m\u00e1sok.<\/em><\/li>\n<\/ul>\n\n\n\n<p class=\"wp-block-paragraph\"><em>A filmet \u00f3ri\u00e1si \u00e9rdekl\u0151d\u00e9s ut\u00e1n nagy elismer\u00e9s nyugt\u00e1zta, nagy kasszasiker mellett.<\/em><\/p>\n\n\n\n<p class=\"wp-block-paragraph\"><em>A kritik\u00e1k megoszlottak: egyes kritikusok hat\u00e1svad\u00e1sz\u00f3nak, giccsesnek tartott\u00e1k. M\u00e1s kritik\u00e1k magasztalt\u00e1k, dics\u00e9rt\u00e9k a rendez\u00e9st \u00e9s a szereposzt\u00e1st.<\/em><\/p>\n\n\n\n<p class=\"wp-block-paragraph\"><em>A film siker\u00e9re jellemz\u0151 volt, hogy az \u00e9vek m\u00fal\u00e1s\u00e1val t\u00f6bbsz\u00f6r m\u0171sorra t\u0171zt\u00e9k, mindig t\u00e1bl\u00e1s h\u00e1zakkal!<\/em><\/p>\n\n\n\n<p class=\"wp-block-paragraph\"><strong><em>DANK\u00d3 PISTA MUNK\u00c1SS\u00c1G\u00c1NAK ELEMZ\u00c9SE<\/em><\/strong><\/p>\n\n\n\n<p class=\"wp-block-paragraph\"><em>Amikor egy gigantikus \u00e9p\u00fcletr\u0151l, szoborr\u00f3l, h\u00eddr\u00f3l, irodalmi alkot\u00e1sr\u00f3l, zeneszerz\u0151r\u0151l, zenem\u0171r\u0151l, el\u0151ad\u00f3m\u0171v\u00e9szr\u0151l, seb\u00e9szorvosr\u00f3l, vagy p\u00e1ly\u00e1zati munk\u00e1r\u00f3l b\u00edr\u00e1latot \u00edrunk, illetve mondunk, aj\u00e1nlatos a realit\u00e1s talaj\u00e1n maradni, k\u00fcl\u00f6nben emberi gyarl\u00f3s\u00e1gunk sugallat\u00e1ra, \u00e1ltalunk felfedezett apr\u00f3 hi\u00e1nyoss\u00e1gok k\u00f6nnyen mell\u00e9kv\u00e1g\u00e1nyra terelnek benn\u00fcnket.<\/em><\/p>\n\n\n\n<p class=\"wp-block-paragraph\"><em>Dank\u00f3 Pista \u00e9lett\u00f6rt\u00e9neteiben kutatva sz\u00e1mtalan nyitott k\u00e9rd\u00e9s maradt magyar\u00e1zat n\u00e9lk\u00fcl: pl. mi\u00e9rt csak k\u00e9t h\u00f3napig tan\u00edtotta a neves zeneszerz\u0151, heged\u0171m\u0171v\u00e9sz, pr\u00edm\u00e1s Erd\u00e9lyi N\u00e1ci a szegedi Hang\u00e1sz utca egyik putrij\u00e1ban \u00e9l\u0151 rendk\u00edv\u00fcli adotts\u00e1gokkal rendelkez\u0151 12 \u00e9ves rokon gyereket, aki c\u00e9ltalanul bolyongott, hely\u00e9t nem tal\u00e1lva a nagyv\u00e1ros forgatag\u00e1ban?<\/em><\/p>\n\n\n\n<p class=\"wp-block-paragraph\"><em>A zeneszerz\u0151i g\u00e9niusszal meg\u00e1ldott fiatal tehets\u00e9get, akinek m\u0171vei\u00e9rt versengtek a kiad\u00f3k, mi\u00e9rt nem karolta fel senki, \u00e9s m\u00e9rt hagyt\u00e1k \u00e9hezni, f\u0171tetlen szob\u00e1ban a fagyhal\u00e1l sz\u00e9l\u00e9n \u00e9lni, holott a sz\u00f3rakoz\u00f3helyek kedvelt alakja volt, kinek a szerzem\u00e9nyei\u00e9rt rajongott a k\u00f6z\u00f6ns\u00e9g, s ugyanakkor a kocsm\u00e1kban keresett sil\u00e1ny j\u00f6vedelm\u00e9b\u0151l k\u00e9nyszer\u00fclt \u00e9lni, embertelen k\u00f6r\u00fclm\u00e9nyek k\u00f6z\u00f6tt?<\/em><\/p>\n\n\n\n<p class=\"wp-block-paragraph\"><em>Ezekre \u00e9s ehhez hasonl\u00f3 k\u00e9rd\u00e9sekre soha nem kaptunk v\u00e1laszt, \u00e9s a mi\u00e9rtek, mi\u00e9rtje \u00f6r\u00f6kre magyar\u00e1zat n\u00e9lk\u00fcl maradt az ut\u00f3korra.<\/em><\/p>\n\n\n\n<p class=\"wp-block-paragraph\"><em>A kilenc \u00e9ves kor\u00e1ban f\u00e9l\u00e1rv\u00e1n maradt cig\u00e1nygyerekben, ha m\u00e1r kisgyermekk\u00e9nt nincs benne sz\u00fcletett \u00fari tart\u00e1s, k\u00f6nnyen alakulhatott volna az \u00e9lete \u00fagy is, hogy \u00e9hs\u00e9ge csillap\u00edt\u00e1s\u00e1ra kenyeret k\u00e9nyszer\u00fclj\u00f6n lopni, \u00e9s apr\u00f3 lop\u00e1sok ut\u00e1n el\u0151fordulhatott volna, hogy b\u0171n\u00f6z\u0151v\u00e9 v\u00e1lik.<\/em><\/p>\n\n\n\n<p class=\"wp-block-paragraph\"><em>Dank\u00f3 Pista, hogy kenyeret tudjanak venni, potom p\u00e9nz\u00e9rt ink\u00e1bb elz\u00e1logos\u00edtotta az apai \u00f6r\u00f6ks\u00e9gk\u00e9nt kapott \u00e9rt\u00e9kes heged\u0171t, melyet \u00edgy \u00f6r\u00f6kre elvesz\u00edtett, de a tisztess\u00e9g \u00fatj\u00e1r\u00f3l nem t\u00e9rt le.<\/em><\/p>\n\n\n\n<p class=\"wp-block-paragraph\"><em>Szerencs\u00e9j\u00e9re az a k\u00e9t h\u00f3nap heged\u0171tanul\u00e1s komoly ind\u00edttat\u00e1st jelentett sz\u00e1m\u00e1ra, e neh\u00e9z \u00e9s sok lemond\u00e1ssal j\u00e1r\u00f3 p\u00e1ly\u00e1n, melynek f\u00e9nyesen ragyog\u00f3 csillag\u00e1v\u00e1 v\u00e1lt.<\/em><\/p>\n\n\n\n<p class=\"wp-block-paragraph\"><em>Akik valaha tanultak hangszeren tudj\u00e1k, hogy egy tehets\u00e9ges, j\u00f3 zenei adotts\u00e1gokkal rendelkez\u0151 12 \u00e9ves gyereknek, milyen sok gyakorl\u00e1ssal, kitart\u00e1ssal j\u00e1r\u00f3 feladatot jelent, am\u00edg els\u0151 siker\u00e9lm\u00e9ny\u00e9nek ideje elj\u00f6n.<\/em><\/p>\n\n\n\n<p class=\"wp-block-paragraph\"><em>Az autodidakta m\u00f3don tanul\u00f3 Dank\u00f3, h\u00e1rom \u00e9v alatt eljutott od\u00e1ig, hogy zenekart alak\u00edtott \u00e9s a zenekara \u00e9l\u00e9n olyan ismerets\u00e9gre tett szert, hogy rendszeresen megh\u00edvt\u00e1k k\u00fcl\u00f6nb\u00f6z\u0151 rendezv\u00e9nyekre muzsik\u00e1lni.<\/em><\/p>\n\n\n\n<p class=\"wp-block-paragraph\"><em>Az ifj\u00fa tit\u00e1n legdics\u00e9retesebb megnyilv\u00e1nul\u00e1s\u00e1t az jelentette, mikor felismerte \u00f6nmag\u00e1ban az isteni adom\u00e1nyt, a zeneszerz\u0151i hajlamot.<\/em><\/p>\n\n\n\n<p class=\"wp-block-paragraph\"><em>A k\u00e9s\u0151bbiekben, mikor megk\u00e9rdezt\u00e9k t\u0151le, hogy hogyan sz\u00fcletnek szebbn\u00e9l szebb n\u00f3t\u00e1i, nem tudott v\u00e1laszolni csup\u00e1n csak annyit: <\/em>\u201eNem tudom, sz\u00e1momra olyan \u00e9rz\u00e9s mintha valaki f\u00fcty\u00f6ln\u00e9 a n\u00f3t\u00e1t, \u00e9n csak elheged\u00fcl\u00f6m\u201d.<\/p>\n\n\n\n<p class=\"wp-block-paragraph\"><em>Az \u00e9lete folyt\u00e1n gyakran elp\u00e1rtolt t\u0151le a szerencse, de amikor a legnagyobb sz\u00fcks\u00e9ge volt r\u00e1: mell\u00e9\u00e1llt.<\/em><\/p>\n\n\n\n<p class=\"wp-block-paragraph\"><em>Iskolai tanulm\u00e1nya a negyedik oszt\u00e1llyal a csal\u00e1di k\u00f6r\u00fclm\u00e9nyek miatt megsz\u0171nt. Elk\u00e9pzelhet\u0151, hogy Erd\u00e9lyi N\u00e1ci hat\u00e1s\u00e1ra elkezdett k\u00f6nyveket olvasni, melyek a helyes \u00fatra t\u00e9r\u00edtett\u00e9k, \u00e9s komoly m\u0171velts\u00e9gre tett szert. Ennek \u00e9s a tal\u00e1n a szerencs\u00e9nek k\u00f6sz\u00f6nhet\u0151, hogy els\u0151 n\u00f3t\u00e1j\u00e1t P\u00f3sa Lajos k\u00f6lt\u0151 vers\u00e9re \u00edrta. A n\u00e9pszer\u0171 po\u00e9t\u00e1val val\u00f3 kapcsolata meghat\u00e1roz\u00f3ja lett tov\u00e1bbi \u00e9let\u00e9nek.<\/em><\/p>\n\n\n\n<p class=\"wp-block-paragraph\"><em>Dank\u00f3nak is, \u00e9s az ut\u00f3kornak is szerencs\u00e9j\u00e9v\u00e9 v\u00e1lt, hogy m\u00e1r az els\u0151 szerzem\u00e9ny\u00e9t elfogadta a k\u00f6z\u00f6ns\u00e9g, a zen\u00e9szek \u00e9s a n\u00f3takedvel\u0151k egyar\u00e1nt. K\u00f6nnyen el\u0151fordulhatott volna, hogy buk\u00e1s eset\u00e9n soha nem \u00edrt volna n\u00f3t\u00e1kat, \u00e9s hasonl\u00f3 helyzet \u00e1llt volna el\u0151, mint amikor s\u00e9rt\u0151d\u00f6tts\u00e9gb\u0151l p\u00e1ly\u00e1ja cs\u00facs\u00e1n f\u00e9lredobta a heged\u0171t, s \u00e9lete utols\u00f3 11 \u00e9v\u00e9ben csak pengette a hangszert a zenekarban \u00e9s \u00e9nekelt, csup\u00e1n, az\u00e9rt mert az irigyei azt hangoztatt\u00e1k, hogy nem tud heged\u00fclni.<\/em><\/p>\n\n\n\n<p class=\"wp-block-paragraph\"><em>A zenei fejletts\u00e9g egy bizonyos fok\u00e1n k\u00e9t r\u00e9szre osztott\u00e1k fel a zenem\u0171veket: klasszikus, vagy komolyzene, \u00e9s k\u00f6nny\u0171zene. E meghat\u00e1roz\u00e1sn\u00e1l rosszabbat nem is tal\u00e1lhattak volna ki, mivel minden, ami zene, igen is nagyon neh\u00e9z. Ezt a meghat\u00e1roz\u00e1st az eg\u00e9sz vil\u00e1gon elfogadt\u00e1k, mivel jobbat nem tudtak kital\u00e1lni a zenem\u0171vek kavalk\u00e1dj\u00e1ra.<\/em><\/p>\n\n\n\n<p class=\"wp-block-paragraph\"><em>Dank\u00f3 Pista, mint n\u00f3taszerz\u0151 m\u0171fajilag a k\u00f6nny\u0171zen\u00e9hez tartozott. Mivel k\u00e9pzetlens\u00e9ge miatt a kott\u00e1t nem ismerte, k\u00e9pzelj\u00fck el, hogy azt a t\u00f6bb mint 400 n\u00f3t\u00e1t, amit csak \u0151 \u00edrt, mind fejb\u0151l j\u00e1tszotta, \u00e9s sz\u00f6veggel \u00e9nekelt. Ezen k\u00edv\u00fcl m\u00e9g tudni kellett azt a rengeteg n\u00f3t\u00e1t is, amit a vend\u00e9gek k\u00e9rtek. Ugye, hogy nem is olyan k\u00f6nny\u0171 a k\u00f6nny\u0171zene?<\/em><\/p>\n\n\n\n<p class=\"wp-block-paragraph\"><em>A n\u00f3tak\u00f6lt\u0151 kor\u00e1ban \u00e1ltal\u00e1ban naturalista zen\u00e9szekk\u00e9nt tev\u00e9kenykedtek a cig\u00e1ny muzsikusok. Zenileg egy bizonyos szintet ar\u00e1nylag gyorsan el\u00e9rtek, de onnan tov\u00e1bbl\u00e9pni szinte lehetetlen volt tan\u00e1rok n\u00e9lk\u00fcl.<\/em><\/p>\n\n\n\n<p class=\"wp-block-paragraph\"><em>Dank\u00f3 Pist\u00e1ra is \u00e9rv\u00e9nyes ez a meghat\u00e1roz\u00e1s, \u0151 is feltorn\u00e1zta mag\u00e1t egy bizonyos zenei m\u0171velts\u00e9gig, ami azt jelentette, hogy kit\u0171n\u0151 muzsikus volt, de a m\u0171v\u00e9szi szintt\u0151l messze elmaradt. Az \u0151t \u00e9rt v\u00e1dak, hogy nem tud heged\u00fclni alaptalanok voltak, melyeket az irigyei neki adressz\u00e1ltak. Bizony\u00edtja ezt az is, hogy m\u00e9g az orosz c\u00e1r udvar\u00e1ba is felk\u00e9r\u00e9st kapott band\u00e1j\u00e1val.<\/em><\/p>\n\n\n\n<p class=\"wp-block-paragraph\"><em>Nagy \u00e9rdemnek sz\u00e1m\u00edtottak szerzem\u00e9nyei, sz\u00f6vegei, \u00e9s kor\u00e1nak h\u00edress\u00e9geivel P\u00f3sa Lajossal, G\u00e1rdonyi G\u00e9z\u00e1val stb. kompon\u00e1lt k\u00f6z\u00f6s n\u00f3t\u00e1i, \u00e9s az a t\u00e9ny, hogy minden dal\u00e1t lekott\u00e1ztak \u00e9s kiadtak, ami abban a korban \u00f3ri\u00e1si eredm\u00e9nynek sz\u00e1m\u00edtott, \u00e9s ennek k\u00f6sz\u00f6nhet\u0151en nem mentek feled\u00e9sbe, nem v\u00e1ltak az eny\u00e9szet martal\u00e9k\u00e1v\u00e1.<\/em><\/p>\n\n\n\n<p class=\"wp-block-paragraph\"><em>Mint kor\u00e1bban eml\u00edtettem a zene \u00e1lland\u00f3 fejl\u0151d\u00e9s hat\u00e1sa alatt \u00e1ll. A korabeli naturista cig\u00e1nyzen\u00e9szek harm\u00f3nia vil\u00e1ga, hangszerel\u00e9se a mai korban elavultnak sz\u00e1m\u00edtanak.<\/em><\/p>\n\n\n\n<p class=\"wp-block-paragraph\"><em>Manaps\u00e1g a j\u00f3l k\u00e9pzett cig\u00e1nyzenekarok \u00faj k\u00f6nt\u00f6sbe \u00f6lt\u00f6ztett\u00e9k a r\u00e9gi Dank\u00f3 n\u00f3t\u00e1kat, \u00e9s korszer\u0171 hangszerel\u00e9ssel ruh\u00e1zt\u00e1k fel, melyek \u00edgy megfiatalodva a m\u0171faj klasszikusaiv\u00e1 v\u00e1ltak, \u00e9s szerte a vil\u00e1gon felcsend\u00fclnek a zenekarok el\u0151ad\u00e1s\u00e1ban, \u00f6regb\u00edtve a magyar n\u00e9pi muzsika h\u00edrnev\u00e9t.<\/em><\/p>\n\n\n\n<p class=\"wp-block-paragraph\"><em>\u00c9rthetetlen m\u00f3don, n\u00e1lunk Magyarorsz\u00e1gon, a M\u00c9DIA mindent elk\u00f6vet, hogy h\u00e1tt\u00e9rbe szor\u00edtsa ezt a romantikus \u00e9s k\u00f6zkedvelt m\u0171fajt.<\/em><\/p>\n\n\n\n<p class=\"wp-block-paragraph\"><em>A n\u00f3takedvel\u0151k \u00fajs\u00e1gokban, k\u00fcl\u00f6nb\u00f6z\u0151 f\u00f3rumokon, mindent elk\u00f6vetnek annak \u00e9rdek\u00e9ben, hogy gy\u00f6keres v\u00e1ltoz\u00e1s \u00e1lljon el\u0151, \u00e9s ne a k\u00fclf\u00f6ldi ad\u00f3kon kelljen magyar n\u00f3t\u00e1t hallgatnunk.<\/em><\/p>\n\n\n\n<p class=\"wp-block-paragraph\"><strong><em>DANK\u00d3 PISTA \u00c9RDEME<\/em><\/strong><\/p>\n\n\n\n<p class=\"wp-block-paragraph\"><em>E sorok olvas\u00e1sa ut\u00e1n jogosan k\u00e9rdezhetj\u00fck, hogy tulajdonk\u00e9ppen mit is jelentett Dank\u00f3 Pista n\u00f3tak\u00f6lt\u0151 a magyar n\u00e9pzen\u00e9ben, \u00e9s annak fennmarad\u00e1s\u00e1ban?<\/em><\/p>\n\n\n\n<p class=\"wp-block-paragraph\"><em>Ha magyar n\u00e9pzen\u00e9r\u0151l besz\u00e9l\u00fcnk, els\u0151sorban a n\u00e9pdalainkra kell asszoci\u00e1lni, mivel minden nemzet n\u00f3takincs\u00e9t a n\u00e9pdalok alkotj\u00e1k.<\/em><\/p>\n\n\n\n<p class=\"wp-block-paragraph\"><em>A magyar n\u00f3t\u00e1k, vagy, ahogy az \u00f6tvenes \u00e9vekben nevezt\u00e9k: n\u00e9pies m\u0171dalok, a XVIII. sz\u00e1zadban kialakult verbunkos zen\u00e9re vezethet\u0151k vissza, melynek legnagyobb egy\u00e9nis\u00e9ge Bihari J\u00e1nos volt. A verbunkos muzsika gyors t\u00e9teleib\u0151l alakult ki a cs\u00e1rd\u00e1s \u00e9s a frisses. A lass\u00fa t\u00e9tel pedig a magyar n\u00f3ta sz\u00fcl\u0151anyja volt.<\/em><\/p>\n\n\n\n<p class=\"wp-block-paragraph\"><em>1867-ben, a kiegyez\u00e9s ut\u00e1ni id\u0151kben, a s\u00fcllyed\u0151 \u00fari vil\u00e1g dzsentriv\u00e9 deklassz\u00e1l\u00f3dott r\u00e9teg\u00e9nek kialakult egy saj\u00e1ts\u00e1gos, betegesen \u00e9rzelg\u0151s, \u00e9rz\u00e9svil\u00e1g\u00e1t t\u00fckr\u00f6z\u0151 zenei ir\u00e1nyzata.<\/em><\/p>\n\n\n\n<p class=\"wp-block-paragraph\"><em>Ebben az id\u0151ben k\u00e9t r\u00e9szre oszlott a cig\u00e1nys\u00e1g j\u00e1t\u00e9kst\u00edlusa, el\u0151ad\u00e1sa:<\/em><\/p>\n\n\n\n<ol class=\"wp-block-list\">\n<li><em><\/em><em>A v\u00e1rosi cig\u00e1nyok a dzsentrik \u00e9s a polg\u00e1rs\u00e1g muzsikusaiv\u00e1 v\u00e1ltak.<\/em><\/li>\n\n\n\n<li><em><\/em><em>A falusi cig\u00e1nyok egy ideig m\u00e9g meg\u0151rizt\u00e9k a verbunkos muzsika v\u00edvm\u00e1nyait.<\/em><\/li>\n<\/ol>\n\n\n\n<p class=\"wp-block-paragraph\"><em>A v\u00e1rosi cig\u00e1nyok egyre ink\u00e1bb a zeneileg rosszul k\u00e9pzett dzsentrik \u00e1ltal kre\u00e1lt sil\u00e1ny \u00e9s \u00e9rzelg\u0151s magyar n\u00f3ta szerzem\u00e9nyeiket muzsik\u00e1lt\u00e1k, melyekre rossz dallamvezet\u00e9s, \u00e9s semmitmond\u00f3, m\u0171v\u00e9szi \u00e9rt\u00e9k n\u00e9lk\u00fcli sz\u00f6veg volt a jellemz\u0151. Ennek ellen\u00e9re, ezek a \u201en\u00f3t\u00e1k\u201d egyre jobban kiszor\u00edtott\u00e1k a n\u00e9pdalokat, melyek komoly \u00e9rt\u00e9ket k\u00e9pviseltek.<\/em><\/p>\n\n\n\n<p class=\"wp-block-paragraph\"><em>Megkezd\u0151d\u00f6tt \u00e9s kim\u00e9ly\u00fclt teh\u00e1t a cig\u00e1nyzene v\u00e1ls\u00e1ga, mely\u00e9rt nem teljesen a cig\u00e1nyok voltak a felel\u0151sek, hiszen \u00e9vsz\u00e1zadok alatt hozz\u00e1szoktak, hogy parancssz\u00f3ra kellett muzsik\u00e1lniuk.<\/em><\/p>\n\n\n\n<p class=\"wp-block-paragraph\"><em>Mint ahogy mondani szok\u00e1s \u201eNincs olyan rossz, melyben j\u00f3 ne lenne\u201d.<\/em><\/p>\n\n\n\n<p class=\"wp-block-paragraph\"><em>Ebben a z\u0171rzavarban figyelt fel Bart\u00f3k B\u00e9la \u00e9s Kod\u00e1ly Zolt\u00e1n erre a tarthatatlan helyzetre, \u00e9s elkezdt\u00e9k j\u00e1rni az orsz\u00e1got, annak \u00e9rdek\u00e9ben, hogy \u00f6sszegy\u0171jts\u00e9k, illetve megments\u00e9k a magyar n\u00e9p n\u00f3takincs\u00e9t.<\/em><\/p>\n\n\n\n<p class=\"wp-block-paragraph\"><em>Dank\u00f3 Pista a t\u00f6k\u00e9letes dallamvezet\u00e9s\u0171 \u00e9s harm\u00f3niavil\u00e1g\u00fa zen\u00e9j\u00e9hez p\u00e1rosultak a verstanilag \u00e9rt\u00e9kes irodalmi \u00e9rt\u00e9ket k\u00e9pvisel\u0151 sz\u00f6vegek, mely n\u00f3t\u00e1k egy kontrasztot k\u00e9peztek a dzsentrik szerzem\u00e9nyeivel, \u00e9s megvil\u00e1g\u00edtott\u00e1k a helyes utat.<\/em><\/p>\n\n\n\n<p class=\"wp-block-paragraph\"><em>Teh\u00e1t Dank\u00f3 \u00e9s p\u00e1r kort\u00e1rsa m\u0171veikkel hozz\u00e1j\u00e1rultak ahhoz, hogy a gy\u0171jt\u0151knek k\u00f6sz\u00f6nhet\u0151en fennmaradtak a n\u00e9pdalok, \u00e9s \u00fajra felvir\u00e1gzott a sz\u00ednvonalas magyar n\u00f3ta m\u0171faj.<\/em><\/p>\n\n\n\n<p class=\"wp-block-paragraph\"><em>Dank\u00f3 Pista a legnagyobb magyar n\u00f3taszerz\u0151 sz\u00fcl\u0151f\u00f6ldj\u00e9n a v\u00e1ros \u00e1ltal adom\u00e1nyozott d\u00edszs\u00edrhelyben piheni \u00f6r\u00f6k \u00e1lm\u00e1t, m\u00edg n\u00f3t\u00e1i szerte a nagyvil\u00e1gban megdobogtatj\u00e1k az \u00e9rz\u0151lelk\u0171 n\u00f3taszeret\u0151k sz\u00edv\u00e9t, \u00e9s \u00f6r\u00f6k eml\u00e9ket \u00e1ll\u00edtanak sz\u00fcl\u0151v\u00e1ros\u00e1nak, Szegednek, ahol \u00e9let\u00e9ben nem becs\u00fclt\u00e9k meg \u00e9rdemei szerint, de hal\u00e1la ut\u00e1n m\u00e9lt\u00f3 elismer\u00e9sben r\u00e9szes\u00fclt, \u00e9s szobra el\u0151tt tiszteleghetnek a v\u00e1ros, \u00e9s a v\u00e1rosba l\u00e1togat\u00f3 n\u00f3tabar\u00e1tok!<\/em><\/p>\n\n\n\n<p class=\"wp-block-paragraph\"><em>Mak\u00f3, 2008. 04. 09.<\/em><\/p>\n","protected":false},"excerpt":{"rendered":"<p>DANK\u00d3 PISTA, &nbsp;A ZENE, \u00c9S A CIG\u00c1NYS\u00c1G &#8222;Szegeden, 1998-ban Dank\u00f3 Pista sz\u00fclet\u00e9s\u00e9nek 150. \u00e9vfordul\u00f3ja alkalm\u00e1val orsz\u00e1gos p\u00e1ly\u00e1zatot \u00edrt ki a D\u00e9l \u2013magyarorsz\u00e1gi N\u00f3taszerz\u0151k Egyes\u00fclete, mely p\u00e1ly\u00e1zat k\u00fcl\u00f6nd\u00edj\u00e1t \u00e9n nyertem el, ezzel a munk\u00e1mmal!&#8221; A zene szinte egyid\u0151s az emberis\u00e9ggel. Els\u0151 megnyilv\u00e1nul\u00e1sa m\u00e1r az \u0151sember kor\u00e1ra vezethet\u0151 vissza, amikor a k\u00fcl\u00f6nb\u00f6z\u0151 munkafolyamataik alatt, az egy hangon &#8230; <a title=\"DANK\u00d3 PISTA, \u00a0A ZENE, \u00c9S A CIG\u00c1NYS\u00c1G\" class=\"read-more\" href=\"https:\/\/bozsogiattila.hu\/?p=110\" aria-label=\"Tov\u00e1bbiak DANK\u00d3 PISTA, \u00a0A ZENE, \u00c9S A CIG\u00c1NYS\u00c1G\">Olvass tov\u00e1bb<\/a><\/p>\n","protected":false},"author":3,"featured_media":0,"comment_status":"open","ping_status":"open","sticky":false,"template":"","format":"standard","meta":{"footnotes":""},"categories":[15],"tags":[67],"class_list":["post-110","post","type-post","status-publish","format-standard","hentry","category-primasok-notaenekesek","tag-67"],"yoast_head":"<!-- This site is optimized with the Yoast SEO plugin v21.8 - https:\/\/yoast.com\/wordpress\/plugins\/seo\/ -->\n<title>DANK\u00d3 PISTA, \u00a0A ZENE, \u00c9S A CIG\u00c1NYS\u00c1G - Bozsogi Attila<\/title>\n<meta name=\"robots\" content=\"index, follow, max-snippet:-1, max-image-preview:large, max-video-preview:-1\" \/>\n<link rel=\"canonical\" href=\"https:\/\/bozsogiattila.hu\/?p=110\" \/>\n<meta property=\"og:locale\" content=\"hu_HU\" \/>\n<meta property=\"og:type\" content=\"article\" \/>\n<meta property=\"og:title\" content=\"DANK\u00d3 PISTA, \u00a0A ZENE, \u00c9S A CIG\u00c1NYS\u00c1G - Bozsogi Attila\" \/>\n<meta property=\"og:description\" content=\"DANK\u00d3 PISTA, &nbsp;A ZENE, \u00c9S A CIG\u00c1NYS\u00c1G &#8222;Szegeden, 1998-ban Dank\u00f3 Pista sz\u00fclet\u00e9s\u00e9nek 150. \u00e9vfordul\u00f3ja alkalm\u00e1val orsz\u00e1gos p\u00e1ly\u00e1zatot \u00edrt ki a D\u00e9l \u2013magyarorsz\u00e1gi N\u00f3taszerz\u0151k Egyes\u00fclete, mely p\u00e1ly\u00e1zat k\u00fcl\u00f6nd\u00edj\u00e1t \u00e9n nyertem el, ezzel a munk\u00e1mmal!&#8221; A zene szinte egyid\u0151s az emberis\u00e9ggel. Els\u0151 megnyilv\u00e1nul\u00e1sa m\u00e1r az \u0151sember kor\u00e1ra vezethet\u0151 vissza, amikor a k\u00fcl\u00f6nb\u00f6z\u0151 munkafolyamataik alatt, az egy hangon ... Olvass tov\u00e1bb\" \/>\n<meta property=\"og:url\" content=\"https:\/\/bozsogiattila.hu\/?p=110\" \/>\n<meta property=\"og:site_name\" content=\"Bozsogi Attila\" \/>\n<meta property=\"article:published_time\" content=\"2008-04-09T20:41:00+00:00\" \/>\n<meta property=\"article:modified_time\" content=\"2024-01-07T18:59:06+00:00\" \/>\n<meta name=\"author\" content=\"Bozsogi Attila\" \/>\n<meta name=\"twitter:card\" content=\"summary_large_image\" \/>\n<meta name=\"twitter:label1\" content=\"Szerz\u0151:\" \/>\n\t<meta name=\"twitter:data1\" content=\"Bozsogi Attila\" \/>\n\t<meta name=\"twitter:label2\" content=\"Becs\u00fclt olvas\u00e1si id\u0151\" \/>\n\t<meta name=\"twitter:data2\" content=\"32 perc\" \/>\n<script type=\"application\/ld+json\" class=\"yoast-schema-graph\">{\"@context\":\"https:\/\/schema.org\",\"@graph\":[{\"@type\":\"WebPage\",\"@id\":\"https:\/\/bozsogiattila.hu\/?p=110\",\"url\":\"https:\/\/bozsogiattila.hu\/?p=110\",\"name\":\"DANK\u00d3 PISTA, \u00a0A ZENE, \u00c9S A CIG\u00c1NYS\u00c1G - Bozsogi Attila\",\"isPartOf\":{\"@id\":\"https:\/\/bozsogiattila.hu\/#website\"},\"datePublished\":\"2008-04-09T20:41:00+00:00\",\"dateModified\":\"2024-01-07T18:59:06+00:00\",\"author\":{\"@id\":\"https:\/\/bozsogiattila.hu\/#\/schema\/person\/488c99f554a8c4039201260dd5eb795e\"},\"breadcrumb\":{\"@id\":\"https:\/\/bozsogiattila.hu\/?p=110#breadcrumb\"},\"inLanguage\":\"hu\",\"potentialAction\":[{\"@type\":\"ReadAction\",\"target\":[\"https:\/\/bozsogiattila.hu\/?p=110\"]}]},{\"@type\":\"BreadcrumbList\",\"@id\":\"https:\/\/bozsogiattila.hu\/?p=110#breadcrumb\",\"itemListElement\":[{\"@type\":\"ListItem\",\"position\":1,\"name\":\"Kezd\u0151lap\",\"item\":\"https:\/\/bozsogiattila.hu\/\"},{\"@type\":\"ListItem\",\"position\":2,\"name\":\"DANK\u00d3 PISTA, \u00a0A ZENE, \u00c9S A CIG\u00c1NYS\u00c1G\"}]},{\"@type\":\"WebSite\",\"@id\":\"https:\/\/bozsogiattila.hu\/#website\",\"url\":\"https:\/\/bozsogiattila.hu\/\",\"name\":\"Bozsogi Attila\",\"description\":\"a zen\u00e9sz, \u00edr\u00f3 munk\u00e1ss\u00e1g\u00e1nak \u00e9s a mak\u00f3i muzsikusok eml\u00e9k\u00e9t \u0151rz\u0151 oldal\",\"potentialAction\":[{\"@type\":\"SearchAction\",\"target\":{\"@type\":\"EntryPoint\",\"urlTemplate\":\"https:\/\/bozsogiattila.hu\/?s={search_term_string}\"},\"query-input\":\"required name=search_term_string\"}],\"inLanguage\":\"hu\"},{\"@type\":\"Person\",\"@id\":\"https:\/\/bozsogiattila.hu\/#\/schema\/person\/488c99f554a8c4039201260dd5eb795e\",\"name\":\"Bozsogi Attila\",\"image\":{\"@type\":\"ImageObject\",\"inLanguage\":\"hu\",\"@id\":\"https:\/\/bozsogiattila.hu\/#\/schema\/person\/image\/\",\"url\":\"https:\/\/secure.gravatar.com\/avatar\/7da6b5985e34ed798d1670c54ce7d20e6a53b800bb0c07945c64b09392f3dbfd?s=96&d=mm&r=g\",\"contentUrl\":\"https:\/\/secure.gravatar.com\/avatar\/7da6b5985e34ed798d1670c54ce7d20e6a53b800bb0c07945c64b09392f3dbfd?s=96&d=mm&r=g\",\"caption\":\"Bozsogi Attila\"},\"sameAs\":[\"http:\/\/www.boszogiattila.hu\"],\"url\":\"https:\/\/bozsogiattila.hu\/?author=3\"}]}<\/script>\n<!-- \/ Yoast SEO plugin. -->","yoast_head_json":{"title":"DANK\u00d3 PISTA, \u00a0A ZENE, \u00c9S A CIG\u00c1NYS\u00c1G - Bozsogi Attila","robots":{"index":"index","follow":"follow","max-snippet":"max-snippet:-1","max-image-preview":"max-image-preview:large","max-video-preview":"max-video-preview:-1"},"canonical":"https:\/\/bozsogiattila.hu\/?p=110","og_locale":"hu_HU","og_type":"article","og_title":"DANK\u00d3 PISTA, \u00a0A ZENE, \u00c9S A CIG\u00c1NYS\u00c1G - Bozsogi Attila","og_description":"DANK\u00d3 PISTA, &nbsp;A ZENE, \u00c9S A CIG\u00c1NYS\u00c1G &#8222;Szegeden, 1998-ban Dank\u00f3 Pista sz\u00fclet\u00e9s\u00e9nek 150. \u00e9vfordul\u00f3ja alkalm\u00e1val orsz\u00e1gos p\u00e1ly\u00e1zatot \u00edrt ki a D\u00e9l \u2013magyarorsz\u00e1gi N\u00f3taszerz\u0151k Egyes\u00fclete, mely p\u00e1ly\u00e1zat k\u00fcl\u00f6nd\u00edj\u00e1t \u00e9n nyertem el, ezzel a munk\u00e1mmal!&#8221; A zene szinte egyid\u0151s az emberis\u00e9ggel. Els\u0151 megnyilv\u00e1nul\u00e1sa m\u00e1r az \u0151sember kor\u00e1ra vezethet\u0151 vissza, amikor a k\u00fcl\u00f6nb\u00f6z\u0151 munkafolyamataik alatt, az egy hangon ... Olvass tov\u00e1bb","og_url":"https:\/\/bozsogiattila.hu\/?p=110","og_site_name":"Bozsogi Attila","article_published_time":"2008-04-09T20:41:00+00:00","article_modified_time":"2024-01-07T18:59:06+00:00","author":"Bozsogi Attila","twitter_card":"summary_large_image","twitter_misc":{"Szerz\u0151:":"Bozsogi Attila","Becs\u00fclt olvas\u00e1si id\u0151":"32 perc"},"schema":{"@context":"https:\/\/schema.org","@graph":[{"@type":"WebPage","@id":"https:\/\/bozsogiattila.hu\/?p=110","url":"https:\/\/bozsogiattila.hu\/?p=110","name":"DANK\u00d3 PISTA, \u00a0A ZENE, \u00c9S A CIG\u00c1NYS\u00c1G - Bozsogi Attila","isPartOf":{"@id":"https:\/\/bozsogiattila.hu\/#website"},"datePublished":"2008-04-09T20:41:00+00:00","dateModified":"2024-01-07T18:59:06+00:00","author":{"@id":"https:\/\/bozsogiattila.hu\/#\/schema\/person\/488c99f554a8c4039201260dd5eb795e"},"breadcrumb":{"@id":"https:\/\/bozsogiattila.hu\/?p=110#breadcrumb"},"inLanguage":"hu","potentialAction":[{"@type":"ReadAction","target":["https:\/\/bozsogiattila.hu\/?p=110"]}]},{"@type":"BreadcrumbList","@id":"https:\/\/bozsogiattila.hu\/?p=110#breadcrumb","itemListElement":[{"@type":"ListItem","position":1,"name":"Kezd\u0151lap","item":"https:\/\/bozsogiattila.hu\/"},{"@type":"ListItem","position":2,"name":"DANK\u00d3 PISTA, \u00a0A ZENE, \u00c9S A CIG\u00c1NYS\u00c1G"}]},{"@type":"WebSite","@id":"https:\/\/bozsogiattila.hu\/#website","url":"https:\/\/bozsogiattila.hu\/","name":"Bozsogi Attila","description":"a zen\u00e9sz, \u00edr\u00f3 munk\u00e1ss\u00e1g\u00e1nak \u00e9s a mak\u00f3i muzsikusok eml\u00e9k\u00e9t \u0151rz\u0151 oldal","potentialAction":[{"@type":"SearchAction","target":{"@type":"EntryPoint","urlTemplate":"https:\/\/bozsogiattila.hu\/?s={search_term_string}"},"query-input":"required name=search_term_string"}],"inLanguage":"hu"},{"@type":"Person","@id":"https:\/\/bozsogiattila.hu\/#\/schema\/person\/488c99f554a8c4039201260dd5eb795e","name":"Bozsogi Attila","image":{"@type":"ImageObject","inLanguage":"hu","@id":"https:\/\/bozsogiattila.hu\/#\/schema\/person\/image\/","url":"https:\/\/secure.gravatar.com\/avatar\/7da6b5985e34ed798d1670c54ce7d20e6a53b800bb0c07945c64b09392f3dbfd?s=96&d=mm&r=g","contentUrl":"https:\/\/secure.gravatar.com\/avatar\/7da6b5985e34ed798d1670c54ce7d20e6a53b800bb0c07945c64b09392f3dbfd?s=96&d=mm&r=g","caption":"Bozsogi Attila"},"sameAs":["http:\/\/www.boszogiattila.hu"],"url":"https:\/\/bozsogiattila.hu\/?author=3"}]}},"jetpack_featured_media_url":"","_links":{"self":[{"href":"https:\/\/bozsogiattila.hu\/index.php?rest_route=\/wp\/v2\/posts\/110","targetHints":{"allow":["GET"]}}],"collection":[{"href":"https:\/\/bozsogiattila.hu\/index.php?rest_route=\/wp\/v2\/posts"}],"about":[{"href":"https:\/\/bozsogiattila.hu\/index.php?rest_route=\/wp\/v2\/types\/post"}],"author":[{"embeddable":true,"href":"https:\/\/bozsogiattila.hu\/index.php?rest_route=\/wp\/v2\/users\/3"}],"replies":[{"embeddable":true,"href":"https:\/\/bozsogiattila.hu\/index.php?rest_route=%2Fwp%2Fv2%2Fcomments&post=110"}],"version-history":[{"count":1,"href":"https:\/\/bozsogiattila.hu\/index.php?rest_route=\/wp\/v2\/posts\/110\/revisions"}],"predecessor-version":[{"id":114,"href":"https:\/\/bozsogiattila.hu\/index.php?rest_route=\/wp\/v2\/posts\/110\/revisions\/114"}],"wp:attachment":[{"href":"https:\/\/bozsogiattila.hu\/index.php?rest_route=%2Fwp%2Fv2%2Fmedia&parent=110"}],"wp:term":[{"taxonomy":"category","embeddable":true,"href":"https:\/\/bozsogiattila.hu\/index.php?rest_route=%2Fwp%2Fv2%2Fcategories&post=110"},{"taxonomy":"post_tag","embeddable":true,"href":"https:\/\/bozsogiattila.hu\/index.php?rest_route=%2Fwp%2Fv2%2Ftags&post=110"}],"curies":[{"name":"wp","href":"https:\/\/api.w.org\/{rel}","templated":true}]}}