{"id":1108,"date":"2016-09-25T18:23:00","date_gmt":"2016-09-25T18:23:00","guid":{"rendered":"https:\/\/bozsogiattila.hu\/?p=1108"},"modified":"2024-01-09T18:25:10","modified_gmt":"2024-01-09T18:25:10","slug":"megloptam-az-erzesemet","status":"publish","type":"post","link":"https:\/\/bozsogiattila.hu\/?p=1108","title":{"rendered":"MEGLOPTAM AZ \u00c9RZ\u00c9SEMET"},"content":{"rendered":"\n<p class=\"wp-block-paragraph\">MEGLOPTAM AZ \u00c9RZ\u00c9SEMET<\/p>\n\n\n\n<p class=\"wp-block-paragraph\">Megloptam az \u00e9rz\u00e9semet,<br>Azt a r\u00e9szt, hol ott vagy te bent.<br>Kisaj\u00e1t\u00edtottam onnan,<br>\u00d6nc\u00e9l\u00faan elraboltam<\/p>\n\n\n\n<p class=\"wp-block-paragraph\">N\u00e9ztem n\u00e9ma al\u00e1zattal,<br>Szenved\u00e9lyes im\u00e1dattal.<br>Nem tal\u00e1ltam r\u00e1 szavakat,<br>Gondolatom ott elakadt.<\/p>\n\n\n\n<p class=\"wp-block-paragraph\">Hogyan is volt, hogyan t\u00f6rt\u00e9nt,<br>Agyam azt kutatta t\u00fcst\u00e9nt?<br>Derengeni kezdett lassan,<br>Amit \u00e9bren meg\u00e1lmodtam.<\/p>\n\n\n\n<p class=\"wp-block-paragraph\">Megjelent \u00e9s \u00fagy j\u00f6tt fel\u00e9m,<br>A flaszteren integetv\u00e9n.<br>Visszaintettem \u00e9s v\u00e1rtam,<br>A r\u00e9gm\u00falt var\u00e1zslat\u00e1ban.<\/p>\n\n\n\n<p class=\"wp-block-paragraph\">K\u00f6sz\u00f6nt\u00fcnk, hogy tal\u00e1lkoztunk,<br>Utcazajban \u00e1csorogtunk.<br>Boldog mosoly volt orc\u00e1nkon,<br>Hihetetlen tal\u00e1lk\u00e1nkon.<\/p>\n\n\n\n<p class=\"wp-block-paragraph\">\u00c9reztem, hogy sz\u00f3lni k\u00e9ne,<br>A besz\u00e9lget\u00e9st elkezdve.<br>G\u00e9piesen, monotonon,<br>S\u00fagtam halkan udvarl\u00e1som.<\/p>\n\n\n\n<p class=\"wp-block-paragraph\">Hogy mit mondtam, m\u00e1r nem tudom,<br>Ak\u00e1rhogyan gondolkodom?<br>Tal\u00e1n b\u00f3kot, sz\u00e9p szavakat,<br>Vagy h\u00f3d\u00edt\u00f3 mondatokat?<\/p>\n\n\n\n<p class=\"wp-block-paragraph\">Szemeivel r\u00e1m tekintett<br>Elb\u0171v\u00f6l\u0151n figyelgetett.<br>Sz\u00e1m mozg\u00e1s\u00e1t \u00fagy k\u00f6vette,<br>Szinte szavaimat leste.<\/p>\n\n\n\n<p class=\"wp-block-paragraph\">V\u00e9gre megsz\u00f3lalt hirtelen,<br>V\u00e1ratlanul felhev\u00fclten.<br>Sorsd\u00f6nt\u0151 volt minden ottan,<br>\u00c9rezt\u00fck is gondolatban.<\/p>\n\n\n\n<p class=\"wp-block-paragraph\">Feln\u0151ttekk\u00e9nt bamb\u00e1n \u00e1lltunk,<br>Vagy t\u00e1n nagygyermekek voltunk.<br>Tudtuk nem j\u00f6n t\u00f6bb v\u00e9letlen,<br>Ha elv\u00e1lunk embers\u00e9gben.<\/p>\n\n\n\n<p class=\"wp-block-paragraph\">Mennyi gondolat \u00e9lt bennem,<br>Most is tudom, most is \u00e9rzem.<br>M\u00e9gis akkor leblokkoltam,<br>Valamit nagyon akartam.<\/p>\n\n\n\n<p class=\"wp-block-paragraph\">Mikor tal\u00e1lkozunk \u00fajra,<br>K\u00e9rdeztem r\u00e1, mosolyogva?<br>V\u00e1rtam r\u00e9g e tal\u00e1lk\u00e1ra,<br>Mint valami Messi\u00e1sra.<\/p>\n\n\n\n<p class=\"wp-block-paragraph\">De az utca megzavart most,<br>Itt csevegni nem ildomos.<br>Minden szem mire\u00e1nk mered,<br>Hogy valljak neked szerelmet?<\/p>\n\n\n\n<p class=\"wp-block-paragraph\">L\u00e1ttam rajta, hogy ezt v\u00e1rta,<br>Felcsend\u00fclt a kacag\u00e1sa.<br>Szeme f\u00e9nylett b\u00edztat\u00f3an,<br>Fels\u00f3hajtott, nyugalomban.<\/p>\n\n\n\n<p class=\"wp-block-paragraph\">\u00c9n is v\u00e1rtam r\u00e9g e napra,<br>Mondta a szavamba v\u00e1gva.<br>Nem mehet\u00fcnk el mellette,<br>T\u0151l\u00fcnk k\u00f6nnyelm\u0171s\u00e9g lenne.<\/p>\n\n\n\n<p class=\"wp-block-paragraph\">\u0150szinte volt a mond\u00e1sa,<br>B\u00fcszkes\u00e9get sutba v\u00e1gta.<br>Elkezd\u0151d\u00f6tt, folytat\u00f3dott,<br>A boldogs\u00e1g r\u00e1nk ragyogott.<\/p>\n\n\n\n<p class=\"wp-block-paragraph\">Mak\u00f3, 2016-09-25<\/p>\n","protected":false},"excerpt":{"rendered":"<p>MEGLOPTAM AZ \u00c9RZ\u00c9SEMET Megloptam az \u00e9rz\u00e9semet,Azt a r\u00e9szt, hol ott vagy te bent.Kisaj\u00e1t\u00edtottam onnan,\u00d6nc\u00e9l\u00faan elraboltam N\u00e9ztem n\u00e9ma al\u00e1zattal,Szenved\u00e9lyes im\u00e1dattal.Nem tal\u00e1ltam r\u00e1 szavakat,Gondolatom ott elakadt. Hogyan is volt, hogyan t\u00f6rt\u00e9nt,Agyam azt kutatta t\u00fcst\u00e9nt?Derengeni kezdett lassan,Amit \u00e9bren meg\u00e1lmodtam. Megjelent \u00e9s \u00fagy j\u00f6tt fel\u00e9m,A flaszteren integetv\u00e9n.Visszaintettem \u00e9s v\u00e1rtam,A r\u00e9gm\u00falt var\u00e1zslat\u00e1ban. K\u00f6sz\u00f6nt\u00fcnk, hogy tal\u00e1lkoztunk,Utcazajban \u00e1csorogtunk.Boldog mosoly volt orc\u00e1nkon,Hihetetlen tal\u00e1lk\u00e1nkon. &#8230; <a title=\"MEGLOPTAM AZ \u00c9RZ\u00c9SEMET\" class=\"read-more\" href=\"https:\/\/bozsogiattila.hu\/?p=1108\" aria-label=\"Tov\u00e1bbiak MEGLOPTAM AZ \u00c9RZ\u00c9SEMET\">Olvass tov\u00e1bb<\/a><\/p>\n","protected":false},"author":3,"featured_media":0,"comment_status":"closed","ping_status":"open","sticky":false,"template":"","format":"standard","meta":{"footnotes":""},"categories":[4],"tags":[319,12],"class_list":["post-1108","post","type-post","status-publish","format-standard","hentry","category-versek","tag-319","tag-mako"],"yoast_head":"<!-- This site is optimized with the Yoast SEO plugin v21.8 - https:\/\/yoast.com\/wordpress\/plugins\/seo\/ -->\n<title>MEGLOPTAM AZ \u00c9RZ\u00c9SEMET - Bozsogi Attila<\/title>\n<meta name=\"robots\" content=\"index, follow, max-snippet:-1, max-image-preview:large, max-video-preview:-1\" \/>\n<link rel=\"canonical\" href=\"https:\/\/bozsogiattila.hu\/?p=1108\" \/>\n<meta property=\"og:locale\" content=\"hu_HU\" \/>\n<meta property=\"og:type\" content=\"article\" \/>\n<meta property=\"og:title\" content=\"MEGLOPTAM AZ \u00c9RZ\u00c9SEMET - Bozsogi Attila\" \/>\n<meta property=\"og:description\" content=\"MEGLOPTAM AZ \u00c9RZ\u00c9SEMET Megloptam az \u00e9rz\u00e9semet,Azt a r\u00e9szt, hol ott vagy te bent.Kisaj\u00e1t\u00edtottam onnan,\u00d6nc\u00e9l\u00faan elraboltam N\u00e9ztem n\u00e9ma al\u00e1zattal,Szenved\u00e9lyes im\u00e1dattal.Nem tal\u00e1ltam r\u00e1 szavakat,Gondolatom ott elakadt. Hogyan is volt, hogyan t\u00f6rt\u00e9nt,Agyam azt kutatta t\u00fcst\u00e9nt?Derengeni kezdett lassan,Amit \u00e9bren meg\u00e1lmodtam. Megjelent \u00e9s \u00fagy j\u00f6tt fel\u00e9m,A flaszteren integetv\u00e9n.Visszaintettem \u00e9s v\u00e1rtam,A r\u00e9gm\u00falt var\u00e1zslat\u00e1ban. K\u00f6sz\u00f6nt\u00fcnk, hogy tal\u00e1lkoztunk,Utcazajban \u00e1csorogtunk.Boldog mosoly volt orc\u00e1nkon,Hihetetlen tal\u00e1lk\u00e1nkon. ... Olvass tov\u00e1bb\" \/>\n<meta property=\"og:url\" content=\"https:\/\/bozsogiattila.hu\/?p=1108\" \/>\n<meta property=\"og:site_name\" content=\"Bozsogi Attila\" \/>\n<meta property=\"article:published_time\" content=\"2016-09-25T18:23:00+00:00\" \/>\n<meta property=\"article:modified_time\" content=\"2024-01-09T18:25:10+00:00\" \/>\n<meta name=\"author\" content=\"Bozsogi Attila\" \/>\n<meta name=\"twitter:card\" content=\"summary_large_image\" \/>\n<meta name=\"twitter:label1\" content=\"Szerz\u0151:\" \/>\n\t<meta name=\"twitter:data1\" content=\"Bozsogi Attila\" \/>\n\t<meta name=\"twitter:label2\" content=\"Becs\u00fclt olvas\u00e1si id\u0151\" \/>\n\t<meta name=\"twitter:data2\" content=\"2 perc\" \/>\n<script type=\"application\/ld+json\" class=\"yoast-schema-graph\">{\"@context\":\"https:\/\/schema.org\",\"@graph\":[{\"@type\":\"WebPage\",\"@id\":\"https:\/\/bozsogiattila.hu\/?p=1108\",\"url\":\"https:\/\/bozsogiattila.hu\/?p=1108\",\"name\":\"MEGLOPTAM AZ \u00c9RZ\u00c9SEMET - Bozsogi Attila\",\"isPartOf\":{\"@id\":\"https:\/\/bozsogiattila.hu\/#website\"},\"datePublished\":\"2016-09-25T18:23:00+00:00\",\"dateModified\":\"2024-01-09T18:25:10+00:00\",\"author\":{\"@id\":\"https:\/\/bozsogiattila.hu\/#\/schema\/person\/488c99f554a8c4039201260dd5eb795e\"},\"breadcrumb\":{\"@id\":\"https:\/\/bozsogiattila.hu\/?p=1108#breadcrumb\"},\"inLanguage\":\"hu\",\"potentialAction\":[{\"@type\":\"ReadAction\",\"target\":[\"https:\/\/bozsogiattila.hu\/?p=1108\"]}]},{\"@type\":\"BreadcrumbList\",\"@id\":\"https:\/\/bozsogiattila.hu\/?p=1108#breadcrumb\",\"itemListElement\":[{\"@type\":\"ListItem\",\"position\":1,\"name\":\"Kezd\u0151lap\",\"item\":\"https:\/\/bozsogiattila.hu\/\"},{\"@type\":\"ListItem\",\"position\":2,\"name\":\"MEGLOPTAM AZ \u00c9RZ\u00c9SEMET\"}]},{\"@type\":\"WebSite\",\"@id\":\"https:\/\/bozsogiattila.hu\/#website\",\"url\":\"https:\/\/bozsogiattila.hu\/\",\"name\":\"Bozsogi Attila\",\"description\":\"a zen\u00e9sz, \u00edr\u00f3 munk\u00e1ss\u00e1g\u00e1nak \u00e9s a mak\u00f3i muzsikusok eml\u00e9k\u00e9t \u0151rz\u0151 oldal\",\"potentialAction\":[{\"@type\":\"SearchAction\",\"target\":{\"@type\":\"EntryPoint\",\"urlTemplate\":\"https:\/\/bozsogiattila.hu\/?s={search_term_string}\"},\"query-input\":\"required name=search_term_string\"}],\"inLanguage\":\"hu\"},{\"@type\":\"Person\",\"@id\":\"https:\/\/bozsogiattila.hu\/#\/schema\/person\/488c99f554a8c4039201260dd5eb795e\",\"name\":\"Bozsogi Attila\",\"image\":{\"@type\":\"ImageObject\",\"inLanguage\":\"hu\",\"@id\":\"https:\/\/bozsogiattila.hu\/#\/schema\/person\/image\/\",\"url\":\"https:\/\/secure.gravatar.com\/avatar\/7da6b5985e34ed798d1670c54ce7d20e6a53b800bb0c07945c64b09392f3dbfd?s=96&d=mm&r=g\",\"contentUrl\":\"https:\/\/secure.gravatar.com\/avatar\/7da6b5985e34ed798d1670c54ce7d20e6a53b800bb0c07945c64b09392f3dbfd?s=96&d=mm&r=g\",\"caption\":\"Bozsogi Attila\"},\"sameAs\":[\"http:\/\/www.boszogiattila.hu\"],\"url\":\"https:\/\/bozsogiattila.hu\/?author=3\"}]}<\/script>\n<!-- \/ Yoast SEO plugin. -->","yoast_head_json":{"title":"MEGLOPTAM AZ \u00c9RZ\u00c9SEMET - Bozsogi Attila","robots":{"index":"index","follow":"follow","max-snippet":"max-snippet:-1","max-image-preview":"max-image-preview:large","max-video-preview":"max-video-preview:-1"},"canonical":"https:\/\/bozsogiattila.hu\/?p=1108","og_locale":"hu_HU","og_type":"article","og_title":"MEGLOPTAM AZ \u00c9RZ\u00c9SEMET - Bozsogi Attila","og_description":"MEGLOPTAM AZ \u00c9RZ\u00c9SEMET Megloptam az \u00e9rz\u00e9semet,Azt a r\u00e9szt, hol ott vagy te bent.Kisaj\u00e1t\u00edtottam onnan,\u00d6nc\u00e9l\u00faan elraboltam N\u00e9ztem n\u00e9ma al\u00e1zattal,Szenved\u00e9lyes im\u00e1dattal.Nem tal\u00e1ltam r\u00e1 szavakat,Gondolatom ott elakadt. Hogyan is volt, hogyan t\u00f6rt\u00e9nt,Agyam azt kutatta t\u00fcst\u00e9nt?Derengeni kezdett lassan,Amit \u00e9bren meg\u00e1lmodtam. Megjelent \u00e9s \u00fagy j\u00f6tt fel\u00e9m,A flaszteren integetv\u00e9n.Visszaintettem \u00e9s v\u00e1rtam,A r\u00e9gm\u00falt var\u00e1zslat\u00e1ban. K\u00f6sz\u00f6nt\u00fcnk, hogy tal\u00e1lkoztunk,Utcazajban \u00e1csorogtunk.Boldog mosoly volt orc\u00e1nkon,Hihetetlen tal\u00e1lk\u00e1nkon. ... Olvass tov\u00e1bb","og_url":"https:\/\/bozsogiattila.hu\/?p=1108","og_site_name":"Bozsogi Attila","article_published_time":"2016-09-25T18:23:00+00:00","article_modified_time":"2024-01-09T18:25:10+00:00","author":"Bozsogi Attila","twitter_card":"summary_large_image","twitter_misc":{"Szerz\u0151:":"Bozsogi Attila","Becs\u00fclt olvas\u00e1si id\u0151":"2 perc"},"schema":{"@context":"https:\/\/schema.org","@graph":[{"@type":"WebPage","@id":"https:\/\/bozsogiattila.hu\/?p=1108","url":"https:\/\/bozsogiattila.hu\/?p=1108","name":"MEGLOPTAM AZ \u00c9RZ\u00c9SEMET - Bozsogi Attila","isPartOf":{"@id":"https:\/\/bozsogiattila.hu\/#website"},"datePublished":"2016-09-25T18:23:00+00:00","dateModified":"2024-01-09T18:25:10+00:00","author":{"@id":"https:\/\/bozsogiattila.hu\/#\/schema\/person\/488c99f554a8c4039201260dd5eb795e"},"breadcrumb":{"@id":"https:\/\/bozsogiattila.hu\/?p=1108#breadcrumb"},"inLanguage":"hu","potentialAction":[{"@type":"ReadAction","target":["https:\/\/bozsogiattila.hu\/?p=1108"]}]},{"@type":"BreadcrumbList","@id":"https:\/\/bozsogiattila.hu\/?p=1108#breadcrumb","itemListElement":[{"@type":"ListItem","position":1,"name":"Kezd\u0151lap","item":"https:\/\/bozsogiattila.hu\/"},{"@type":"ListItem","position":2,"name":"MEGLOPTAM AZ \u00c9RZ\u00c9SEMET"}]},{"@type":"WebSite","@id":"https:\/\/bozsogiattila.hu\/#website","url":"https:\/\/bozsogiattila.hu\/","name":"Bozsogi Attila","description":"a zen\u00e9sz, \u00edr\u00f3 munk\u00e1ss\u00e1g\u00e1nak \u00e9s a mak\u00f3i muzsikusok eml\u00e9k\u00e9t \u0151rz\u0151 oldal","potentialAction":[{"@type":"SearchAction","target":{"@type":"EntryPoint","urlTemplate":"https:\/\/bozsogiattila.hu\/?s={search_term_string}"},"query-input":"required name=search_term_string"}],"inLanguage":"hu"},{"@type":"Person","@id":"https:\/\/bozsogiattila.hu\/#\/schema\/person\/488c99f554a8c4039201260dd5eb795e","name":"Bozsogi Attila","image":{"@type":"ImageObject","inLanguage":"hu","@id":"https:\/\/bozsogiattila.hu\/#\/schema\/person\/image\/","url":"https:\/\/secure.gravatar.com\/avatar\/7da6b5985e34ed798d1670c54ce7d20e6a53b800bb0c07945c64b09392f3dbfd?s=96&d=mm&r=g","contentUrl":"https:\/\/secure.gravatar.com\/avatar\/7da6b5985e34ed798d1670c54ce7d20e6a53b800bb0c07945c64b09392f3dbfd?s=96&d=mm&r=g","caption":"Bozsogi Attila"},"sameAs":["http:\/\/www.boszogiattila.hu"],"url":"https:\/\/bozsogiattila.hu\/?author=3"}]}},"jetpack_featured_media_url":"","_links":{"self":[{"href":"https:\/\/bozsogiattila.hu\/index.php?rest_route=\/wp\/v2\/posts\/1108","targetHints":{"allow":["GET"]}}],"collection":[{"href":"https:\/\/bozsogiattila.hu\/index.php?rest_route=\/wp\/v2\/posts"}],"about":[{"href":"https:\/\/bozsogiattila.hu\/index.php?rest_route=\/wp\/v2\/types\/post"}],"author":[{"embeddable":true,"href":"https:\/\/bozsogiattila.hu\/index.php?rest_route=\/wp\/v2\/users\/3"}],"replies":[{"embeddable":true,"href":"https:\/\/bozsogiattila.hu\/index.php?rest_route=%2Fwp%2Fv2%2Fcomments&post=1108"}],"version-history":[{"count":1,"href":"https:\/\/bozsogiattila.hu\/index.php?rest_route=\/wp\/v2\/posts\/1108\/revisions"}],"predecessor-version":[{"id":1109,"href":"https:\/\/bozsogiattila.hu\/index.php?rest_route=\/wp\/v2\/posts\/1108\/revisions\/1109"}],"wp:attachment":[{"href":"https:\/\/bozsogiattila.hu\/index.php?rest_route=%2Fwp%2Fv2%2Fmedia&parent=1108"}],"wp:term":[{"taxonomy":"category","embeddable":true,"href":"https:\/\/bozsogiattila.hu\/index.php?rest_route=%2Fwp%2Fv2%2Fcategories&post=1108"},{"taxonomy":"post_tag","embeddable":true,"href":"https:\/\/bozsogiattila.hu\/index.php?rest_route=%2Fwp%2Fv2%2Ftags&post=1108"}],"curies":[{"name":"wp","href":"https:\/\/api.w.org\/{rel}","templated":true}]}}