{"id":1121,"date":"2017-02-02T19:07:00","date_gmt":"2017-02-02T19:07:00","guid":{"rendered":"https:\/\/bozsogiattila.hu\/?p=1121"},"modified":"2024-01-09T19:08:43","modified_gmt":"2024-01-09T19:08:43","slug":"nektek-irom-verseimet","status":"publish","type":"post","link":"https:\/\/bozsogiattila.hu\/?p=1121","title":{"rendered":"NEKTEK \u00cdROM VERSEIMET"},"content":{"rendered":"\n<p class=\"wp-block-paragraph\">NEKTEK \u00cdROM VERSEIMET<\/p>\n\n\n\n<p class=\"wp-block-paragraph\">Nektek \u00edrom verseimet,<br>Gondolatot, eszm\u00e9t, hitet.<br>Sz\u00e9pszavaknak sokas\u00e1g\u00e1t,<br>Azok \u00f6sszefoglal\u00e1s\u00e1t.<\/p>\n\n\n\n<p class=\"wp-block-paragraph\">Ti vagytok, kik olvass\u00e1tok,<br>Soraimon gondolkoztok.<br>Azonosultok \u00edgy vele,<br>\u00d6sszetartozunk egys\u00e9gbe\u2019.<\/p>\n\n\n\n<p class=\"wp-block-paragraph\">Szavaimat \u00f6sszerakom,<br>Hozz\u00e1tok azt eljuttatom.<br>T\u00f6rt\u00e9netek \u00edgy sz\u00fcletnek,<br>Benn\u00fck velem egy\u00fctt \u00e9ltek.<\/p>\n\n\n\n<p class=\"wp-block-paragraph\">R\u00edmeimnek a cseng\u00e9se,<br>F\u00fcleteknek lesz majd, zene.<br>Dallama van mindegyiknek,<br>Tal\u00e1n az\u00e9rt szeretitek.<\/p>\n\n\n\n<p class=\"wp-block-paragraph\">Aki azokat elmondja,<br>Szavalja, vagy felolvassa,<br>Mondatait hangs\u00falyozza,<br>\u00c9rthet\u0151bb\u00e9 \u00fagy form\u00e1zza.<\/p>\n\n\n\n<p class=\"wp-block-paragraph\">\u00cdgy adja meg a dallam\u00e1t,<br>A nyelv\u00fcnknek muzsik\u00e1j\u00e1t.<br>Kotta n\u00e9lk\u00fcl is hallhat\u00f3,<br>\u00c9lvezetes lesz minden sz\u00f3.<\/p>\n\n\n\n<p class=\"wp-block-paragraph\">Po\u00e9tikus hangulatom,<br>\u00c1tny\u00fajtom, \u00e9s azt \u00e1tadom,<br>Egy csokorba \u00f6sszeszedve,<br>Beker\u00fcltek k\u00f6nyveimbe.<\/p>\n\n\n\n<p class=\"wp-block-paragraph\">Lelkemben mik kavarognak,<br>Azok benn\u00fck mind ott vannak.<br>Vid\u00e1ms\u00e1g, vagy letargia,<br>\u00dagy robbannak, mintegy bomba.<\/p>\n\n\n\n<p class=\"wp-block-paragraph\">Tr\u00e9fa, m\u00f3ka, cs\u00ednytev\u00e9sek,<br>Gyermekkori t\u00f6rt\u00e9netek.<br>Szerelmek, \u00e9s csal\u00f3d\u00e1sok,<br>Mindent tiel\u00e9tek t\u00e1rok.<\/p>\n\n\n\n<p class=\"wp-block-paragraph\">Szeg\u00e9nys\u00e9gr\u0151l, gazdags\u00e1gr\u00f3l,<br>Politikus gal\u00e1ds\u00e1gr\u00f3l,<br>\u00c1lnok hitszeg\u0151knek k\u00e9pe,<br>Le van \u00edrva-, eml\u00e9kezve.<\/p>\n\n\n\n<p class=\"wp-block-paragraph\">A term\u00e9szetnek sz\u00e9ps\u00e9g\u00e9t,<br>\u00c9gih\u00e1bor\u00fak r\u00e9ms\u00e9g\u00e9t,<br>Marosnak az \u00e1rad\u00e1s\u00e1t,<br>Gonosz, konok v\u00e1gtat\u00e1s\u00e1t.<\/p>\n\n\n\n<p class=\"wp-block-paragraph\">Az erdei hangulatot,<br>Mad\u00e1rdalos v\u00edg koncertot,<br>Meg\u00f6r\u00f6k\u00edtettem sorban,<br>\u00c9leth\u0171en, val\u00f3s\u00e1gban.<\/p>\n\n\n\n<p class=\"wp-block-paragraph\">Kuty\u00e1mat se nem feledtem,<br>Br\u00fan\u00f3t, ahogyan szerettem.<br>Nekrol\u00f3got bar\u00e1tokr\u00f3l,<br>Utal\u00e1st a harangsz\u00f3r\u00f3l.<\/p>\n\n\n\n<p class=\"wp-block-paragraph\">\u0150seimre eml\u00e9kezve,<br>Sz\u00edvem szava r\u00edmbe szedve,<br>F\u00e1j\u00f3, m\u00e9la gondolatok,<br>Benn lapulnak mind-mind azok.<\/p>\n\n\n\n<p class=\"wp-block-paragraph\">Unok\u00e1im im\u00e1data,<br>Soraimba belez\u00e1rva,<br>Ott maradnak mind\u00f6r\u00f6kre,<br>Verseimben felid\u00e9zve.<\/p>\n\n\n\n<p class=\"wp-block-paragraph\">Nektek \u00edrtam, s \u00edrni fogok,<br>Mik\u00f6zben r\u00e1tok gondolok.<br>\u00d6r\u00f6m\u00f6ket, boldogs\u00e1got,<br>Igaz hitet, azt k\u00edv\u00e1nok.<\/p>\n\n\n\n<p class=\"wp-block-paragraph\">Mak\u00f3, 2017-02-04<\/p>\n","protected":false},"excerpt":{"rendered":"<p>NEKTEK \u00cdROM VERSEIMET Nektek \u00edrom verseimet,Gondolatot, eszm\u00e9t, hitet.Sz\u00e9pszavaknak sokas\u00e1g\u00e1t,Azok \u00f6sszefoglal\u00e1s\u00e1t. Ti vagytok, kik olvass\u00e1tok,Soraimon gondolkoztok.Azonosultok \u00edgy vele,\u00d6sszetartozunk egys\u00e9gbe\u2019. Szavaimat \u00f6sszerakom,Hozz\u00e1tok azt eljuttatom.T\u00f6rt\u00e9netek \u00edgy sz\u00fcletnek,Benn\u00fck velem egy\u00fctt \u00e9ltek. R\u00edmeimnek a cseng\u00e9se,F\u00fcleteknek lesz majd, zene.Dallama van mindegyiknek,Tal\u00e1n az\u00e9rt szeretitek. Aki azokat elmondja,Szavalja, vagy felolvassa,Mondatait hangs\u00falyozza,\u00c9rthet\u0151bb\u00e9 \u00fagy form\u00e1zza. \u00cdgy adja meg a dallam\u00e1t,A nyelv\u00fcnknek muzsik\u00e1j\u00e1t.Kotta n\u00e9lk\u00fcl is hallhat\u00f3,\u00c9lvezetes &#8230; <a title=\"NEKTEK \u00cdROM VERSEIMET\" class=\"read-more\" href=\"https:\/\/bozsogiattila.hu\/?p=1121\" aria-label=\"Tov\u00e1bbiak NEKTEK \u00cdROM VERSEIMET\">Olvass tov\u00e1bb<\/a><\/p>\n","protected":false},"author":3,"featured_media":0,"comment_status":"closed","ping_status":"open","sticky":false,"template":"","format":"standard","meta":{"footnotes":""},"categories":[4],"tags":[313,12],"class_list":["post-1121","post","type-post","status-publish","format-standard","hentry","category-versek","tag-313","tag-mako"],"yoast_head":"<!-- This site is optimized with the Yoast SEO plugin v21.8 - https:\/\/yoast.com\/wordpress\/plugins\/seo\/ -->\n<title>NEKTEK \u00cdROM VERSEIMET - Bozsogi Attila<\/title>\n<meta name=\"robots\" content=\"index, follow, max-snippet:-1, max-image-preview:large, max-video-preview:-1\" \/>\n<link rel=\"canonical\" href=\"https:\/\/bozsogiattila.hu\/?p=1121\" \/>\n<meta property=\"og:locale\" content=\"hu_HU\" \/>\n<meta property=\"og:type\" content=\"article\" \/>\n<meta property=\"og:title\" content=\"NEKTEK \u00cdROM VERSEIMET - Bozsogi Attila\" \/>\n<meta property=\"og:description\" content=\"NEKTEK \u00cdROM VERSEIMET Nektek \u00edrom verseimet,Gondolatot, eszm\u00e9t, hitet.Sz\u00e9pszavaknak sokas\u00e1g\u00e1t,Azok \u00f6sszefoglal\u00e1s\u00e1t. Ti vagytok, kik olvass\u00e1tok,Soraimon gondolkoztok.Azonosultok \u00edgy vele,\u00d6sszetartozunk egys\u00e9gbe\u2019. Szavaimat \u00f6sszerakom,Hozz\u00e1tok azt eljuttatom.T\u00f6rt\u00e9netek \u00edgy sz\u00fcletnek,Benn\u00fck velem egy\u00fctt \u00e9ltek. R\u00edmeimnek a cseng\u00e9se,F\u00fcleteknek lesz majd, zene.Dallama van mindegyiknek,Tal\u00e1n az\u00e9rt szeretitek. Aki azokat elmondja,Szavalja, vagy felolvassa,Mondatait hangs\u00falyozza,\u00c9rthet\u0151bb\u00e9 \u00fagy form\u00e1zza. \u00cdgy adja meg a dallam\u00e1t,A nyelv\u00fcnknek muzsik\u00e1j\u00e1t.Kotta n\u00e9lk\u00fcl is hallhat\u00f3,\u00c9lvezetes ... Olvass tov\u00e1bb\" \/>\n<meta property=\"og:url\" content=\"https:\/\/bozsogiattila.hu\/?p=1121\" \/>\n<meta property=\"og:site_name\" content=\"Bozsogi Attila\" \/>\n<meta property=\"article:published_time\" content=\"2017-02-02T19:07:00+00:00\" \/>\n<meta property=\"article:modified_time\" content=\"2024-01-09T19:08:43+00:00\" \/>\n<meta name=\"author\" content=\"Bozsogi Attila\" \/>\n<meta name=\"twitter:card\" content=\"summary_large_image\" \/>\n<meta name=\"twitter:label1\" content=\"Szerz\u0151:\" \/>\n\t<meta name=\"twitter:data1\" content=\"Bozsogi Attila\" \/>\n\t<meta name=\"twitter:label2\" content=\"Becs\u00fclt olvas\u00e1si id\u0151\" \/>\n\t<meta name=\"twitter:data2\" content=\"2 perc\" \/>\n<script type=\"application\/ld+json\" class=\"yoast-schema-graph\">{\"@context\":\"https:\/\/schema.org\",\"@graph\":[{\"@type\":\"WebPage\",\"@id\":\"https:\/\/bozsogiattila.hu\/?p=1121\",\"url\":\"https:\/\/bozsogiattila.hu\/?p=1121\",\"name\":\"NEKTEK \u00cdROM VERSEIMET - Bozsogi Attila\",\"isPartOf\":{\"@id\":\"https:\/\/bozsogiattila.hu\/#website\"},\"datePublished\":\"2017-02-02T19:07:00+00:00\",\"dateModified\":\"2024-01-09T19:08:43+00:00\",\"author\":{\"@id\":\"https:\/\/bozsogiattila.hu\/#\/schema\/person\/488c99f554a8c4039201260dd5eb795e\"},\"breadcrumb\":{\"@id\":\"https:\/\/bozsogiattila.hu\/?p=1121#breadcrumb\"},\"inLanguage\":\"hu\",\"potentialAction\":[{\"@type\":\"ReadAction\",\"target\":[\"https:\/\/bozsogiattila.hu\/?p=1121\"]}]},{\"@type\":\"BreadcrumbList\",\"@id\":\"https:\/\/bozsogiattila.hu\/?p=1121#breadcrumb\",\"itemListElement\":[{\"@type\":\"ListItem\",\"position\":1,\"name\":\"Kezd\u0151lap\",\"item\":\"https:\/\/bozsogiattila.hu\/\"},{\"@type\":\"ListItem\",\"position\":2,\"name\":\"NEKTEK \u00cdROM VERSEIMET\"}]},{\"@type\":\"WebSite\",\"@id\":\"https:\/\/bozsogiattila.hu\/#website\",\"url\":\"https:\/\/bozsogiattila.hu\/\",\"name\":\"Bozsogi Attila\",\"description\":\"a zen\u00e9sz, \u00edr\u00f3 munk\u00e1ss\u00e1g\u00e1nak \u00e9s a mak\u00f3i muzsikusok eml\u00e9k\u00e9t \u0151rz\u0151 oldal\",\"potentialAction\":[{\"@type\":\"SearchAction\",\"target\":{\"@type\":\"EntryPoint\",\"urlTemplate\":\"https:\/\/bozsogiattila.hu\/?s={search_term_string}\"},\"query-input\":\"required name=search_term_string\"}],\"inLanguage\":\"hu\"},{\"@type\":\"Person\",\"@id\":\"https:\/\/bozsogiattila.hu\/#\/schema\/person\/488c99f554a8c4039201260dd5eb795e\",\"name\":\"Bozsogi Attila\",\"image\":{\"@type\":\"ImageObject\",\"inLanguage\":\"hu\",\"@id\":\"https:\/\/bozsogiattila.hu\/#\/schema\/person\/image\/\",\"url\":\"https:\/\/secure.gravatar.com\/avatar\/7da6b5985e34ed798d1670c54ce7d20e6a53b800bb0c07945c64b09392f3dbfd?s=96&d=mm&r=g\",\"contentUrl\":\"https:\/\/secure.gravatar.com\/avatar\/7da6b5985e34ed798d1670c54ce7d20e6a53b800bb0c07945c64b09392f3dbfd?s=96&d=mm&r=g\",\"caption\":\"Bozsogi Attila\"},\"sameAs\":[\"http:\/\/www.boszogiattila.hu\"],\"url\":\"https:\/\/bozsogiattila.hu\/?author=3\"}]}<\/script>\n<!-- \/ Yoast SEO plugin. -->","yoast_head_json":{"title":"NEKTEK \u00cdROM VERSEIMET - Bozsogi Attila","robots":{"index":"index","follow":"follow","max-snippet":"max-snippet:-1","max-image-preview":"max-image-preview:large","max-video-preview":"max-video-preview:-1"},"canonical":"https:\/\/bozsogiattila.hu\/?p=1121","og_locale":"hu_HU","og_type":"article","og_title":"NEKTEK \u00cdROM VERSEIMET - Bozsogi Attila","og_description":"NEKTEK \u00cdROM VERSEIMET Nektek \u00edrom verseimet,Gondolatot, eszm\u00e9t, hitet.Sz\u00e9pszavaknak sokas\u00e1g\u00e1t,Azok \u00f6sszefoglal\u00e1s\u00e1t. Ti vagytok, kik olvass\u00e1tok,Soraimon gondolkoztok.Azonosultok \u00edgy vele,\u00d6sszetartozunk egys\u00e9gbe\u2019. Szavaimat \u00f6sszerakom,Hozz\u00e1tok azt eljuttatom.T\u00f6rt\u00e9netek \u00edgy sz\u00fcletnek,Benn\u00fck velem egy\u00fctt \u00e9ltek. R\u00edmeimnek a cseng\u00e9se,F\u00fcleteknek lesz majd, zene.Dallama van mindegyiknek,Tal\u00e1n az\u00e9rt szeretitek. Aki azokat elmondja,Szavalja, vagy felolvassa,Mondatait hangs\u00falyozza,\u00c9rthet\u0151bb\u00e9 \u00fagy form\u00e1zza. \u00cdgy adja meg a dallam\u00e1t,A nyelv\u00fcnknek muzsik\u00e1j\u00e1t.Kotta n\u00e9lk\u00fcl is hallhat\u00f3,\u00c9lvezetes ... Olvass tov\u00e1bb","og_url":"https:\/\/bozsogiattila.hu\/?p=1121","og_site_name":"Bozsogi Attila","article_published_time":"2017-02-02T19:07:00+00:00","article_modified_time":"2024-01-09T19:08:43+00:00","author":"Bozsogi Attila","twitter_card":"summary_large_image","twitter_misc":{"Szerz\u0151:":"Bozsogi Attila","Becs\u00fclt olvas\u00e1si id\u0151":"2 perc"},"schema":{"@context":"https:\/\/schema.org","@graph":[{"@type":"WebPage","@id":"https:\/\/bozsogiattila.hu\/?p=1121","url":"https:\/\/bozsogiattila.hu\/?p=1121","name":"NEKTEK \u00cdROM VERSEIMET - Bozsogi Attila","isPartOf":{"@id":"https:\/\/bozsogiattila.hu\/#website"},"datePublished":"2017-02-02T19:07:00+00:00","dateModified":"2024-01-09T19:08:43+00:00","author":{"@id":"https:\/\/bozsogiattila.hu\/#\/schema\/person\/488c99f554a8c4039201260dd5eb795e"},"breadcrumb":{"@id":"https:\/\/bozsogiattila.hu\/?p=1121#breadcrumb"},"inLanguage":"hu","potentialAction":[{"@type":"ReadAction","target":["https:\/\/bozsogiattila.hu\/?p=1121"]}]},{"@type":"BreadcrumbList","@id":"https:\/\/bozsogiattila.hu\/?p=1121#breadcrumb","itemListElement":[{"@type":"ListItem","position":1,"name":"Kezd\u0151lap","item":"https:\/\/bozsogiattila.hu\/"},{"@type":"ListItem","position":2,"name":"NEKTEK \u00cdROM VERSEIMET"}]},{"@type":"WebSite","@id":"https:\/\/bozsogiattila.hu\/#website","url":"https:\/\/bozsogiattila.hu\/","name":"Bozsogi Attila","description":"a zen\u00e9sz, \u00edr\u00f3 munk\u00e1ss\u00e1g\u00e1nak \u00e9s a mak\u00f3i muzsikusok eml\u00e9k\u00e9t \u0151rz\u0151 oldal","potentialAction":[{"@type":"SearchAction","target":{"@type":"EntryPoint","urlTemplate":"https:\/\/bozsogiattila.hu\/?s={search_term_string}"},"query-input":"required name=search_term_string"}],"inLanguage":"hu"},{"@type":"Person","@id":"https:\/\/bozsogiattila.hu\/#\/schema\/person\/488c99f554a8c4039201260dd5eb795e","name":"Bozsogi Attila","image":{"@type":"ImageObject","inLanguage":"hu","@id":"https:\/\/bozsogiattila.hu\/#\/schema\/person\/image\/","url":"https:\/\/secure.gravatar.com\/avatar\/7da6b5985e34ed798d1670c54ce7d20e6a53b800bb0c07945c64b09392f3dbfd?s=96&d=mm&r=g","contentUrl":"https:\/\/secure.gravatar.com\/avatar\/7da6b5985e34ed798d1670c54ce7d20e6a53b800bb0c07945c64b09392f3dbfd?s=96&d=mm&r=g","caption":"Bozsogi Attila"},"sameAs":["http:\/\/www.boszogiattila.hu"],"url":"https:\/\/bozsogiattila.hu\/?author=3"}]}},"jetpack_featured_media_url":"","_links":{"self":[{"href":"https:\/\/bozsogiattila.hu\/index.php?rest_route=\/wp\/v2\/posts\/1121","targetHints":{"allow":["GET"]}}],"collection":[{"href":"https:\/\/bozsogiattila.hu\/index.php?rest_route=\/wp\/v2\/posts"}],"about":[{"href":"https:\/\/bozsogiattila.hu\/index.php?rest_route=\/wp\/v2\/types\/post"}],"author":[{"embeddable":true,"href":"https:\/\/bozsogiattila.hu\/index.php?rest_route=\/wp\/v2\/users\/3"}],"replies":[{"embeddable":true,"href":"https:\/\/bozsogiattila.hu\/index.php?rest_route=%2Fwp%2Fv2%2Fcomments&post=1121"}],"version-history":[{"count":1,"href":"https:\/\/bozsogiattila.hu\/index.php?rest_route=\/wp\/v2\/posts\/1121\/revisions"}],"predecessor-version":[{"id":1122,"href":"https:\/\/bozsogiattila.hu\/index.php?rest_route=\/wp\/v2\/posts\/1121\/revisions\/1122"}],"wp:attachment":[{"href":"https:\/\/bozsogiattila.hu\/index.php?rest_route=%2Fwp%2Fv2%2Fmedia&parent=1121"}],"wp:term":[{"taxonomy":"category","embeddable":true,"href":"https:\/\/bozsogiattila.hu\/index.php?rest_route=%2Fwp%2Fv2%2Fcategories&post=1121"},{"taxonomy":"post_tag","embeddable":true,"href":"https:\/\/bozsogiattila.hu\/index.php?rest_route=%2Fwp%2Fv2%2Ftags&post=1121"}],"curies":[{"name":"wp","href":"https:\/\/api.w.org\/{rel}","templated":true}]}}