{"id":1123,"date":"2016-03-27T19:08:00","date_gmt":"2016-03-27T19:08:00","guid":{"rendered":"https:\/\/bozsogiattila.hu\/?p=1123"},"modified":"2024-01-09T19:09:38","modified_gmt":"2024-01-09T19:09:38","slug":"nonap","status":"publish","type":"post","link":"https:\/\/bozsogiattila.hu\/?p=1123","title":{"rendered":"N\u0150NAP!"},"content":{"rendered":"\n<p class=\"wp-block-paragraph\">N\u0150NAP!<\/p>\n\n\n\n<p class=\"wp-block-paragraph\">\u00dcnnepel a vil\u00e1g n\u00e9pe,<br>Gyeng\u00e9bb nemre eml\u00e9kezve.<br>L\u00e1nyok, any\u00e1k, \u00e9s nagymam\u00e1k,<br>Nektek mondunk, most Hozsann\u00e1t.<\/p>\n\n\n\n<p class=\"wp-block-paragraph\">Mi\u00f3ta a vil\u00e1g, vil\u00e1g,<br>N\u00e9lk\u00fcletek nincs boldogs\u00e1g.<br>Ez\u00e9rt minden \u00e9vben \u00fajra,<br>Eml\u00e9kez\u00fcnk, fejet hajtva.<\/p>\n\n\n\n<p class=\"wp-block-paragraph\">Fejet hajtunk el\u0151ttetek,<br>Nevelitek gyermek\u00fcnket.<br>Gondjainkat viselitek,<br>Nem ismertek lehetetlent.<\/p>\n\n\n\n<p class=\"wp-block-paragraph\">A csal\u00e1dot \u00f6sszetartva,<br>Boldogs\u00e1got var\u00e1zsolva,<br>Szebb napokat teremtetek,<br>\u00c1ldjon Isten benneteket.<\/p>\n\n\n\n<p class=\"wp-block-paragraph\">A m\u00falt, jelen, \u00e9s a j\u00f6v\u0151,<br>R\u00f3latok sz\u00f3l, sok sz\u00e9p id\u0151.<br>Gyenge n\u0151kben er\u0151s l\u00e9lek,<br>Sz\u00edvetekben h\u0171 \u00e9rzelmek.<\/p>\n\n\n\n<p class=\"wp-block-paragraph\">H\u0171 \u00e9rzelmek, nemes tettek,<br>Elnyom\u00e1sb\u00f3l kiemeltek.<br>Asszonyi \u00e1llat volt r\u00e9gen,<br>Nevetek becstelens\u00e9gben.<\/p>\n\n\n\n<p class=\"wp-block-paragraph\">Kiv\u00edvt\u00e1tok a jogokat,<br>Feledtetve rabs\u00e1gokat.<br>Egyenjog\u00fas\u00e1g v\u00edvm\u00e1nya,<br>Lett a n\u0151knek er\u0151s v\u00e1ra.<\/p>\n\n\n\n<p class=\"wp-block-paragraph\">Ott vagytok a vezet\u00e9sben,<br>F\u00e9rfiakkal egyetemben.<br>Gondoskod\u00f3 gondolatok,<br>Jelentnek \u00faj ir\u00e1nyzatot.<\/p>\n\n\n\n<p class=\"wp-block-paragraph\">Csal\u00e1d, munka, \u00e9s szeretet,<br>V\u00e1llatokra nehezedett.<br>F\u00e1radts\u00e1got nem ismertek,<br>Megbecs\u00fcl\u00e9s kij\u00e1r nektek.<\/p>\n\n\n\n<p class=\"wp-block-paragraph\">Csup\u00e1n egy nap ez az \u00fcnnep,<br>Mikor k\u00f6sz\u00f6nt\u00fcnk titeket.<br>Egy napba van bes\u0171r\u00edtve,<br>A vil\u00e1gnak nemes tette.<\/p>\n\n\n\n<p class=\"wp-block-paragraph\">Neh\u00e9z lenne felsorolni,<br>Mi az \u00e9rdemet jelenti.<br>Hogy a n\u0151knek jelenl\u00e9te,<br>Hogyan hat a k\u00f6rnyezetre.<\/p>\n\n\n\n<p class=\"wp-block-paragraph\">Egerv\u00e1rnak v\u00e9delm\u00e9ben,<br>Harcoltatok vit\u00e9zs\u00e9gben.<br>H\u0151si hal\u00e1lt haltak sokan,<br>Az anyai \u00e1ldozatban.<\/p>\n\n\n\n<p class=\"wp-block-paragraph\">Dob\u00f3 Katic\u00e1nak neve,<br>Lett a n\u0151knek p\u00e9ldak\u00e9pe.<br>H\u0151s volt, nagy h\u0151s, mint ahogy ti,<br>A minden nap eszm\u00e9nyei.<\/p>\n\n\n\n<p class=\"wp-block-paragraph\">Vil\u00e1gh\u00e1bor\u00fak idej\u00e9n,<br>Ott voltatok \u00e1pol\u00f3k\u00e9nt.<br>Nem is sejtj\u00fck milyen sokan,<br>Ott maradtak a csat\u00e1kban.<\/p>\n\n\n\n<p class=\"wp-block-paragraph\">\u00daj csillag lett ez az \u00fcnnep,<br>T\u00fcnd\u00f6k\u00f6l a magas \u00e9gen.<br>Letekint a magass\u00e1gb\u00f3l,<br>Tisztelettel, al\u00e1zatb\u00f3l.<\/p>\n\n\n\n<p class=\"wp-block-paragraph\">Sz\u00edvdobogva ny\u00fajtjuk most \u00e1t,<br>A h\u00f6lgyeknek aj\u00e1nd\u00e9k\u00e1t.<br>Egy sz\u00e1l vir\u00e1g, elismer\u00e9s,<br>Szeretetteljes k\u00f6sz\u00f6nt\u00e9s.<\/p>\n\n\n\n<p class=\"wp-block-paragraph\">Mak\u00f3, 2016-03-27<\/p>\n","protected":false},"excerpt":{"rendered":"<p>N\u0150NAP! \u00dcnnepel a vil\u00e1g n\u00e9pe,Gyeng\u00e9bb nemre eml\u00e9kezve.L\u00e1nyok, any\u00e1k, \u00e9s nagymam\u00e1k,Nektek mondunk, most Hozsann\u00e1t. Mi\u00f3ta a vil\u00e1g, vil\u00e1g,N\u00e9lk\u00fcletek nincs boldogs\u00e1g.Ez\u00e9rt minden \u00e9vben \u00fajra,Eml\u00e9kez\u00fcnk, fejet hajtva. Fejet hajtunk el\u0151ttetek,Nevelitek gyermek\u00fcnket.Gondjainkat viselitek,Nem ismertek lehetetlent. A csal\u00e1dot \u00f6sszetartva,Boldogs\u00e1got var\u00e1zsolva,Szebb napokat teremtetek,\u00c1ldjon Isten benneteket. A m\u00falt, jelen, \u00e9s a j\u00f6v\u0151,R\u00f3latok sz\u00f3l, sok sz\u00e9p id\u0151.Gyenge n\u0151kben er\u0151s l\u00e9lek,Sz\u00edvetekben h\u0171 \u00e9rzelmek. H\u0171 &#8230; <a title=\"N\u0150NAP!\" class=\"read-more\" href=\"https:\/\/bozsogiattila.hu\/?p=1123\" aria-label=\"Tov\u00e1bbiak N\u0150NAP!\">Olvass tov\u00e1bb<\/a><\/p>\n","protected":false},"author":3,"featured_media":0,"comment_status":"closed","ping_status":"open","sticky":false,"template":"","format":"standard","meta":{"footnotes":""},"categories":[4],"tags":[319,12],"class_list":["post-1123","post","type-post","status-publish","format-standard","hentry","category-versek","tag-319","tag-mako"],"yoast_head":"<!-- This site is optimized with the Yoast SEO plugin v21.8 - https:\/\/yoast.com\/wordpress\/plugins\/seo\/ -->\n<title>N\u0150NAP! - Bozsogi Attila<\/title>\n<meta name=\"robots\" content=\"index, follow, max-snippet:-1, max-image-preview:large, max-video-preview:-1\" \/>\n<link rel=\"canonical\" href=\"https:\/\/bozsogiattila.hu\/?p=1123\" \/>\n<meta property=\"og:locale\" content=\"hu_HU\" \/>\n<meta property=\"og:type\" content=\"article\" \/>\n<meta property=\"og:title\" content=\"N\u0150NAP! - Bozsogi Attila\" \/>\n<meta property=\"og:description\" content=\"N\u0150NAP! \u00dcnnepel a vil\u00e1g n\u00e9pe,Gyeng\u00e9bb nemre eml\u00e9kezve.L\u00e1nyok, any\u00e1k, \u00e9s nagymam\u00e1k,Nektek mondunk, most Hozsann\u00e1t. Mi\u00f3ta a vil\u00e1g, vil\u00e1g,N\u00e9lk\u00fcletek nincs boldogs\u00e1g.Ez\u00e9rt minden \u00e9vben \u00fajra,Eml\u00e9kez\u00fcnk, fejet hajtva. Fejet hajtunk el\u0151ttetek,Nevelitek gyermek\u00fcnket.Gondjainkat viselitek,Nem ismertek lehetetlent. A csal\u00e1dot \u00f6sszetartva,Boldogs\u00e1got var\u00e1zsolva,Szebb napokat teremtetek,\u00c1ldjon Isten benneteket. A m\u00falt, jelen, \u00e9s a j\u00f6v\u0151,R\u00f3latok sz\u00f3l, sok sz\u00e9p id\u0151.Gyenge n\u0151kben er\u0151s l\u00e9lek,Sz\u00edvetekben h\u0171 \u00e9rzelmek. H\u0171 ... Olvass tov\u00e1bb\" \/>\n<meta property=\"og:url\" content=\"https:\/\/bozsogiattila.hu\/?p=1123\" \/>\n<meta property=\"og:site_name\" content=\"Bozsogi Attila\" \/>\n<meta property=\"article:published_time\" content=\"2016-03-27T19:08:00+00:00\" \/>\n<meta property=\"article:modified_time\" content=\"2024-01-09T19:09:38+00:00\" \/>\n<meta name=\"author\" content=\"Bozsogi Attila\" \/>\n<meta name=\"twitter:card\" content=\"summary_large_image\" \/>\n<meta name=\"twitter:label1\" content=\"Szerz\u0151:\" \/>\n\t<meta name=\"twitter:data1\" content=\"Bozsogi Attila\" \/>\n\t<meta name=\"twitter:label2\" content=\"Becs\u00fclt olvas\u00e1si id\u0151\" \/>\n\t<meta name=\"twitter:data2\" content=\"2 perc\" \/>\n<script type=\"application\/ld+json\" class=\"yoast-schema-graph\">{\"@context\":\"https:\/\/schema.org\",\"@graph\":[{\"@type\":\"WebPage\",\"@id\":\"https:\/\/bozsogiattila.hu\/?p=1123\",\"url\":\"https:\/\/bozsogiattila.hu\/?p=1123\",\"name\":\"N\u0150NAP! - Bozsogi Attila\",\"isPartOf\":{\"@id\":\"https:\/\/bozsogiattila.hu\/#website\"},\"datePublished\":\"2016-03-27T19:08:00+00:00\",\"dateModified\":\"2024-01-09T19:09:38+00:00\",\"author\":{\"@id\":\"https:\/\/bozsogiattila.hu\/#\/schema\/person\/488c99f554a8c4039201260dd5eb795e\"},\"breadcrumb\":{\"@id\":\"https:\/\/bozsogiattila.hu\/?p=1123#breadcrumb\"},\"inLanguage\":\"hu\",\"potentialAction\":[{\"@type\":\"ReadAction\",\"target\":[\"https:\/\/bozsogiattila.hu\/?p=1123\"]}]},{\"@type\":\"BreadcrumbList\",\"@id\":\"https:\/\/bozsogiattila.hu\/?p=1123#breadcrumb\",\"itemListElement\":[{\"@type\":\"ListItem\",\"position\":1,\"name\":\"Kezd\u0151lap\",\"item\":\"https:\/\/bozsogiattila.hu\/\"},{\"@type\":\"ListItem\",\"position\":2,\"name\":\"N\u0150NAP!\"}]},{\"@type\":\"WebSite\",\"@id\":\"https:\/\/bozsogiattila.hu\/#website\",\"url\":\"https:\/\/bozsogiattila.hu\/\",\"name\":\"Bozsogi Attila\",\"description\":\"a zen\u00e9sz, \u00edr\u00f3 munk\u00e1ss\u00e1g\u00e1nak \u00e9s a mak\u00f3i muzsikusok eml\u00e9k\u00e9t \u0151rz\u0151 oldal\",\"potentialAction\":[{\"@type\":\"SearchAction\",\"target\":{\"@type\":\"EntryPoint\",\"urlTemplate\":\"https:\/\/bozsogiattila.hu\/?s={search_term_string}\"},\"query-input\":\"required name=search_term_string\"}],\"inLanguage\":\"hu\"},{\"@type\":\"Person\",\"@id\":\"https:\/\/bozsogiattila.hu\/#\/schema\/person\/488c99f554a8c4039201260dd5eb795e\",\"name\":\"Bozsogi Attila\",\"image\":{\"@type\":\"ImageObject\",\"inLanguage\":\"hu\",\"@id\":\"https:\/\/bozsogiattila.hu\/#\/schema\/person\/image\/\",\"url\":\"https:\/\/secure.gravatar.com\/avatar\/7da6b5985e34ed798d1670c54ce7d20e6a53b800bb0c07945c64b09392f3dbfd?s=96&d=mm&r=g\",\"contentUrl\":\"https:\/\/secure.gravatar.com\/avatar\/7da6b5985e34ed798d1670c54ce7d20e6a53b800bb0c07945c64b09392f3dbfd?s=96&d=mm&r=g\",\"caption\":\"Bozsogi Attila\"},\"sameAs\":[\"http:\/\/www.boszogiattila.hu\"],\"url\":\"https:\/\/bozsogiattila.hu\/?author=3\"}]}<\/script>\n<!-- \/ Yoast SEO plugin. -->","yoast_head_json":{"title":"N\u0150NAP! - Bozsogi Attila","robots":{"index":"index","follow":"follow","max-snippet":"max-snippet:-1","max-image-preview":"max-image-preview:large","max-video-preview":"max-video-preview:-1"},"canonical":"https:\/\/bozsogiattila.hu\/?p=1123","og_locale":"hu_HU","og_type":"article","og_title":"N\u0150NAP! - Bozsogi Attila","og_description":"N\u0150NAP! \u00dcnnepel a vil\u00e1g n\u00e9pe,Gyeng\u00e9bb nemre eml\u00e9kezve.L\u00e1nyok, any\u00e1k, \u00e9s nagymam\u00e1k,Nektek mondunk, most Hozsann\u00e1t. Mi\u00f3ta a vil\u00e1g, vil\u00e1g,N\u00e9lk\u00fcletek nincs boldogs\u00e1g.Ez\u00e9rt minden \u00e9vben \u00fajra,Eml\u00e9kez\u00fcnk, fejet hajtva. Fejet hajtunk el\u0151ttetek,Nevelitek gyermek\u00fcnket.Gondjainkat viselitek,Nem ismertek lehetetlent. A csal\u00e1dot \u00f6sszetartva,Boldogs\u00e1got var\u00e1zsolva,Szebb napokat teremtetek,\u00c1ldjon Isten benneteket. A m\u00falt, jelen, \u00e9s a j\u00f6v\u0151,R\u00f3latok sz\u00f3l, sok sz\u00e9p id\u0151.Gyenge n\u0151kben er\u0151s l\u00e9lek,Sz\u00edvetekben h\u0171 \u00e9rzelmek. H\u0171 ... Olvass tov\u00e1bb","og_url":"https:\/\/bozsogiattila.hu\/?p=1123","og_site_name":"Bozsogi Attila","article_published_time":"2016-03-27T19:08:00+00:00","article_modified_time":"2024-01-09T19:09:38+00:00","author":"Bozsogi Attila","twitter_card":"summary_large_image","twitter_misc":{"Szerz\u0151:":"Bozsogi Attila","Becs\u00fclt olvas\u00e1si id\u0151":"2 perc"},"schema":{"@context":"https:\/\/schema.org","@graph":[{"@type":"WebPage","@id":"https:\/\/bozsogiattila.hu\/?p=1123","url":"https:\/\/bozsogiattila.hu\/?p=1123","name":"N\u0150NAP! - Bozsogi Attila","isPartOf":{"@id":"https:\/\/bozsogiattila.hu\/#website"},"datePublished":"2016-03-27T19:08:00+00:00","dateModified":"2024-01-09T19:09:38+00:00","author":{"@id":"https:\/\/bozsogiattila.hu\/#\/schema\/person\/488c99f554a8c4039201260dd5eb795e"},"breadcrumb":{"@id":"https:\/\/bozsogiattila.hu\/?p=1123#breadcrumb"},"inLanguage":"hu","potentialAction":[{"@type":"ReadAction","target":["https:\/\/bozsogiattila.hu\/?p=1123"]}]},{"@type":"BreadcrumbList","@id":"https:\/\/bozsogiattila.hu\/?p=1123#breadcrumb","itemListElement":[{"@type":"ListItem","position":1,"name":"Kezd\u0151lap","item":"https:\/\/bozsogiattila.hu\/"},{"@type":"ListItem","position":2,"name":"N\u0150NAP!"}]},{"@type":"WebSite","@id":"https:\/\/bozsogiattila.hu\/#website","url":"https:\/\/bozsogiattila.hu\/","name":"Bozsogi Attila","description":"a zen\u00e9sz, \u00edr\u00f3 munk\u00e1ss\u00e1g\u00e1nak \u00e9s a mak\u00f3i muzsikusok eml\u00e9k\u00e9t \u0151rz\u0151 oldal","potentialAction":[{"@type":"SearchAction","target":{"@type":"EntryPoint","urlTemplate":"https:\/\/bozsogiattila.hu\/?s={search_term_string}"},"query-input":"required name=search_term_string"}],"inLanguage":"hu"},{"@type":"Person","@id":"https:\/\/bozsogiattila.hu\/#\/schema\/person\/488c99f554a8c4039201260dd5eb795e","name":"Bozsogi Attila","image":{"@type":"ImageObject","inLanguage":"hu","@id":"https:\/\/bozsogiattila.hu\/#\/schema\/person\/image\/","url":"https:\/\/secure.gravatar.com\/avatar\/7da6b5985e34ed798d1670c54ce7d20e6a53b800bb0c07945c64b09392f3dbfd?s=96&d=mm&r=g","contentUrl":"https:\/\/secure.gravatar.com\/avatar\/7da6b5985e34ed798d1670c54ce7d20e6a53b800bb0c07945c64b09392f3dbfd?s=96&d=mm&r=g","caption":"Bozsogi Attila"},"sameAs":["http:\/\/www.boszogiattila.hu"],"url":"https:\/\/bozsogiattila.hu\/?author=3"}]}},"jetpack_featured_media_url":"","_links":{"self":[{"href":"https:\/\/bozsogiattila.hu\/index.php?rest_route=\/wp\/v2\/posts\/1123","targetHints":{"allow":["GET"]}}],"collection":[{"href":"https:\/\/bozsogiattila.hu\/index.php?rest_route=\/wp\/v2\/posts"}],"about":[{"href":"https:\/\/bozsogiattila.hu\/index.php?rest_route=\/wp\/v2\/types\/post"}],"author":[{"embeddable":true,"href":"https:\/\/bozsogiattila.hu\/index.php?rest_route=\/wp\/v2\/users\/3"}],"replies":[{"embeddable":true,"href":"https:\/\/bozsogiattila.hu\/index.php?rest_route=%2Fwp%2Fv2%2Fcomments&post=1123"}],"version-history":[{"count":1,"href":"https:\/\/bozsogiattila.hu\/index.php?rest_route=\/wp\/v2\/posts\/1123\/revisions"}],"predecessor-version":[{"id":1124,"href":"https:\/\/bozsogiattila.hu\/index.php?rest_route=\/wp\/v2\/posts\/1123\/revisions\/1124"}],"wp:attachment":[{"href":"https:\/\/bozsogiattila.hu\/index.php?rest_route=%2Fwp%2Fv2%2Fmedia&parent=1123"}],"wp:term":[{"taxonomy":"category","embeddable":true,"href":"https:\/\/bozsogiattila.hu\/index.php?rest_route=%2Fwp%2Fv2%2Fcategories&post=1123"},{"taxonomy":"post_tag","embeddable":true,"href":"https:\/\/bozsogiattila.hu\/index.php?rest_route=%2Fwp%2Fv2%2Ftags&post=1123"}],"curies":[{"name":"wp","href":"https:\/\/api.w.org\/{rel}","templated":true}]}}