{"id":1129,"date":"2016-08-11T19:12:00","date_gmt":"2016-08-11T19:12:00","guid":{"rendered":"https:\/\/bozsogiattila.hu\/?p=1129"},"modified":"2024-01-09T19:13:24","modified_gmt":"2024-01-09T19:13:24","slug":"pesszimista","status":"publish","type":"post","link":"https:\/\/bozsogiattila.hu\/?p=1129","title":{"rendered":"PESSZIMISTA"},"content":{"rendered":"\n<p class=\"wp-block-paragraph\">PESSZIMISTA<\/p>\n\n\n\n<p class=\"wp-block-paragraph\">Egy b\u00f6lcs bar\u00e1t gondolat\u00e1t,<br>Nekem szegezte \u00edr\u00e1s\u00e1t.<br>M\u0171veimet lapozgatva,<br>V\u00e9lem\u00e9ny\u00e9t \u00fagy form\u00e1lta.<\/p>\n\n\n\n<p class=\"wp-block-paragraph\">A vil\u00e1got m\u00e1sk\u00e9pp l\u00e1tom,<br>Fon\u00e1k oldalr\u00f3l b\u00edr\u00e1lom.<br>Mi a fon\u00e1k, &#8211; mi a sima,<br>Err\u0151l nem sz\u00f3lt b\u00edr\u00e1lata?<\/p>\n\n\n\n<p class=\"wp-block-paragraph\">Soraim k\u00f6zt barangolva,<br>Jutott el a megold\u00e1sra.<br>Optimista ember m\u00f3dra,<br>Pesszimizmust nekem adta.<\/p>\n\n\n\n<p class=\"wp-block-paragraph\">Der\u0171l\u00e1t\u00f3 hangulata,<br>Mag\u00e1r\u00f3l azt \u00e1ll\u00edtotta.<br>Nincs csak \u00f6r\u00f6m a vil\u00e1gon,<br>Bor\u00fal\u00e1t\u00f3n m\u00e1sk\u00e9pp l\u00e1tom.<\/p>\n\n\n\n<p class=\"wp-block-paragraph\">Szavaimat boncolgatva,<br>Seb\u00e9szk\u00e9s\u00e9t, belev\u00e1gta.<br>Belev\u00e1gta k\u00f6zep\u00e9be,<br>Gondolataim sz\u00edv\u00e9be.<\/p>\n\n\n\n<p class=\"wp-block-paragraph\">Csak \u00fagy szenved minden mondat,<br>Melyekben \u00e9l a gondolat.<br>Ha szemellenz\u0151s lehetn\u00e9k,<br>Tal\u00e1n mindent m\u00e1sk\u00e9pp l\u00e1tn\u00e9k.<\/p>\n\n\n\n<p class=\"wp-block-paragraph\">Fiatalkort, \u00f6regkorral,<br>Egy\u00e9 venn\u00e9m, b\u00edr\u00e1lattal.<br>Mily boldogan meg is tenn\u00e9m,<br>Ha azt l\u00e1tn\u00e1m, ifjan, hetyk\u00e9n?<\/p>\n\n\n\n<p class=\"wp-block-paragraph\">Pesszimist\u00e1n \u00f6reg lettem,<br>Optimist\u00e1n agyam meg nem.<br>Sz\u00edvem ifjontian dobog,<br>Lelkem ezen t\u00e1n h\u00e1borog.<\/p>\n\n\n\n<p class=\"wp-block-paragraph\">Mily egyszer\u0171 eld\u00f6nteni,<br>M\u00e1s sz\u00edv\u00e9be belel\u00e1tni.<br>\u00c9szrevenni, felfedezni,<br>Ki, mit, hogy l\u00e1t, &#8211; r\u00e1\u00e9bredni?<\/p>\n\n\n\n<p class=\"wp-block-paragraph\">Embereket, ha figyelem,<br>Megesik rajtuk a sz\u00edvem.<br>Mennyi igaztalan sors van,<br>Szeg\u00e9ny, gazdag, &#8211; k\u00e9t oldalban.<\/p>\n\n\n\n<p class=\"wp-block-paragraph\">Ha egy oldalon \u00e1lln\u00e1nak,<br>K\u00e1na\u00e1nban lakozn\u00e1nak.<br>\u00cdr\u00e1somban lelkendezn\u00e9k,<br>T\u00e1n Istenhez is eljutn\u00e9k.<\/p>\n\n\n\n<p class=\"wp-block-paragraph\">Nem hadakozn\u00e9k ellene,<br>Lelkemben is b\u00e9ke lenne.<br>Nem \u00e9hezn\u00e9nek gyermekek,<br>Boldogs\u00e1gban \u00e9lhetn\u00e9nek.<\/p>\n\n\n\n<p class=\"wp-block-paragraph\">Nem volna harc a vil\u00e1gon,<br>H\u0151si halott, pusztas\u00e1gon.<br>Nem j\u00f6nn\u00e9nek a migr\u00e1nsok,<br>Haz\u00e1jukb\u00f3l emigr\u00e1nsok.<\/p>\n\n\n\n<p class=\"wp-block-paragraph\">Optimist\u00e1n, hogy n\u00e9zzem ezt,<br>Mikor pesszimista (az) \u00e9let?<br>A sorsoknak mozgat\u00f3ja,<br>Hatalmi harcnak r\u00fag\u00f3ja.<\/p>\n\n\n\n<p class=\"wp-block-paragraph\">H\u00e1l\u00e1s vagyok, (a) b\u00f6lcs bar\u00e1tnak,<br>Pesszimista titulusnak.<br>Felnyitotta a szememet,<br>Hogy l\u00e1tnokk\u00e9nt, &#8211; mit figyeljek.<\/p>\n\n\n\n<p class=\"wp-block-paragraph\">Mily \u00f6r\u00f6mmel \u00e1lln\u00e9k mell\u00e9,<br>Ha az \u00e9let megengedn\u00e9.<br>A k\u00f6lt\u0151k szem\u00fcveg\u00e9vel,<br>(\u00cdgy), der\u0171t, bor\u00fat, k\u00fcl\u00f6n n\u00e9zem!<\/p>\n\n\n\n<p class=\"wp-block-paragraph\">Mak\u00f3, 2016-08-11<\/p>\n","protected":false},"excerpt":{"rendered":"<p>PESSZIMISTA Egy b\u00f6lcs bar\u00e1t gondolat\u00e1t,Nekem szegezte \u00edr\u00e1s\u00e1t.M\u0171veimet lapozgatva,V\u00e9lem\u00e9ny\u00e9t \u00fagy form\u00e1lta. A vil\u00e1got m\u00e1sk\u00e9pp l\u00e1tom,Fon\u00e1k oldalr\u00f3l b\u00edr\u00e1lom.Mi a fon\u00e1k, &#8211; mi a sima,Err\u0151l nem sz\u00f3lt b\u00edr\u00e1lata? Soraim k\u00f6zt barangolva,Jutott el a megold\u00e1sra.Optimista ember m\u00f3dra,Pesszimizmust nekem adta. Der\u0171l\u00e1t\u00f3 hangulata,Mag\u00e1r\u00f3l azt \u00e1ll\u00edtotta.Nincs csak \u00f6r\u00f6m a vil\u00e1gon,Bor\u00fal\u00e1t\u00f3n m\u00e1sk\u00e9pp l\u00e1tom. Szavaimat boncolgatva,Seb\u00e9szk\u00e9s\u00e9t, belev\u00e1gta.Belev\u00e1gta k\u00f6zep\u00e9be,Gondolataim sz\u00edv\u00e9be. Csak \u00fagy szenved minden mondat,Melyekben &#8230; <a title=\"PESSZIMISTA\" class=\"read-more\" href=\"https:\/\/bozsogiattila.hu\/?p=1129\" aria-label=\"Tov\u00e1bbiak PESSZIMISTA\">Olvass tov\u00e1bb<\/a><\/p>\n","protected":false},"author":3,"featured_media":0,"comment_status":"closed","ping_status":"open","sticky":false,"template":"","format":"standard","meta":{"footnotes":""},"categories":[4],"tags":[319,12],"class_list":["post-1129","post","type-post","status-publish","format-standard","hentry","category-versek","tag-319","tag-mako"],"yoast_head":"<!-- This site is optimized with the Yoast SEO plugin v21.8 - https:\/\/yoast.com\/wordpress\/plugins\/seo\/ -->\n<title>PESSZIMISTA - Bozsogi Attila<\/title>\n<meta name=\"robots\" content=\"index, follow, max-snippet:-1, max-image-preview:large, max-video-preview:-1\" \/>\n<link rel=\"canonical\" href=\"https:\/\/bozsogiattila.hu\/?p=1129\" \/>\n<meta property=\"og:locale\" content=\"hu_HU\" \/>\n<meta property=\"og:type\" content=\"article\" \/>\n<meta property=\"og:title\" content=\"PESSZIMISTA - Bozsogi Attila\" \/>\n<meta property=\"og:description\" content=\"PESSZIMISTA Egy b\u00f6lcs bar\u00e1t gondolat\u00e1t,Nekem szegezte \u00edr\u00e1s\u00e1t.M\u0171veimet lapozgatva,V\u00e9lem\u00e9ny\u00e9t \u00fagy form\u00e1lta. A vil\u00e1got m\u00e1sk\u00e9pp l\u00e1tom,Fon\u00e1k oldalr\u00f3l b\u00edr\u00e1lom.Mi a fon\u00e1k, &#8211; mi a sima,Err\u0151l nem sz\u00f3lt b\u00edr\u00e1lata? Soraim k\u00f6zt barangolva,Jutott el a megold\u00e1sra.Optimista ember m\u00f3dra,Pesszimizmust nekem adta. Der\u0171l\u00e1t\u00f3 hangulata,Mag\u00e1r\u00f3l azt \u00e1ll\u00edtotta.Nincs csak \u00f6r\u00f6m a vil\u00e1gon,Bor\u00fal\u00e1t\u00f3n m\u00e1sk\u00e9pp l\u00e1tom. Szavaimat boncolgatva,Seb\u00e9szk\u00e9s\u00e9t, belev\u00e1gta.Belev\u00e1gta k\u00f6zep\u00e9be,Gondolataim sz\u00edv\u00e9be. Csak \u00fagy szenved minden mondat,Melyekben ... Olvass tov\u00e1bb\" \/>\n<meta property=\"og:url\" content=\"https:\/\/bozsogiattila.hu\/?p=1129\" \/>\n<meta property=\"og:site_name\" content=\"Bozsogi Attila\" \/>\n<meta property=\"article:published_time\" content=\"2016-08-11T19:12:00+00:00\" \/>\n<meta property=\"article:modified_time\" content=\"2024-01-09T19:13:24+00:00\" \/>\n<meta name=\"author\" content=\"Bozsogi Attila\" \/>\n<meta name=\"twitter:card\" content=\"summary_large_image\" \/>\n<meta name=\"twitter:label1\" content=\"Szerz\u0151:\" \/>\n\t<meta name=\"twitter:data1\" content=\"Bozsogi Attila\" \/>\n\t<meta name=\"twitter:label2\" content=\"Becs\u00fclt olvas\u00e1si id\u0151\" \/>\n\t<meta name=\"twitter:data2\" content=\"2 perc\" \/>\n<script type=\"application\/ld+json\" class=\"yoast-schema-graph\">{\"@context\":\"https:\/\/schema.org\",\"@graph\":[{\"@type\":\"WebPage\",\"@id\":\"https:\/\/bozsogiattila.hu\/?p=1129\",\"url\":\"https:\/\/bozsogiattila.hu\/?p=1129\",\"name\":\"PESSZIMISTA - Bozsogi Attila\",\"isPartOf\":{\"@id\":\"https:\/\/bozsogiattila.hu\/#website\"},\"datePublished\":\"2016-08-11T19:12:00+00:00\",\"dateModified\":\"2024-01-09T19:13:24+00:00\",\"author\":{\"@id\":\"https:\/\/bozsogiattila.hu\/#\/schema\/person\/488c99f554a8c4039201260dd5eb795e\"},\"breadcrumb\":{\"@id\":\"https:\/\/bozsogiattila.hu\/?p=1129#breadcrumb\"},\"inLanguage\":\"hu\",\"potentialAction\":[{\"@type\":\"ReadAction\",\"target\":[\"https:\/\/bozsogiattila.hu\/?p=1129\"]}]},{\"@type\":\"BreadcrumbList\",\"@id\":\"https:\/\/bozsogiattila.hu\/?p=1129#breadcrumb\",\"itemListElement\":[{\"@type\":\"ListItem\",\"position\":1,\"name\":\"Kezd\u0151lap\",\"item\":\"https:\/\/bozsogiattila.hu\/\"},{\"@type\":\"ListItem\",\"position\":2,\"name\":\"PESSZIMISTA\"}]},{\"@type\":\"WebSite\",\"@id\":\"https:\/\/bozsogiattila.hu\/#website\",\"url\":\"https:\/\/bozsogiattila.hu\/\",\"name\":\"Bozsogi Attila\",\"description\":\"a zen\u00e9sz, \u00edr\u00f3 munk\u00e1ss\u00e1g\u00e1nak \u00e9s a mak\u00f3i muzsikusok eml\u00e9k\u00e9t \u0151rz\u0151 oldal\",\"potentialAction\":[{\"@type\":\"SearchAction\",\"target\":{\"@type\":\"EntryPoint\",\"urlTemplate\":\"https:\/\/bozsogiattila.hu\/?s={search_term_string}\"},\"query-input\":\"required name=search_term_string\"}],\"inLanguage\":\"hu\"},{\"@type\":\"Person\",\"@id\":\"https:\/\/bozsogiattila.hu\/#\/schema\/person\/488c99f554a8c4039201260dd5eb795e\",\"name\":\"Bozsogi Attila\",\"image\":{\"@type\":\"ImageObject\",\"inLanguage\":\"hu\",\"@id\":\"https:\/\/bozsogiattila.hu\/#\/schema\/person\/image\/\",\"url\":\"https:\/\/secure.gravatar.com\/avatar\/7da6b5985e34ed798d1670c54ce7d20e6a53b800bb0c07945c64b09392f3dbfd?s=96&d=mm&r=g\",\"contentUrl\":\"https:\/\/secure.gravatar.com\/avatar\/7da6b5985e34ed798d1670c54ce7d20e6a53b800bb0c07945c64b09392f3dbfd?s=96&d=mm&r=g\",\"caption\":\"Bozsogi Attila\"},\"sameAs\":[\"http:\/\/www.boszogiattila.hu\"],\"url\":\"https:\/\/bozsogiattila.hu\/?author=3\"}]}<\/script>\n<!-- \/ Yoast SEO plugin. -->","yoast_head_json":{"title":"PESSZIMISTA - Bozsogi Attila","robots":{"index":"index","follow":"follow","max-snippet":"max-snippet:-1","max-image-preview":"max-image-preview:large","max-video-preview":"max-video-preview:-1"},"canonical":"https:\/\/bozsogiattila.hu\/?p=1129","og_locale":"hu_HU","og_type":"article","og_title":"PESSZIMISTA - Bozsogi Attila","og_description":"PESSZIMISTA Egy b\u00f6lcs bar\u00e1t gondolat\u00e1t,Nekem szegezte \u00edr\u00e1s\u00e1t.M\u0171veimet lapozgatva,V\u00e9lem\u00e9ny\u00e9t \u00fagy form\u00e1lta. A vil\u00e1got m\u00e1sk\u00e9pp l\u00e1tom,Fon\u00e1k oldalr\u00f3l b\u00edr\u00e1lom.Mi a fon\u00e1k, &#8211; mi a sima,Err\u0151l nem sz\u00f3lt b\u00edr\u00e1lata? Soraim k\u00f6zt barangolva,Jutott el a megold\u00e1sra.Optimista ember m\u00f3dra,Pesszimizmust nekem adta. Der\u0171l\u00e1t\u00f3 hangulata,Mag\u00e1r\u00f3l azt \u00e1ll\u00edtotta.Nincs csak \u00f6r\u00f6m a vil\u00e1gon,Bor\u00fal\u00e1t\u00f3n m\u00e1sk\u00e9pp l\u00e1tom. Szavaimat boncolgatva,Seb\u00e9szk\u00e9s\u00e9t, belev\u00e1gta.Belev\u00e1gta k\u00f6zep\u00e9be,Gondolataim sz\u00edv\u00e9be. Csak \u00fagy szenved minden mondat,Melyekben ... Olvass tov\u00e1bb","og_url":"https:\/\/bozsogiattila.hu\/?p=1129","og_site_name":"Bozsogi Attila","article_published_time":"2016-08-11T19:12:00+00:00","article_modified_time":"2024-01-09T19:13:24+00:00","author":"Bozsogi Attila","twitter_card":"summary_large_image","twitter_misc":{"Szerz\u0151:":"Bozsogi Attila","Becs\u00fclt olvas\u00e1si id\u0151":"2 perc"},"schema":{"@context":"https:\/\/schema.org","@graph":[{"@type":"WebPage","@id":"https:\/\/bozsogiattila.hu\/?p=1129","url":"https:\/\/bozsogiattila.hu\/?p=1129","name":"PESSZIMISTA - Bozsogi Attila","isPartOf":{"@id":"https:\/\/bozsogiattila.hu\/#website"},"datePublished":"2016-08-11T19:12:00+00:00","dateModified":"2024-01-09T19:13:24+00:00","author":{"@id":"https:\/\/bozsogiattila.hu\/#\/schema\/person\/488c99f554a8c4039201260dd5eb795e"},"breadcrumb":{"@id":"https:\/\/bozsogiattila.hu\/?p=1129#breadcrumb"},"inLanguage":"hu","potentialAction":[{"@type":"ReadAction","target":["https:\/\/bozsogiattila.hu\/?p=1129"]}]},{"@type":"BreadcrumbList","@id":"https:\/\/bozsogiattila.hu\/?p=1129#breadcrumb","itemListElement":[{"@type":"ListItem","position":1,"name":"Kezd\u0151lap","item":"https:\/\/bozsogiattila.hu\/"},{"@type":"ListItem","position":2,"name":"PESSZIMISTA"}]},{"@type":"WebSite","@id":"https:\/\/bozsogiattila.hu\/#website","url":"https:\/\/bozsogiattila.hu\/","name":"Bozsogi Attila","description":"a zen\u00e9sz, \u00edr\u00f3 munk\u00e1ss\u00e1g\u00e1nak \u00e9s a mak\u00f3i muzsikusok eml\u00e9k\u00e9t \u0151rz\u0151 oldal","potentialAction":[{"@type":"SearchAction","target":{"@type":"EntryPoint","urlTemplate":"https:\/\/bozsogiattila.hu\/?s={search_term_string}"},"query-input":"required name=search_term_string"}],"inLanguage":"hu"},{"@type":"Person","@id":"https:\/\/bozsogiattila.hu\/#\/schema\/person\/488c99f554a8c4039201260dd5eb795e","name":"Bozsogi Attila","image":{"@type":"ImageObject","inLanguage":"hu","@id":"https:\/\/bozsogiattila.hu\/#\/schema\/person\/image\/","url":"https:\/\/secure.gravatar.com\/avatar\/7da6b5985e34ed798d1670c54ce7d20e6a53b800bb0c07945c64b09392f3dbfd?s=96&d=mm&r=g","contentUrl":"https:\/\/secure.gravatar.com\/avatar\/7da6b5985e34ed798d1670c54ce7d20e6a53b800bb0c07945c64b09392f3dbfd?s=96&d=mm&r=g","caption":"Bozsogi Attila"},"sameAs":["http:\/\/www.boszogiattila.hu"],"url":"https:\/\/bozsogiattila.hu\/?author=3"}]}},"jetpack_featured_media_url":"","_links":{"self":[{"href":"https:\/\/bozsogiattila.hu\/index.php?rest_route=\/wp\/v2\/posts\/1129","targetHints":{"allow":["GET"]}}],"collection":[{"href":"https:\/\/bozsogiattila.hu\/index.php?rest_route=\/wp\/v2\/posts"}],"about":[{"href":"https:\/\/bozsogiattila.hu\/index.php?rest_route=\/wp\/v2\/types\/post"}],"author":[{"embeddable":true,"href":"https:\/\/bozsogiattila.hu\/index.php?rest_route=\/wp\/v2\/users\/3"}],"replies":[{"embeddable":true,"href":"https:\/\/bozsogiattila.hu\/index.php?rest_route=%2Fwp%2Fv2%2Fcomments&post=1129"}],"version-history":[{"count":1,"href":"https:\/\/bozsogiattila.hu\/index.php?rest_route=\/wp\/v2\/posts\/1129\/revisions"}],"predecessor-version":[{"id":1130,"href":"https:\/\/bozsogiattila.hu\/index.php?rest_route=\/wp\/v2\/posts\/1129\/revisions\/1130"}],"wp:attachment":[{"href":"https:\/\/bozsogiattila.hu\/index.php?rest_route=%2Fwp%2Fv2%2Fmedia&parent=1129"}],"wp:term":[{"taxonomy":"category","embeddable":true,"href":"https:\/\/bozsogiattila.hu\/index.php?rest_route=%2Fwp%2Fv2%2Fcategories&post=1129"},{"taxonomy":"post_tag","embeddable":true,"href":"https:\/\/bozsogiattila.hu\/index.php?rest_route=%2Fwp%2Fv2%2Ftags&post=1129"}],"curies":[{"name":"wp","href":"https:\/\/api.w.org\/{rel}","templated":true}]}}