{"id":1139,"date":"2017-02-18T19:19:00","date_gmt":"2017-02-18T19:19:00","guid":{"rendered":"https:\/\/bozsogiattila.hu\/?p=1139"},"modified":"2024-01-09T19:20:37","modified_gmt":"2024-01-09T19:20:37","slug":"remalom","status":"publish","type":"post","link":"https:\/\/bozsogiattila.hu\/?p=1139","title":{"rendered":"R\u00c9M\u00c1LOM"},"content":{"rendered":"\n<p class=\"wp-block-paragraph\">R\u00c9M\u00c1LOM<\/p>\n\n\n\n<p class=\"wp-block-paragraph\">R\u00e9m\u00e1lmaimt\u00f3l szenvedtem,<br>Meggy\u00f6t\u00f6rve hemperegtem.<br>Forgol\u00f3dtam az \u00e1gyamban,<br>Nem tal\u00e1ltam a nyugalmam.<\/p>\n\n\n\n<p class=\"wp-block-paragraph\">\u00d6regd\u00e1ma keresett fel,<br>B\u00e1jaival r\u00e9miszgetett.<br>Menek\u00fcltem megriadva,<br>Mindenporcik\u00e1m borzadva.<\/p>\n\n\n\n<p class=\"wp-block-paragraph\">K\u00f6ny\u00f6rg\u0151re fogtam volna,<br>Hogyha hangom megsz\u00f3lalna.<br>\u00c1m csak egyre k\u00f6zeledett,<br>Oda mell\u00e9m telepedett.<\/p>\n\n\n\n<p class=\"wp-block-paragraph\">Kutat\u00f3szememmel n\u00e9ztem,<br>Azon nyomban megijedtem.<br>Sz\u00f6rnyeteg, vagy emberforma,<br>Vizsg\u00e1lgattam bizakodva.<\/p>\n\n\n\n<p class=\"wp-block-paragraph\">Hogyha ember t\u00e1n hallgat r\u00e1m,<br>De, ha sz\u00f6rny a fr\u00e1szt v\u00e1rhatn\u00e1m.<br>Mit tehetn\u00e9k, gondolkoztam,<br>Megsz\u00f3lalni m\u00e9g nem tudtam.<\/p>\n\n\n\n<p class=\"wp-block-paragraph\">Fiatals\u00e1gb\u00f3l kiv\u00e9nhedt,<br>Ily v\u00e9n n\u00e9mber \u00edgy lehetett.<br>F\u00e9nykor\u00e1ban sz\u00e9p lehetett,<br>Az id\u0151 gyorsan lepergett.<\/p>\n\n\n\n<p class=\"wp-block-paragraph\">Visszas\u00edrja dics\u0151 m\u00faltj\u00e1t,<br>Egykor hib\u00e1tlan alakj\u00e1t.<br>Hord\u00f3form\u00e1t \u00f6lt\u00f6tt m\u00e1ra,<br>Ha elesne, t\u00e1n gurulna.<\/p>\n\n\n\n<p class=\"wp-block-paragraph\">\u00d6sszess\u00e9g\u00e9ben otromba,<br>Hal\u00e1lf\u00e9lelmet r\u00e1m hozza.<br>Reszketek m\u00e1r megizzadva,<br>T\u00falvil\u00e1gi hangulatba\u2019.<\/p>\n\n\n\n<p class=\"wp-block-paragraph\">Haj\u00e1t festi feket\u00e9re,<br>Olyan lesz \u00edgy, mint a lelke.<br>Kopaszodni kezd \u00fcst\u00f6ke,<br>Vagy tal\u00e1n az eg\u00e9sz feje.<\/p>\n\n\n\n<p class=\"wp-block-paragraph\">Szem\u00f6ld\u00f6ke ki van szedve,<br>A r\u00e9ginek csak jelk\u00e9pe.<br>K\u00e9t glett r\u00e9teg van az arc\u00e1n,<br>A r\u00e1ncait takargatv\u00e1n.<\/p>\n\n\n\n<p class=\"wp-block-paragraph\">Ajka piros, vagy szeder k\u00e9k,<br>Keskeny cs\u00edkban azt r\u00e1kent\u00e9k.<br>Cs\u00fafsz\u00e1j\u00e1t el nem fedhett\u00e9k,<br>Rekedt hangja k\u00e9sz menyd\u00f6rg\u00e9s.<\/p>\n\n\n\n<p class=\"wp-block-paragraph\">Sz\u00edntelen szeme hunyorog,<br>Szempill\u00e1ja n\u00e9ha pislog.<br>Az is ritk\u00e1n tud mozogni,<br>Csip\u00e1t\u00f3l be szok\u2019 ragadni.<\/p>\n\n\n\n<p class=\"wp-block-paragraph\">Keze r\u00e1ncos, k\u00f6rme sz\u00ednes,<br>Piros, k\u00e9k, vagy s\u00e1rg\u00e1s m\u00edves.<br>Remeg\u00e9s\u00e9t takargatja,<br>Fonnyadt mell\u00e9n karba rakja.<\/p>\n\n\n\n<p class=\"wp-block-paragraph\">J\u00e1r\u00e1s k\u00f6zben biccent n\u00e9ha,<br>Az is lehet, hogy t\u00e1n s\u00e1nta.<br>J\u00e1r\u00e1shib\u00e1j\u00e1t jav\u00edtja,<br>Sz\u00f6cske m\u00f3don ugr\u00e1lgatva.<\/p>\n\n\n\n<p class=\"wp-block-paragraph\">\u00d6lel\u00e9ssel pr\u00f3b\u00e1lkozott,<br>H\u00faz\u00f3doztam hanyatt-homlok.<br>Hirtelen, ahogy fordultam,<br>Az \u00e1gyamr\u00f3l lehuppantam.<\/p>\n\n\n\n<p class=\"wp-block-paragraph\">F\u00e1jdalmat \u00e9n nem \u00e9reztem,<br>Nagyobb volt a r\u00e9m\u00fcletem.<br>Optimizmusom elsz\u00e1llott,<br>Pesszimizmusom zaklatott.<\/p>\n\n\n\n<p class=\"wp-block-paragraph\">Mak\u00f3, 2017-02-18<\/p>\n","protected":false},"excerpt":{"rendered":"<p>R\u00c9M\u00c1LOM R\u00e9m\u00e1lmaimt\u00f3l szenvedtem,Meggy\u00f6t\u00f6rve hemperegtem.Forgol\u00f3dtam az \u00e1gyamban,Nem tal\u00e1ltam a nyugalmam. \u00d6regd\u00e1ma keresett fel,B\u00e1jaival r\u00e9miszgetett.Menek\u00fcltem megriadva,Mindenporcik\u00e1m borzadva. K\u00f6ny\u00f6rg\u0151re fogtam volna,Hogyha hangom megsz\u00f3lalna.\u00c1m csak egyre k\u00f6zeledett,Oda mell\u00e9m telepedett. Kutat\u00f3szememmel n\u00e9ztem,Azon nyomban megijedtem.Sz\u00f6rnyeteg, vagy emberforma,Vizsg\u00e1lgattam bizakodva. Hogyha ember t\u00e1n hallgat r\u00e1m,De, ha sz\u00f6rny a fr\u00e1szt v\u00e1rhatn\u00e1m.Mit tehetn\u00e9k, gondolkoztam,Megsz\u00f3lalni m\u00e9g nem tudtam. Fiatals\u00e1gb\u00f3l kiv\u00e9nhedt,Ily v\u00e9n n\u00e9mber \u00edgy lehetett.F\u00e9nykor\u00e1ban sz\u00e9p lehetett,Az &#8230; <a title=\"R\u00c9M\u00c1LOM\" class=\"read-more\" href=\"https:\/\/bozsogiattila.hu\/?p=1139\" aria-label=\"Tov\u00e1bbiak R\u00c9M\u00c1LOM\">Olvass tov\u00e1bb<\/a><\/p>\n","protected":false},"author":3,"featured_media":0,"comment_status":"closed","ping_status":"open","sticky":false,"template":"","format":"standard","meta":{"footnotes":""},"categories":[4],"tags":[313,12],"class_list":["post-1139","post","type-post","status-publish","format-standard","hentry","category-versek","tag-313","tag-mako"],"yoast_head":"<!-- This site is optimized with the Yoast SEO plugin v21.8 - https:\/\/yoast.com\/wordpress\/plugins\/seo\/ -->\n<title>R\u00c9M\u00c1LOM - Bozsogi Attila<\/title>\n<meta name=\"robots\" content=\"index, follow, max-snippet:-1, max-image-preview:large, max-video-preview:-1\" \/>\n<link rel=\"canonical\" href=\"https:\/\/bozsogiattila.hu\/?p=1139\" \/>\n<meta property=\"og:locale\" content=\"hu_HU\" \/>\n<meta property=\"og:type\" content=\"article\" \/>\n<meta property=\"og:title\" content=\"R\u00c9M\u00c1LOM - Bozsogi Attila\" \/>\n<meta property=\"og:description\" content=\"R\u00c9M\u00c1LOM R\u00e9m\u00e1lmaimt\u00f3l szenvedtem,Meggy\u00f6t\u00f6rve hemperegtem.Forgol\u00f3dtam az \u00e1gyamban,Nem tal\u00e1ltam a nyugalmam. \u00d6regd\u00e1ma keresett fel,B\u00e1jaival r\u00e9miszgetett.Menek\u00fcltem megriadva,Mindenporcik\u00e1m borzadva. K\u00f6ny\u00f6rg\u0151re fogtam volna,Hogyha hangom megsz\u00f3lalna.\u00c1m csak egyre k\u00f6zeledett,Oda mell\u00e9m telepedett. Kutat\u00f3szememmel n\u00e9ztem,Azon nyomban megijedtem.Sz\u00f6rnyeteg, vagy emberforma,Vizsg\u00e1lgattam bizakodva. Hogyha ember t\u00e1n hallgat r\u00e1m,De, ha sz\u00f6rny a fr\u00e1szt v\u00e1rhatn\u00e1m.Mit tehetn\u00e9k, gondolkoztam,Megsz\u00f3lalni m\u00e9g nem tudtam. Fiatals\u00e1gb\u00f3l kiv\u00e9nhedt,Ily v\u00e9n n\u00e9mber \u00edgy lehetett.F\u00e9nykor\u00e1ban sz\u00e9p lehetett,Az ... Olvass tov\u00e1bb\" \/>\n<meta property=\"og:url\" content=\"https:\/\/bozsogiattila.hu\/?p=1139\" \/>\n<meta property=\"og:site_name\" content=\"Bozsogi Attila\" \/>\n<meta property=\"article:published_time\" content=\"2017-02-18T19:19:00+00:00\" \/>\n<meta property=\"article:modified_time\" content=\"2024-01-09T19:20:37+00:00\" \/>\n<meta name=\"author\" content=\"Bozsogi Attila\" \/>\n<meta name=\"twitter:card\" content=\"summary_large_image\" \/>\n<meta name=\"twitter:label1\" content=\"Szerz\u0151:\" \/>\n\t<meta name=\"twitter:data1\" content=\"Bozsogi Attila\" \/>\n\t<meta name=\"twitter:label2\" content=\"Becs\u00fclt olvas\u00e1si id\u0151\" \/>\n\t<meta name=\"twitter:data2\" content=\"2 perc\" \/>\n<script type=\"application\/ld+json\" class=\"yoast-schema-graph\">{\"@context\":\"https:\/\/schema.org\",\"@graph\":[{\"@type\":\"WebPage\",\"@id\":\"https:\/\/bozsogiattila.hu\/?p=1139\",\"url\":\"https:\/\/bozsogiattila.hu\/?p=1139\",\"name\":\"R\u00c9M\u00c1LOM - Bozsogi Attila\",\"isPartOf\":{\"@id\":\"https:\/\/bozsogiattila.hu\/#website\"},\"datePublished\":\"2017-02-18T19:19:00+00:00\",\"dateModified\":\"2024-01-09T19:20:37+00:00\",\"author\":{\"@id\":\"https:\/\/bozsogiattila.hu\/#\/schema\/person\/488c99f554a8c4039201260dd5eb795e\"},\"breadcrumb\":{\"@id\":\"https:\/\/bozsogiattila.hu\/?p=1139#breadcrumb\"},\"inLanguage\":\"hu\",\"potentialAction\":[{\"@type\":\"ReadAction\",\"target\":[\"https:\/\/bozsogiattila.hu\/?p=1139\"]}]},{\"@type\":\"BreadcrumbList\",\"@id\":\"https:\/\/bozsogiattila.hu\/?p=1139#breadcrumb\",\"itemListElement\":[{\"@type\":\"ListItem\",\"position\":1,\"name\":\"Kezd\u0151lap\",\"item\":\"https:\/\/bozsogiattila.hu\/\"},{\"@type\":\"ListItem\",\"position\":2,\"name\":\"R\u00c9M\u00c1LOM\"}]},{\"@type\":\"WebSite\",\"@id\":\"https:\/\/bozsogiattila.hu\/#website\",\"url\":\"https:\/\/bozsogiattila.hu\/\",\"name\":\"Bozsogi Attila\",\"description\":\"a zen\u00e9sz, \u00edr\u00f3 munk\u00e1ss\u00e1g\u00e1nak \u00e9s a mak\u00f3i muzsikusok eml\u00e9k\u00e9t \u0151rz\u0151 oldal\",\"potentialAction\":[{\"@type\":\"SearchAction\",\"target\":{\"@type\":\"EntryPoint\",\"urlTemplate\":\"https:\/\/bozsogiattila.hu\/?s={search_term_string}\"},\"query-input\":\"required name=search_term_string\"}],\"inLanguage\":\"hu\"},{\"@type\":\"Person\",\"@id\":\"https:\/\/bozsogiattila.hu\/#\/schema\/person\/488c99f554a8c4039201260dd5eb795e\",\"name\":\"Bozsogi Attila\",\"image\":{\"@type\":\"ImageObject\",\"inLanguage\":\"hu\",\"@id\":\"https:\/\/bozsogiattila.hu\/#\/schema\/person\/image\/\",\"url\":\"https:\/\/secure.gravatar.com\/avatar\/7da6b5985e34ed798d1670c54ce7d20e6a53b800bb0c07945c64b09392f3dbfd?s=96&d=mm&r=g\",\"contentUrl\":\"https:\/\/secure.gravatar.com\/avatar\/7da6b5985e34ed798d1670c54ce7d20e6a53b800bb0c07945c64b09392f3dbfd?s=96&d=mm&r=g\",\"caption\":\"Bozsogi Attila\"},\"sameAs\":[\"http:\/\/www.boszogiattila.hu\"],\"url\":\"https:\/\/bozsogiattila.hu\/?author=3\"}]}<\/script>\n<!-- \/ Yoast SEO plugin. -->","yoast_head_json":{"title":"R\u00c9M\u00c1LOM - Bozsogi Attila","robots":{"index":"index","follow":"follow","max-snippet":"max-snippet:-1","max-image-preview":"max-image-preview:large","max-video-preview":"max-video-preview:-1"},"canonical":"https:\/\/bozsogiattila.hu\/?p=1139","og_locale":"hu_HU","og_type":"article","og_title":"R\u00c9M\u00c1LOM - Bozsogi Attila","og_description":"R\u00c9M\u00c1LOM R\u00e9m\u00e1lmaimt\u00f3l szenvedtem,Meggy\u00f6t\u00f6rve hemperegtem.Forgol\u00f3dtam az \u00e1gyamban,Nem tal\u00e1ltam a nyugalmam. \u00d6regd\u00e1ma keresett fel,B\u00e1jaival r\u00e9miszgetett.Menek\u00fcltem megriadva,Mindenporcik\u00e1m borzadva. K\u00f6ny\u00f6rg\u0151re fogtam volna,Hogyha hangom megsz\u00f3lalna.\u00c1m csak egyre k\u00f6zeledett,Oda mell\u00e9m telepedett. Kutat\u00f3szememmel n\u00e9ztem,Azon nyomban megijedtem.Sz\u00f6rnyeteg, vagy emberforma,Vizsg\u00e1lgattam bizakodva. Hogyha ember t\u00e1n hallgat r\u00e1m,De, ha sz\u00f6rny a fr\u00e1szt v\u00e1rhatn\u00e1m.Mit tehetn\u00e9k, gondolkoztam,Megsz\u00f3lalni m\u00e9g nem tudtam. Fiatals\u00e1gb\u00f3l kiv\u00e9nhedt,Ily v\u00e9n n\u00e9mber \u00edgy lehetett.F\u00e9nykor\u00e1ban sz\u00e9p lehetett,Az ... Olvass tov\u00e1bb","og_url":"https:\/\/bozsogiattila.hu\/?p=1139","og_site_name":"Bozsogi Attila","article_published_time":"2017-02-18T19:19:00+00:00","article_modified_time":"2024-01-09T19:20:37+00:00","author":"Bozsogi Attila","twitter_card":"summary_large_image","twitter_misc":{"Szerz\u0151:":"Bozsogi Attila","Becs\u00fclt olvas\u00e1si id\u0151":"2 perc"},"schema":{"@context":"https:\/\/schema.org","@graph":[{"@type":"WebPage","@id":"https:\/\/bozsogiattila.hu\/?p=1139","url":"https:\/\/bozsogiattila.hu\/?p=1139","name":"R\u00c9M\u00c1LOM - Bozsogi Attila","isPartOf":{"@id":"https:\/\/bozsogiattila.hu\/#website"},"datePublished":"2017-02-18T19:19:00+00:00","dateModified":"2024-01-09T19:20:37+00:00","author":{"@id":"https:\/\/bozsogiattila.hu\/#\/schema\/person\/488c99f554a8c4039201260dd5eb795e"},"breadcrumb":{"@id":"https:\/\/bozsogiattila.hu\/?p=1139#breadcrumb"},"inLanguage":"hu","potentialAction":[{"@type":"ReadAction","target":["https:\/\/bozsogiattila.hu\/?p=1139"]}]},{"@type":"BreadcrumbList","@id":"https:\/\/bozsogiattila.hu\/?p=1139#breadcrumb","itemListElement":[{"@type":"ListItem","position":1,"name":"Kezd\u0151lap","item":"https:\/\/bozsogiattila.hu\/"},{"@type":"ListItem","position":2,"name":"R\u00c9M\u00c1LOM"}]},{"@type":"WebSite","@id":"https:\/\/bozsogiattila.hu\/#website","url":"https:\/\/bozsogiattila.hu\/","name":"Bozsogi Attila","description":"a zen\u00e9sz, \u00edr\u00f3 munk\u00e1ss\u00e1g\u00e1nak \u00e9s a mak\u00f3i muzsikusok eml\u00e9k\u00e9t \u0151rz\u0151 oldal","potentialAction":[{"@type":"SearchAction","target":{"@type":"EntryPoint","urlTemplate":"https:\/\/bozsogiattila.hu\/?s={search_term_string}"},"query-input":"required name=search_term_string"}],"inLanguage":"hu"},{"@type":"Person","@id":"https:\/\/bozsogiattila.hu\/#\/schema\/person\/488c99f554a8c4039201260dd5eb795e","name":"Bozsogi Attila","image":{"@type":"ImageObject","inLanguage":"hu","@id":"https:\/\/bozsogiattila.hu\/#\/schema\/person\/image\/","url":"https:\/\/secure.gravatar.com\/avatar\/7da6b5985e34ed798d1670c54ce7d20e6a53b800bb0c07945c64b09392f3dbfd?s=96&d=mm&r=g","contentUrl":"https:\/\/secure.gravatar.com\/avatar\/7da6b5985e34ed798d1670c54ce7d20e6a53b800bb0c07945c64b09392f3dbfd?s=96&d=mm&r=g","caption":"Bozsogi Attila"},"sameAs":["http:\/\/www.boszogiattila.hu"],"url":"https:\/\/bozsogiattila.hu\/?author=3"}]}},"jetpack_featured_media_url":"","_links":{"self":[{"href":"https:\/\/bozsogiattila.hu\/index.php?rest_route=\/wp\/v2\/posts\/1139","targetHints":{"allow":["GET"]}}],"collection":[{"href":"https:\/\/bozsogiattila.hu\/index.php?rest_route=\/wp\/v2\/posts"}],"about":[{"href":"https:\/\/bozsogiattila.hu\/index.php?rest_route=\/wp\/v2\/types\/post"}],"author":[{"embeddable":true,"href":"https:\/\/bozsogiattila.hu\/index.php?rest_route=\/wp\/v2\/users\/3"}],"replies":[{"embeddable":true,"href":"https:\/\/bozsogiattila.hu\/index.php?rest_route=%2Fwp%2Fv2%2Fcomments&post=1139"}],"version-history":[{"count":1,"href":"https:\/\/bozsogiattila.hu\/index.php?rest_route=\/wp\/v2\/posts\/1139\/revisions"}],"predecessor-version":[{"id":1140,"href":"https:\/\/bozsogiattila.hu\/index.php?rest_route=\/wp\/v2\/posts\/1139\/revisions\/1140"}],"wp:attachment":[{"href":"https:\/\/bozsogiattila.hu\/index.php?rest_route=%2Fwp%2Fv2%2Fmedia&parent=1139"}],"wp:term":[{"taxonomy":"category","embeddable":true,"href":"https:\/\/bozsogiattila.hu\/index.php?rest_route=%2Fwp%2Fv2%2Fcategories&post=1139"},{"taxonomy":"post_tag","embeddable":true,"href":"https:\/\/bozsogiattila.hu\/index.php?rest_route=%2Fwp%2Fv2%2Ftags&post=1139"}],"curies":[{"name":"wp","href":"https:\/\/api.w.org\/{rel}","templated":true}]}}