{"id":1141,"date":"2016-07-08T19:20:00","date_gmt":"2016-07-08T19:20:00","guid":{"rendered":"https:\/\/bozsogiattila.hu\/?p=1141"},"modified":"2024-01-09T19:21:33","modified_gmt":"2024-01-09T19:21:33","slug":"rut-es-szepseg","status":"publish","type":"post","link":"https:\/\/bozsogiattila.hu\/?p=1141","title":{"rendered":"R\u00daT \u00c9S SZ\u00c9PS\u00c9G"},"content":{"rendered":"\n<p class=\"wp-block-paragraph\">R\u00daT \u00c9S SZ\u00c9PS\u00c9G<\/p>\n\n\n\n<p class=\"wp-block-paragraph\">Mag\u00e1nyosan elmerengek,<br>S figyelem az embereket.<br>\u00c1llatokat, term\u00e9szetet,<br>R\u00fats\u00e1gokat, sz\u00e9ps\u00e9geket.<\/p>\n\n\n\n<p class=\"wp-block-paragraph\">A r\u00fat is sz\u00e9p valakinek,<br>Vit\u00e1zni h\u00e1t nem \u00e9rdemes.<br>Anyam\u00e9hnek f\u00e9ltett kincse,<br>A sz\u00fcl\u0151nek r\u00fat gyermeke.<\/p>\n\n\n\n<p class=\"wp-block-paragraph\">Szeretet\u00e9t r\u00e1\u00e1ldozza,<br>V\u00e1ltoztatni, nincs hatalma.<br>Mindent odaadna \u00e9rte,<br>Ha, megsz\u00e9p\u00fclne a kincse.<\/p>\n\n\n\n<p class=\"wp-block-paragraph\">R\u00fats\u00e1g\u00e1t t\u00e1n nem is l\u00e1tja,<br>Szemeivel nem vizsg\u00e1lja.<br>Lelke tartja hatalm\u00e1ba,<br>Szeretettel elhalmozva.<\/p>\n\n\n\n<p class=\"wp-block-paragraph\">R\u00fat gyermek, ha megv\u00e1ltozna,<br>Lelke is \u00e1talakulna.<br>Elragadn\u00e1 \u00faj sz\u00e9ps\u00e9ge,<br>\u00c1lnok lenne nemes sz\u00edve.<\/p>\n\n\n\n<p class=\"wp-block-paragraph\">\u00c1ls\u00e1gosan \u00e9lne tov\u00e1bb,<br>Elfeledve a r\u00e9g m\u00faltj\u00e1t.<br>J\u00f3s\u00e1g\u00e1n t\u00e1n csorba esne,<br>Hazug lenne term\u00e9szete.<\/p>\n\n\n\n<p class=\"wp-block-paragraph\">A sz\u00e9ps\u00e9g \u00fatveszt\u0151j\u00e9be,<br>\u00c9szrev\u00e9tlen beleesne.<br>Csapd\u00e1j\u00e1nak hatalm\u00e1ba\u2019,<br>\u00d6sszet\u00f6rten belandolna.<\/p>\n\n\n\n<p class=\"wp-block-paragraph\">(A) t\u00fck\u00f6rk\u00e9p mit r\u00e9gen l\u00e1tott,<br>Visszaadn\u00e1 az \u00faj arcot.<br>Szeme, mint lelk\u00e9nek t\u00fckre,<br>Megmaradna mind\u00f6r\u00f6kre.<\/p>\n\n\n\n<p class=\"wp-block-paragraph\">A sz\u00e9pp\u00e9 v\u00e1lt orc\u00e1csk\u00e1j\u00e1n,<br>R\u00e9gi szeme hunyorog t\u00e1n.<br>E kett\u0151ss\u00e9g csal\u00f3 lenne,<br>\u00dajl\u00e1tv\u00e1nyk\u00e9nt \u00f6tv\u00f6z\u0151dne.<\/p>\n\n\n\n<p class=\"wp-block-paragraph\">A sz\u00e9ps\u00e9g csod\u00e1s adom\u00e1ny,<br>Val\u00f3s\u00e1gos kis hozom\u00e1ny.<br>Sz\u00fcl\u0151nek a boldogs\u00e1ga,<br>A l\u00e1tv\u00e1nynak a tal\u00e1nya.<\/p>\n\n\n\n<p class=\"wp-block-paragraph\">A sz\u00e9ps\u00e9g nagy vesz\u00e9lyhord\u00f3,<br>Ett\u0151l lesz nagy \u00e1lmodoz\u00f3.<br>Mint a polip cs\u00e1pjaival,<br>\u00d6leli \u00e1t hatalm\u00e1val.<\/p>\n\n\n\n<p class=\"wp-block-paragraph\">(A) sz\u00e9ps\u00e9g, sz\u00e9ps\u00e9g\u00e9t megszokja,<br>Tr\u00f3nj\u00e1r\u00f3l le nem mondana.<br>Nem k\u00fczd\u00f6tt meg soha \u00e9rte,<br>Tal\u00e1n ez lesz egyszer veszte.<\/p>\n\n\n\n<p class=\"wp-block-paragraph\">\u00dagy sz\u00fcletett, nevelkedett,<br>B\u00fcszk\u00e9n, mintegy csodagyerek.<br>Term\u00e9szetes lett az neki,<br>Hogy mindenki csak dics\u00e9ri.<\/p>\n\n\n\n<p class=\"wp-block-paragraph\">Lelke tal\u00e1n nem oly gazdag,<br>Mint a r\u00fat\u00e9, ki szer\u00e9ny csak.<br>T\u00f6rtet\u0151 lehet \u0151 \u00e9rte,<br>Mindent egy lapra felt\u00e9ve.<\/p>\n\n\n\n<p class=\"wp-block-paragraph\">Sz\u00e9ps\u00e9g mag\u00e1t cicom\u00e1zza,<br>A vil\u00e1got \u00fagy \u00e1m\u00edtva.<br>Ellent\u00e9tben \u0151 a r\u00fattal,<br>Mindig uralkodni akar.<\/p>\n\n\n\n<p class=\"wp-block-paragraph\">Ne tegy\u00fcnk h\u00e1t k\u00fcl\u00f6nbs\u00e9get,<br>Fogadjuk sors \u00edt\u00e9letet.<br>A sz\u00e9p, sz\u00e9pnek sz\u00fcletett meg.<br>A r\u00fat lelke gazdagabb lett.<\/p>\n\n\n\n<p class=\"wp-block-paragraph\">Mak\u00f3, 2016-07-08<\/p>\n","protected":false},"excerpt":{"rendered":"<p>R\u00daT \u00c9S SZ\u00c9PS\u00c9G Mag\u00e1nyosan elmerengek,S figyelem az embereket.\u00c1llatokat, term\u00e9szetet,R\u00fats\u00e1gokat, sz\u00e9ps\u00e9geket. A r\u00fat is sz\u00e9p valakinek,Vit\u00e1zni h\u00e1t nem \u00e9rdemes.Anyam\u00e9hnek f\u00e9ltett kincse,A sz\u00fcl\u0151nek r\u00fat gyermeke. Szeretet\u00e9t r\u00e1\u00e1ldozza,V\u00e1ltoztatni, nincs hatalma.Mindent odaadna \u00e9rte,Ha, megsz\u00e9p\u00fclne a kincse. R\u00fats\u00e1g\u00e1t t\u00e1n nem is l\u00e1tja,Szemeivel nem vizsg\u00e1lja.Lelke tartja hatalm\u00e1ba,Szeretettel elhalmozva. R\u00fat gyermek, ha megv\u00e1ltozna,Lelke is \u00e1talakulna.Elragadn\u00e1 \u00faj sz\u00e9ps\u00e9ge,\u00c1lnok lenne nemes sz\u00edve. \u00c1ls\u00e1gosan \u00e9lne &#8230; <a title=\"R\u00daT \u00c9S SZ\u00c9PS\u00c9G\" class=\"read-more\" href=\"https:\/\/bozsogiattila.hu\/?p=1141\" aria-label=\"Tov\u00e1bbiak R\u00daT \u00c9S SZ\u00c9PS\u00c9G\">Olvass tov\u00e1bb<\/a><\/p>\n","protected":false},"author":3,"featured_media":0,"comment_status":"closed","ping_status":"open","sticky":false,"template":"","format":"standard","meta":{"footnotes":""},"categories":[4],"tags":[319,12],"class_list":["post-1141","post","type-post","status-publish","format-standard","hentry","category-versek","tag-319","tag-mako"],"yoast_head":"<!-- This site is optimized with the Yoast SEO plugin v21.8 - https:\/\/yoast.com\/wordpress\/plugins\/seo\/ -->\n<title>R\u00daT \u00c9S SZ\u00c9PS\u00c9G - Bozsogi Attila<\/title>\n<meta name=\"robots\" content=\"index, follow, max-snippet:-1, max-image-preview:large, max-video-preview:-1\" \/>\n<link rel=\"canonical\" href=\"https:\/\/bozsogiattila.hu\/?p=1141\" \/>\n<meta property=\"og:locale\" content=\"hu_HU\" \/>\n<meta property=\"og:type\" content=\"article\" \/>\n<meta property=\"og:title\" content=\"R\u00daT \u00c9S SZ\u00c9PS\u00c9G - Bozsogi Attila\" \/>\n<meta property=\"og:description\" content=\"R\u00daT \u00c9S SZ\u00c9PS\u00c9G Mag\u00e1nyosan elmerengek,S figyelem az embereket.\u00c1llatokat, term\u00e9szetet,R\u00fats\u00e1gokat, sz\u00e9ps\u00e9geket. A r\u00fat is sz\u00e9p valakinek,Vit\u00e1zni h\u00e1t nem \u00e9rdemes.Anyam\u00e9hnek f\u00e9ltett kincse,A sz\u00fcl\u0151nek r\u00fat gyermeke. Szeretet\u00e9t r\u00e1\u00e1ldozza,V\u00e1ltoztatni, nincs hatalma.Mindent odaadna \u00e9rte,Ha, megsz\u00e9p\u00fclne a kincse. R\u00fats\u00e1g\u00e1t t\u00e1n nem is l\u00e1tja,Szemeivel nem vizsg\u00e1lja.Lelke tartja hatalm\u00e1ba,Szeretettel elhalmozva. R\u00fat gyermek, ha megv\u00e1ltozna,Lelke is \u00e1talakulna.Elragadn\u00e1 \u00faj sz\u00e9ps\u00e9ge,\u00c1lnok lenne nemes sz\u00edve. \u00c1ls\u00e1gosan \u00e9lne ... Olvass tov\u00e1bb\" \/>\n<meta property=\"og:url\" content=\"https:\/\/bozsogiattila.hu\/?p=1141\" \/>\n<meta property=\"og:site_name\" content=\"Bozsogi Attila\" \/>\n<meta property=\"article:published_time\" content=\"2016-07-08T19:20:00+00:00\" \/>\n<meta property=\"article:modified_time\" content=\"2024-01-09T19:21:33+00:00\" \/>\n<meta name=\"author\" content=\"Bozsogi Attila\" \/>\n<meta name=\"twitter:card\" content=\"summary_large_image\" \/>\n<meta name=\"twitter:label1\" content=\"Szerz\u0151:\" \/>\n\t<meta name=\"twitter:data1\" content=\"Bozsogi Attila\" \/>\n\t<meta name=\"twitter:label2\" content=\"Becs\u00fclt olvas\u00e1si id\u0151\" \/>\n\t<meta name=\"twitter:data2\" content=\"2 perc\" \/>\n<script type=\"application\/ld+json\" class=\"yoast-schema-graph\">{\"@context\":\"https:\/\/schema.org\",\"@graph\":[{\"@type\":\"WebPage\",\"@id\":\"https:\/\/bozsogiattila.hu\/?p=1141\",\"url\":\"https:\/\/bozsogiattila.hu\/?p=1141\",\"name\":\"R\u00daT \u00c9S SZ\u00c9PS\u00c9G - Bozsogi Attila\",\"isPartOf\":{\"@id\":\"https:\/\/bozsogiattila.hu\/#website\"},\"datePublished\":\"2016-07-08T19:20:00+00:00\",\"dateModified\":\"2024-01-09T19:21:33+00:00\",\"author\":{\"@id\":\"https:\/\/bozsogiattila.hu\/#\/schema\/person\/488c99f554a8c4039201260dd5eb795e\"},\"breadcrumb\":{\"@id\":\"https:\/\/bozsogiattila.hu\/?p=1141#breadcrumb\"},\"inLanguage\":\"hu\",\"potentialAction\":[{\"@type\":\"ReadAction\",\"target\":[\"https:\/\/bozsogiattila.hu\/?p=1141\"]}]},{\"@type\":\"BreadcrumbList\",\"@id\":\"https:\/\/bozsogiattila.hu\/?p=1141#breadcrumb\",\"itemListElement\":[{\"@type\":\"ListItem\",\"position\":1,\"name\":\"Kezd\u0151lap\",\"item\":\"https:\/\/bozsogiattila.hu\/\"},{\"@type\":\"ListItem\",\"position\":2,\"name\":\"R\u00daT \u00c9S SZ\u00c9PS\u00c9G\"}]},{\"@type\":\"WebSite\",\"@id\":\"https:\/\/bozsogiattila.hu\/#website\",\"url\":\"https:\/\/bozsogiattila.hu\/\",\"name\":\"Bozsogi Attila\",\"description\":\"a zen\u00e9sz, \u00edr\u00f3 munk\u00e1ss\u00e1g\u00e1nak \u00e9s a mak\u00f3i muzsikusok eml\u00e9k\u00e9t \u0151rz\u0151 oldal\",\"potentialAction\":[{\"@type\":\"SearchAction\",\"target\":{\"@type\":\"EntryPoint\",\"urlTemplate\":\"https:\/\/bozsogiattila.hu\/?s={search_term_string}\"},\"query-input\":\"required name=search_term_string\"}],\"inLanguage\":\"hu\"},{\"@type\":\"Person\",\"@id\":\"https:\/\/bozsogiattila.hu\/#\/schema\/person\/488c99f554a8c4039201260dd5eb795e\",\"name\":\"Bozsogi Attila\",\"image\":{\"@type\":\"ImageObject\",\"inLanguage\":\"hu\",\"@id\":\"https:\/\/bozsogiattila.hu\/#\/schema\/person\/image\/\",\"url\":\"https:\/\/secure.gravatar.com\/avatar\/7da6b5985e34ed798d1670c54ce7d20e6a53b800bb0c07945c64b09392f3dbfd?s=96&d=mm&r=g\",\"contentUrl\":\"https:\/\/secure.gravatar.com\/avatar\/7da6b5985e34ed798d1670c54ce7d20e6a53b800bb0c07945c64b09392f3dbfd?s=96&d=mm&r=g\",\"caption\":\"Bozsogi Attila\"},\"sameAs\":[\"http:\/\/www.boszogiattila.hu\"],\"url\":\"https:\/\/bozsogiattila.hu\/?author=3\"}]}<\/script>\n<!-- \/ Yoast SEO plugin. -->","yoast_head_json":{"title":"R\u00daT \u00c9S SZ\u00c9PS\u00c9G - Bozsogi Attila","robots":{"index":"index","follow":"follow","max-snippet":"max-snippet:-1","max-image-preview":"max-image-preview:large","max-video-preview":"max-video-preview:-1"},"canonical":"https:\/\/bozsogiattila.hu\/?p=1141","og_locale":"hu_HU","og_type":"article","og_title":"R\u00daT \u00c9S SZ\u00c9PS\u00c9G - Bozsogi Attila","og_description":"R\u00daT \u00c9S SZ\u00c9PS\u00c9G Mag\u00e1nyosan elmerengek,S figyelem az embereket.\u00c1llatokat, term\u00e9szetet,R\u00fats\u00e1gokat, sz\u00e9ps\u00e9geket. A r\u00fat is sz\u00e9p valakinek,Vit\u00e1zni h\u00e1t nem \u00e9rdemes.Anyam\u00e9hnek f\u00e9ltett kincse,A sz\u00fcl\u0151nek r\u00fat gyermeke. Szeretet\u00e9t r\u00e1\u00e1ldozza,V\u00e1ltoztatni, nincs hatalma.Mindent odaadna \u00e9rte,Ha, megsz\u00e9p\u00fclne a kincse. R\u00fats\u00e1g\u00e1t t\u00e1n nem is l\u00e1tja,Szemeivel nem vizsg\u00e1lja.Lelke tartja hatalm\u00e1ba,Szeretettel elhalmozva. R\u00fat gyermek, ha megv\u00e1ltozna,Lelke is \u00e1talakulna.Elragadn\u00e1 \u00faj sz\u00e9ps\u00e9ge,\u00c1lnok lenne nemes sz\u00edve. \u00c1ls\u00e1gosan \u00e9lne ... Olvass tov\u00e1bb","og_url":"https:\/\/bozsogiattila.hu\/?p=1141","og_site_name":"Bozsogi Attila","article_published_time":"2016-07-08T19:20:00+00:00","article_modified_time":"2024-01-09T19:21:33+00:00","author":"Bozsogi Attila","twitter_card":"summary_large_image","twitter_misc":{"Szerz\u0151:":"Bozsogi Attila","Becs\u00fclt olvas\u00e1si id\u0151":"2 perc"},"schema":{"@context":"https:\/\/schema.org","@graph":[{"@type":"WebPage","@id":"https:\/\/bozsogiattila.hu\/?p=1141","url":"https:\/\/bozsogiattila.hu\/?p=1141","name":"R\u00daT \u00c9S SZ\u00c9PS\u00c9G - Bozsogi Attila","isPartOf":{"@id":"https:\/\/bozsogiattila.hu\/#website"},"datePublished":"2016-07-08T19:20:00+00:00","dateModified":"2024-01-09T19:21:33+00:00","author":{"@id":"https:\/\/bozsogiattila.hu\/#\/schema\/person\/488c99f554a8c4039201260dd5eb795e"},"breadcrumb":{"@id":"https:\/\/bozsogiattila.hu\/?p=1141#breadcrumb"},"inLanguage":"hu","potentialAction":[{"@type":"ReadAction","target":["https:\/\/bozsogiattila.hu\/?p=1141"]}]},{"@type":"BreadcrumbList","@id":"https:\/\/bozsogiattila.hu\/?p=1141#breadcrumb","itemListElement":[{"@type":"ListItem","position":1,"name":"Kezd\u0151lap","item":"https:\/\/bozsogiattila.hu\/"},{"@type":"ListItem","position":2,"name":"R\u00daT \u00c9S SZ\u00c9PS\u00c9G"}]},{"@type":"WebSite","@id":"https:\/\/bozsogiattila.hu\/#website","url":"https:\/\/bozsogiattila.hu\/","name":"Bozsogi Attila","description":"a zen\u00e9sz, \u00edr\u00f3 munk\u00e1ss\u00e1g\u00e1nak \u00e9s a mak\u00f3i muzsikusok eml\u00e9k\u00e9t \u0151rz\u0151 oldal","potentialAction":[{"@type":"SearchAction","target":{"@type":"EntryPoint","urlTemplate":"https:\/\/bozsogiattila.hu\/?s={search_term_string}"},"query-input":"required name=search_term_string"}],"inLanguage":"hu"},{"@type":"Person","@id":"https:\/\/bozsogiattila.hu\/#\/schema\/person\/488c99f554a8c4039201260dd5eb795e","name":"Bozsogi Attila","image":{"@type":"ImageObject","inLanguage":"hu","@id":"https:\/\/bozsogiattila.hu\/#\/schema\/person\/image\/","url":"https:\/\/secure.gravatar.com\/avatar\/7da6b5985e34ed798d1670c54ce7d20e6a53b800bb0c07945c64b09392f3dbfd?s=96&d=mm&r=g","contentUrl":"https:\/\/secure.gravatar.com\/avatar\/7da6b5985e34ed798d1670c54ce7d20e6a53b800bb0c07945c64b09392f3dbfd?s=96&d=mm&r=g","caption":"Bozsogi Attila"},"sameAs":["http:\/\/www.boszogiattila.hu"],"url":"https:\/\/bozsogiattila.hu\/?author=3"}]}},"jetpack_featured_media_url":"","_links":{"self":[{"href":"https:\/\/bozsogiattila.hu\/index.php?rest_route=\/wp\/v2\/posts\/1141","targetHints":{"allow":["GET"]}}],"collection":[{"href":"https:\/\/bozsogiattila.hu\/index.php?rest_route=\/wp\/v2\/posts"}],"about":[{"href":"https:\/\/bozsogiattila.hu\/index.php?rest_route=\/wp\/v2\/types\/post"}],"author":[{"embeddable":true,"href":"https:\/\/bozsogiattila.hu\/index.php?rest_route=\/wp\/v2\/users\/3"}],"replies":[{"embeddable":true,"href":"https:\/\/bozsogiattila.hu\/index.php?rest_route=%2Fwp%2Fv2%2Fcomments&post=1141"}],"version-history":[{"count":1,"href":"https:\/\/bozsogiattila.hu\/index.php?rest_route=\/wp\/v2\/posts\/1141\/revisions"}],"predecessor-version":[{"id":1142,"href":"https:\/\/bozsogiattila.hu\/index.php?rest_route=\/wp\/v2\/posts\/1141\/revisions\/1142"}],"wp:attachment":[{"href":"https:\/\/bozsogiattila.hu\/index.php?rest_route=%2Fwp%2Fv2%2Fmedia&parent=1141"}],"wp:term":[{"taxonomy":"category","embeddable":true,"href":"https:\/\/bozsogiattila.hu\/index.php?rest_route=%2Fwp%2Fv2%2Fcategories&post=1141"},{"taxonomy":"post_tag","embeddable":true,"href":"https:\/\/bozsogiattila.hu\/index.php?rest_route=%2Fwp%2Fv2%2Ftags&post=1141"}],"curies":[{"name":"wp","href":"https:\/\/api.w.org\/{rel}","templated":true}]}}