{"id":1157,"date":"2016-07-14T19:29:00","date_gmt":"2016-07-14T19:29:00","guid":{"rendered":"https:\/\/bozsogiattila.hu\/?p=1157"},"modified":"2024-01-09T19:30:07","modified_gmt":"2024-01-09T19:30:07","slug":"talan-var","status":"publish","type":"post","link":"https:\/\/bozsogiattila.hu\/?p=1157","title":{"rendered":"TAL\u00c1N V\u00c1R?"},"content":{"rendered":"\n<p class=\"wp-block-paragraph\">TAL\u00c1N V\u00c1R?<\/p>\n\n\n\n<p class=\"wp-block-paragraph\">Tal\u00e1n v\u00e1r? Azt nem tudhatom.<br>Kisz\u00e1m\u00edthatatlan nagyon.<br>Sz\u00e9peket mond, &#8211; \u00e9s \u00edg\u00e9rget<br>Felid\u00e9zget eml\u00e9keket.<\/p>\n\n\n\n<p class=\"wp-block-paragraph\">Re\u00e1m, ha n\u00e9z, nem feledem,<br>M\u00e9gis feledteti velem.<br>Huncut mosoly\u00e1val \u00e1m\u00edt,<br>Sz\u00e9p szem\u00e9vel kacsintgat is.<\/p>\n\n\n\n<p class=\"wp-block-paragraph\">K\u00f6zben hol j\u00e1r gondolata,<br>Kital\u00e1lni azt ki tudja?<br>Nem h\u00edv, ahogy r\u00e9gen tette,<br>Vagy a sz\u00e1mom elfeledte?<\/p>\n\n\n\n<p class=\"wp-block-paragraph\">\u00c9rz\u00e9sei megv\u00e1ltoztak,<br>Vagy tal\u00e1n m\u00e1r untatom csak?<br>Kital\u00e1lni, hogyan tudjam,<br>Nincs t\u00e1mpontom, hogy induljam?<\/p>\n\n\n\n<p class=\"wp-block-paragraph\">J\u00e1tszik velem, kac\u00e9rkodik,<br>Tr\u00e9f\u00e1t \u0171zve uralkodik?<br>R\u00e9gen m\u00e1s volt, &#8211; megv\u00e1ltozott,<br>Mi hozta e fordulatot?<\/p>\n\n\n\n<p class=\"wp-block-paragraph\">Beteg lett t\u00e1n, tiszta lelke,<br>Folt esett feh\u00e9rs\u00e9g\u00e9re?<br>Vagy m\u00e1sfel\u00e9 kalandozik,<br>Nemes sz\u00edve, csapong kicsit?<\/p>\n\n\n\n<p class=\"wp-block-paragraph\">K\u00e9rd\u00e9seim ostoroznak,<br>Hozz\u00e1 visszakanyarodnak.<br>Meg\u00e1llok \u00e9s elmerengek,<br>S k\u00f6zben magam el\u00e9 n\u00e9zek.<\/p>\n\n\n\n<p class=\"wp-block-paragraph\">Valamit keresek csendben,<br>Mi elveszett, vagy csak \u00e9rzem?<br>\u00c9rz\u00e9seim becsapnak t\u00e1n,<br>\u00c9letemnek vakv\u00e1g\u00e1ny\u00e1n?<\/p>\n\n\n\n<p class=\"wp-block-paragraph\">Agyam rohan zakatolva,<br>Egyre-m\u00e1sra, r\u00e1gondolva.<br>Hib\u00e1t nem tal\u00e1lok benne,<br>\u00d6rvendezek, lelkendezve.<\/p>\n\n\n\n<p class=\"wp-block-paragraph\">Vajon \u00e1rny\u00e9k volna m\u00e9gis,<br>Az\u00e9rt k\u00e1b\u00edt, csak az\u00e9rt is.<br>Gonoszs\u00e1got akar tal\u00e1n,<br>Mi ingerel minden\u00f3r\u00e1n.<\/p>\n\n\n\n<p class=\"wp-block-paragraph\">Nem, ez szinte lehetetlen,<br>Tudom, \u00e9rzem, hogy nem ilyen?<br>Akkor mihez kezdjek v\u00e9gre,<br>Hogy bajnak menjek el\u00e9be?<\/p>\n\n\n\n<p class=\"wp-block-paragraph\">Vagy az \u00e9vekkel van t\u00e1n baj,<br>Mik rohannak nagy el\u00e1nnal?<br>\u00datj\u00e1t \u00e1llni lehetetlen,<br>Az\u00e9rt vagyok tehetetlen?<\/p>\n\n\n\n<p class=\"wp-block-paragraph\">Nem, ennek sem lehet k\u00f6ze,<br>M\u00e1s, mi fej\u00e9t fel\u00fct\u00f6tte?<br>Ott kavarog kett\u0151nk k\u00f6z\u00f6tt,<br>El\u0151tt\u00fcnk, vagy h\u00e1tunk m\u00f6g\u00f6tt.<\/p>\n\n\n\n<p class=\"wp-block-paragraph\">K\u00f6z\u00f6s nevez\u0151 hi\u00e1nyzik,<br>Valami t\u00e1n, ott hib\u00e1zik?<br>Elhinni ezt nem akarom,<br>Mesterk\u00e9lt volna az nagyon.<\/p>\n\n\n\n<p class=\"wp-block-paragraph\">\u00dajb\u00f3l mindent \u00e1tgondolok,<br>M\u00e1s v\u00e1g\u00e1nyon elindulok.<br>Egyszer net\u00e1n c\u00e9lba \u00e9rek,<br>S hozz\u00e1 v\u00e9gre meg\u00e9rkezek.<\/p>\n\n\n\n<p class=\"wp-block-paragraph\">\u00cdgy t\u00f6prengek, tanakodok,<br>J\u00f3 fordulatra \u00fagy v\u00e1rok.<br>Ekkor hirtelen \u00e9bredek,<br>S \u00e1lmaimb\u00f3l meg\u00e9rkezek.<\/p>\n\n\n\n<p class=\"wp-block-paragraph\">Mak\u00f3, 2016-07-14<\/p>\n","protected":false},"excerpt":{"rendered":"<p>TAL\u00c1N V\u00c1R? Tal\u00e1n v\u00e1r? Azt nem tudhatom.Kisz\u00e1m\u00edthatatlan nagyon.Sz\u00e9peket mond, &#8211; \u00e9s \u00edg\u00e9rgetFelid\u00e9zget eml\u00e9keket. Re\u00e1m, ha n\u00e9z, nem feledem,M\u00e9gis feledteti velem.Huncut mosoly\u00e1val \u00e1m\u00edt,Sz\u00e9p szem\u00e9vel kacsintgat is. K\u00f6zben hol j\u00e1r gondolata,Kital\u00e1lni azt ki tudja?Nem h\u00edv, ahogy r\u00e9gen tette,Vagy a sz\u00e1mom elfeledte? \u00c9rz\u00e9sei megv\u00e1ltoztak,Vagy tal\u00e1n m\u00e1r untatom csak?Kital\u00e1lni, hogyan tudjam,Nincs t\u00e1mpontom, hogy induljam? J\u00e1tszik velem, kac\u00e9rkodik,Tr\u00e9f\u00e1t \u0171zve uralkodik?R\u00e9gen &#8230; <a title=\"TAL\u00c1N V\u00c1R?\" class=\"read-more\" href=\"https:\/\/bozsogiattila.hu\/?p=1157\" aria-label=\"Tov\u00e1bbiak TAL\u00c1N V\u00c1R?\">Olvass tov\u00e1bb<\/a><\/p>\n","protected":false},"author":3,"featured_media":0,"comment_status":"closed","ping_status":"open","sticky":false,"template":"","format":"standard","meta":{"footnotes":""},"categories":[1],"tags":[319,12],"class_list":["post-1157","post","type-post","status-publish","format-standard","hentry","category-uncategorized","tag-319","tag-mako"],"yoast_head":"<!-- This site is optimized with the Yoast SEO plugin v21.8 - https:\/\/yoast.com\/wordpress\/plugins\/seo\/ -->\n<title>TAL\u00c1N V\u00c1R? - Bozsogi Attila<\/title>\n<meta name=\"robots\" content=\"index, follow, max-snippet:-1, max-image-preview:large, max-video-preview:-1\" \/>\n<link rel=\"canonical\" href=\"https:\/\/bozsogiattila.hu\/?p=1157\" \/>\n<meta property=\"og:locale\" content=\"hu_HU\" \/>\n<meta property=\"og:type\" content=\"article\" \/>\n<meta property=\"og:title\" content=\"TAL\u00c1N V\u00c1R? - Bozsogi Attila\" \/>\n<meta property=\"og:description\" content=\"TAL\u00c1N V\u00c1R? Tal\u00e1n v\u00e1r? Azt nem tudhatom.Kisz\u00e1m\u00edthatatlan nagyon.Sz\u00e9peket mond, &#8211; \u00e9s \u00edg\u00e9rgetFelid\u00e9zget eml\u00e9keket. Re\u00e1m, ha n\u00e9z, nem feledem,M\u00e9gis feledteti velem.Huncut mosoly\u00e1val \u00e1m\u00edt,Sz\u00e9p szem\u00e9vel kacsintgat is. K\u00f6zben hol j\u00e1r gondolata,Kital\u00e1lni azt ki tudja?Nem h\u00edv, ahogy r\u00e9gen tette,Vagy a sz\u00e1mom elfeledte? \u00c9rz\u00e9sei megv\u00e1ltoztak,Vagy tal\u00e1n m\u00e1r untatom csak?Kital\u00e1lni, hogyan tudjam,Nincs t\u00e1mpontom, hogy induljam? J\u00e1tszik velem, kac\u00e9rkodik,Tr\u00e9f\u00e1t \u0171zve uralkodik?R\u00e9gen ... Olvass tov\u00e1bb\" \/>\n<meta property=\"og:url\" content=\"https:\/\/bozsogiattila.hu\/?p=1157\" \/>\n<meta property=\"og:site_name\" content=\"Bozsogi Attila\" \/>\n<meta property=\"article:published_time\" content=\"2016-07-14T19:29:00+00:00\" \/>\n<meta property=\"article:modified_time\" content=\"2024-01-09T19:30:07+00:00\" \/>\n<meta name=\"author\" content=\"Bozsogi Attila\" \/>\n<meta name=\"twitter:card\" content=\"summary_large_image\" \/>\n<meta name=\"twitter:label1\" content=\"Szerz\u0151:\" \/>\n\t<meta name=\"twitter:data1\" content=\"Bozsogi Attila\" \/>\n\t<meta name=\"twitter:label2\" content=\"Becs\u00fclt olvas\u00e1si id\u0151\" \/>\n\t<meta name=\"twitter:data2\" content=\"2 perc\" \/>\n<script type=\"application\/ld+json\" class=\"yoast-schema-graph\">{\"@context\":\"https:\/\/schema.org\",\"@graph\":[{\"@type\":\"WebPage\",\"@id\":\"https:\/\/bozsogiattila.hu\/?p=1157\",\"url\":\"https:\/\/bozsogiattila.hu\/?p=1157\",\"name\":\"TAL\u00c1N V\u00c1R? - Bozsogi Attila\",\"isPartOf\":{\"@id\":\"https:\/\/bozsogiattila.hu\/#website\"},\"datePublished\":\"2016-07-14T19:29:00+00:00\",\"dateModified\":\"2024-01-09T19:30:07+00:00\",\"author\":{\"@id\":\"https:\/\/bozsogiattila.hu\/#\/schema\/person\/488c99f554a8c4039201260dd5eb795e\"},\"breadcrumb\":{\"@id\":\"https:\/\/bozsogiattila.hu\/?p=1157#breadcrumb\"},\"inLanguage\":\"hu\",\"potentialAction\":[{\"@type\":\"ReadAction\",\"target\":[\"https:\/\/bozsogiattila.hu\/?p=1157\"]}]},{\"@type\":\"BreadcrumbList\",\"@id\":\"https:\/\/bozsogiattila.hu\/?p=1157#breadcrumb\",\"itemListElement\":[{\"@type\":\"ListItem\",\"position\":1,\"name\":\"Kezd\u0151lap\",\"item\":\"https:\/\/bozsogiattila.hu\/\"},{\"@type\":\"ListItem\",\"position\":2,\"name\":\"TAL\u00c1N V\u00c1R?\"}]},{\"@type\":\"WebSite\",\"@id\":\"https:\/\/bozsogiattila.hu\/#website\",\"url\":\"https:\/\/bozsogiattila.hu\/\",\"name\":\"Bozsogi Attila\",\"description\":\"a zen\u00e9sz, \u00edr\u00f3 munk\u00e1ss\u00e1g\u00e1nak \u00e9s a mak\u00f3i muzsikusok eml\u00e9k\u00e9t \u0151rz\u0151 oldal\",\"potentialAction\":[{\"@type\":\"SearchAction\",\"target\":{\"@type\":\"EntryPoint\",\"urlTemplate\":\"https:\/\/bozsogiattila.hu\/?s={search_term_string}\"},\"query-input\":\"required name=search_term_string\"}],\"inLanguage\":\"hu\"},{\"@type\":\"Person\",\"@id\":\"https:\/\/bozsogiattila.hu\/#\/schema\/person\/488c99f554a8c4039201260dd5eb795e\",\"name\":\"Bozsogi Attila\",\"image\":{\"@type\":\"ImageObject\",\"inLanguage\":\"hu\",\"@id\":\"https:\/\/bozsogiattila.hu\/#\/schema\/person\/image\/\",\"url\":\"https:\/\/secure.gravatar.com\/avatar\/7da6b5985e34ed798d1670c54ce7d20e6a53b800bb0c07945c64b09392f3dbfd?s=96&d=mm&r=g\",\"contentUrl\":\"https:\/\/secure.gravatar.com\/avatar\/7da6b5985e34ed798d1670c54ce7d20e6a53b800bb0c07945c64b09392f3dbfd?s=96&d=mm&r=g\",\"caption\":\"Bozsogi Attila\"},\"sameAs\":[\"http:\/\/www.boszogiattila.hu\"],\"url\":\"https:\/\/bozsogiattila.hu\/?author=3\"}]}<\/script>\n<!-- \/ Yoast SEO plugin. -->","yoast_head_json":{"title":"TAL\u00c1N V\u00c1R? - Bozsogi Attila","robots":{"index":"index","follow":"follow","max-snippet":"max-snippet:-1","max-image-preview":"max-image-preview:large","max-video-preview":"max-video-preview:-1"},"canonical":"https:\/\/bozsogiattila.hu\/?p=1157","og_locale":"hu_HU","og_type":"article","og_title":"TAL\u00c1N V\u00c1R? - Bozsogi Attila","og_description":"TAL\u00c1N V\u00c1R? Tal\u00e1n v\u00e1r? Azt nem tudhatom.Kisz\u00e1m\u00edthatatlan nagyon.Sz\u00e9peket mond, &#8211; \u00e9s \u00edg\u00e9rgetFelid\u00e9zget eml\u00e9keket. Re\u00e1m, ha n\u00e9z, nem feledem,M\u00e9gis feledteti velem.Huncut mosoly\u00e1val \u00e1m\u00edt,Sz\u00e9p szem\u00e9vel kacsintgat is. K\u00f6zben hol j\u00e1r gondolata,Kital\u00e1lni azt ki tudja?Nem h\u00edv, ahogy r\u00e9gen tette,Vagy a sz\u00e1mom elfeledte? \u00c9rz\u00e9sei megv\u00e1ltoztak,Vagy tal\u00e1n m\u00e1r untatom csak?Kital\u00e1lni, hogyan tudjam,Nincs t\u00e1mpontom, hogy induljam? J\u00e1tszik velem, kac\u00e9rkodik,Tr\u00e9f\u00e1t \u0171zve uralkodik?R\u00e9gen ... Olvass tov\u00e1bb","og_url":"https:\/\/bozsogiattila.hu\/?p=1157","og_site_name":"Bozsogi Attila","article_published_time":"2016-07-14T19:29:00+00:00","article_modified_time":"2024-01-09T19:30:07+00:00","author":"Bozsogi Attila","twitter_card":"summary_large_image","twitter_misc":{"Szerz\u0151:":"Bozsogi Attila","Becs\u00fclt olvas\u00e1si id\u0151":"2 perc"},"schema":{"@context":"https:\/\/schema.org","@graph":[{"@type":"WebPage","@id":"https:\/\/bozsogiattila.hu\/?p=1157","url":"https:\/\/bozsogiattila.hu\/?p=1157","name":"TAL\u00c1N V\u00c1R? - Bozsogi Attila","isPartOf":{"@id":"https:\/\/bozsogiattila.hu\/#website"},"datePublished":"2016-07-14T19:29:00+00:00","dateModified":"2024-01-09T19:30:07+00:00","author":{"@id":"https:\/\/bozsogiattila.hu\/#\/schema\/person\/488c99f554a8c4039201260dd5eb795e"},"breadcrumb":{"@id":"https:\/\/bozsogiattila.hu\/?p=1157#breadcrumb"},"inLanguage":"hu","potentialAction":[{"@type":"ReadAction","target":["https:\/\/bozsogiattila.hu\/?p=1157"]}]},{"@type":"BreadcrumbList","@id":"https:\/\/bozsogiattila.hu\/?p=1157#breadcrumb","itemListElement":[{"@type":"ListItem","position":1,"name":"Kezd\u0151lap","item":"https:\/\/bozsogiattila.hu\/"},{"@type":"ListItem","position":2,"name":"TAL\u00c1N V\u00c1R?"}]},{"@type":"WebSite","@id":"https:\/\/bozsogiattila.hu\/#website","url":"https:\/\/bozsogiattila.hu\/","name":"Bozsogi Attila","description":"a zen\u00e9sz, \u00edr\u00f3 munk\u00e1ss\u00e1g\u00e1nak \u00e9s a mak\u00f3i muzsikusok eml\u00e9k\u00e9t \u0151rz\u0151 oldal","potentialAction":[{"@type":"SearchAction","target":{"@type":"EntryPoint","urlTemplate":"https:\/\/bozsogiattila.hu\/?s={search_term_string}"},"query-input":"required name=search_term_string"}],"inLanguage":"hu"},{"@type":"Person","@id":"https:\/\/bozsogiattila.hu\/#\/schema\/person\/488c99f554a8c4039201260dd5eb795e","name":"Bozsogi Attila","image":{"@type":"ImageObject","inLanguage":"hu","@id":"https:\/\/bozsogiattila.hu\/#\/schema\/person\/image\/","url":"https:\/\/secure.gravatar.com\/avatar\/7da6b5985e34ed798d1670c54ce7d20e6a53b800bb0c07945c64b09392f3dbfd?s=96&d=mm&r=g","contentUrl":"https:\/\/secure.gravatar.com\/avatar\/7da6b5985e34ed798d1670c54ce7d20e6a53b800bb0c07945c64b09392f3dbfd?s=96&d=mm&r=g","caption":"Bozsogi Attila"},"sameAs":["http:\/\/www.boszogiattila.hu"],"url":"https:\/\/bozsogiattila.hu\/?author=3"}]}},"jetpack_featured_media_url":"","_links":{"self":[{"href":"https:\/\/bozsogiattila.hu\/index.php?rest_route=\/wp\/v2\/posts\/1157","targetHints":{"allow":["GET"]}}],"collection":[{"href":"https:\/\/bozsogiattila.hu\/index.php?rest_route=\/wp\/v2\/posts"}],"about":[{"href":"https:\/\/bozsogiattila.hu\/index.php?rest_route=\/wp\/v2\/types\/post"}],"author":[{"embeddable":true,"href":"https:\/\/bozsogiattila.hu\/index.php?rest_route=\/wp\/v2\/users\/3"}],"replies":[{"embeddable":true,"href":"https:\/\/bozsogiattila.hu\/index.php?rest_route=%2Fwp%2Fv2%2Fcomments&post=1157"}],"version-history":[{"count":1,"href":"https:\/\/bozsogiattila.hu\/index.php?rest_route=\/wp\/v2\/posts\/1157\/revisions"}],"predecessor-version":[{"id":1158,"href":"https:\/\/bozsogiattila.hu\/index.php?rest_route=\/wp\/v2\/posts\/1157\/revisions\/1158"}],"wp:attachment":[{"href":"https:\/\/bozsogiattila.hu\/index.php?rest_route=%2Fwp%2Fv2%2Fmedia&parent=1157"}],"wp:term":[{"taxonomy":"category","embeddable":true,"href":"https:\/\/bozsogiattila.hu\/index.php?rest_route=%2Fwp%2Fv2%2Fcategories&post=1157"},{"taxonomy":"post_tag","embeddable":true,"href":"https:\/\/bozsogiattila.hu\/index.php?rest_route=%2Fwp%2Fv2%2Ftags&post=1157"}],"curies":[{"name":"wp","href":"https:\/\/api.w.org\/{rel}","templated":true}]}}