{"id":1163,"date":"2016-07-21T19:32:00","date_gmt":"2016-07-21T19:32:00","guid":{"rendered":"https:\/\/bozsogiattila.hu\/?p=1163"},"modified":"2024-01-09T19:33:26","modified_gmt":"2024-01-09T19:33:26","slug":"tortetes","status":"publish","type":"post","link":"https:\/\/bozsogiattila.hu\/?p=1163","title":{"rendered":"T\u00d6RTET\u00c9S"},"content":{"rendered":"\n<p class=\"wp-block-paragraph\">T\u00d6RTET\u00c9S<\/p>\n\n\n\n<p class=\"wp-block-paragraph\">\u00c1llatokn\u00e1l, emberekn\u00e9l,<br>R\u00e9gi szok\u00e1s \u00f6r\u00f6kk\u00f6n \u00e9l.<br>C\u00edm\u00e9rt, rang\u00e9rt megk\u00fczdenek,<br>Az\u00e9rt mindent latba vetnek.<\/p>\n\n\n\n<p class=\"wp-block-paragraph\">Falkavez\u00e9r lesz az egyik,<br>Politikus meg a m\u00e1sik.<br>Uralkod\u00e1si v\u00e1gy teh\u00e1t,<br>Mindkett\u0151n\u00e9l nem pedig m\u00e1s.<\/p>\n\n\n\n<p class=\"wp-block-paragraph\">V\u00e9res harcban gy\u0151z az \u00e1llat,<br>A vesztes meg tov\u00e1bb \u00e1llhat.<br>Emberekn\u00e9l m\u00e1sk\u00e9pp van ez,<br>Alattomos harc a kezdet.<\/p>\n\n\n\n<p class=\"wp-block-paragraph\">A vesztes az ellenz\u00e9k lesz,<br>\u00c1sk\u00e1l\u00f3d\u00e1st visz majd v\u00e9ghez.<br>Ki cs\u00facsra jut, \u00e9rezteti,<br>Hogy hatalm\u00e1t v\u00e9ghez viszi.<\/p>\n\n\n\n<p class=\"wp-block-paragraph\">Az \u00e1llat az elfogadja,<br>Falkavez\u00e9rt t\u00e1mogatja.<br>Els\u0151dleges \u0151 a koncon,<br>Cs\u00e1mcsoghat j\u00f3 falatokon.<\/p>\n\n\n\n<p class=\"wp-block-paragraph\">Gyarl\u00f3s\u00e1g van, embern\u00e9l is,<br>Vagyona, ha gyarapodik.<br>Egyre mindig t\u00f6bbet akar,<br>Zsarnok \u00edgy lesz, hatalommal.<\/p>\n\n\n\n<p class=\"wp-block-paragraph\">A harc nem fejez\u0151dik be,<br>K\u00fczdenek az \u00fctk\u00f6zetbe.<br>Tettlegess\u00e9g, marakod\u00e1s,<br>A furfang gy\u0151z, nem pedig m\u00e1s.<\/p>\n\n\n\n<p class=\"wp-block-paragraph\">Az\u00e9rt mindent fel\u00e1ldoznak,<br>\u00d6nc\u00e9l\u00faan acsarkodnak.<br>Egym\u00e1s m\u00faltj\u00e1ban kutatnak,<br>Mindent a felsz\u00ednre hoznak.<\/p>\n\n\n\n<p class=\"wp-block-paragraph\">Az eredm\u00e9nyt letiporj\u00e1k,<br>S\u00e1rgaf\u00f6ldig leal\u00e1zz\u00e1k.<br>Ami j\u00f3 volt, az is rossz lesz,<br>Aljas l\u00f3zung, az a n\u00e9pnek.<\/p>\n\n\n\n<p class=\"wp-block-paragraph\">Orrukn\u00e1l fogva vezetik,<br>Mint barmokat, ahogy viszik.<br>Becstelens\u00e9gt\u0151l sem f\u00e9lnek,<br>C\u00e9l a minden, \u00e9s az is lesz.<\/p>\n\n\n\n<p class=\"wp-block-paragraph\">T\u0151rtet\u0151nek akarata,<br>Az igazi rossz sz\u00e1nd\u00e9ka.<br>Mit el\u00e9rtek, ami megvan,<br>Ugr\u00f3deszka, l\u00e1thatatlan.<\/p>\n\n\n\n<p class=\"wp-block-paragraph\">Az el\u0151d megal\u00e1z\u00e1sa,<br>Saj\u00e1t mag\u00e1nak jav\u00e1ra.<br>Haladni teh\u00e1t \u00fagy akar,<br>Nem n\u00e9z vissza j\u00f3 sz\u00e1nd\u00e9kkal.<\/p>\n\n\n\n<p class=\"wp-block-paragraph\">B\u00f6rt\u00f6n\u00f6kbe jutnak sokan,<br>Jogtalanul, vagy jogosan.<br>\u00c1rtatlant is perbe fognak,<br>Pelleng\u00e9rre \u00e1ll\u00edtanak.<\/p>\n\n\n\n<p class=\"wp-block-paragraph\">A kezdetben veget\u00e1lnak,<br>Sz\u00e9p szavakat hangoztatnak.<br>V\u00e1laszt\u00e1s el\u0151tt hirtelen,<br>Tespedts\u00e9gb\u0151l fel\u00e9lednek.<\/p>\n\n\n\n<p class=\"wp-block-paragraph\">Kamp\u00e1nyfog\u00e1snak mondj\u00e1k ezt,<br>Mutat\u00f3san \u00e9p\u00edtenek.<br>Sz\u00e1nd\u00e9kos becsap\u00e1s (a) neve,<br>\u00daj voksokra tervezgetve.<\/p>\n\n\n\n<p class=\"wp-block-paragraph\">\u00c1llatokn\u00e1l, emberekn\u00e9l,<br>Nincs v\u00e1ltoz\u00e1s, nincs sok rem\u00e9ny.<br>T\u00f6rtet\u00e9s uralkod\u00e1s\u00e9rt,<br>Leig\u00e1z\u00e1s, hatalom\u00e9rt.<\/p>\n\n\n\n<p class=\"wp-block-paragraph\">Mak\u00f3, 2016-07-21<\/p>\n","protected":false},"excerpt":{"rendered":"<p>T\u00d6RTET\u00c9S \u00c1llatokn\u00e1l, emberekn\u00e9l,R\u00e9gi szok\u00e1s \u00f6r\u00f6kk\u00f6n \u00e9l.C\u00edm\u00e9rt, rang\u00e9rt megk\u00fczdenek,Az\u00e9rt mindent latba vetnek. Falkavez\u00e9r lesz az egyik,Politikus meg a m\u00e1sik.Uralkod\u00e1si v\u00e1gy teh\u00e1t,Mindkett\u0151n\u00e9l nem pedig m\u00e1s. V\u00e9res harcban gy\u0151z az \u00e1llat,A vesztes meg tov\u00e1bb \u00e1llhat.Emberekn\u00e9l m\u00e1sk\u00e9pp van ez,Alattomos harc a kezdet. A vesztes az ellenz\u00e9k lesz,\u00c1sk\u00e1l\u00f3d\u00e1st visz majd v\u00e9ghez.Ki cs\u00facsra jut, \u00e9rezteti,Hogy hatalm\u00e1t v\u00e9ghez viszi. Az \u00e1llat az &#8230; <a title=\"T\u00d6RTET\u00c9S\" class=\"read-more\" href=\"https:\/\/bozsogiattila.hu\/?p=1163\" aria-label=\"Tov\u00e1bbiak T\u00d6RTET\u00c9S\">Olvass tov\u00e1bb<\/a><\/p>\n","protected":false},"author":3,"featured_media":0,"comment_status":"closed","ping_status":"open","sticky":false,"template":"","format":"standard","meta":{"footnotes":""},"categories":[4],"tags":[319,12],"class_list":["post-1163","post","type-post","status-publish","format-standard","hentry","category-versek","tag-319","tag-mako"],"yoast_head":"<!-- This site is optimized with the Yoast SEO plugin v21.8 - https:\/\/yoast.com\/wordpress\/plugins\/seo\/ -->\n<title>T\u00d6RTET\u00c9S - Bozsogi Attila<\/title>\n<meta name=\"robots\" content=\"index, follow, max-snippet:-1, max-image-preview:large, max-video-preview:-1\" \/>\n<link rel=\"canonical\" href=\"https:\/\/bozsogiattila.hu\/?p=1163\" \/>\n<meta property=\"og:locale\" content=\"hu_HU\" \/>\n<meta property=\"og:type\" content=\"article\" \/>\n<meta property=\"og:title\" content=\"T\u00d6RTET\u00c9S - Bozsogi Attila\" \/>\n<meta property=\"og:description\" content=\"T\u00d6RTET\u00c9S \u00c1llatokn\u00e1l, emberekn\u00e9l,R\u00e9gi szok\u00e1s \u00f6r\u00f6kk\u00f6n \u00e9l.C\u00edm\u00e9rt, rang\u00e9rt megk\u00fczdenek,Az\u00e9rt mindent latba vetnek. Falkavez\u00e9r lesz az egyik,Politikus meg a m\u00e1sik.Uralkod\u00e1si v\u00e1gy teh\u00e1t,Mindkett\u0151n\u00e9l nem pedig m\u00e1s. V\u00e9res harcban gy\u0151z az \u00e1llat,A vesztes meg tov\u00e1bb \u00e1llhat.Emberekn\u00e9l m\u00e1sk\u00e9pp van ez,Alattomos harc a kezdet. A vesztes az ellenz\u00e9k lesz,\u00c1sk\u00e1l\u00f3d\u00e1st visz majd v\u00e9ghez.Ki cs\u00facsra jut, \u00e9rezteti,Hogy hatalm\u00e1t v\u00e9ghez viszi. Az \u00e1llat az ... Olvass tov\u00e1bb\" \/>\n<meta property=\"og:url\" content=\"https:\/\/bozsogiattila.hu\/?p=1163\" \/>\n<meta property=\"og:site_name\" content=\"Bozsogi Attila\" \/>\n<meta property=\"article:published_time\" content=\"2016-07-21T19:32:00+00:00\" \/>\n<meta property=\"article:modified_time\" content=\"2024-01-09T19:33:26+00:00\" \/>\n<meta name=\"author\" content=\"Bozsogi Attila\" \/>\n<meta name=\"twitter:card\" content=\"summary_large_image\" \/>\n<meta name=\"twitter:label1\" content=\"Szerz\u0151:\" \/>\n\t<meta name=\"twitter:data1\" content=\"Bozsogi Attila\" \/>\n\t<meta name=\"twitter:label2\" content=\"Becs\u00fclt olvas\u00e1si id\u0151\" \/>\n\t<meta name=\"twitter:data2\" content=\"2 perc\" \/>\n<script type=\"application\/ld+json\" class=\"yoast-schema-graph\">{\"@context\":\"https:\/\/schema.org\",\"@graph\":[{\"@type\":\"WebPage\",\"@id\":\"https:\/\/bozsogiattila.hu\/?p=1163\",\"url\":\"https:\/\/bozsogiattila.hu\/?p=1163\",\"name\":\"T\u00d6RTET\u00c9S - Bozsogi Attila\",\"isPartOf\":{\"@id\":\"https:\/\/bozsogiattila.hu\/#website\"},\"datePublished\":\"2016-07-21T19:32:00+00:00\",\"dateModified\":\"2024-01-09T19:33:26+00:00\",\"author\":{\"@id\":\"https:\/\/bozsogiattila.hu\/#\/schema\/person\/488c99f554a8c4039201260dd5eb795e\"},\"breadcrumb\":{\"@id\":\"https:\/\/bozsogiattila.hu\/?p=1163#breadcrumb\"},\"inLanguage\":\"hu\",\"potentialAction\":[{\"@type\":\"ReadAction\",\"target\":[\"https:\/\/bozsogiattila.hu\/?p=1163\"]}]},{\"@type\":\"BreadcrumbList\",\"@id\":\"https:\/\/bozsogiattila.hu\/?p=1163#breadcrumb\",\"itemListElement\":[{\"@type\":\"ListItem\",\"position\":1,\"name\":\"Kezd\u0151lap\",\"item\":\"https:\/\/bozsogiattila.hu\/\"},{\"@type\":\"ListItem\",\"position\":2,\"name\":\"T\u00d6RTET\u00c9S\"}]},{\"@type\":\"WebSite\",\"@id\":\"https:\/\/bozsogiattila.hu\/#website\",\"url\":\"https:\/\/bozsogiattila.hu\/\",\"name\":\"Bozsogi Attila\",\"description\":\"a zen\u00e9sz, \u00edr\u00f3 munk\u00e1ss\u00e1g\u00e1nak \u00e9s a mak\u00f3i muzsikusok eml\u00e9k\u00e9t \u0151rz\u0151 oldal\",\"potentialAction\":[{\"@type\":\"SearchAction\",\"target\":{\"@type\":\"EntryPoint\",\"urlTemplate\":\"https:\/\/bozsogiattila.hu\/?s={search_term_string}\"},\"query-input\":\"required name=search_term_string\"}],\"inLanguage\":\"hu\"},{\"@type\":\"Person\",\"@id\":\"https:\/\/bozsogiattila.hu\/#\/schema\/person\/488c99f554a8c4039201260dd5eb795e\",\"name\":\"Bozsogi Attila\",\"image\":{\"@type\":\"ImageObject\",\"inLanguage\":\"hu\",\"@id\":\"https:\/\/bozsogiattila.hu\/#\/schema\/person\/image\/\",\"url\":\"https:\/\/secure.gravatar.com\/avatar\/7da6b5985e34ed798d1670c54ce7d20e6a53b800bb0c07945c64b09392f3dbfd?s=96&d=mm&r=g\",\"contentUrl\":\"https:\/\/secure.gravatar.com\/avatar\/7da6b5985e34ed798d1670c54ce7d20e6a53b800bb0c07945c64b09392f3dbfd?s=96&d=mm&r=g\",\"caption\":\"Bozsogi Attila\"},\"sameAs\":[\"http:\/\/www.boszogiattila.hu\"],\"url\":\"https:\/\/bozsogiattila.hu\/?author=3\"}]}<\/script>\n<!-- \/ Yoast SEO plugin. -->","yoast_head_json":{"title":"T\u00d6RTET\u00c9S - Bozsogi Attila","robots":{"index":"index","follow":"follow","max-snippet":"max-snippet:-1","max-image-preview":"max-image-preview:large","max-video-preview":"max-video-preview:-1"},"canonical":"https:\/\/bozsogiattila.hu\/?p=1163","og_locale":"hu_HU","og_type":"article","og_title":"T\u00d6RTET\u00c9S - Bozsogi Attila","og_description":"T\u00d6RTET\u00c9S \u00c1llatokn\u00e1l, emberekn\u00e9l,R\u00e9gi szok\u00e1s \u00f6r\u00f6kk\u00f6n \u00e9l.C\u00edm\u00e9rt, rang\u00e9rt megk\u00fczdenek,Az\u00e9rt mindent latba vetnek. Falkavez\u00e9r lesz az egyik,Politikus meg a m\u00e1sik.Uralkod\u00e1si v\u00e1gy teh\u00e1t,Mindkett\u0151n\u00e9l nem pedig m\u00e1s. V\u00e9res harcban gy\u0151z az \u00e1llat,A vesztes meg tov\u00e1bb \u00e1llhat.Emberekn\u00e9l m\u00e1sk\u00e9pp van ez,Alattomos harc a kezdet. A vesztes az ellenz\u00e9k lesz,\u00c1sk\u00e1l\u00f3d\u00e1st visz majd v\u00e9ghez.Ki cs\u00facsra jut, \u00e9rezteti,Hogy hatalm\u00e1t v\u00e9ghez viszi. Az \u00e1llat az ... Olvass tov\u00e1bb","og_url":"https:\/\/bozsogiattila.hu\/?p=1163","og_site_name":"Bozsogi Attila","article_published_time":"2016-07-21T19:32:00+00:00","article_modified_time":"2024-01-09T19:33:26+00:00","author":"Bozsogi Attila","twitter_card":"summary_large_image","twitter_misc":{"Szerz\u0151:":"Bozsogi Attila","Becs\u00fclt olvas\u00e1si id\u0151":"2 perc"},"schema":{"@context":"https:\/\/schema.org","@graph":[{"@type":"WebPage","@id":"https:\/\/bozsogiattila.hu\/?p=1163","url":"https:\/\/bozsogiattila.hu\/?p=1163","name":"T\u00d6RTET\u00c9S - Bozsogi Attila","isPartOf":{"@id":"https:\/\/bozsogiattila.hu\/#website"},"datePublished":"2016-07-21T19:32:00+00:00","dateModified":"2024-01-09T19:33:26+00:00","author":{"@id":"https:\/\/bozsogiattila.hu\/#\/schema\/person\/488c99f554a8c4039201260dd5eb795e"},"breadcrumb":{"@id":"https:\/\/bozsogiattila.hu\/?p=1163#breadcrumb"},"inLanguage":"hu","potentialAction":[{"@type":"ReadAction","target":["https:\/\/bozsogiattila.hu\/?p=1163"]}]},{"@type":"BreadcrumbList","@id":"https:\/\/bozsogiattila.hu\/?p=1163#breadcrumb","itemListElement":[{"@type":"ListItem","position":1,"name":"Kezd\u0151lap","item":"https:\/\/bozsogiattila.hu\/"},{"@type":"ListItem","position":2,"name":"T\u00d6RTET\u00c9S"}]},{"@type":"WebSite","@id":"https:\/\/bozsogiattila.hu\/#website","url":"https:\/\/bozsogiattila.hu\/","name":"Bozsogi Attila","description":"a zen\u00e9sz, \u00edr\u00f3 munk\u00e1ss\u00e1g\u00e1nak \u00e9s a mak\u00f3i muzsikusok eml\u00e9k\u00e9t \u0151rz\u0151 oldal","potentialAction":[{"@type":"SearchAction","target":{"@type":"EntryPoint","urlTemplate":"https:\/\/bozsogiattila.hu\/?s={search_term_string}"},"query-input":"required name=search_term_string"}],"inLanguage":"hu"},{"@type":"Person","@id":"https:\/\/bozsogiattila.hu\/#\/schema\/person\/488c99f554a8c4039201260dd5eb795e","name":"Bozsogi Attila","image":{"@type":"ImageObject","inLanguage":"hu","@id":"https:\/\/bozsogiattila.hu\/#\/schema\/person\/image\/","url":"https:\/\/secure.gravatar.com\/avatar\/7da6b5985e34ed798d1670c54ce7d20e6a53b800bb0c07945c64b09392f3dbfd?s=96&d=mm&r=g","contentUrl":"https:\/\/secure.gravatar.com\/avatar\/7da6b5985e34ed798d1670c54ce7d20e6a53b800bb0c07945c64b09392f3dbfd?s=96&d=mm&r=g","caption":"Bozsogi Attila"},"sameAs":["http:\/\/www.boszogiattila.hu"],"url":"https:\/\/bozsogiattila.hu\/?author=3"}]}},"jetpack_featured_media_url":"","_links":{"self":[{"href":"https:\/\/bozsogiattila.hu\/index.php?rest_route=\/wp\/v2\/posts\/1163","targetHints":{"allow":["GET"]}}],"collection":[{"href":"https:\/\/bozsogiattila.hu\/index.php?rest_route=\/wp\/v2\/posts"}],"about":[{"href":"https:\/\/bozsogiattila.hu\/index.php?rest_route=\/wp\/v2\/types\/post"}],"author":[{"embeddable":true,"href":"https:\/\/bozsogiattila.hu\/index.php?rest_route=\/wp\/v2\/users\/3"}],"replies":[{"embeddable":true,"href":"https:\/\/bozsogiattila.hu\/index.php?rest_route=%2Fwp%2Fv2%2Fcomments&post=1163"}],"version-history":[{"count":1,"href":"https:\/\/bozsogiattila.hu\/index.php?rest_route=\/wp\/v2\/posts\/1163\/revisions"}],"predecessor-version":[{"id":1164,"href":"https:\/\/bozsogiattila.hu\/index.php?rest_route=\/wp\/v2\/posts\/1163\/revisions\/1164"}],"wp:attachment":[{"href":"https:\/\/bozsogiattila.hu\/index.php?rest_route=%2Fwp%2Fv2%2Fmedia&parent=1163"}],"wp:term":[{"taxonomy":"category","embeddable":true,"href":"https:\/\/bozsogiattila.hu\/index.php?rest_route=%2Fwp%2Fv2%2Fcategories&post=1163"},{"taxonomy":"post_tag","embeddable":true,"href":"https:\/\/bozsogiattila.hu\/index.php?rest_route=%2Fwp%2Fv2%2Ftags&post=1163"}],"curies":[{"name":"wp","href":"https:\/\/api.w.org\/{rel}","templated":true}]}}