{"id":1165,"date":"2016-12-27T19:33:00","date_gmt":"2016-12-27T19:33:00","guid":{"rendered":"https:\/\/bozsogiattila.hu\/?p=1165"},"modified":"2024-01-09T19:34:31","modified_gmt":"2024-01-09T19:34:31","slug":"ujesztendo","status":"publish","type":"post","link":"https:\/\/bozsogiattila.hu\/?p=1165","title":{"rendered":"\u00daJESZTEND\u0150"},"content":{"rendered":"\n<p class=\"wp-block-paragraph\">\u00daJESZTEND\u0150<\/p>\n\n\n\n<p class=\"wp-block-paragraph\">Rohaml\u00e9pt\u00e9kkel k\u00f6zeleg,<br>P\u00e1rnap m\u00falva m\u00faltat temet.<br>\u00dajesztend\u0151 virrad majd r\u00e1nk,<br>Szilveszter \u00e9jt h\u00e1tra hagyv\u00e1n.<\/p>\n\n\n\n<p class=\"wp-block-paragraph\">Tervez\u00fcnk, s terveket sz\u00f6v\u00fcnk,<br>M\u00falt id\u0151kre eml\u00e9kez\u00fcnk.<br>Minden \u00e9vnek els\u0151 napj\u00e1n,<br>Boldog \u00f3ra virrad ott r\u00e1nk.<\/p>\n\n\n\n<p class=\"wp-block-paragraph\">\u00c9jszak\u00e1nak m\u00e1mor\u00e1ban,<br>\u00d3\u00e9v\u00fcnknek hatalm\u00e1ban.<br>Jobb lesz, szebb lesz, hangoztatjuk,<br>Makacs fejjel mondogatjuk.<\/p>\n\n\n\n<p class=\"wp-block-paragraph\">Azt szeretn\u00e9nk, hogy m\u00e1s legyen,<br>\u00c1br\u00e1ndozunk t\u00fcrelmesen.<br>Mit hoz majd nek\u00fcnk a j\u00f6v\u0151,<br>B\u00edzunk abban-, ki teremt\u0151.<\/p>\n\n\n\n<p class=\"wp-block-paragraph\">Az Isten is tervezhetne,<br>Szeg\u00e9nys\u00e9get elvethetne.<br>Neki az volna a dolga,<br>Boldogs\u00e1got osztogatva.<\/p>\n\n\n\n<p class=\"wp-block-paragraph\">De nem teszi-, tal\u00e1n kacag,<br>Fenn az \u00e9gben ott j\u00f3l mulat.<br>\u00c1d\u00e1m, \u00c9va becsapta \u0151t,<br>Nem feledi azt az id\u0151t.<\/p>\n\n\n\n<p class=\"wp-block-paragraph\">K\u0151sz\u00edv\u0171k\u00e9nt n\u00e9z a F\u00f6ldre,<br>Lent a szeg\u00e9ny emberekre.<br>Kik nyomorukban teng\u0151dnek,<br>\u00c9h\u00edns\u00e9gben kiszenvednek.<\/p>\n\n\n\n<p class=\"wp-block-paragraph\">H\u00e1bor\u00fakban harcot v\u00edvnak,<br>\u00c9leteket fel\u00e1ldoznak.<br>Menek\u00fclnek haz\u00e1jukb\u00f3l,<br>A zsarnoki megtorl\u00e1st\u00f3l.<\/p>\n\n\n\n<p class=\"wp-block-paragraph\">A papok im\u00e1t mormolnak,<br>Templomokban harangoznak.<br>\u00c1lszent m\u00f3don pr\u00e9dik\u00e1lnak,<br>S n\u00e9ha alamizsn\u00e1t oszt\u2019nak.<\/p>\n\n\n\n<p class=\"wp-block-paragraph\">\u0150k \u00fagy \u00e9lnek, mint az urak,<br>Pedig benn\u00fck \u00e9l a tudat.<br>Sz\u00e9p szavakkal azt besz\u00e9lik,<br>J\u00f3 az Isten-, majd megseg\u00edt.<\/p>\n\n\n\n<p class=\"wp-block-paragraph\">K\u00f6zben az Isten hidege,<br>Fagyhal\u00e1lt oszt, szeg\u00e9nyekre.<br>Kegyetlen\u00fcl azt eln\u00e9zi,<br>Hajl\u00e9ktalant \u00fagy temeti.<\/p>\n\n\n\n<p class=\"wp-block-paragraph\">Vezet\u0151ink is terveznek,<br>Err\u0151l dicshimnuszt zengenek.<br>Tr\u00f3njukat megalapozv\u00e1n,<br>Harcolnak a maguk m\u00f3dj\u00e1n.<\/p>\n\n\n\n<p class=\"wp-block-paragraph\">A vagyonuk gyarapodik,<br>A szeg\u00e9ny csak arra sand\u00edt.<br>Tudj\u00e1k, az id\u0151 nem seg\u00edt,<br>Har\u00e1csol\u00f3 lett mindegyik.<\/p>\n\n\n\n<p class=\"wp-block-paragraph\">\u00cdgy van ez r\u00e9g \u00e9vr\u0151l-\u00e9vre,<br>Szeg\u00e9ny, gazdag ellent\u00e9te.<br>\u00c9lez\u0151dik, hat\u00e1r n\u00e9lk\u00fcl,<br>Az \u00e9g soha ki nem der\u00fcl.<\/p>\n\n\n\n<p class=\"wp-block-paragraph\">K\u00e9t nap \u00f6ssze\u00f6lelkezik,<br>Gondolatokat teremtik.<br>Az utols\u00f3 mulats\u00e1ga,<br>\u00c1tcsap reggel a v\u00edgs\u00e1gba.<\/p>\n\n\n\n<p class=\"wp-block-paragraph\">Boldog \u00fajesztend\u0151t mondj\u00e1k,<br>Egym\u00e1st ezzel biztatgatj\u00e1k.<br>K\u00e9s\u0151bb l\u00e1tj\u00e1k, mi a val\u00f3,<br>\u00cdgy lesz a vil\u00e1g nagy csal\u00f3!<\/p>\n\n\n\n<p class=\"wp-block-paragraph\">Mak\u00f3, 2016-12-27<\/p>\n","protected":false},"excerpt":{"rendered":"<p>\u00daJESZTEND\u0150 Rohaml\u00e9pt\u00e9kkel k\u00f6zeleg,P\u00e1rnap m\u00falva m\u00faltat temet.\u00dajesztend\u0151 virrad majd r\u00e1nk,Szilveszter \u00e9jt h\u00e1tra hagyv\u00e1n. Tervez\u00fcnk, s terveket sz\u00f6v\u00fcnk,M\u00falt id\u0151kre eml\u00e9kez\u00fcnk.Minden \u00e9vnek els\u0151 napj\u00e1n,Boldog \u00f3ra virrad ott r\u00e1nk. \u00c9jszak\u00e1nak m\u00e1mor\u00e1ban,\u00d3\u00e9v\u00fcnknek hatalm\u00e1ban.Jobb lesz, szebb lesz, hangoztatjuk,Makacs fejjel mondogatjuk. Azt szeretn\u00e9nk, hogy m\u00e1s legyen,\u00c1br\u00e1ndozunk t\u00fcrelmesen.Mit hoz majd nek\u00fcnk a j\u00f6v\u0151,B\u00edzunk abban-, ki teremt\u0151. Az Isten is tervezhetne,Szeg\u00e9nys\u00e9get elvethetne.Neki az volna &#8230; <a title=\"\u00daJESZTEND\u0150\" class=\"read-more\" href=\"https:\/\/bozsogiattila.hu\/?p=1165\" aria-label=\"Tov\u00e1bbiak \u00daJESZTEND\u0150\">Olvass tov\u00e1bb<\/a><\/p>\n","protected":false},"author":3,"featured_media":0,"comment_status":"closed","ping_status":"open","sticky":false,"template":"","format":"standard","meta":{"footnotes":""},"categories":[4],"tags":[319,12],"class_list":["post-1165","post","type-post","status-publish","format-standard","hentry","category-versek","tag-319","tag-mako"],"yoast_head":"<!-- This site is optimized with the Yoast SEO plugin v21.8 - https:\/\/yoast.com\/wordpress\/plugins\/seo\/ -->\n<title>\u00daJESZTEND\u0150 - Bozsogi Attila<\/title>\n<meta name=\"robots\" content=\"index, follow, max-snippet:-1, max-image-preview:large, max-video-preview:-1\" \/>\n<link rel=\"canonical\" href=\"https:\/\/bozsogiattila.hu\/?p=1165\" \/>\n<meta property=\"og:locale\" content=\"hu_HU\" \/>\n<meta property=\"og:type\" content=\"article\" \/>\n<meta property=\"og:title\" content=\"\u00daJESZTEND\u0150 - Bozsogi Attila\" \/>\n<meta property=\"og:description\" content=\"\u00daJESZTEND\u0150 Rohaml\u00e9pt\u00e9kkel k\u00f6zeleg,P\u00e1rnap m\u00falva m\u00faltat temet.\u00dajesztend\u0151 virrad majd r\u00e1nk,Szilveszter \u00e9jt h\u00e1tra hagyv\u00e1n. Tervez\u00fcnk, s terveket sz\u00f6v\u00fcnk,M\u00falt id\u0151kre eml\u00e9kez\u00fcnk.Minden \u00e9vnek els\u0151 napj\u00e1n,Boldog \u00f3ra virrad ott r\u00e1nk. \u00c9jszak\u00e1nak m\u00e1mor\u00e1ban,\u00d3\u00e9v\u00fcnknek hatalm\u00e1ban.Jobb lesz, szebb lesz, hangoztatjuk,Makacs fejjel mondogatjuk. Azt szeretn\u00e9nk, hogy m\u00e1s legyen,\u00c1br\u00e1ndozunk t\u00fcrelmesen.Mit hoz majd nek\u00fcnk a j\u00f6v\u0151,B\u00edzunk abban-, ki teremt\u0151. Az Isten is tervezhetne,Szeg\u00e9nys\u00e9get elvethetne.Neki az volna ... Olvass tov\u00e1bb\" \/>\n<meta property=\"og:url\" content=\"https:\/\/bozsogiattila.hu\/?p=1165\" \/>\n<meta property=\"og:site_name\" content=\"Bozsogi Attila\" \/>\n<meta property=\"article:published_time\" content=\"2016-12-27T19:33:00+00:00\" \/>\n<meta property=\"article:modified_time\" content=\"2024-01-09T19:34:31+00:00\" \/>\n<meta name=\"author\" content=\"Bozsogi Attila\" \/>\n<meta name=\"twitter:card\" content=\"summary_large_image\" \/>\n<meta name=\"twitter:label1\" content=\"Szerz\u0151:\" \/>\n\t<meta name=\"twitter:data1\" content=\"Bozsogi Attila\" \/>\n\t<meta name=\"twitter:label2\" content=\"Becs\u00fclt olvas\u00e1si id\u0151\" \/>\n\t<meta name=\"twitter:data2\" content=\"2 perc\" \/>\n<script type=\"application\/ld+json\" class=\"yoast-schema-graph\">{\"@context\":\"https:\/\/schema.org\",\"@graph\":[{\"@type\":\"WebPage\",\"@id\":\"https:\/\/bozsogiattila.hu\/?p=1165\",\"url\":\"https:\/\/bozsogiattila.hu\/?p=1165\",\"name\":\"\u00daJESZTEND\u0150 - Bozsogi Attila\",\"isPartOf\":{\"@id\":\"https:\/\/bozsogiattila.hu\/#website\"},\"datePublished\":\"2016-12-27T19:33:00+00:00\",\"dateModified\":\"2024-01-09T19:34:31+00:00\",\"author\":{\"@id\":\"https:\/\/bozsogiattila.hu\/#\/schema\/person\/488c99f554a8c4039201260dd5eb795e\"},\"breadcrumb\":{\"@id\":\"https:\/\/bozsogiattila.hu\/?p=1165#breadcrumb\"},\"inLanguage\":\"hu\",\"potentialAction\":[{\"@type\":\"ReadAction\",\"target\":[\"https:\/\/bozsogiattila.hu\/?p=1165\"]}]},{\"@type\":\"BreadcrumbList\",\"@id\":\"https:\/\/bozsogiattila.hu\/?p=1165#breadcrumb\",\"itemListElement\":[{\"@type\":\"ListItem\",\"position\":1,\"name\":\"Kezd\u0151lap\",\"item\":\"https:\/\/bozsogiattila.hu\/\"},{\"@type\":\"ListItem\",\"position\":2,\"name\":\"\u00daJESZTEND\u0150\"}]},{\"@type\":\"WebSite\",\"@id\":\"https:\/\/bozsogiattila.hu\/#website\",\"url\":\"https:\/\/bozsogiattila.hu\/\",\"name\":\"Bozsogi Attila\",\"description\":\"a zen\u00e9sz, \u00edr\u00f3 munk\u00e1ss\u00e1g\u00e1nak \u00e9s a mak\u00f3i muzsikusok eml\u00e9k\u00e9t \u0151rz\u0151 oldal\",\"potentialAction\":[{\"@type\":\"SearchAction\",\"target\":{\"@type\":\"EntryPoint\",\"urlTemplate\":\"https:\/\/bozsogiattila.hu\/?s={search_term_string}\"},\"query-input\":\"required name=search_term_string\"}],\"inLanguage\":\"hu\"},{\"@type\":\"Person\",\"@id\":\"https:\/\/bozsogiattila.hu\/#\/schema\/person\/488c99f554a8c4039201260dd5eb795e\",\"name\":\"Bozsogi Attila\",\"image\":{\"@type\":\"ImageObject\",\"inLanguage\":\"hu\",\"@id\":\"https:\/\/bozsogiattila.hu\/#\/schema\/person\/image\/\",\"url\":\"https:\/\/secure.gravatar.com\/avatar\/7da6b5985e34ed798d1670c54ce7d20e6a53b800bb0c07945c64b09392f3dbfd?s=96&d=mm&r=g\",\"contentUrl\":\"https:\/\/secure.gravatar.com\/avatar\/7da6b5985e34ed798d1670c54ce7d20e6a53b800bb0c07945c64b09392f3dbfd?s=96&d=mm&r=g\",\"caption\":\"Bozsogi Attila\"},\"sameAs\":[\"http:\/\/www.boszogiattila.hu\"],\"url\":\"https:\/\/bozsogiattila.hu\/?author=3\"}]}<\/script>\n<!-- \/ Yoast SEO plugin. -->","yoast_head_json":{"title":"\u00daJESZTEND\u0150 - Bozsogi Attila","robots":{"index":"index","follow":"follow","max-snippet":"max-snippet:-1","max-image-preview":"max-image-preview:large","max-video-preview":"max-video-preview:-1"},"canonical":"https:\/\/bozsogiattila.hu\/?p=1165","og_locale":"hu_HU","og_type":"article","og_title":"\u00daJESZTEND\u0150 - Bozsogi Attila","og_description":"\u00daJESZTEND\u0150 Rohaml\u00e9pt\u00e9kkel k\u00f6zeleg,P\u00e1rnap m\u00falva m\u00faltat temet.\u00dajesztend\u0151 virrad majd r\u00e1nk,Szilveszter \u00e9jt h\u00e1tra hagyv\u00e1n. Tervez\u00fcnk, s terveket sz\u00f6v\u00fcnk,M\u00falt id\u0151kre eml\u00e9kez\u00fcnk.Minden \u00e9vnek els\u0151 napj\u00e1n,Boldog \u00f3ra virrad ott r\u00e1nk. \u00c9jszak\u00e1nak m\u00e1mor\u00e1ban,\u00d3\u00e9v\u00fcnknek hatalm\u00e1ban.Jobb lesz, szebb lesz, hangoztatjuk,Makacs fejjel mondogatjuk. Azt szeretn\u00e9nk, hogy m\u00e1s legyen,\u00c1br\u00e1ndozunk t\u00fcrelmesen.Mit hoz majd nek\u00fcnk a j\u00f6v\u0151,B\u00edzunk abban-, ki teremt\u0151. Az Isten is tervezhetne,Szeg\u00e9nys\u00e9get elvethetne.Neki az volna ... Olvass tov\u00e1bb","og_url":"https:\/\/bozsogiattila.hu\/?p=1165","og_site_name":"Bozsogi Attila","article_published_time":"2016-12-27T19:33:00+00:00","article_modified_time":"2024-01-09T19:34:31+00:00","author":"Bozsogi Attila","twitter_card":"summary_large_image","twitter_misc":{"Szerz\u0151:":"Bozsogi Attila","Becs\u00fclt olvas\u00e1si id\u0151":"2 perc"},"schema":{"@context":"https:\/\/schema.org","@graph":[{"@type":"WebPage","@id":"https:\/\/bozsogiattila.hu\/?p=1165","url":"https:\/\/bozsogiattila.hu\/?p=1165","name":"\u00daJESZTEND\u0150 - Bozsogi Attila","isPartOf":{"@id":"https:\/\/bozsogiattila.hu\/#website"},"datePublished":"2016-12-27T19:33:00+00:00","dateModified":"2024-01-09T19:34:31+00:00","author":{"@id":"https:\/\/bozsogiattila.hu\/#\/schema\/person\/488c99f554a8c4039201260dd5eb795e"},"breadcrumb":{"@id":"https:\/\/bozsogiattila.hu\/?p=1165#breadcrumb"},"inLanguage":"hu","potentialAction":[{"@type":"ReadAction","target":["https:\/\/bozsogiattila.hu\/?p=1165"]}]},{"@type":"BreadcrumbList","@id":"https:\/\/bozsogiattila.hu\/?p=1165#breadcrumb","itemListElement":[{"@type":"ListItem","position":1,"name":"Kezd\u0151lap","item":"https:\/\/bozsogiattila.hu\/"},{"@type":"ListItem","position":2,"name":"\u00daJESZTEND\u0150"}]},{"@type":"WebSite","@id":"https:\/\/bozsogiattila.hu\/#website","url":"https:\/\/bozsogiattila.hu\/","name":"Bozsogi Attila","description":"a zen\u00e9sz, \u00edr\u00f3 munk\u00e1ss\u00e1g\u00e1nak \u00e9s a mak\u00f3i muzsikusok eml\u00e9k\u00e9t \u0151rz\u0151 oldal","potentialAction":[{"@type":"SearchAction","target":{"@type":"EntryPoint","urlTemplate":"https:\/\/bozsogiattila.hu\/?s={search_term_string}"},"query-input":"required name=search_term_string"}],"inLanguage":"hu"},{"@type":"Person","@id":"https:\/\/bozsogiattila.hu\/#\/schema\/person\/488c99f554a8c4039201260dd5eb795e","name":"Bozsogi Attila","image":{"@type":"ImageObject","inLanguage":"hu","@id":"https:\/\/bozsogiattila.hu\/#\/schema\/person\/image\/","url":"https:\/\/secure.gravatar.com\/avatar\/7da6b5985e34ed798d1670c54ce7d20e6a53b800bb0c07945c64b09392f3dbfd?s=96&d=mm&r=g","contentUrl":"https:\/\/secure.gravatar.com\/avatar\/7da6b5985e34ed798d1670c54ce7d20e6a53b800bb0c07945c64b09392f3dbfd?s=96&d=mm&r=g","caption":"Bozsogi Attila"},"sameAs":["http:\/\/www.boszogiattila.hu"],"url":"https:\/\/bozsogiattila.hu\/?author=3"}]}},"jetpack_featured_media_url":"","_links":{"self":[{"href":"https:\/\/bozsogiattila.hu\/index.php?rest_route=\/wp\/v2\/posts\/1165","targetHints":{"allow":["GET"]}}],"collection":[{"href":"https:\/\/bozsogiattila.hu\/index.php?rest_route=\/wp\/v2\/posts"}],"about":[{"href":"https:\/\/bozsogiattila.hu\/index.php?rest_route=\/wp\/v2\/types\/post"}],"author":[{"embeddable":true,"href":"https:\/\/bozsogiattila.hu\/index.php?rest_route=\/wp\/v2\/users\/3"}],"replies":[{"embeddable":true,"href":"https:\/\/bozsogiattila.hu\/index.php?rest_route=%2Fwp%2Fv2%2Fcomments&post=1165"}],"version-history":[{"count":1,"href":"https:\/\/bozsogiattila.hu\/index.php?rest_route=\/wp\/v2\/posts\/1165\/revisions"}],"predecessor-version":[{"id":1166,"href":"https:\/\/bozsogiattila.hu\/index.php?rest_route=\/wp\/v2\/posts\/1165\/revisions\/1166"}],"wp:attachment":[{"href":"https:\/\/bozsogiattila.hu\/index.php?rest_route=%2Fwp%2Fv2%2Fmedia&parent=1165"}],"wp:term":[{"taxonomy":"category","embeddable":true,"href":"https:\/\/bozsogiattila.hu\/index.php?rest_route=%2Fwp%2Fv2%2Fcategories&post=1165"},{"taxonomy":"post_tag","embeddable":true,"href":"https:\/\/bozsogiattila.hu\/index.php?rest_route=%2Fwp%2Fv2%2Ftags&post=1165"}],"curies":[{"name":"wp","href":"https:\/\/api.w.org\/{rel}","templated":true}]}}