{"id":1171,"date":"2017-05-07T19:36:00","date_gmt":"2017-05-07T19:36:00","guid":{"rendered":"https:\/\/bozsogiattila.hu\/?p=1171"},"modified":"2024-01-09T19:38:26","modified_gmt":"2024-01-09T19:38:26","slug":"visszatero-gondolatok","status":"publish","type":"post","link":"https:\/\/bozsogiattila.hu\/?p=1171","title":{"rendered":"VISSZAT\u00c9R\u0150 GONDOLATOK"},"content":{"rendered":"\n<p class=\"wp-block-paragraph\">VISSZAT\u00c9R\u0150 GONDOLATOK<\/p>\n\n\n\n<p class=\"wp-block-paragraph\">Visszat\u00e9r\u0151 gondolatok,<br>Nem hagynak sohasem nyugtot.<br>Ahogy telnek az \u00e9veim,<br>El\u0151j\u00f6nnek eml\u00e9keim.<\/p>\n\n\n\n<p class=\"wp-block-paragraph\">N\u00e9ha, b\u00e1ntanak-, szeretnek,<br>Eltolnak, vagy \u00e1t\u00f6lelnek.<br>Magukhoz h\u00faznak \u00e1lmomban,<br>Csal\u00f3dom a val\u00f3s\u00e1gban.<\/p>\n\n\n\n<p class=\"wp-block-paragraph\">\u00d6r\u00f6m\u00f6k is felkeresnek,<br>S mint egy galamb elrep\u00fclnek.<br>Tovasz\u00e1llnak, s visszan\u00e9znek,<br>Kac\u00e9rkodva hitegetnek.<\/p>\n\n\n\n<p class=\"wp-block-paragraph\">J\u00e1tszik a sors, tal\u00e1n velem,<br>\u00c9rdemlem, vagy nem \u00e9rdemlem.<br>Nem tudom, t\u00e1n, sosem fogom,<br>Mi a j\u00f3, vagy rossz fogalom.<\/p>\n\n\n\n<p class=\"wp-block-paragraph\">Le\u00e9ltem az \u00e9letemet,<br>\u00c9lveztem a sz\u00e9ps\u00e9geket.<br>Voltak, amik megmaradtak,<br>Vagy h\u0171tlen\u00fcl m\u00e1r elhagytak.<\/p>\n\n\n\n<p class=\"wp-block-paragraph\">B\u00e1nk\u00f3dni \u00e9n sosem szoktam,<br>Ebben seg\u00edt a nyugalmam.<br>Incselkedem a hal\u00e1llal,<br>Szemben\u00e9zek a kasz\u00e1ssal.<\/p>\n\n\n\n<p class=\"wp-block-paragraph\">Gy\u0151zni \u0151 fog, tudom r\u00e9gen,<br>De \u00e9n t\u0151le sosem f\u00e9ltem.<br>Dolg\u00e1t v\u00e9gzi majd egykoron,<br>\u00c1m, addig \u00e9n \u201eott\u201d megr\u00fagom.<\/p>\n\n\n\n<p class=\"wp-block-paragraph\">Ott, amin \u0151 \u00fclni szokott,<br>Eltal\u00e1lom, s nagyot r\u00fagok.<br>F\u00e1j-e neki nem k\u00e9rdezem,<br>T\u0151lem \u00edgyen elkergetem.<\/p>\n\n\n\n<p class=\"wp-block-paragraph\">Gondolatom sokas\u00e1ga,<br>\u00d6szt\u00f6n\u00f6z a vers\u00edr\u00e1sra.<br>R\u00edmbe szedem \u00f6tletemet,<br>Mik fejemb\u0151l el\u0151j\u00f6nnek.<\/p>\n\n\n\n<p class=\"wp-block-paragraph\">Nagyon sok van, \u00edgy nem \u00e9rtem,<br>Hogyan f\u00e9r el ott egy helyen.<br>Tal\u00e1n az\u00e9rt kell h\u00e1t \u00edrnom,<br>Hogy m\u00e1soknak abb\u00f3l jusson.<\/p>\n\n\n\n<p class=\"wp-block-paragraph\">Magammal mind nem vihetem,<br>Elnehez\u00fclne a fejem.<br>Pokolba, vagy mennyorsz\u00e1gba,<br>Nincsen sz\u00fcks\u00e9g tudom\u00e1nyra.<\/p>\n\n\n\n<p class=\"wp-block-paragraph\">Ezek, mind eszembe jutnak,<br>Kopony\u00e1mban cirkul\u00e1lnak.<br>V\u00e9g\u00fcl r\u00e1\u00e9bredek arra,<br>Hogy a sorsomat m\u00e1s \u00edrja.<\/p>\n\n\n\n<p class=\"wp-block-paragraph\">Meg van \u00edrva, vagy hazugs\u00e1g,<br>Net\u00e1n az-, kegyetlen \u00e1ls\u00e1g.<br>Mit a papok pr\u00e9dik\u00e1lnak,<br>T\u00f6mj\u00e9nf\u00fcstben megh\u00faz\u00f3dnak.<\/p>\n\n\n\n<p class=\"wp-block-paragraph\">\u0150k sem tudj\u00e1k, nem tudhatj\u00e1k,<br>Mi az igaz, vagy val\u00f3s\u00e1g.<br>Nem j\u00e1rtak a t\u00falvil\u00e1gon,<br>\u00cdgy minden kital\u00e1lt dolog.<\/p>\n\n\n\n<p class=\"wp-block-paragraph\">Mennyi-mennyi \u00f6r\u00f6k t\u00e9ma,<br>Mi nem lesz felfedve soha.<br>Bibli\u00e1ban le van \u00edrva,<br>\u00c9den, horror, sz\u00e9pen sorba.<\/p>\n\n\n\n<p class=\"wp-block-paragraph\">Gondolataim elvetem,<br>Ily dolgokra nincs sz\u00fcks\u00e9gem.<br>\u00c9lek boldogs\u00e1gban, sz\u00e9pen,<br>Beintek, ha j\u00f6nnek \u00e9rtem.<\/p>\n\n\n\n<p class=\"wp-block-paragraph\">Mak\u00f3, 2017-05-07<\/p>\n","protected":false},"excerpt":{"rendered":"<p>VISSZAT\u00c9R\u0150 GONDOLATOK Visszat\u00e9r\u0151 gondolatok,Nem hagynak sohasem nyugtot.Ahogy telnek az \u00e9veim,El\u0151j\u00f6nnek eml\u00e9keim. N\u00e9ha, b\u00e1ntanak-, szeretnek,Eltolnak, vagy \u00e1t\u00f6lelnek.Magukhoz h\u00faznak \u00e1lmomban,Csal\u00f3dom a val\u00f3s\u00e1gban. \u00d6r\u00f6m\u00f6k is felkeresnek,S mint egy galamb elrep\u00fclnek.Tovasz\u00e1llnak, s visszan\u00e9znek,Kac\u00e9rkodva hitegetnek. J\u00e1tszik a sors, tal\u00e1n velem,\u00c9rdemlem, vagy nem \u00e9rdemlem.Nem tudom, t\u00e1n, sosem fogom,Mi a j\u00f3, vagy rossz fogalom. Le\u00e9ltem az \u00e9letemet,\u00c9lveztem a sz\u00e9ps\u00e9geket.Voltak, amik megmaradtak,Vagy h\u0171tlen\u00fcl &#8230; <a title=\"VISSZAT\u00c9R\u0150 GONDOLATOK\" class=\"read-more\" href=\"https:\/\/bozsogiattila.hu\/?p=1171\" aria-label=\"Tov\u00e1bbiak VISSZAT\u00c9R\u0150 GONDOLATOK\">Olvass tov\u00e1bb<\/a><\/p>\n","protected":false},"author":3,"featured_media":0,"comment_status":"closed","ping_status":"open","sticky":false,"template":"","format":"standard","meta":{"footnotes":""},"categories":[4],"tags":[313,12],"class_list":["post-1171","post","type-post","status-publish","format-standard","hentry","category-versek","tag-313","tag-mako"],"yoast_head":"<!-- This site is optimized with the Yoast SEO plugin v21.8 - https:\/\/yoast.com\/wordpress\/plugins\/seo\/ -->\n<title>VISSZAT\u00c9R\u0150 GONDOLATOK - Bozsogi Attila<\/title>\n<meta name=\"robots\" content=\"index, follow, max-snippet:-1, max-image-preview:large, max-video-preview:-1\" \/>\n<link rel=\"canonical\" href=\"https:\/\/bozsogiattila.hu\/?p=1171\" \/>\n<meta property=\"og:locale\" content=\"hu_HU\" \/>\n<meta property=\"og:type\" content=\"article\" \/>\n<meta property=\"og:title\" content=\"VISSZAT\u00c9R\u0150 GONDOLATOK - Bozsogi Attila\" \/>\n<meta property=\"og:description\" content=\"VISSZAT\u00c9R\u0150 GONDOLATOK Visszat\u00e9r\u0151 gondolatok,Nem hagynak sohasem nyugtot.Ahogy telnek az \u00e9veim,El\u0151j\u00f6nnek eml\u00e9keim. N\u00e9ha, b\u00e1ntanak-, szeretnek,Eltolnak, vagy \u00e1t\u00f6lelnek.Magukhoz h\u00faznak \u00e1lmomban,Csal\u00f3dom a val\u00f3s\u00e1gban. \u00d6r\u00f6m\u00f6k is felkeresnek,S mint egy galamb elrep\u00fclnek.Tovasz\u00e1llnak, s visszan\u00e9znek,Kac\u00e9rkodva hitegetnek. J\u00e1tszik a sors, tal\u00e1n velem,\u00c9rdemlem, vagy nem \u00e9rdemlem.Nem tudom, t\u00e1n, sosem fogom,Mi a j\u00f3, vagy rossz fogalom. Le\u00e9ltem az \u00e9letemet,\u00c9lveztem a sz\u00e9ps\u00e9geket.Voltak, amik megmaradtak,Vagy h\u0171tlen\u00fcl ... Olvass tov\u00e1bb\" \/>\n<meta property=\"og:url\" content=\"https:\/\/bozsogiattila.hu\/?p=1171\" \/>\n<meta property=\"og:site_name\" content=\"Bozsogi Attila\" \/>\n<meta property=\"article:published_time\" content=\"2017-05-07T19:36:00+00:00\" \/>\n<meta property=\"article:modified_time\" content=\"2024-01-09T19:38:26+00:00\" \/>\n<meta name=\"author\" content=\"Bozsogi Attila\" \/>\n<meta name=\"twitter:card\" content=\"summary_large_image\" \/>\n<meta name=\"twitter:label1\" content=\"Szerz\u0151:\" \/>\n\t<meta name=\"twitter:data1\" content=\"Bozsogi Attila\" \/>\n\t<meta name=\"twitter:label2\" content=\"Becs\u00fclt olvas\u00e1si id\u0151\" \/>\n\t<meta name=\"twitter:data2\" content=\"2 perc\" \/>\n<script type=\"application\/ld+json\" class=\"yoast-schema-graph\">{\"@context\":\"https:\/\/schema.org\",\"@graph\":[{\"@type\":\"WebPage\",\"@id\":\"https:\/\/bozsogiattila.hu\/?p=1171\",\"url\":\"https:\/\/bozsogiattila.hu\/?p=1171\",\"name\":\"VISSZAT\u00c9R\u0150 GONDOLATOK - Bozsogi Attila\",\"isPartOf\":{\"@id\":\"https:\/\/bozsogiattila.hu\/#website\"},\"datePublished\":\"2017-05-07T19:36:00+00:00\",\"dateModified\":\"2024-01-09T19:38:26+00:00\",\"author\":{\"@id\":\"https:\/\/bozsogiattila.hu\/#\/schema\/person\/488c99f554a8c4039201260dd5eb795e\"},\"breadcrumb\":{\"@id\":\"https:\/\/bozsogiattila.hu\/?p=1171#breadcrumb\"},\"inLanguage\":\"hu\",\"potentialAction\":[{\"@type\":\"ReadAction\",\"target\":[\"https:\/\/bozsogiattila.hu\/?p=1171\"]}]},{\"@type\":\"BreadcrumbList\",\"@id\":\"https:\/\/bozsogiattila.hu\/?p=1171#breadcrumb\",\"itemListElement\":[{\"@type\":\"ListItem\",\"position\":1,\"name\":\"Kezd\u0151lap\",\"item\":\"https:\/\/bozsogiattila.hu\/\"},{\"@type\":\"ListItem\",\"position\":2,\"name\":\"VISSZAT\u00c9R\u0150 GONDOLATOK\"}]},{\"@type\":\"WebSite\",\"@id\":\"https:\/\/bozsogiattila.hu\/#website\",\"url\":\"https:\/\/bozsogiattila.hu\/\",\"name\":\"Bozsogi Attila\",\"description\":\"a zen\u00e9sz, \u00edr\u00f3 munk\u00e1ss\u00e1g\u00e1nak \u00e9s a mak\u00f3i muzsikusok eml\u00e9k\u00e9t \u0151rz\u0151 oldal\",\"potentialAction\":[{\"@type\":\"SearchAction\",\"target\":{\"@type\":\"EntryPoint\",\"urlTemplate\":\"https:\/\/bozsogiattila.hu\/?s={search_term_string}\"},\"query-input\":\"required name=search_term_string\"}],\"inLanguage\":\"hu\"},{\"@type\":\"Person\",\"@id\":\"https:\/\/bozsogiattila.hu\/#\/schema\/person\/488c99f554a8c4039201260dd5eb795e\",\"name\":\"Bozsogi Attila\",\"image\":{\"@type\":\"ImageObject\",\"inLanguage\":\"hu\",\"@id\":\"https:\/\/bozsogiattila.hu\/#\/schema\/person\/image\/\",\"url\":\"https:\/\/secure.gravatar.com\/avatar\/7da6b5985e34ed798d1670c54ce7d20e6a53b800bb0c07945c64b09392f3dbfd?s=96&d=mm&r=g\",\"contentUrl\":\"https:\/\/secure.gravatar.com\/avatar\/7da6b5985e34ed798d1670c54ce7d20e6a53b800bb0c07945c64b09392f3dbfd?s=96&d=mm&r=g\",\"caption\":\"Bozsogi Attila\"},\"sameAs\":[\"http:\/\/www.boszogiattila.hu\"],\"url\":\"https:\/\/bozsogiattila.hu\/?author=3\"}]}<\/script>\n<!-- \/ Yoast SEO plugin. -->","yoast_head_json":{"title":"VISSZAT\u00c9R\u0150 GONDOLATOK - Bozsogi Attila","robots":{"index":"index","follow":"follow","max-snippet":"max-snippet:-1","max-image-preview":"max-image-preview:large","max-video-preview":"max-video-preview:-1"},"canonical":"https:\/\/bozsogiattila.hu\/?p=1171","og_locale":"hu_HU","og_type":"article","og_title":"VISSZAT\u00c9R\u0150 GONDOLATOK - Bozsogi Attila","og_description":"VISSZAT\u00c9R\u0150 GONDOLATOK Visszat\u00e9r\u0151 gondolatok,Nem hagynak sohasem nyugtot.Ahogy telnek az \u00e9veim,El\u0151j\u00f6nnek eml\u00e9keim. N\u00e9ha, b\u00e1ntanak-, szeretnek,Eltolnak, vagy \u00e1t\u00f6lelnek.Magukhoz h\u00faznak \u00e1lmomban,Csal\u00f3dom a val\u00f3s\u00e1gban. \u00d6r\u00f6m\u00f6k is felkeresnek,S mint egy galamb elrep\u00fclnek.Tovasz\u00e1llnak, s visszan\u00e9znek,Kac\u00e9rkodva hitegetnek. J\u00e1tszik a sors, tal\u00e1n velem,\u00c9rdemlem, vagy nem \u00e9rdemlem.Nem tudom, t\u00e1n, sosem fogom,Mi a j\u00f3, vagy rossz fogalom. Le\u00e9ltem az \u00e9letemet,\u00c9lveztem a sz\u00e9ps\u00e9geket.Voltak, amik megmaradtak,Vagy h\u0171tlen\u00fcl ... Olvass tov\u00e1bb","og_url":"https:\/\/bozsogiattila.hu\/?p=1171","og_site_name":"Bozsogi Attila","article_published_time":"2017-05-07T19:36:00+00:00","article_modified_time":"2024-01-09T19:38:26+00:00","author":"Bozsogi Attila","twitter_card":"summary_large_image","twitter_misc":{"Szerz\u0151:":"Bozsogi Attila","Becs\u00fclt olvas\u00e1si id\u0151":"2 perc"},"schema":{"@context":"https:\/\/schema.org","@graph":[{"@type":"WebPage","@id":"https:\/\/bozsogiattila.hu\/?p=1171","url":"https:\/\/bozsogiattila.hu\/?p=1171","name":"VISSZAT\u00c9R\u0150 GONDOLATOK - Bozsogi Attila","isPartOf":{"@id":"https:\/\/bozsogiattila.hu\/#website"},"datePublished":"2017-05-07T19:36:00+00:00","dateModified":"2024-01-09T19:38:26+00:00","author":{"@id":"https:\/\/bozsogiattila.hu\/#\/schema\/person\/488c99f554a8c4039201260dd5eb795e"},"breadcrumb":{"@id":"https:\/\/bozsogiattila.hu\/?p=1171#breadcrumb"},"inLanguage":"hu","potentialAction":[{"@type":"ReadAction","target":["https:\/\/bozsogiattila.hu\/?p=1171"]}]},{"@type":"BreadcrumbList","@id":"https:\/\/bozsogiattila.hu\/?p=1171#breadcrumb","itemListElement":[{"@type":"ListItem","position":1,"name":"Kezd\u0151lap","item":"https:\/\/bozsogiattila.hu\/"},{"@type":"ListItem","position":2,"name":"VISSZAT\u00c9R\u0150 GONDOLATOK"}]},{"@type":"WebSite","@id":"https:\/\/bozsogiattila.hu\/#website","url":"https:\/\/bozsogiattila.hu\/","name":"Bozsogi Attila","description":"a zen\u00e9sz, \u00edr\u00f3 munk\u00e1ss\u00e1g\u00e1nak \u00e9s a mak\u00f3i muzsikusok eml\u00e9k\u00e9t \u0151rz\u0151 oldal","potentialAction":[{"@type":"SearchAction","target":{"@type":"EntryPoint","urlTemplate":"https:\/\/bozsogiattila.hu\/?s={search_term_string}"},"query-input":"required name=search_term_string"}],"inLanguage":"hu"},{"@type":"Person","@id":"https:\/\/bozsogiattila.hu\/#\/schema\/person\/488c99f554a8c4039201260dd5eb795e","name":"Bozsogi Attila","image":{"@type":"ImageObject","inLanguage":"hu","@id":"https:\/\/bozsogiattila.hu\/#\/schema\/person\/image\/","url":"https:\/\/secure.gravatar.com\/avatar\/7da6b5985e34ed798d1670c54ce7d20e6a53b800bb0c07945c64b09392f3dbfd?s=96&d=mm&r=g","contentUrl":"https:\/\/secure.gravatar.com\/avatar\/7da6b5985e34ed798d1670c54ce7d20e6a53b800bb0c07945c64b09392f3dbfd?s=96&d=mm&r=g","caption":"Bozsogi Attila"},"sameAs":["http:\/\/www.boszogiattila.hu"],"url":"https:\/\/bozsogiattila.hu\/?author=3"}]}},"jetpack_featured_media_url":"","_links":{"self":[{"href":"https:\/\/bozsogiattila.hu\/index.php?rest_route=\/wp\/v2\/posts\/1171","targetHints":{"allow":["GET"]}}],"collection":[{"href":"https:\/\/bozsogiattila.hu\/index.php?rest_route=\/wp\/v2\/posts"}],"about":[{"href":"https:\/\/bozsogiattila.hu\/index.php?rest_route=\/wp\/v2\/types\/post"}],"author":[{"embeddable":true,"href":"https:\/\/bozsogiattila.hu\/index.php?rest_route=\/wp\/v2\/users\/3"}],"replies":[{"embeddable":true,"href":"https:\/\/bozsogiattila.hu\/index.php?rest_route=%2Fwp%2Fv2%2Fcomments&post=1171"}],"version-history":[{"count":1,"href":"https:\/\/bozsogiattila.hu\/index.php?rest_route=\/wp\/v2\/posts\/1171\/revisions"}],"predecessor-version":[{"id":1172,"href":"https:\/\/bozsogiattila.hu\/index.php?rest_route=\/wp\/v2\/posts\/1171\/revisions\/1172"}],"wp:attachment":[{"href":"https:\/\/bozsogiattila.hu\/index.php?rest_route=%2Fwp%2Fv2%2Fmedia&parent=1171"}],"wp:term":[{"taxonomy":"category","embeddable":true,"href":"https:\/\/bozsogiattila.hu\/index.php?rest_route=%2Fwp%2Fv2%2Fcategories&post=1171"},{"taxonomy":"post_tag","embeddable":true,"href":"https:\/\/bozsogiattila.hu\/index.php?rest_route=%2Fwp%2Fv2%2Ftags&post=1171"}],"curies":[{"name":"wp","href":"https:\/\/api.w.org\/{rel}","templated":true}]}}