{"id":1173,"date":"2015-07-24T19:38:00","date_gmt":"2015-07-24T19:38:00","guid":{"rendered":"https:\/\/bozsogiattila.hu\/?p=1173"},"modified":"2024-01-09T19:39:43","modified_gmt":"2024-01-09T19:39:43","slug":"a-festo-farago-imrenek","status":"publish","type":"post","link":"https:\/\/bozsogiattila.hu\/?p=1173","title":{"rendered":"A FEST\u0150 \/Farag\u00f3 Imr\u00e9nek\/"},"content":{"rendered":"\n<p class=\"wp-block-paragraph\">A FEST\u0150 \/Farag\u00f3 Imr\u00e9nek\/<\/p>\n\n\n\n<p class=\"wp-block-paragraph\">Festm\u00e9nyeid el\u0151tt \u00e1llok,<br>Kutatom a var\u00e1zslatot.<br>Ki volt\u00e1l, \u00e9s honnan j\u00f6tt\u00e9l,<br>Ecsetedhez, hogy \u00e9rkezt\u00e9l?<\/p>\n\n\n\n<p class=\"wp-block-paragraph\">Paletta volt j\u00e1tsz\u00f3t\u00e1rsad,<br>S ez lett k\u00e9s\u0151bb er\u0151s v\u00e1rad?<br>Gyermekk\u00e9nt m\u00e1r gondolt\u00e1l r\u00e1,<br>\/Hogy\/ tehets\u00e9ged az \u00e9g ad\u00e1?<\/p>\n\n\n\n<p class=\"wp-block-paragraph\">Tudtad, akkor mi van benned,<br>K\u00e9pek \u00f6vezt\u00e9k a lelked?<br>Ki nyitotta fel a szemed,<br>Volt, ki vezette a kezed?<\/p>\n\n\n\n<p class=\"wp-block-paragraph\">A tud\u00e1sra hol tal\u00e1lt\u00e1l,<br>M\u0171v\u00e9szethez er\u0151t kapt\u00e1l?<br>P\u00e9ldak\u00e9ped volt egykoron,<br>Vagy fant\u00e1zi\u00e1d csapong\u00f3n?<\/p>\n\n\n\n<p class=\"wp-block-paragraph\">Faragt\u00e1l f\u00e1b\u00f3l szobrokat,<br>Tudatlanul form\u00e1ztad azt.<br>M\u00e9gis \u00e9rt\u00e9kesek voltak,<br>Sz\u00e9pek, j\u00f3k \u00e9s ar\u00e1nyosak.<\/p>\n\n\n\n<p class=\"wp-block-paragraph\">Kerested akkor az utat,<br>F\u00farj, faragj, vagy fess\u00e9l sokat?<br>Maradt\u00e1l a palett\u00e1n\u00e1l,<br>A k\u00e9peid var\u00e1zs\u00e1n\u00e1l.<\/p>\n\n\n\n<p class=\"wp-block-paragraph\">K\u00e9rd\u00e9ses volt az \u00e9leted,<br>Ecseted lett r\u00e1 felelet.<br>\u00d6tleteid ki nem fogytak,<br>Dulakodva sorakoztak.<\/p>\n\n\n\n<p class=\"wp-block-paragraph\">\u00c9jjel \u00e9s nappal alkott\u00e1l,<br>\/A\/ fellegekbe m\u00e9gsem v\u00e1gyt\u00e1l.<br>Dicseked\u0151 sosem volt\u00e1l,<br>Hivalkod\u00e1st nem tanult\u00e1l.<\/p>\n\n\n\n<p class=\"wp-block-paragraph\">A szer\u00e9nys\u00e9g nagy aj\u00e1nd\u00e9k,<br>Neked megadta azt az \u00e9g.<br>Boldogs\u00e1god sem mutattad,<br>Pedig mindig benned \u00e9lt az.<\/p>\n\n\n\n<p class=\"wp-block-paragraph\">A munk\u00e1d volt az \u00f6r\u00f6m\u00f6d,<br>Az adta neked az er\u0151t.<br>Sz\u00edneid kavalk\u00e1dj\u00e1ban,<br>J\u00e1rt\u00e1l mindig egymagadban.<\/p>\n\n\n\n<p class=\"wp-block-paragraph\">Elj\u00f6ttek a bar\u00e1taid,<br>Megcsod\u00e1lj\u00e1k alkot\u00e1sid.<br>Fejet hajtanak el\u0151tted,<br>Ami kij\u00e1r egy fest\u0151nek.<\/p>\n\n\n\n<p class=\"wp-block-paragraph\">\u00d6sszes\u00fagnak, besz\u00e9lgetnek,<br>K\u00e9peidn\u00e9l tisztelegnek.<br>Megjelenik az alakod,<br>Mindenki a kritikusod.<\/p>\n\n\n\n<p class=\"wp-block-paragraph\">Pr\u00f3b\u00e1lj\u00e1k azt kif\u00fcrk\u00e9szni,<br>K\u00e9peidet elemezni.<br>Mi adta az \u00f6tletedet,<br>Azt keresik, kutatj\u00e1k ezt?<\/p>\n\n\n\n<p class=\"wp-block-paragraph\">K\u00e9rd\u00e9st, k\u00e9rd\u00e9sek k\u00f6vetnek,<br>K\u00f6zben m\u0171veidre n\u00e9znek.<br>Ott \u00e1llsz te a k\u00f6z\u00e9ppontban,<br>Bar\u00e1taidnak sor\u00e1ban.<\/p>\n\n\n\n<p class=\"wp-block-paragraph\">Eml\u00e9k\u00fckbe v\u00e9sve ott vagy,<br>Ott is maradsz, tudatukban.<br>T\u00fal\u00e9ltek alkot\u00e1said,<br>Megmaradtak a v\u00e1gyaid.<\/p>\n\n\n\n<p class=\"wp-block-paragraph\">Festm\u00e9nyeid el\u0151tt \u00e1llok,<br>M\u00e9ltatok egy j\u00f3 bar\u00e1tot.<br>Bar\u00e1t volt\u00e1l, az maradt\u00e1l,<br>Embers\u00e9gb\u0151l jeles volt\u00e1l!<\/p>\n\n\n\n<p class=\"wp-block-paragraph\">Mak\u00f3, 2015-07-24<\/p>\n","protected":false},"excerpt":{"rendered":"<p>A FEST\u0150 \/Farag\u00f3 Imr\u00e9nek\/ Festm\u00e9nyeid el\u0151tt \u00e1llok,Kutatom a var\u00e1zslatot.Ki volt\u00e1l, \u00e9s honnan j\u00f6tt\u00e9l,Ecsetedhez, hogy \u00e9rkezt\u00e9l? Paletta volt j\u00e1tsz\u00f3t\u00e1rsad,S ez lett k\u00e9s\u0151bb er\u0151s v\u00e1rad?Gyermekk\u00e9nt m\u00e1r gondolt\u00e1l r\u00e1,\/Hogy\/ tehets\u00e9ged az \u00e9g ad\u00e1? Tudtad, akkor mi van benned,K\u00e9pek \u00f6vezt\u00e9k a lelked?Ki nyitotta fel a szemed,Volt, ki vezette a kezed? A tud\u00e1sra hol tal\u00e1lt\u00e1l,M\u0171v\u00e9szethez er\u0151t kapt\u00e1l?P\u00e9ldak\u00e9ped volt egykoron,Vagy fant\u00e1zi\u00e1d &#8230; <a title=\"A FEST\u0150 \/Farag\u00f3 Imr\u00e9nek\/\" class=\"read-more\" href=\"https:\/\/bozsogiattila.hu\/?p=1173\" aria-label=\"Tov\u00e1bbiak A FEST\u0150 \/Farag\u00f3 Imr\u00e9nek\/\">Olvass tov\u00e1bb<\/a><\/p>\n","protected":false},"author":3,"featured_media":0,"comment_status":"closed","ping_status":"open","sticky":false,"template":"","format":"standard","meta":{"footnotes":""},"categories":[4],"tags":[328,12],"class_list":["post-1173","post","type-post","status-publish","format-standard","hentry","category-versek","tag-328","tag-mako"],"yoast_head":"<!-- This site is optimized with the Yoast SEO plugin v21.8 - https:\/\/yoast.com\/wordpress\/plugins\/seo\/ -->\n<title>A FEST\u0150 \/Farag\u00f3 Imr\u00e9nek\/ - Bozsogi Attila<\/title>\n<meta name=\"robots\" content=\"index, follow, max-snippet:-1, max-image-preview:large, max-video-preview:-1\" \/>\n<link rel=\"canonical\" href=\"https:\/\/bozsogiattila.hu\/?p=1173\" \/>\n<meta property=\"og:locale\" content=\"hu_HU\" \/>\n<meta property=\"og:type\" content=\"article\" \/>\n<meta property=\"og:title\" content=\"A FEST\u0150 \/Farag\u00f3 Imr\u00e9nek\/ - Bozsogi Attila\" \/>\n<meta property=\"og:description\" content=\"A FEST\u0150 \/Farag\u00f3 Imr\u00e9nek\/ Festm\u00e9nyeid el\u0151tt \u00e1llok,Kutatom a var\u00e1zslatot.Ki volt\u00e1l, \u00e9s honnan j\u00f6tt\u00e9l,Ecsetedhez, hogy \u00e9rkezt\u00e9l? Paletta volt j\u00e1tsz\u00f3t\u00e1rsad,S ez lett k\u00e9s\u0151bb er\u0151s v\u00e1rad?Gyermekk\u00e9nt m\u00e1r gondolt\u00e1l r\u00e1,\/Hogy\/ tehets\u00e9ged az \u00e9g ad\u00e1? Tudtad, akkor mi van benned,K\u00e9pek \u00f6vezt\u00e9k a lelked?Ki nyitotta fel a szemed,Volt, ki vezette a kezed? A tud\u00e1sra hol tal\u00e1lt\u00e1l,M\u0171v\u00e9szethez er\u0151t kapt\u00e1l?P\u00e9ldak\u00e9ped volt egykoron,Vagy fant\u00e1zi\u00e1d ... Olvass tov\u00e1bb\" \/>\n<meta property=\"og:url\" content=\"https:\/\/bozsogiattila.hu\/?p=1173\" \/>\n<meta property=\"og:site_name\" content=\"Bozsogi Attila\" \/>\n<meta property=\"article:published_time\" content=\"2015-07-24T19:38:00+00:00\" \/>\n<meta property=\"article:modified_time\" content=\"2024-01-09T19:39:43+00:00\" \/>\n<meta name=\"author\" content=\"Bozsogi Attila\" \/>\n<meta name=\"twitter:card\" content=\"summary_large_image\" \/>\n<meta name=\"twitter:label1\" content=\"Szerz\u0151:\" \/>\n\t<meta name=\"twitter:data1\" content=\"Bozsogi Attila\" \/>\n\t<meta name=\"twitter:label2\" content=\"Becs\u00fclt olvas\u00e1si id\u0151\" \/>\n\t<meta name=\"twitter:data2\" content=\"2 perc\" \/>\n<script type=\"application\/ld+json\" class=\"yoast-schema-graph\">{\"@context\":\"https:\/\/schema.org\",\"@graph\":[{\"@type\":\"WebPage\",\"@id\":\"https:\/\/bozsogiattila.hu\/?p=1173\",\"url\":\"https:\/\/bozsogiattila.hu\/?p=1173\",\"name\":\"A FEST\u0150 \/Farag\u00f3 Imr\u00e9nek\/ - Bozsogi Attila\",\"isPartOf\":{\"@id\":\"https:\/\/bozsogiattila.hu\/#website\"},\"datePublished\":\"2015-07-24T19:38:00+00:00\",\"dateModified\":\"2024-01-09T19:39:43+00:00\",\"author\":{\"@id\":\"https:\/\/bozsogiattila.hu\/#\/schema\/person\/488c99f554a8c4039201260dd5eb795e\"},\"breadcrumb\":{\"@id\":\"https:\/\/bozsogiattila.hu\/?p=1173#breadcrumb\"},\"inLanguage\":\"hu\",\"potentialAction\":[{\"@type\":\"ReadAction\",\"target\":[\"https:\/\/bozsogiattila.hu\/?p=1173\"]}]},{\"@type\":\"BreadcrumbList\",\"@id\":\"https:\/\/bozsogiattila.hu\/?p=1173#breadcrumb\",\"itemListElement\":[{\"@type\":\"ListItem\",\"position\":1,\"name\":\"Kezd\u0151lap\",\"item\":\"https:\/\/bozsogiattila.hu\/\"},{\"@type\":\"ListItem\",\"position\":2,\"name\":\"A FEST\u0150 \/Farag\u00f3 Imr\u00e9nek\/\"}]},{\"@type\":\"WebSite\",\"@id\":\"https:\/\/bozsogiattila.hu\/#website\",\"url\":\"https:\/\/bozsogiattila.hu\/\",\"name\":\"Bozsogi Attila\",\"description\":\"a zen\u00e9sz, \u00edr\u00f3 munk\u00e1ss\u00e1g\u00e1nak \u00e9s a mak\u00f3i muzsikusok eml\u00e9k\u00e9t \u0151rz\u0151 oldal\",\"potentialAction\":[{\"@type\":\"SearchAction\",\"target\":{\"@type\":\"EntryPoint\",\"urlTemplate\":\"https:\/\/bozsogiattila.hu\/?s={search_term_string}\"},\"query-input\":\"required name=search_term_string\"}],\"inLanguage\":\"hu\"},{\"@type\":\"Person\",\"@id\":\"https:\/\/bozsogiattila.hu\/#\/schema\/person\/488c99f554a8c4039201260dd5eb795e\",\"name\":\"Bozsogi Attila\",\"image\":{\"@type\":\"ImageObject\",\"inLanguage\":\"hu\",\"@id\":\"https:\/\/bozsogiattila.hu\/#\/schema\/person\/image\/\",\"url\":\"https:\/\/secure.gravatar.com\/avatar\/7da6b5985e34ed798d1670c54ce7d20e6a53b800bb0c07945c64b09392f3dbfd?s=96&d=mm&r=g\",\"contentUrl\":\"https:\/\/secure.gravatar.com\/avatar\/7da6b5985e34ed798d1670c54ce7d20e6a53b800bb0c07945c64b09392f3dbfd?s=96&d=mm&r=g\",\"caption\":\"Bozsogi Attila\"},\"sameAs\":[\"http:\/\/www.boszogiattila.hu\"],\"url\":\"https:\/\/bozsogiattila.hu\/?author=3\"}]}<\/script>\n<!-- \/ Yoast SEO plugin. -->","yoast_head_json":{"title":"A FEST\u0150 \/Farag\u00f3 Imr\u00e9nek\/ - Bozsogi Attila","robots":{"index":"index","follow":"follow","max-snippet":"max-snippet:-1","max-image-preview":"max-image-preview:large","max-video-preview":"max-video-preview:-1"},"canonical":"https:\/\/bozsogiattila.hu\/?p=1173","og_locale":"hu_HU","og_type":"article","og_title":"A FEST\u0150 \/Farag\u00f3 Imr\u00e9nek\/ - Bozsogi Attila","og_description":"A FEST\u0150 \/Farag\u00f3 Imr\u00e9nek\/ Festm\u00e9nyeid el\u0151tt \u00e1llok,Kutatom a var\u00e1zslatot.Ki volt\u00e1l, \u00e9s honnan j\u00f6tt\u00e9l,Ecsetedhez, hogy \u00e9rkezt\u00e9l? Paletta volt j\u00e1tsz\u00f3t\u00e1rsad,S ez lett k\u00e9s\u0151bb er\u0151s v\u00e1rad?Gyermekk\u00e9nt m\u00e1r gondolt\u00e1l r\u00e1,\/Hogy\/ tehets\u00e9ged az \u00e9g ad\u00e1? Tudtad, akkor mi van benned,K\u00e9pek \u00f6vezt\u00e9k a lelked?Ki nyitotta fel a szemed,Volt, ki vezette a kezed? A tud\u00e1sra hol tal\u00e1lt\u00e1l,M\u0171v\u00e9szethez er\u0151t kapt\u00e1l?P\u00e9ldak\u00e9ped volt egykoron,Vagy fant\u00e1zi\u00e1d ... Olvass tov\u00e1bb","og_url":"https:\/\/bozsogiattila.hu\/?p=1173","og_site_name":"Bozsogi Attila","article_published_time":"2015-07-24T19:38:00+00:00","article_modified_time":"2024-01-09T19:39:43+00:00","author":"Bozsogi Attila","twitter_card":"summary_large_image","twitter_misc":{"Szerz\u0151:":"Bozsogi Attila","Becs\u00fclt olvas\u00e1si id\u0151":"2 perc"},"schema":{"@context":"https:\/\/schema.org","@graph":[{"@type":"WebPage","@id":"https:\/\/bozsogiattila.hu\/?p=1173","url":"https:\/\/bozsogiattila.hu\/?p=1173","name":"A FEST\u0150 \/Farag\u00f3 Imr\u00e9nek\/ - Bozsogi Attila","isPartOf":{"@id":"https:\/\/bozsogiattila.hu\/#website"},"datePublished":"2015-07-24T19:38:00+00:00","dateModified":"2024-01-09T19:39:43+00:00","author":{"@id":"https:\/\/bozsogiattila.hu\/#\/schema\/person\/488c99f554a8c4039201260dd5eb795e"},"breadcrumb":{"@id":"https:\/\/bozsogiattila.hu\/?p=1173#breadcrumb"},"inLanguage":"hu","potentialAction":[{"@type":"ReadAction","target":["https:\/\/bozsogiattila.hu\/?p=1173"]}]},{"@type":"BreadcrumbList","@id":"https:\/\/bozsogiattila.hu\/?p=1173#breadcrumb","itemListElement":[{"@type":"ListItem","position":1,"name":"Kezd\u0151lap","item":"https:\/\/bozsogiattila.hu\/"},{"@type":"ListItem","position":2,"name":"A FEST\u0150 \/Farag\u00f3 Imr\u00e9nek\/"}]},{"@type":"WebSite","@id":"https:\/\/bozsogiattila.hu\/#website","url":"https:\/\/bozsogiattila.hu\/","name":"Bozsogi Attila","description":"a zen\u00e9sz, \u00edr\u00f3 munk\u00e1ss\u00e1g\u00e1nak \u00e9s a mak\u00f3i muzsikusok eml\u00e9k\u00e9t \u0151rz\u0151 oldal","potentialAction":[{"@type":"SearchAction","target":{"@type":"EntryPoint","urlTemplate":"https:\/\/bozsogiattila.hu\/?s={search_term_string}"},"query-input":"required name=search_term_string"}],"inLanguage":"hu"},{"@type":"Person","@id":"https:\/\/bozsogiattila.hu\/#\/schema\/person\/488c99f554a8c4039201260dd5eb795e","name":"Bozsogi Attila","image":{"@type":"ImageObject","inLanguage":"hu","@id":"https:\/\/bozsogiattila.hu\/#\/schema\/person\/image\/","url":"https:\/\/secure.gravatar.com\/avatar\/7da6b5985e34ed798d1670c54ce7d20e6a53b800bb0c07945c64b09392f3dbfd?s=96&d=mm&r=g","contentUrl":"https:\/\/secure.gravatar.com\/avatar\/7da6b5985e34ed798d1670c54ce7d20e6a53b800bb0c07945c64b09392f3dbfd?s=96&d=mm&r=g","caption":"Bozsogi Attila"},"sameAs":["http:\/\/www.boszogiattila.hu"],"url":"https:\/\/bozsogiattila.hu\/?author=3"}]}},"jetpack_featured_media_url":"","_links":{"self":[{"href":"https:\/\/bozsogiattila.hu\/index.php?rest_route=\/wp\/v2\/posts\/1173","targetHints":{"allow":["GET"]}}],"collection":[{"href":"https:\/\/bozsogiattila.hu\/index.php?rest_route=\/wp\/v2\/posts"}],"about":[{"href":"https:\/\/bozsogiattila.hu\/index.php?rest_route=\/wp\/v2\/types\/post"}],"author":[{"embeddable":true,"href":"https:\/\/bozsogiattila.hu\/index.php?rest_route=\/wp\/v2\/users\/3"}],"replies":[{"embeddable":true,"href":"https:\/\/bozsogiattila.hu\/index.php?rest_route=%2Fwp%2Fv2%2Fcomments&post=1173"}],"version-history":[{"count":1,"href":"https:\/\/bozsogiattila.hu\/index.php?rest_route=\/wp\/v2\/posts\/1173\/revisions"}],"predecessor-version":[{"id":1174,"href":"https:\/\/bozsogiattila.hu\/index.php?rest_route=\/wp\/v2\/posts\/1173\/revisions\/1174"}],"wp:attachment":[{"href":"https:\/\/bozsogiattila.hu\/index.php?rest_route=%2Fwp%2Fv2%2Fmedia&parent=1173"}],"wp:term":[{"taxonomy":"category","embeddable":true,"href":"https:\/\/bozsogiattila.hu\/index.php?rest_route=%2Fwp%2Fv2%2Fcategories&post=1173"},{"taxonomy":"post_tag","embeddable":true,"href":"https:\/\/bozsogiattila.hu\/index.php?rest_route=%2Fwp%2Fv2%2Ftags&post=1173"}],"curies":[{"name":"wp","href":"https:\/\/api.w.org\/{rel}","templated":true}]}}