{"id":1193,"date":"2015-06-18T19:51:00","date_gmt":"2015-06-18T19:51:00","guid":{"rendered":"https:\/\/bozsogiattila.hu\/?p=1193"},"modified":"2024-01-09T19:52:19","modified_gmt":"2024-01-09T19:52:19","slug":"elmelkedes-errol-arrol","status":"publish","type":"post","link":"https:\/\/bozsogiattila.hu\/?p=1193","title":{"rendered":"ELM\u00c9LKED\u00c9S ERR\u0150L-ARR\u00d3L"},"content":{"rendered":"\n<p class=\"wp-block-paragraph\">ELM\u00c9LKED\u00c9S ERR\u0150L-ARR\u00d3L<\/p>\n\n\n\n<p class=\"wp-block-paragraph\">Reggel mikor fel\u00e9bredek,<br>Ism\u00e9t \u00faj napnak \u00f6rvendek.<br>\u00cdgy rohannak el az \u00e9vek,<br>S a m\u00falt id\u0151kr\u0151l reg\u00e9lnek.<\/p>\n\n\n\n<p class=\"wp-block-paragraph\">Ami elm\u00falt, nem j\u00f6n vissza,<br>Hogy mi lesz? \u2013 A j\u00f6v\u0151 titka.<br>Jobb \u00edgy tal\u00e1n? \u2013 Vagy jobb lenne?<br>A v\u00e9g\u00fcnknek ismerete?<\/p>\n\n\n\n<p class=\"wp-block-paragraph\">Okosan \u00fagy van rendelve,<br>Nem l\u00e1thatunk a j\u00f6v\u0151nkbe.<br>Helyette a t\u00fckr\u00fcnk besz\u00e9l,<br>Sejteti mi lesz majd a v\u00e9g.<\/p>\n\n\n\n<p class=\"wp-block-paragraph\">A c\u00e9lba egyszer befutunk,<br>Meg\u00e1ll ottan a vonatunk.<br>Ez az, amit biztos tudunk,<br>Addig sokat alakulunk.<\/p>\n\n\n\n<p class=\"wp-block-paragraph\">Megv\u00edvjuk a csat\u00e1inkat,<br>Sz\u00e1molhatjuk napjainkat.<br>Az ifjakb\u00f3l v\u00e9nek lesznek,<br>S aggasty\u00e1nokr\u00f3l reg\u00e9lnek.<\/p>\n\n\n\n<p class=\"wp-block-paragraph\">Az \u00e9let\u00fcnknek sk\u00e1l\u00e1j\u00e1n,<br>Fura k\u00e9pek grafikonj\u00e1n,<br>Sok \u00e1llom\u00e1s van jel\u00f6lve,<br>Ott vagyunk a c\u00e9lkeresztbe.<\/p>\n\n\n\n<p class=\"wp-block-paragraph\">A k\u00e9pzelet\u00fcnk pusk\u00e1ja,<br>Egyszer l\u00f6v\u00e9s\u00e9t leadja.<br>Eltal\u00e1l, &#8211; biztos nem t\u00e9veszt,<br>Nem alkudhatsz, nem rem\u00e9lhetsz.<\/p>\n\n\n\n<p class=\"wp-block-paragraph\">Addig m\u00e9g van id\u0151nk arra,<br>Ne sz\u00e1lljunk fel a vonatra.<br>Kutassunk eml\u00e9keinkbe,<br>Boldog id\u0151k rejtek\u00e9be.<\/p>\n\n\n\n<p class=\"wp-block-paragraph\">N\u00e9zz\u00fcnk vissza \u00e9let\u00fcnkre,<br>S eml\u00e9kezz\u00fcnk sz\u00e9p \u00e9letre.<br>Gyermekkori ifj\u00fa \u00e9vre,<br>Kalandokra, h\u0151s tettekre.<\/p>\n\n\n\n<p class=\"wp-block-paragraph\">Minden \u00e1llom\u00e1s hol j\u00e1rtunk,<br>Andalogva meg-meg\u00e1lltunk,<br>Visszapereg most el\u0151tt\u00fcnk,<br>R\u00e1j\u00f6v\u00fcnk, meg\u00f6regedt\u00fcnk.<\/p>\n\n\n\n<p class=\"wp-block-paragraph\">Mennyi csod\u00e1s boldog \u00f3ra,<br>Jutott annak, &#8211; ki akarta.<br>Ki az \u00f6r\u00f6m\u00f6t hajszolta,<br>Gazdag a reperto\u00e1rja.<\/p>\n\n\n\n<p class=\"wp-block-paragraph\">Aki aszk\u00e9tak\u00e9nt tengett,<br>Nem l\u00e1that az eml\u00e9keket,<br>Dolgozott \u00e9s munk\u00e1lkodott,<br>Kaszan\u00f3v\u00e1kr\u00f3l \u00e1lmodott.<\/p>\n\n\n\n<p class=\"wp-block-paragraph\">Led\u00e9rn\u0151t moziban l\u00e1tott,<br>K\u00f6zben cs\u00f3kok ut\u00e1n v\u00e1gyott.<br>Most a v\u00e9g\u00e9n \u00f6sszegezi,<br>J\u00f3t a sz\u00e9ppel \u00f6sszeveti.<\/p>\n\n\n\n<p class=\"wp-block-paragraph\">R\u00e1j\u00f6n, nem tal\u00e1lja hely\u00e9t,<br>J\u00f6n a v\u00e9g, \u0151 meg csak heny\u00e9lt.<br>Bep\u00f3tolni m\u00e1r nem lehet,<br>Nincs arra m\u00f3d, nincs es\u00e9lyed.<\/p>\n\n\n\n<p class=\"wp-block-paragraph\">B\u00e1rhogy \u00e9lt\u00fcnk, b\u00e1rhogyan volt,<br>A finis c\u00e9lja, egy dolog.<br>Sz\u00e9pen hagyni el a F\u00f6ldet,<br>S nem temetni eml\u00e9keket.<\/p>\n\n\n\n<p class=\"wp-block-paragraph\">Ha majd elindul vonatunk,<br>F\u00fcst\u00f6t ok\u00e1d, \u00fagy t\u00e1vozunk.<br>Utunkr\u00f3l m\u00e9g visszan\u00e9z\u00fcnk,<br>K\u00f6nnyes szemmel eml\u00e9kez\u00fcnk.<\/p>\n\n\n\n<p class=\"wp-block-paragraph\">Mak\u00f3, 2015-06-18<\/p>\n","protected":false},"excerpt":{"rendered":"<p>ELM\u00c9LKED\u00c9S ERR\u0150L-ARR\u00d3L Reggel mikor fel\u00e9bredek,Ism\u00e9t \u00faj napnak \u00f6rvendek.\u00cdgy rohannak el az \u00e9vek,S a m\u00falt id\u0151kr\u0151l reg\u00e9lnek. Ami elm\u00falt, nem j\u00f6n vissza,Hogy mi lesz? \u2013 A j\u00f6v\u0151 titka.Jobb \u00edgy tal\u00e1n? \u2013 Vagy jobb lenne?A v\u00e9g\u00fcnknek ismerete? Okosan \u00fagy van rendelve,Nem l\u00e1thatunk a j\u00f6v\u0151nkbe.Helyette a t\u00fckr\u00fcnk besz\u00e9l,Sejteti mi lesz majd a v\u00e9g. A c\u00e9lba egyszer befutunk,Meg\u00e1ll ottan &#8230; <a title=\"ELM\u00c9LKED\u00c9S ERR\u0150L-ARR\u00d3L\" class=\"read-more\" href=\"https:\/\/bozsogiattila.hu\/?p=1193\" aria-label=\"Tov\u00e1bbiak ELM\u00c9LKED\u00c9S ERR\u0150L-ARR\u00d3L\">Olvass tov\u00e1bb<\/a><\/p>\n","protected":false},"author":3,"featured_media":0,"comment_status":"closed","ping_status":"open","sticky":false,"template":"","format":"standard","meta":{"footnotes":""},"categories":[4],"tags":[328,12],"class_list":["post-1193","post","type-post","status-publish","format-standard","hentry","category-versek","tag-328","tag-mako"],"yoast_head":"<!-- This site is optimized with the Yoast SEO plugin v21.8 - https:\/\/yoast.com\/wordpress\/plugins\/seo\/ -->\n<title>ELM\u00c9LKED\u00c9S ERR\u0150L-ARR\u00d3L - Bozsogi Attila<\/title>\n<meta name=\"robots\" content=\"index, follow, max-snippet:-1, max-image-preview:large, max-video-preview:-1\" \/>\n<link rel=\"canonical\" href=\"https:\/\/bozsogiattila.hu\/?p=1193\" \/>\n<meta property=\"og:locale\" content=\"hu_HU\" \/>\n<meta property=\"og:type\" content=\"article\" \/>\n<meta property=\"og:title\" content=\"ELM\u00c9LKED\u00c9S ERR\u0150L-ARR\u00d3L - Bozsogi Attila\" \/>\n<meta property=\"og:description\" content=\"ELM\u00c9LKED\u00c9S ERR\u0150L-ARR\u00d3L Reggel mikor fel\u00e9bredek,Ism\u00e9t \u00faj napnak \u00f6rvendek.\u00cdgy rohannak el az \u00e9vek,S a m\u00falt id\u0151kr\u0151l reg\u00e9lnek. Ami elm\u00falt, nem j\u00f6n vissza,Hogy mi lesz? \u2013 A j\u00f6v\u0151 titka.Jobb \u00edgy tal\u00e1n? \u2013 Vagy jobb lenne?A v\u00e9g\u00fcnknek ismerete? Okosan \u00fagy van rendelve,Nem l\u00e1thatunk a j\u00f6v\u0151nkbe.Helyette a t\u00fckr\u00fcnk besz\u00e9l,Sejteti mi lesz majd a v\u00e9g. A c\u00e9lba egyszer befutunk,Meg\u00e1ll ottan ... Olvass tov\u00e1bb\" \/>\n<meta property=\"og:url\" content=\"https:\/\/bozsogiattila.hu\/?p=1193\" \/>\n<meta property=\"og:site_name\" content=\"Bozsogi Attila\" \/>\n<meta property=\"article:published_time\" content=\"2015-06-18T19:51:00+00:00\" \/>\n<meta property=\"article:modified_time\" content=\"2024-01-09T19:52:19+00:00\" \/>\n<meta name=\"author\" content=\"Bozsogi Attila\" \/>\n<meta name=\"twitter:card\" content=\"summary_large_image\" \/>\n<meta name=\"twitter:label1\" content=\"Szerz\u0151:\" \/>\n\t<meta name=\"twitter:data1\" content=\"Bozsogi Attila\" \/>\n\t<meta name=\"twitter:label2\" content=\"Becs\u00fclt olvas\u00e1si id\u0151\" \/>\n\t<meta name=\"twitter:data2\" content=\"2 perc\" \/>\n<script type=\"application\/ld+json\" class=\"yoast-schema-graph\">{\"@context\":\"https:\/\/schema.org\",\"@graph\":[{\"@type\":\"WebPage\",\"@id\":\"https:\/\/bozsogiattila.hu\/?p=1193\",\"url\":\"https:\/\/bozsogiattila.hu\/?p=1193\",\"name\":\"ELM\u00c9LKED\u00c9S ERR\u0150L-ARR\u00d3L - Bozsogi Attila\",\"isPartOf\":{\"@id\":\"https:\/\/bozsogiattila.hu\/#website\"},\"datePublished\":\"2015-06-18T19:51:00+00:00\",\"dateModified\":\"2024-01-09T19:52:19+00:00\",\"author\":{\"@id\":\"https:\/\/bozsogiattila.hu\/#\/schema\/person\/488c99f554a8c4039201260dd5eb795e\"},\"breadcrumb\":{\"@id\":\"https:\/\/bozsogiattila.hu\/?p=1193#breadcrumb\"},\"inLanguage\":\"hu\",\"potentialAction\":[{\"@type\":\"ReadAction\",\"target\":[\"https:\/\/bozsogiattila.hu\/?p=1193\"]}]},{\"@type\":\"BreadcrumbList\",\"@id\":\"https:\/\/bozsogiattila.hu\/?p=1193#breadcrumb\",\"itemListElement\":[{\"@type\":\"ListItem\",\"position\":1,\"name\":\"Kezd\u0151lap\",\"item\":\"https:\/\/bozsogiattila.hu\/\"},{\"@type\":\"ListItem\",\"position\":2,\"name\":\"ELM\u00c9LKED\u00c9S ERR\u0150L-ARR\u00d3L\"}]},{\"@type\":\"WebSite\",\"@id\":\"https:\/\/bozsogiattila.hu\/#website\",\"url\":\"https:\/\/bozsogiattila.hu\/\",\"name\":\"Bozsogi Attila\",\"description\":\"a zen\u00e9sz, \u00edr\u00f3 munk\u00e1ss\u00e1g\u00e1nak \u00e9s a mak\u00f3i muzsikusok eml\u00e9k\u00e9t \u0151rz\u0151 oldal\",\"potentialAction\":[{\"@type\":\"SearchAction\",\"target\":{\"@type\":\"EntryPoint\",\"urlTemplate\":\"https:\/\/bozsogiattila.hu\/?s={search_term_string}\"},\"query-input\":\"required name=search_term_string\"}],\"inLanguage\":\"hu\"},{\"@type\":\"Person\",\"@id\":\"https:\/\/bozsogiattila.hu\/#\/schema\/person\/488c99f554a8c4039201260dd5eb795e\",\"name\":\"Bozsogi Attila\",\"image\":{\"@type\":\"ImageObject\",\"inLanguage\":\"hu\",\"@id\":\"https:\/\/bozsogiattila.hu\/#\/schema\/person\/image\/\",\"url\":\"https:\/\/secure.gravatar.com\/avatar\/7da6b5985e34ed798d1670c54ce7d20e6a53b800bb0c07945c64b09392f3dbfd?s=96&d=mm&r=g\",\"contentUrl\":\"https:\/\/secure.gravatar.com\/avatar\/7da6b5985e34ed798d1670c54ce7d20e6a53b800bb0c07945c64b09392f3dbfd?s=96&d=mm&r=g\",\"caption\":\"Bozsogi Attila\"},\"sameAs\":[\"http:\/\/www.boszogiattila.hu\"],\"url\":\"https:\/\/bozsogiattila.hu\/?author=3\"}]}<\/script>\n<!-- \/ Yoast SEO plugin. -->","yoast_head_json":{"title":"ELM\u00c9LKED\u00c9S ERR\u0150L-ARR\u00d3L - Bozsogi Attila","robots":{"index":"index","follow":"follow","max-snippet":"max-snippet:-1","max-image-preview":"max-image-preview:large","max-video-preview":"max-video-preview:-1"},"canonical":"https:\/\/bozsogiattila.hu\/?p=1193","og_locale":"hu_HU","og_type":"article","og_title":"ELM\u00c9LKED\u00c9S ERR\u0150L-ARR\u00d3L - Bozsogi Attila","og_description":"ELM\u00c9LKED\u00c9S ERR\u0150L-ARR\u00d3L Reggel mikor fel\u00e9bredek,Ism\u00e9t \u00faj napnak \u00f6rvendek.\u00cdgy rohannak el az \u00e9vek,S a m\u00falt id\u0151kr\u0151l reg\u00e9lnek. Ami elm\u00falt, nem j\u00f6n vissza,Hogy mi lesz? \u2013 A j\u00f6v\u0151 titka.Jobb \u00edgy tal\u00e1n? \u2013 Vagy jobb lenne?A v\u00e9g\u00fcnknek ismerete? Okosan \u00fagy van rendelve,Nem l\u00e1thatunk a j\u00f6v\u0151nkbe.Helyette a t\u00fckr\u00fcnk besz\u00e9l,Sejteti mi lesz majd a v\u00e9g. A c\u00e9lba egyszer befutunk,Meg\u00e1ll ottan ... Olvass tov\u00e1bb","og_url":"https:\/\/bozsogiattila.hu\/?p=1193","og_site_name":"Bozsogi Attila","article_published_time":"2015-06-18T19:51:00+00:00","article_modified_time":"2024-01-09T19:52:19+00:00","author":"Bozsogi Attila","twitter_card":"summary_large_image","twitter_misc":{"Szerz\u0151:":"Bozsogi Attila","Becs\u00fclt olvas\u00e1si id\u0151":"2 perc"},"schema":{"@context":"https:\/\/schema.org","@graph":[{"@type":"WebPage","@id":"https:\/\/bozsogiattila.hu\/?p=1193","url":"https:\/\/bozsogiattila.hu\/?p=1193","name":"ELM\u00c9LKED\u00c9S ERR\u0150L-ARR\u00d3L - Bozsogi Attila","isPartOf":{"@id":"https:\/\/bozsogiattila.hu\/#website"},"datePublished":"2015-06-18T19:51:00+00:00","dateModified":"2024-01-09T19:52:19+00:00","author":{"@id":"https:\/\/bozsogiattila.hu\/#\/schema\/person\/488c99f554a8c4039201260dd5eb795e"},"breadcrumb":{"@id":"https:\/\/bozsogiattila.hu\/?p=1193#breadcrumb"},"inLanguage":"hu","potentialAction":[{"@type":"ReadAction","target":["https:\/\/bozsogiattila.hu\/?p=1193"]}]},{"@type":"BreadcrumbList","@id":"https:\/\/bozsogiattila.hu\/?p=1193#breadcrumb","itemListElement":[{"@type":"ListItem","position":1,"name":"Kezd\u0151lap","item":"https:\/\/bozsogiattila.hu\/"},{"@type":"ListItem","position":2,"name":"ELM\u00c9LKED\u00c9S ERR\u0150L-ARR\u00d3L"}]},{"@type":"WebSite","@id":"https:\/\/bozsogiattila.hu\/#website","url":"https:\/\/bozsogiattila.hu\/","name":"Bozsogi Attila","description":"a zen\u00e9sz, \u00edr\u00f3 munk\u00e1ss\u00e1g\u00e1nak \u00e9s a mak\u00f3i muzsikusok eml\u00e9k\u00e9t \u0151rz\u0151 oldal","potentialAction":[{"@type":"SearchAction","target":{"@type":"EntryPoint","urlTemplate":"https:\/\/bozsogiattila.hu\/?s={search_term_string}"},"query-input":"required name=search_term_string"}],"inLanguage":"hu"},{"@type":"Person","@id":"https:\/\/bozsogiattila.hu\/#\/schema\/person\/488c99f554a8c4039201260dd5eb795e","name":"Bozsogi Attila","image":{"@type":"ImageObject","inLanguage":"hu","@id":"https:\/\/bozsogiattila.hu\/#\/schema\/person\/image\/","url":"https:\/\/secure.gravatar.com\/avatar\/7da6b5985e34ed798d1670c54ce7d20e6a53b800bb0c07945c64b09392f3dbfd?s=96&d=mm&r=g","contentUrl":"https:\/\/secure.gravatar.com\/avatar\/7da6b5985e34ed798d1670c54ce7d20e6a53b800bb0c07945c64b09392f3dbfd?s=96&d=mm&r=g","caption":"Bozsogi Attila"},"sameAs":["http:\/\/www.boszogiattila.hu"],"url":"https:\/\/bozsogiattila.hu\/?author=3"}]}},"jetpack_featured_media_url":"","_links":{"self":[{"href":"https:\/\/bozsogiattila.hu\/index.php?rest_route=\/wp\/v2\/posts\/1193","targetHints":{"allow":["GET"]}}],"collection":[{"href":"https:\/\/bozsogiattila.hu\/index.php?rest_route=\/wp\/v2\/posts"}],"about":[{"href":"https:\/\/bozsogiattila.hu\/index.php?rest_route=\/wp\/v2\/types\/post"}],"author":[{"embeddable":true,"href":"https:\/\/bozsogiattila.hu\/index.php?rest_route=\/wp\/v2\/users\/3"}],"replies":[{"embeddable":true,"href":"https:\/\/bozsogiattila.hu\/index.php?rest_route=%2Fwp%2Fv2%2Fcomments&post=1193"}],"version-history":[{"count":1,"href":"https:\/\/bozsogiattila.hu\/index.php?rest_route=\/wp\/v2\/posts\/1193\/revisions"}],"predecessor-version":[{"id":1194,"href":"https:\/\/bozsogiattila.hu\/index.php?rest_route=\/wp\/v2\/posts\/1193\/revisions\/1194"}],"wp:attachment":[{"href":"https:\/\/bozsogiattila.hu\/index.php?rest_route=%2Fwp%2Fv2%2Fmedia&parent=1193"}],"wp:term":[{"taxonomy":"category","embeddable":true,"href":"https:\/\/bozsogiattila.hu\/index.php?rest_route=%2Fwp%2Fv2%2Fcategories&post=1193"},{"taxonomy":"post_tag","embeddable":true,"href":"https:\/\/bozsogiattila.hu\/index.php?rest_route=%2Fwp%2Fv2%2Ftags&post=1193"}],"curies":[{"name":"wp","href":"https:\/\/api.w.org\/{rel}","templated":true}]}}