{"id":1199,"date":"2015-07-10T19:54:00","date_gmt":"2015-07-10T19:54:00","guid":{"rendered":"https:\/\/bozsogiattila.hu\/?p=1199"},"modified":"2024-01-09T19:55:41","modified_gmt":"2024-01-09T19:55:41","slug":"erzes-es-erzelem","status":"publish","type":"post","link":"https:\/\/bozsogiattila.hu\/?p=1199","title":{"rendered":"\u00c9RZ\u00c9S \u00c9S \u00c9RZELEM"},"content":{"rendered":"\n<p class=\"wp-block-paragraph\">\u00c9RZ\u00c9S \u00c9S \u00c9RZELEM<\/p>\n\n\n\n<p class=\"wp-block-paragraph\">Az eml\u00e9kek l\u00e1nca,<br>Van \u00fagy, hogy elszakad,<br>Megsz\u0171nik egy \u00e1lom,<br>S hely\u00e9n egy \u0171r marad.<\/p>\n\n\n\n<p class=\"wp-block-paragraph\">A megfesz\u00edtett h\u00far,<br>K\u00f6nnyen elszakadhat,<br>Tovat\u0171n\u0151 \u00e9rz\u00e9s,<br>F\u00e1j\u00f3 eml\u00e9k marad.<\/p>\n\n\n\n<p class=\"wp-block-paragraph\">A szeg\u00e9nyt a gazdag,<br>Csak ritk\u00e1n seg\u00edti,<br>Akinek vanja van,<br>F\u00e9ltve \u00f3vja, s \u0151rzi.<\/p>\n\n\n\n<p class=\"wp-block-paragraph\">A m\u00faltnak eml\u00e9ke,<br>Jelent eml\u00e9kez\u00e9st,<br>A j\u00f6v\u0151nek k\u00e9pe,<br>V\u00e1gyak ig\u00e9z\u00e9s\u00e9t.<\/p>\n\n\n\n<p class=\"wp-block-paragraph\">A holnap, a tegnap<br>K\u00e9tes folytat\u00e1sa,<br>A ma, terveinknek,<br>Fontos, dics\u0151 v\u00e1ra.<\/p>\n\n\n\n<p class=\"wp-block-paragraph\">A szerelem \u00e9rz\u00e9s,<br>Lelki nagyhatalom,<br>Er\u0151t vesz mindenkin,<br>B\u00edztat\u00f3 oltalom.<\/p>\n\n\n\n<p class=\"wp-block-paragraph\">Az egyik, ha elmegy,<br>A m\u00e1sik ott marad,<br>Hogy ki, majd kit felejt,<br>Azt nem tudja az agy.<\/p>\n\n\n\n<p class=\"wp-block-paragraph\">El\u0151re nem l\u00e1tjuk,<br>Semminek az ok\u00e1t,<br>K\u00e9tked\u0151n n\u00e9zz\u00fck csak,<br>A t\u00e1voz\u00f3 sors\u00e1t.<\/p>\n\n\n\n<p class=\"wp-block-paragraph\">Az \u00e9let\u00fcnk \u00fatja,<br>Kisz\u00e1m\u00edthatatlan,<br>Godolkodni azon,<br>Tal\u00e1n haszontalan.<\/p>\n\n\n\n<p class=\"wp-block-paragraph\">A sors, kit \u00e9s hov\u00e1<br>Vez\u00e9rel, nem tudjuk,<br>Az utunknak v\u00e9g\u00e9t,<br>Sajna, sosem l\u00e1tjuk.<\/p>\n\n\n\n<p class=\"wp-block-paragraph\">Az \u00fcst\u00f6k\u00f6s l\u00e1ngja,<br>F\u00e9nyl\u0151 cs\u00f3v\u00e1t mutat,<br>Saj\u00e1t t\u00fcz\u00e9ben \u00e9g,<br>S a semmibe fut az.<\/p>\n\n\n\n<p class=\"wp-block-paragraph\">Eg\u00e9sz \u00e9let\u00fcnknek,<br>P\u00e9ld\u00e1t \u00edgy mutathat,<br>Indulunk, rohanunk,<br>S terveink meghalnak.<\/p>\n\n\n\n<p class=\"wp-block-paragraph\">V\u00e1gy\u00e1lmaink v\u00e1rnak,<br>Megval\u00f3sul\u00e1sra,<br>Lelk\u00fcnk f\u00e1jdalm\u00e1nak,<br>N\u00e9ha k\u00f6nny az \u00e1ra.<\/p>\n\n\n\n<p class=\"wp-block-paragraph\">Egy k\u00f6nnycsepp az arcon,<br>Mikor v\u00e9gig g\u00f6rd\u00fcl,<br>Lehet \u00f6r\u00f6m, s b\u00e1nat,<br>Ami\u00e9rt az ki\u00fcl.<\/p>\n\n\n\n<p class=\"wp-block-paragraph\">Leg\u00e9desebb a cs\u00f3k,<br>Mit sosem kapunk meg,<br>\u00c1h\u00edtjuk bens\u0151nkben,<br>S az ny\u00fajt sz\u00e9p eml\u00e9ket.<\/p>\n\n\n\n<p class=\"wp-block-paragraph\">\u00c9rz\u00e9s \u00e9s \u00e9rzelem,<br>Csod\u00e1s aj\u00e1nd\u00e9kok,<br>Fellegekbe r\u00f6p\u00edt,<br>Vagy \u00f6r\u00f6kre eldob.<\/p>\n\n\n\n<p class=\"wp-block-paragraph\">Mak\u00f3, 2015-07-10<\/p>\n","protected":false},"excerpt":{"rendered":"<p>\u00c9RZ\u00c9S \u00c9S \u00c9RZELEM Az eml\u00e9kek l\u00e1nca,Van \u00fagy, hogy elszakad,Megsz\u0171nik egy \u00e1lom,S hely\u00e9n egy \u0171r marad. A megfesz\u00edtett h\u00far,K\u00f6nnyen elszakadhat,Tovat\u0171n\u0151 \u00e9rz\u00e9s,F\u00e1j\u00f3 eml\u00e9k marad. A szeg\u00e9nyt a gazdag,Csak ritk\u00e1n seg\u00edti,Akinek vanja van,F\u00e9ltve \u00f3vja, s \u0151rzi. A m\u00faltnak eml\u00e9ke,Jelent eml\u00e9kez\u00e9st,A j\u00f6v\u0151nek k\u00e9pe,V\u00e1gyak ig\u00e9z\u00e9s\u00e9t. A holnap, a tegnapK\u00e9tes folytat\u00e1sa,A ma, terveinknek,Fontos, dics\u0151 v\u00e1ra. A szerelem \u00e9rz\u00e9s,Lelki nagyhatalom,Er\u0151t vesz mindenkin,B\u00edztat\u00f3 &#8230; <a title=\"\u00c9RZ\u00c9S \u00c9S \u00c9RZELEM\" class=\"read-more\" href=\"https:\/\/bozsogiattila.hu\/?p=1199\" aria-label=\"Tov\u00e1bbiak \u00c9RZ\u00c9S \u00c9S \u00c9RZELEM\">Olvass tov\u00e1bb<\/a><\/p>\n","protected":false},"author":3,"featured_media":0,"comment_status":"closed","ping_status":"open","sticky":false,"template":"","format":"standard","meta":{"footnotes":""},"categories":[4],"tags":[328,12],"class_list":["post-1199","post","type-post","status-publish","format-standard","hentry","category-versek","tag-328","tag-mako"],"yoast_head":"<!-- This site is optimized with the Yoast SEO plugin v21.8 - https:\/\/yoast.com\/wordpress\/plugins\/seo\/ -->\n<title>\u00c9RZ\u00c9S \u00c9S \u00c9RZELEM - Bozsogi Attila<\/title>\n<meta name=\"robots\" content=\"index, follow, max-snippet:-1, max-image-preview:large, max-video-preview:-1\" \/>\n<link rel=\"canonical\" href=\"https:\/\/bozsogiattila.hu\/?p=1199\" \/>\n<meta property=\"og:locale\" content=\"hu_HU\" \/>\n<meta property=\"og:type\" content=\"article\" \/>\n<meta property=\"og:title\" content=\"\u00c9RZ\u00c9S \u00c9S \u00c9RZELEM - Bozsogi Attila\" \/>\n<meta property=\"og:description\" content=\"\u00c9RZ\u00c9S \u00c9S \u00c9RZELEM Az eml\u00e9kek l\u00e1nca,Van \u00fagy, hogy elszakad,Megsz\u0171nik egy \u00e1lom,S hely\u00e9n egy \u0171r marad. A megfesz\u00edtett h\u00far,K\u00f6nnyen elszakadhat,Tovat\u0171n\u0151 \u00e9rz\u00e9s,F\u00e1j\u00f3 eml\u00e9k marad. A szeg\u00e9nyt a gazdag,Csak ritk\u00e1n seg\u00edti,Akinek vanja van,F\u00e9ltve \u00f3vja, s \u0151rzi. A m\u00faltnak eml\u00e9ke,Jelent eml\u00e9kez\u00e9st,A j\u00f6v\u0151nek k\u00e9pe,V\u00e1gyak ig\u00e9z\u00e9s\u00e9t. A holnap, a tegnapK\u00e9tes folytat\u00e1sa,A ma, terveinknek,Fontos, dics\u0151 v\u00e1ra. A szerelem \u00e9rz\u00e9s,Lelki nagyhatalom,Er\u0151t vesz mindenkin,B\u00edztat\u00f3 ... Olvass tov\u00e1bb\" \/>\n<meta property=\"og:url\" content=\"https:\/\/bozsogiattila.hu\/?p=1199\" \/>\n<meta property=\"og:site_name\" content=\"Bozsogi Attila\" \/>\n<meta property=\"article:published_time\" content=\"2015-07-10T19:54:00+00:00\" \/>\n<meta property=\"article:modified_time\" content=\"2024-01-09T19:55:41+00:00\" \/>\n<meta name=\"author\" content=\"Bozsogi Attila\" \/>\n<meta name=\"twitter:card\" content=\"summary_large_image\" \/>\n<meta name=\"twitter:label1\" content=\"Szerz\u0151:\" \/>\n\t<meta name=\"twitter:data1\" content=\"Bozsogi Attila\" \/>\n\t<meta name=\"twitter:label2\" content=\"Becs\u00fclt olvas\u00e1si id\u0151\" \/>\n\t<meta name=\"twitter:data2\" content=\"1 perc\" \/>\n<script type=\"application\/ld+json\" class=\"yoast-schema-graph\">{\"@context\":\"https:\/\/schema.org\",\"@graph\":[{\"@type\":\"WebPage\",\"@id\":\"https:\/\/bozsogiattila.hu\/?p=1199\",\"url\":\"https:\/\/bozsogiattila.hu\/?p=1199\",\"name\":\"\u00c9RZ\u00c9S \u00c9S \u00c9RZELEM - Bozsogi Attila\",\"isPartOf\":{\"@id\":\"https:\/\/bozsogiattila.hu\/#website\"},\"datePublished\":\"2015-07-10T19:54:00+00:00\",\"dateModified\":\"2024-01-09T19:55:41+00:00\",\"author\":{\"@id\":\"https:\/\/bozsogiattila.hu\/#\/schema\/person\/488c99f554a8c4039201260dd5eb795e\"},\"breadcrumb\":{\"@id\":\"https:\/\/bozsogiattila.hu\/?p=1199#breadcrumb\"},\"inLanguage\":\"hu\",\"potentialAction\":[{\"@type\":\"ReadAction\",\"target\":[\"https:\/\/bozsogiattila.hu\/?p=1199\"]}]},{\"@type\":\"BreadcrumbList\",\"@id\":\"https:\/\/bozsogiattila.hu\/?p=1199#breadcrumb\",\"itemListElement\":[{\"@type\":\"ListItem\",\"position\":1,\"name\":\"Kezd\u0151lap\",\"item\":\"https:\/\/bozsogiattila.hu\/\"},{\"@type\":\"ListItem\",\"position\":2,\"name\":\"\u00c9RZ\u00c9S \u00c9S \u00c9RZELEM\"}]},{\"@type\":\"WebSite\",\"@id\":\"https:\/\/bozsogiattila.hu\/#website\",\"url\":\"https:\/\/bozsogiattila.hu\/\",\"name\":\"Bozsogi Attila\",\"description\":\"a zen\u00e9sz, \u00edr\u00f3 munk\u00e1ss\u00e1g\u00e1nak \u00e9s a mak\u00f3i muzsikusok eml\u00e9k\u00e9t \u0151rz\u0151 oldal\",\"potentialAction\":[{\"@type\":\"SearchAction\",\"target\":{\"@type\":\"EntryPoint\",\"urlTemplate\":\"https:\/\/bozsogiattila.hu\/?s={search_term_string}\"},\"query-input\":\"required name=search_term_string\"}],\"inLanguage\":\"hu\"},{\"@type\":\"Person\",\"@id\":\"https:\/\/bozsogiattila.hu\/#\/schema\/person\/488c99f554a8c4039201260dd5eb795e\",\"name\":\"Bozsogi Attila\",\"image\":{\"@type\":\"ImageObject\",\"inLanguage\":\"hu\",\"@id\":\"https:\/\/bozsogiattila.hu\/#\/schema\/person\/image\/\",\"url\":\"https:\/\/secure.gravatar.com\/avatar\/7da6b5985e34ed798d1670c54ce7d20e6a53b800bb0c07945c64b09392f3dbfd?s=96&d=mm&r=g\",\"contentUrl\":\"https:\/\/secure.gravatar.com\/avatar\/7da6b5985e34ed798d1670c54ce7d20e6a53b800bb0c07945c64b09392f3dbfd?s=96&d=mm&r=g\",\"caption\":\"Bozsogi Attila\"},\"sameAs\":[\"http:\/\/www.boszogiattila.hu\"],\"url\":\"https:\/\/bozsogiattila.hu\/?author=3\"}]}<\/script>\n<!-- \/ Yoast SEO plugin. -->","yoast_head_json":{"title":"\u00c9RZ\u00c9S \u00c9S \u00c9RZELEM - Bozsogi Attila","robots":{"index":"index","follow":"follow","max-snippet":"max-snippet:-1","max-image-preview":"max-image-preview:large","max-video-preview":"max-video-preview:-1"},"canonical":"https:\/\/bozsogiattila.hu\/?p=1199","og_locale":"hu_HU","og_type":"article","og_title":"\u00c9RZ\u00c9S \u00c9S \u00c9RZELEM - Bozsogi Attila","og_description":"\u00c9RZ\u00c9S \u00c9S \u00c9RZELEM Az eml\u00e9kek l\u00e1nca,Van \u00fagy, hogy elszakad,Megsz\u0171nik egy \u00e1lom,S hely\u00e9n egy \u0171r marad. A megfesz\u00edtett h\u00far,K\u00f6nnyen elszakadhat,Tovat\u0171n\u0151 \u00e9rz\u00e9s,F\u00e1j\u00f3 eml\u00e9k marad. A szeg\u00e9nyt a gazdag,Csak ritk\u00e1n seg\u00edti,Akinek vanja van,F\u00e9ltve \u00f3vja, s \u0151rzi. A m\u00faltnak eml\u00e9ke,Jelent eml\u00e9kez\u00e9st,A j\u00f6v\u0151nek k\u00e9pe,V\u00e1gyak ig\u00e9z\u00e9s\u00e9t. A holnap, a tegnapK\u00e9tes folytat\u00e1sa,A ma, terveinknek,Fontos, dics\u0151 v\u00e1ra. A szerelem \u00e9rz\u00e9s,Lelki nagyhatalom,Er\u0151t vesz mindenkin,B\u00edztat\u00f3 ... Olvass tov\u00e1bb","og_url":"https:\/\/bozsogiattila.hu\/?p=1199","og_site_name":"Bozsogi Attila","article_published_time":"2015-07-10T19:54:00+00:00","article_modified_time":"2024-01-09T19:55:41+00:00","author":"Bozsogi Attila","twitter_card":"summary_large_image","twitter_misc":{"Szerz\u0151:":"Bozsogi Attila","Becs\u00fclt olvas\u00e1si id\u0151":"1 perc"},"schema":{"@context":"https:\/\/schema.org","@graph":[{"@type":"WebPage","@id":"https:\/\/bozsogiattila.hu\/?p=1199","url":"https:\/\/bozsogiattila.hu\/?p=1199","name":"\u00c9RZ\u00c9S \u00c9S \u00c9RZELEM - Bozsogi Attila","isPartOf":{"@id":"https:\/\/bozsogiattila.hu\/#website"},"datePublished":"2015-07-10T19:54:00+00:00","dateModified":"2024-01-09T19:55:41+00:00","author":{"@id":"https:\/\/bozsogiattila.hu\/#\/schema\/person\/488c99f554a8c4039201260dd5eb795e"},"breadcrumb":{"@id":"https:\/\/bozsogiattila.hu\/?p=1199#breadcrumb"},"inLanguage":"hu","potentialAction":[{"@type":"ReadAction","target":["https:\/\/bozsogiattila.hu\/?p=1199"]}]},{"@type":"BreadcrumbList","@id":"https:\/\/bozsogiattila.hu\/?p=1199#breadcrumb","itemListElement":[{"@type":"ListItem","position":1,"name":"Kezd\u0151lap","item":"https:\/\/bozsogiattila.hu\/"},{"@type":"ListItem","position":2,"name":"\u00c9RZ\u00c9S \u00c9S \u00c9RZELEM"}]},{"@type":"WebSite","@id":"https:\/\/bozsogiattila.hu\/#website","url":"https:\/\/bozsogiattila.hu\/","name":"Bozsogi Attila","description":"a zen\u00e9sz, \u00edr\u00f3 munk\u00e1ss\u00e1g\u00e1nak \u00e9s a mak\u00f3i muzsikusok eml\u00e9k\u00e9t \u0151rz\u0151 oldal","potentialAction":[{"@type":"SearchAction","target":{"@type":"EntryPoint","urlTemplate":"https:\/\/bozsogiattila.hu\/?s={search_term_string}"},"query-input":"required name=search_term_string"}],"inLanguage":"hu"},{"@type":"Person","@id":"https:\/\/bozsogiattila.hu\/#\/schema\/person\/488c99f554a8c4039201260dd5eb795e","name":"Bozsogi Attila","image":{"@type":"ImageObject","inLanguage":"hu","@id":"https:\/\/bozsogiattila.hu\/#\/schema\/person\/image\/","url":"https:\/\/secure.gravatar.com\/avatar\/7da6b5985e34ed798d1670c54ce7d20e6a53b800bb0c07945c64b09392f3dbfd?s=96&d=mm&r=g","contentUrl":"https:\/\/secure.gravatar.com\/avatar\/7da6b5985e34ed798d1670c54ce7d20e6a53b800bb0c07945c64b09392f3dbfd?s=96&d=mm&r=g","caption":"Bozsogi Attila"},"sameAs":["http:\/\/www.boszogiattila.hu"],"url":"https:\/\/bozsogiattila.hu\/?author=3"}]}},"jetpack_featured_media_url":"","_links":{"self":[{"href":"https:\/\/bozsogiattila.hu\/index.php?rest_route=\/wp\/v2\/posts\/1199","targetHints":{"allow":["GET"]}}],"collection":[{"href":"https:\/\/bozsogiattila.hu\/index.php?rest_route=\/wp\/v2\/posts"}],"about":[{"href":"https:\/\/bozsogiattila.hu\/index.php?rest_route=\/wp\/v2\/types\/post"}],"author":[{"embeddable":true,"href":"https:\/\/bozsogiattila.hu\/index.php?rest_route=\/wp\/v2\/users\/3"}],"replies":[{"embeddable":true,"href":"https:\/\/bozsogiattila.hu\/index.php?rest_route=%2Fwp%2Fv2%2Fcomments&post=1199"}],"version-history":[{"count":1,"href":"https:\/\/bozsogiattila.hu\/index.php?rest_route=\/wp\/v2\/posts\/1199\/revisions"}],"predecessor-version":[{"id":1200,"href":"https:\/\/bozsogiattila.hu\/index.php?rest_route=\/wp\/v2\/posts\/1199\/revisions\/1200"}],"wp:attachment":[{"href":"https:\/\/bozsogiattila.hu\/index.php?rest_route=%2Fwp%2Fv2%2Fmedia&parent=1199"}],"wp:term":[{"taxonomy":"category","embeddable":true,"href":"https:\/\/bozsogiattila.hu\/index.php?rest_route=%2Fwp%2Fv2%2Fcategories&post=1199"},{"taxonomy":"post_tag","embeddable":true,"href":"https:\/\/bozsogiattila.hu\/index.php?rest_route=%2Fwp%2Fv2%2Ftags&post=1199"}],"curies":[{"name":"wp","href":"https:\/\/api.w.org\/{rel}","templated":true}]}}