{"id":1211,"date":"2015-06-20T20:00:00","date_gmt":"2015-06-20T20:00:00","guid":{"rendered":"https:\/\/bozsogiattila.hu\/?p=1211"},"modified":"2024-01-09T20:01:40","modified_gmt":"2024-01-09T20:01:40","slug":"iget-hirdetnek-a-papok","status":"publish","type":"post","link":"https:\/\/bozsogiattila.hu\/?p=1211","title":{"rendered":"IG\u00c9T HIRDETNEK A PAPOK"},"content":{"rendered":"\n<p class=\"wp-block-paragraph\">IG\u00c9T HIRDETNEK A PAPOK<\/p>\n\n\n\n<p class=\"wp-block-paragraph\">Ig\u00e9t hirdetnek a papok,<br>S \u00e9bresztenek gondolatot.<br>Hogyan volt egykor a kezdet,<br>A paradicsomi \u00c9den?<\/p>\n\n\n\n<p class=\"wp-block-paragraph\">\u00c1d\u00e1m, \u00c9va az els\u0151 p\u00e1r,<br>Kikre boldog, sz\u00e9p \u00e9let v\u00e1rt.<br>\u00c9va b\u0171nbe vitte p\u00e1rj\u00e1t,<br>Megett\u00e9k a tiltott alm\u00e1t.<\/p>\n\n\n\n<p class=\"wp-block-paragraph\">Isten ki\u0171zte h\u00e1t \u0151ket,<br>B\u0171nbeesett \u0151seinket.<br>Csal\u00f3dott alkot\u00e1s\u00e1ba,<br>Tilalm\u00e1nak ez lett \u00e1ra.<\/p>\n\n\n\n<p class=\"wp-block-paragraph\">Halhatatlans\u00e1gnak v\u00e9ge,<br>Ez is \u00f6r\u00f6k b\u00fcntet\u00e9se.<br>F\u00f6ldi haland\u00f3k \u00edgy lettek,<br>Most is szenvednek emberek.<\/p>\n\n\n\n<p class=\"wp-block-paragraph\">K\u00e1in s \u00c1bel k\u00e9t gyermek\u00fck,<br>Kikben nem volt sok \u00f6r\u00f6m\u00fck.<br>K\u00e1in meg\u00f6lte testv\u00e9r\u00e9t,<br>Kiontotta \u00c1bel v\u00e9r\u00e9t.<\/p>\n\n\n\n<p class=\"wp-block-paragraph\">\u00cdgy kezd\u0151d\u00f6tt a b\u00fcntet\u00e9s,<br>\u00d6r\u00f6k\u00f6s lett a szenved\u00e9s.<br>Bossz\u00fa\u00e1ll\u00f3 lett az Isten,<br>Magamt\u00f3l sokszor k\u00e9rdezem?<\/p>\n\n\n\n<p class=\"wp-block-paragraph\">Szemet huny a b\u0171n\u00f6z\u00e9sre,<br>Gyilkol\u00e1sra, v\u00e9rengz\u00e9sre.<br>Az \u00f6z\u00f6nv\u00edz Krisztus el\u0151tt,<br>Elpuszt\u00edtott minden \u00e9l\u0151t.<\/p>\n\n\n\n<p class=\"wp-block-paragraph\">No\u00e9 maradt b\u00e1rk\u00e1j\u00e1ban,<br>\u00c1llatokkal egymag\u00e1ban.<br>\u00cdr\u00e1s ez a bibli\u00e1ban,<br>Els\u0151 volt a sorozatban.<\/p>\n\n\n\n<p class=\"wp-block-paragraph\">Kereszten halt meg gyermeke,<br>Isten fia kiszenvedett.<br>Hol volt Isten, m\u00e9rt engedte,<br>Nem seg\u00edtett, m\u00e9rt nem tette?<\/p>\n\n\n\n<p class=\"wp-block-paragraph\">Keresztes h\u00e1bor\u00fak sora,<br>Rajtuk a P\u00e1pa \u00e1ld\u00e1sa.<br>K\u00e9tsz\u00e1z \u00e9vnek \u00f6ld\u00f6kl\u00e9se,<br>Milli\u00e1rdok szenved\u00e9se.<\/p>\n\n\n\n<p class=\"wp-block-paragraph\">Kik meghaltak, sz\u00e1muk nincsen,<br>Nyolc h\u00e1bor\u00fa, &#8211; hihetetlen.<br>Ki teremtett embereket,<br>Ilyeneket m\u00e9rt engedett?<\/p>\n\n\n\n<p class=\"wp-block-paragraph\">Inkviz\u00edci\u00f3 barb\u00e1rk\u00e9nt,<br>Hal\u00e1lt hozott, megb\u00e9lyegz\u00e9st.<br>Boszork\u00e1nypereknek sora,<br>T\u0171zhal\u00e1lok \u00e1ldozata.<\/p>\n\n\n\n<p class=\"wp-block-paragraph\">Mind-mind Isten sz\u00e1ml\u00e1j\u00e1ra,<br>Ker\u00fclt fel a list\u00e1j\u00e1ra.<br>K\u00e9t vil\u00e1gh\u00e1bor\u00fa hada,<br>\u00dajabb milli\u00f3k hal\u00e1la.<\/p>\n\n\n\n<p class=\"wp-block-paragraph\">Holokauszt, emberirt\u00e1s,<br>Sz\u00e9gyenletes, b\u00fas val\u00f3s\u00e1g.<br>Harcok ma is a vil\u00e1gba,<br>Emberis\u00e9g puszt\u00edt\u00e1sa.<\/p>\n\n\n\n<p class=\"wp-block-paragraph\">Migr\u00e1nsok n\u00e9pv\u00e1ndorl\u00e1sa,<br>\u00daj haz\u00e1nak kutat\u00e1sa.<br>Jobb \u00e9letnek rem\u00e9ny\u00e9be,<br>Vesznek sokan a tengerbe.<\/p>\n\n\n\n<p class=\"wp-block-paragraph\">Hol van Isten, ism\u00e9t k\u00e9rdem,<br>Mi\u00e9rt t\u0171ri, azt k\u00e9rdezem?<br>Ig\u00e9t hirdetnek a papok,<br>S \u00e9hen halnak \u00e1ldozatok.<\/p>\n\n\n\n<p class=\"wp-block-paragraph\">Mak\u00f3, 2015-06-20<\/p>\n","protected":false},"excerpt":{"rendered":"<p>IG\u00c9T HIRDETNEK A PAPOK Ig\u00e9t hirdetnek a papok,S \u00e9bresztenek gondolatot.Hogyan volt egykor a kezdet,A paradicsomi \u00c9den? \u00c1d\u00e1m, \u00c9va az els\u0151 p\u00e1r,Kikre boldog, sz\u00e9p \u00e9let v\u00e1rt.\u00c9va b\u0171nbe vitte p\u00e1rj\u00e1t,Megett\u00e9k a tiltott alm\u00e1t. Isten ki\u0171zte h\u00e1t \u0151ket,B\u0171nbeesett \u0151seinket.Csal\u00f3dott alkot\u00e1s\u00e1ba,Tilalm\u00e1nak ez lett \u00e1ra. Halhatatlans\u00e1gnak v\u00e9ge,Ez is \u00f6r\u00f6k b\u00fcntet\u00e9se.F\u00f6ldi haland\u00f3k \u00edgy lettek,Most is szenvednek emberek. K\u00e1in s \u00c1bel k\u00e9t &#8230; <a title=\"IG\u00c9T HIRDETNEK A PAPOK\" class=\"read-more\" href=\"https:\/\/bozsogiattila.hu\/?p=1211\" aria-label=\"Tov\u00e1bbiak IG\u00c9T HIRDETNEK A PAPOK\">Olvass tov\u00e1bb<\/a><\/p>\n","protected":false},"author":3,"featured_media":0,"comment_status":"closed","ping_status":"open","sticky":false,"template":"","format":"standard","meta":{"footnotes":""},"categories":[4],"tags":[328,12],"class_list":["post-1211","post","type-post","status-publish","format-standard","hentry","category-versek","tag-328","tag-mako"],"yoast_head":"<!-- This site is optimized with the Yoast SEO plugin v21.8 - https:\/\/yoast.com\/wordpress\/plugins\/seo\/ -->\n<title>IG\u00c9T HIRDETNEK A PAPOK - Bozsogi Attila<\/title>\n<meta name=\"robots\" content=\"index, follow, max-snippet:-1, max-image-preview:large, max-video-preview:-1\" \/>\n<link rel=\"canonical\" href=\"https:\/\/bozsogiattila.hu\/?p=1211\" \/>\n<meta property=\"og:locale\" content=\"hu_HU\" \/>\n<meta property=\"og:type\" content=\"article\" \/>\n<meta property=\"og:title\" content=\"IG\u00c9T HIRDETNEK A PAPOK - Bozsogi Attila\" \/>\n<meta property=\"og:description\" content=\"IG\u00c9T HIRDETNEK A PAPOK Ig\u00e9t hirdetnek a papok,S \u00e9bresztenek gondolatot.Hogyan volt egykor a kezdet,A paradicsomi \u00c9den? \u00c1d\u00e1m, \u00c9va az els\u0151 p\u00e1r,Kikre boldog, sz\u00e9p \u00e9let v\u00e1rt.\u00c9va b\u0171nbe vitte p\u00e1rj\u00e1t,Megett\u00e9k a tiltott alm\u00e1t. Isten ki\u0171zte h\u00e1t \u0151ket,B\u0171nbeesett \u0151seinket.Csal\u00f3dott alkot\u00e1s\u00e1ba,Tilalm\u00e1nak ez lett \u00e1ra. Halhatatlans\u00e1gnak v\u00e9ge,Ez is \u00f6r\u00f6k b\u00fcntet\u00e9se.F\u00f6ldi haland\u00f3k \u00edgy lettek,Most is szenvednek emberek. K\u00e1in s \u00c1bel k\u00e9t ... Olvass tov\u00e1bb\" \/>\n<meta property=\"og:url\" content=\"https:\/\/bozsogiattila.hu\/?p=1211\" \/>\n<meta property=\"og:site_name\" content=\"Bozsogi Attila\" \/>\n<meta property=\"article:published_time\" content=\"2015-06-20T20:00:00+00:00\" \/>\n<meta property=\"article:modified_time\" content=\"2024-01-09T20:01:40+00:00\" \/>\n<meta name=\"author\" content=\"Bozsogi Attila\" \/>\n<meta name=\"twitter:card\" content=\"summary_large_image\" \/>\n<meta name=\"twitter:label1\" content=\"Szerz\u0151:\" \/>\n\t<meta name=\"twitter:data1\" content=\"Bozsogi Attila\" \/>\n\t<meta name=\"twitter:label2\" content=\"Becs\u00fclt olvas\u00e1si id\u0151\" \/>\n\t<meta name=\"twitter:data2\" content=\"2 perc\" \/>\n<script type=\"application\/ld+json\" class=\"yoast-schema-graph\">{\"@context\":\"https:\/\/schema.org\",\"@graph\":[{\"@type\":\"WebPage\",\"@id\":\"https:\/\/bozsogiattila.hu\/?p=1211\",\"url\":\"https:\/\/bozsogiattila.hu\/?p=1211\",\"name\":\"IG\u00c9T HIRDETNEK A PAPOK - Bozsogi Attila\",\"isPartOf\":{\"@id\":\"https:\/\/bozsogiattila.hu\/#website\"},\"datePublished\":\"2015-06-20T20:00:00+00:00\",\"dateModified\":\"2024-01-09T20:01:40+00:00\",\"author\":{\"@id\":\"https:\/\/bozsogiattila.hu\/#\/schema\/person\/488c99f554a8c4039201260dd5eb795e\"},\"breadcrumb\":{\"@id\":\"https:\/\/bozsogiattila.hu\/?p=1211#breadcrumb\"},\"inLanguage\":\"hu\",\"potentialAction\":[{\"@type\":\"ReadAction\",\"target\":[\"https:\/\/bozsogiattila.hu\/?p=1211\"]}]},{\"@type\":\"BreadcrumbList\",\"@id\":\"https:\/\/bozsogiattila.hu\/?p=1211#breadcrumb\",\"itemListElement\":[{\"@type\":\"ListItem\",\"position\":1,\"name\":\"Kezd\u0151lap\",\"item\":\"https:\/\/bozsogiattila.hu\/\"},{\"@type\":\"ListItem\",\"position\":2,\"name\":\"IG\u00c9T HIRDETNEK A PAPOK\"}]},{\"@type\":\"WebSite\",\"@id\":\"https:\/\/bozsogiattila.hu\/#website\",\"url\":\"https:\/\/bozsogiattila.hu\/\",\"name\":\"Bozsogi Attila\",\"description\":\"a zen\u00e9sz, \u00edr\u00f3 munk\u00e1ss\u00e1g\u00e1nak \u00e9s a mak\u00f3i muzsikusok eml\u00e9k\u00e9t \u0151rz\u0151 oldal\",\"potentialAction\":[{\"@type\":\"SearchAction\",\"target\":{\"@type\":\"EntryPoint\",\"urlTemplate\":\"https:\/\/bozsogiattila.hu\/?s={search_term_string}\"},\"query-input\":\"required name=search_term_string\"}],\"inLanguage\":\"hu\"},{\"@type\":\"Person\",\"@id\":\"https:\/\/bozsogiattila.hu\/#\/schema\/person\/488c99f554a8c4039201260dd5eb795e\",\"name\":\"Bozsogi Attila\",\"image\":{\"@type\":\"ImageObject\",\"inLanguage\":\"hu\",\"@id\":\"https:\/\/bozsogiattila.hu\/#\/schema\/person\/image\/\",\"url\":\"https:\/\/secure.gravatar.com\/avatar\/7da6b5985e34ed798d1670c54ce7d20e6a53b800bb0c07945c64b09392f3dbfd?s=96&d=mm&r=g\",\"contentUrl\":\"https:\/\/secure.gravatar.com\/avatar\/7da6b5985e34ed798d1670c54ce7d20e6a53b800bb0c07945c64b09392f3dbfd?s=96&d=mm&r=g\",\"caption\":\"Bozsogi Attila\"},\"sameAs\":[\"http:\/\/www.boszogiattila.hu\"],\"url\":\"https:\/\/bozsogiattila.hu\/?author=3\"}]}<\/script>\n<!-- \/ Yoast SEO plugin. -->","yoast_head_json":{"title":"IG\u00c9T HIRDETNEK A PAPOK - Bozsogi Attila","robots":{"index":"index","follow":"follow","max-snippet":"max-snippet:-1","max-image-preview":"max-image-preview:large","max-video-preview":"max-video-preview:-1"},"canonical":"https:\/\/bozsogiattila.hu\/?p=1211","og_locale":"hu_HU","og_type":"article","og_title":"IG\u00c9T HIRDETNEK A PAPOK - Bozsogi Attila","og_description":"IG\u00c9T HIRDETNEK A PAPOK Ig\u00e9t hirdetnek a papok,S \u00e9bresztenek gondolatot.Hogyan volt egykor a kezdet,A paradicsomi \u00c9den? \u00c1d\u00e1m, \u00c9va az els\u0151 p\u00e1r,Kikre boldog, sz\u00e9p \u00e9let v\u00e1rt.\u00c9va b\u0171nbe vitte p\u00e1rj\u00e1t,Megett\u00e9k a tiltott alm\u00e1t. Isten ki\u0171zte h\u00e1t \u0151ket,B\u0171nbeesett \u0151seinket.Csal\u00f3dott alkot\u00e1s\u00e1ba,Tilalm\u00e1nak ez lett \u00e1ra. Halhatatlans\u00e1gnak v\u00e9ge,Ez is \u00f6r\u00f6k b\u00fcntet\u00e9se.F\u00f6ldi haland\u00f3k \u00edgy lettek,Most is szenvednek emberek. K\u00e1in s \u00c1bel k\u00e9t ... Olvass tov\u00e1bb","og_url":"https:\/\/bozsogiattila.hu\/?p=1211","og_site_name":"Bozsogi Attila","article_published_time":"2015-06-20T20:00:00+00:00","article_modified_time":"2024-01-09T20:01:40+00:00","author":"Bozsogi Attila","twitter_card":"summary_large_image","twitter_misc":{"Szerz\u0151:":"Bozsogi Attila","Becs\u00fclt olvas\u00e1si id\u0151":"2 perc"},"schema":{"@context":"https:\/\/schema.org","@graph":[{"@type":"WebPage","@id":"https:\/\/bozsogiattila.hu\/?p=1211","url":"https:\/\/bozsogiattila.hu\/?p=1211","name":"IG\u00c9T HIRDETNEK A PAPOK - Bozsogi Attila","isPartOf":{"@id":"https:\/\/bozsogiattila.hu\/#website"},"datePublished":"2015-06-20T20:00:00+00:00","dateModified":"2024-01-09T20:01:40+00:00","author":{"@id":"https:\/\/bozsogiattila.hu\/#\/schema\/person\/488c99f554a8c4039201260dd5eb795e"},"breadcrumb":{"@id":"https:\/\/bozsogiattila.hu\/?p=1211#breadcrumb"},"inLanguage":"hu","potentialAction":[{"@type":"ReadAction","target":["https:\/\/bozsogiattila.hu\/?p=1211"]}]},{"@type":"BreadcrumbList","@id":"https:\/\/bozsogiattila.hu\/?p=1211#breadcrumb","itemListElement":[{"@type":"ListItem","position":1,"name":"Kezd\u0151lap","item":"https:\/\/bozsogiattila.hu\/"},{"@type":"ListItem","position":2,"name":"IG\u00c9T HIRDETNEK A PAPOK"}]},{"@type":"WebSite","@id":"https:\/\/bozsogiattila.hu\/#website","url":"https:\/\/bozsogiattila.hu\/","name":"Bozsogi Attila","description":"a zen\u00e9sz, \u00edr\u00f3 munk\u00e1ss\u00e1g\u00e1nak \u00e9s a mak\u00f3i muzsikusok eml\u00e9k\u00e9t \u0151rz\u0151 oldal","potentialAction":[{"@type":"SearchAction","target":{"@type":"EntryPoint","urlTemplate":"https:\/\/bozsogiattila.hu\/?s={search_term_string}"},"query-input":"required name=search_term_string"}],"inLanguage":"hu"},{"@type":"Person","@id":"https:\/\/bozsogiattila.hu\/#\/schema\/person\/488c99f554a8c4039201260dd5eb795e","name":"Bozsogi Attila","image":{"@type":"ImageObject","inLanguage":"hu","@id":"https:\/\/bozsogiattila.hu\/#\/schema\/person\/image\/","url":"https:\/\/secure.gravatar.com\/avatar\/7da6b5985e34ed798d1670c54ce7d20e6a53b800bb0c07945c64b09392f3dbfd?s=96&d=mm&r=g","contentUrl":"https:\/\/secure.gravatar.com\/avatar\/7da6b5985e34ed798d1670c54ce7d20e6a53b800bb0c07945c64b09392f3dbfd?s=96&d=mm&r=g","caption":"Bozsogi Attila"},"sameAs":["http:\/\/www.boszogiattila.hu"],"url":"https:\/\/bozsogiattila.hu\/?author=3"}]}},"jetpack_featured_media_url":"","_links":{"self":[{"href":"https:\/\/bozsogiattila.hu\/index.php?rest_route=\/wp\/v2\/posts\/1211","targetHints":{"allow":["GET"]}}],"collection":[{"href":"https:\/\/bozsogiattila.hu\/index.php?rest_route=\/wp\/v2\/posts"}],"about":[{"href":"https:\/\/bozsogiattila.hu\/index.php?rest_route=\/wp\/v2\/types\/post"}],"author":[{"embeddable":true,"href":"https:\/\/bozsogiattila.hu\/index.php?rest_route=\/wp\/v2\/users\/3"}],"replies":[{"embeddable":true,"href":"https:\/\/bozsogiattila.hu\/index.php?rest_route=%2Fwp%2Fv2%2Fcomments&post=1211"}],"version-history":[{"count":1,"href":"https:\/\/bozsogiattila.hu\/index.php?rest_route=\/wp\/v2\/posts\/1211\/revisions"}],"predecessor-version":[{"id":1212,"href":"https:\/\/bozsogiattila.hu\/index.php?rest_route=\/wp\/v2\/posts\/1211\/revisions\/1212"}],"wp:attachment":[{"href":"https:\/\/bozsogiattila.hu\/index.php?rest_route=%2Fwp%2Fv2%2Fmedia&parent=1211"}],"wp:term":[{"taxonomy":"category","embeddable":true,"href":"https:\/\/bozsogiattila.hu\/index.php?rest_route=%2Fwp%2Fv2%2Fcategories&post=1211"},{"taxonomy":"post_tag","embeddable":true,"href":"https:\/\/bozsogiattila.hu\/index.php?rest_route=%2Fwp%2Fv2%2Ftags&post=1211"}],"curies":[{"name":"wp","href":"https:\/\/api.w.org\/{rel}","templated":true}]}}