{"id":1215,"date":"2020-07-22T20:02:00","date_gmt":"2020-07-22T20:02:00","guid":{"rendered":"https:\/\/bozsogiattila.hu\/?p=1215"},"modified":"2024-01-09T20:04:10","modified_gmt":"2024-01-09T20:04:10","slug":"nezek-egy-fotot","status":"publish","type":"post","link":"https:\/\/bozsogiattila.hu\/?p=1215","title":{"rendered":"N\u00c9ZEK EGY FOT\u00d3T!"},"content":{"rendered":"\n<p class=\"wp-block-paragraph\">N\u00c9ZEK EGY FOT\u00d3T!<\/p>\n\n\n\n<p class=\"wp-block-paragraph\">N\u00e9zek egy fot\u00f3t-, r\u00e9gi k\u00e9p,<br>Rajta zenekarunk-, eml\u00e9k.<br>Nyolc ifj\u00fatit\u00e1n, dalia,<br>Hangszereik talentuma.<\/p>\n\n\n\n<p class=\"wp-block-paragraph\">Bar\u00e1tok voltunk-, nagyon j\u00f3k,<br>Orc\u00e1nk ragyogott-, (ha) zene sz\u00f3lt.<br>H\u00edresek voltunk egykoron,<br>Eml\u00e9k most, csak m\u00e1r a fot\u00f3n.<\/p>\n\n\n\n<p class=\"wp-block-paragraph\">Trombit\u00e1val \u201eC-d\u00far\u201d T\u00f3ni,<br>Aki nem m\u00e1s-, Pint\u00e9r Feri.<br>R\u00e9g elment m\u00e1r, az els\u0151 volt,<br>Kit a hal\u00e1l elragadott.<\/p>\n\n\n\n<p class=\"wp-block-paragraph\">A doboknak b\u0171v\u00f6l\u0151je,<br>Szir\u00e1nyi Pista, \u00fcgyv\u00e9d lett.<br>Esztergomba, messzire ment,<br>Ott praktiz\u00e1lt-, nem feledett.<\/p>\n\n\n\n<p class=\"wp-block-paragraph\">Harminc \u00e9v ut\u00e1n j\u00f6tt haza,<br>Koncertemhez gratul\u00e1lva.<br>Soha t\u00f6bb\u00e9 \u0151t nem l\u00e1ttam,<br>K\u00f6vette \u201eC-d\u00fart\u201d (a) hal\u00e1lban.<\/p>\n\n\n\n<p class=\"wp-block-paragraph\">Klarin\u00e9tos Varga Bandi,<br>Intend\u00e1ns n\u00e9v, kij\u00e1rt neki.<br>Tan\u00e1r lett, majd igazgat\u00f3,<br>\u00c9l, vagy holt-, azt nem tudhatom.<\/p>\n\n\n\n<p class=\"wp-block-paragraph\">Jo\u00f3 Imre a szaxofonos,<br>Sk\u00f3thercegk\u00e9nt, takar\u00e9kos.<br>Legkisebb volt \u0151 k\u00f6z\u00f6tt\u00fcnk,<br>Fanyar humor\u00e1n, nevett\u00fcnk.<\/p>\n\n\n\n<p class=\"wp-block-paragraph\">Ritk\u00e1n l\u00e1tom-, s tal\u00e1lkozunk,<br>Ha az utc\u00e1n \u00f6sszefutunk.<br>Hangszere sincs, m\u00e1r nem zen\u00e9l,<br>\u00d6regesen, \u0151sz fejjel \u00e9l.<\/p>\n\n\n\n<p class=\"wp-block-paragraph\">Harson\u00e1sunk M\u00fcller Samu,<br>\u0150stehets\u00e9g, b\u00fas, szomor\u00fa.<br>Z\u00e1rk\u00f3zott volt, de j\u00f3 bar\u00e1t,<br>Katonas\u00e1gn\u00e1l cimbor\u00e1m.<\/p>\n\n\n\n<p class=\"wp-block-paragraph\">Szolnokon volt sz\u00ednh\u00e1z zen\u00e9sz,<br>Im\u00e1dta mindig a zen\u00e9t.<br>R\u00f3la t\u00f6bbet sosem tudtunk,<br>H\u00edrt nem adott, nem is l\u00e1ttuk.<\/p>\n\n\n\n<p class=\"wp-block-paragraph\">Bal\u00e1zs Gyuri a nagyb\u0151g\u0151s,<br>Professzork\u00e9nt, tan\u00edtott \u0150.<br>Szentesen \u00e9lt, \u00edrt, alkotott,<br>Sok-sok m\u0171vet h\u00e1trahagyott.<\/p>\n\n\n\n<p class=\"wp-block-paragraph\">(Ha) lak\u00e1s\u00e1n megl\u00e1togattam,<br>Dobj\u00e1hoz \u00fclt, mosolyg\u00f3san.<br>Harmonik\u00e1m, ha felzengett,<br>Pergett a dob, csak \u00fagy csengett.<\/p>\n\n\n\n<p class=\"wp-block-paragraph\">S\u00edrj\u00e1n\u00e1l elb\u00facs\u00faztattam,<br>Egy versemmel, meghatottan.<br>Legk\u00f6zelebb \u0151 \u00e1llt hozz\u00e1m,<br>Koccintgattunk, iszogatv\u00e1n.<\/p>\n\n\n\n<p class=\"wp-block-paragraph\">Koreln\u00f6k volt, boh\u00e9mbar\u00e1t,<br>Ha tehette tr\u00e9f\u00e1t kre\u00e1lt.<br>\u00cdgy maradt meg eml\u00e9kemben,<br>Elment, de itt van-, itt, velem.<\/p>\n\n\n\n<p class=\"wp-block-paragraph\">H\u00e1ry Feri zongorista,<br>B\u0151g\u0151tan\u00e1r-, komponista.<br>K\u00fclf\u00f6ldet j\u00e1rt, haj\u00f3n zen\u00e9lt,<br>M\u0171v\u00e9szk\u00e9nt \u0150, Szegeden \u00e9l.<\/p>\n\n\n\n<p class=\"wp-block-paragraph\">Sz\u00f3viv\u0151nek \u00e9n maradtam,<br>Eml\u00e9kt\u00e1ramat kit\u00e1rtam.<br>J\u00f3 volt eml\u00e9kezni r\u00e1juk,<br>Vers(em)ben megmarad alakjuk!<\/p>\n\n\n\n<p class=\"wp-block-paragraph\">Mak\u00f3, 2020-07-22<\/p>\n","protected":false},"excerpt":{"rendered":"<p>N\u00c9ZEK EGY FOT\u00d3T! N\u00e9zek egy fot\u00f3t-, r\u00e9gi k\u00e9p,Rajta zenekarunk-, eml\u00e9k.Nyolc ifj\u00fatit\u00e1n, dalia,Hangszereik talentuma. Bar\u00e1tok voltunk-, nagyon j\u00f3k,Orc\u00e1nk ragyogott-, (ha) zene sz\u00f3lt.H\u00edresek voltunk egykoron,Eml\u00e9k most, csak m\u00e1r a fot\u00f3n. Trombit\u00e1val \u201eC-d\u00far\u201d T\u00f3ni,Aki nem m\u00e1s-, Pint\u00e9r Feri.R\u00e9g elment m\u00e1r, az els\u0151 volt,Kit a hal\u00e1l elragadott. A doboknak b\u0171v\u00f6l\u0151je,Szir\u00e1nyi Pista, \u00fcgyv\u00e9d lett.Esztergomba, messzire ment,Ott praktiz\u00e1lt-, nem feledett. Harminc &#8230; <a title=\"N\u00c9ZEK EGY FOT\u00d3T!\" class=\"read-more\" href=\"https:\/\/bozsogiattila.hu\/?p=1215\" aria-label=\"Tov\u00e1bbiak N\u00c9ZEK EGY FOT\u00d3T!\">Olvass tov\u00e1bb<\/a><\/p>\n","protected":false},"author":3,"featured_media":0,"comment_status":"closed","ping_status":"open","sticky":false,"template":"","format":"standard","meta":{"footnotes":""},"categories":[4],"tags":[321,12],"class_list":["post-1215","post","type-post","status-publish","format-standard","hentry","category-versek","tag-321","tag-mako"],"yoast_head":"<!-- This site is optimized with the Yoast SEO plugin v21.8 - https:\/\/yoast.com\/wordpress\/plugins\/seo\/ -->\n<title>N\u00c9ZEK EGY FOT\u00d3T! - Bozsogi Attila<\/title>\n<meta name=\"robots\" content=\"index, follow, max-snippet:-1, max-image-preview:large, max-video-preview:-1\" \/>\n<link rel=\"canonical\" href=\"https:\/\/bozsogiattila.hu\/?p=1215\" \/>\n<meta property=\"og:locale\" content=\"hu_HU\" \/>\n<meta property=\"og:type\" content=\"article\" \/>\n<meta property=\"og:title\" content=\"N\u00c9ZEK EGY FOT\u00d3T! - Bozsogi Attila\" \/>\n<meta property=\"og:description\" content=\"N\u00c9ZEK EGY FOT\u00d3T! N\u00e9zek egy fot\u00f3t-, r\u00e9gi k\u00e9p,Rajta zenekarunk-, eml\u00e9k.Nyolc ifj\u00fatit\u00e1n, dalia,Hangszereik talentuma. Bar\u00e1tok voltunk-, nagyon j\u00f3k,Orc\u00e1nk ragyogott-, (ha) zene sz\u00f3lt.H\u00edresek voltunk egykoron,Eml\u00e9k most, csak m\u00e1r a fot\u00f3n. Trombit\u00e1val \u201eC-d\u00far\u201d T\u00f3ni,Aki nem m\u00e1s-, Pint\u00e9r Feri.R\u00e9g elment m\u00e1r, az els\u0151 volt,Kit a hal\u00e1l elragadott. A doboknak b\u0171v\u00f6l\u0151je,Szir\u00e1nyi Pista, \u00fcgyv\u00e9d lett.Esztergomba, messzire ment,Ott praktiz\u00e1lt-, nem feledett. Harminc ... Olvass tov\u00e1bb\" \/>\n<meta property=\"og:url\" content=\"https:\/\/bozsogiattila.hu\/?p=1215\" \/>\n<meta property=\"og:site_name\" content=\"Bozsogi Attila\" \/>\n<meta property=\"article:published_time\" content=\"2020-07-22T20:02:00+00:00\" \/>\n<meta property=\"article:modified_time\" content=\"2024-01-09T20:04:10+00:00\" \/>\n<meta name=\"author\" content=\"Bozsogi Attila\" \/>\n<meta name=\"twitter:card\" content=\"summary_large_image\" \/>\n<meta name=\"twitter:label1\" content=\"Szerz\u0151:\" \/>\n\t<meta name=\"twitter:data1\" content=\"Bozsogi Attila\" \/>\n\t<meta name=\"twitter:label2\" content=\"Becs\u00fclt olvas\u00e1si id\u0151\" \/>\n\t<meta name=\"twitter:data2\" content=\"2 perc\" \/>\n<script type=\"application\/ld+json\" class=\"yoast-schema-graph\">{\"@context\":\"https:\/\/schema.org\",\"@graph\":[{\"@type\":\"WebPage\",\"@id\":\"https:\/\/bozsogiattila.hu\/?p=1215\",\"url\":\"https:\/\/bozsogiattila.hu\/?p=1215\",\"name\":\"N\u00c9ZEK EGY FOT\u00d3T! - Bozsogi Attila\",\"isPartOf\":{\"@id\":\"https:\/\/bozsogiattila.hu\/#website\"},\"datePublished\":\"2020-07-22T20:02:00+00:00\",\"dateModified\":\"2024-01-09T20:04:10+00:00\",\"author\":{\"@id\":\"https:\/\/bozsogiattila.hu\/#\/schema\/person\/488c99f554a8c4039201260dd5eb795e\"},\"breadcrumb\":{\"@id\":\"https:\/\/bozsogiattila.hu\/?p=1215#breadcrumb\"},\"inLanguage\":\"hu\",\"potentialAction\":[{\"@type\":\"ReadAction\",\"target\":[\"https:\/\/bozsogiattila.hu\/?p=1215\"]}]},{\"@type\":\"BreadcrumbList\",\"@id\":\"https:\/\/bozsogiattila.hu\/?p=1215#breadcrumb\",\"itemListElement\":[{\"@type\":\"ListItem\",\"position\":1,\"name\":\"Kezd\u0151lap\",\"item\":\"https:\/\/bozsogiattila.hu\/\"},{\"@type\":\"ListItem\",\"position\":2,\"name\":\"N\u00c9ZEK EGY FOT\u00d3T!\"}]},{\"@type\":\"WebSite\",\"@id\":\"https:\/\/bozsogiattila.hu\/#website\",\"url\":\"https:\/\/bozsogiattila.hu\/\",\"name\":\"Bozsogi Attila\",\"description\":\"a zen\u00e9sz, \u00edr\u00f3 munk\u00e1ss\u00e1g\u00e1nak \u00e9s a mak\u00f3i muzsikusok eml\u00e9k\u00e9t \u0151rz\u0151 oldal\",\"potentialAction\":[{\"@type\":\"SearchAction\",\"target\":{\"@type\":\"EntryPoint\",\"urlTemplate\":\"https:\/\/bozsogiattila.hu\/?s={search_term_string}\"},\"query-input\":\"required name=search_term_string\"}],\"inLanguage\":\"hu\"},{\"@type\":\"Person\",\"@id\":\"https:\/\/bozsogiattila.hu\/#\/schema\/person\/488c99f554a8c4039201260dd5eb795e\",\"name\":\"Bozsogi Attila\",\"image\":{\"@type\":\"ImageObject\",\"inLanguage\":\"hu\",\"@id\":\"https:\/\/bozsogiattila.hu\/#\/schema\/person\/image\/\",\"url\":\"https:\/\/secure.gravatar.com\/avatar\/7da6b5985e34ed798d1670c54ce7d20e6a53b800bb0c07945c64b09392f3dbfd?s=96&d=mm&r=g\",\"contentUrl\":\"https:\/\/secure.gravatar.com\/avatar\/7da6b5985e34ed798d1670c54ce7d20e6a53b800bb0c07945c64b09392f3dbfd?s=96&d=mm&r=g\",\"caption\":\"Bozsogi Attila\"},\"sameAs\":[\"http:\/\/www.boszogiattila.hu\"],\"url\":\"https:\/\/bozsogiattila.hu\/?author=3\"}]}<\/script>\n<!-- \/ Yoast SEO plugin. -->","yoast_head_json":{"title":"N\u00c9ZEK EGY FOT\u00d3T! - Bozsogi Attila","robots":{"index":"index","follow":"follow","max-snippet":"max-snippet:-1","max-image-preview":"max-image-preview:large","max-video-preview":"max-video-preview:-1"},"canonical":"https:\/\/bozsogiattila.hu\/?p=1215","og_locale":"hu_HU","og_type":"article","og_title":"N\u00c9ZEK EGY FOT\u00d3T! - Bozsogi Attila","og_description":"N\u00c9ZEK EGY FOT\u00d3T! N\u00e9zek egy fot\u00f3t-, r\u00e9gi k\u00e9p,Rajta zenekarunk-, eml\u00e9k.Nyolc ifj\u00fatit\u00e1n, dalia,Hangszereik talentuma. Bar\u00e1tok voltunk-, nagyon j\u00f3k,Orc\u00e1nk ragyogott-, (ha) zene sz\u00f3lt.H\u00edresek voltunk egykoron,Eml\u00e9k most, csak m\u00e1r a fot\u00f3n. Trombit\u00e1val \u201eC-d\u00far\u201d T\u00f3ni,Aki nem m\u00e1s-, Pint\u00e9r Feri.R\u00e9g elment m\u00e1r, az els\u0151 volt,Kit a hal\u00e1l elragadott. A doboknak b\u0171v\u00f6l\u0151je,Szir\u00e1nyi Pista, \u00fcgyv\u00e9d lett.Esztergomba, messzire ment,Ott praktiz\u00e1lt-, nem feledett. Harminc ... Olvass tov\u00e1bb","og_url":"https:\/\/bozsogiattila.hu\/?p=1215","og_site_name":"Bozsogi Attila","article_published_time":"2020-07-22T20:02:00+00:00","article_modified_time":"2024-01-09T20:04:10+00:00","author":"Bozsogi Attila","twitter_card":"summary_large_image","twitter_misc":{"Szerz\u0151:":"Bozsogi Attila","Becs\u00fclt olvas\u00e1si id\u0151":"2 perc"},"schema":{"@context":"https:\/\/schema.org","@graph":[{"@type":"WebPage","@id":"https:\/\/bozsogiattila.hu\/?p=1215","url":"https:\/\/bozsogiattila.hu\/?p=1215","name":"N\u00c9ZEK EGY FOT\u00d3T! - Bozsogi Attila","isPartOf":{"@id":"https:\/\/bozsogiattila.hu\/#website"},"datePublished":"2020-07-22T20:02:00+00:00","dateModified":"2024-01-09T20:04:10+00:00","author":{"@id":"https:\/\/bozsogiattila.hu\/#\/schema\/person\/488c99f554a8c4039201260dd5eb795e"},"breadcrumb":{"@id":"https:\/\/bozsogiattila.hu\/?p=1215#breadcrumb"},"inLanguage":"hu","potentialAction":[{"@type":"ReadAction","target":["https:\/\/bozsogiattila.hu\/?p=1215"]}]},{"@type":"BreadcrumbList","@id":"https:\/\/bozsogiattila.hu\/?p=1215#breadcrumb","itemListElement":[{"@type":"ListItem","position":1,"name":"Kezd\u0151lap","item":"https:\/\/bozsogiattila.hu\/"},{"@type":"ListItem","position":2,"name":"N\u00c9ZEK EGY FOT\u00d3T!"}]},{"@type":"WebSite","@id":"https:\/\/bozsogiattila.hu\/#website","url":"https:\/\/bozsogiattila.hu\/","name":"Bozsogi Attila","description":"a zen\u00e9sz, \u00edr\u00f3 munk\u00e1ss\u00e1g\u00e1nak \u00e9s a mak\u00f3i muzsikusok eml\u00e9k\u00e9t \u0151rz\u0151 oldal","potentialAction":[{"@type":"SearchAction","target":{"@type":"EntryPoint","urlTemplate":"https:\/\/bozsogiattila.hu\/?s={search_term_string}"},"query-input":"required name=search_term_string"}],"inLanguage":"hu"},{"@type":"Person","@id":"https:\/\/bozsogiattila.hu\/#\/schema\/person\/488c99f554a8c4039201260dd5eb795e","name":"Bozsogi Attila","image":{"@type":"ImageObject","inLanguage":"hu","@id":"https:\/\/bozsogiattila.hu\/#\/schema\/person\/image\/","url":"https:\/\/secure.gravatar.com\/avatar\/7da6b5985e34ed798d1670c54ce7d20e6a53b800bb0c07945c64b09392f3dbfd?s=96&d=mm&r=g","contentUrl":"https:\/\/secure.gravatar.com\/avatar\/7da6b5985e34ed798d1670c54ce7d20e6a53b800bb0c07945c64b09392f3dbfd?s=96&d=mm&r=g","caption":"Bozsogi Attila"},"sameAs":["http:\/\/www.boszogiattila.hu"],"url":"https:\/\/bozsogiattila.hu\/?author=3"}]}},"jetpack_featured_media_url":"","_links":{"self":[{"href":"https:\/\/bozsogiattila.hu\/index.php?rest_route=\/wp\/v2\/posts\/1215","targetHints":{"allow":["GET"]}}],"collection":[{"href":"https:\/\/bozsogiattila.hu\/index.php?rest_route=\/wp\/v2\/posts"}],"about":[{"href":"https:\/\/bozsogiattila.hu\/index.php?rest_route=\/wp\/v2\/types\/post"}],"author":[{"embeddable":true,"href":"https:\/\/bozsogiattila.hu\/index.php?rest_route=\/wp\/v2\/users\/3"}],"replies":[{"embeddable":true,"href":"https:\/\/bozsogiattila.hu\/index.php?rest_route=%2Fwp%2Fv2%2Fcomments&post=1215"}],"version-history":[{"count":1,"href":"https:\/\/bozsogiattila.hu\/index.php?rest_route=\/wp\/v2\/posts\/1215\/revisions"}],"predecessor-version":[{"id":1216,"href":"https:\/\/bozsogiattila.hu\/index.php?rest_route=\/wp\/v2\/posts\/1215\/revisions\/1216"}],"wp:attachment":[{"href":"https:\/\/bozsogiattila.hu\/index.php?rest_route=%2Fwp%2Fv2%2Fmedia&parent=1215"}],"wp:term":[{"taxonomy":"category","embeddable":true,"href":"https:\/\/bozsogiattila.hu\/index.php?rest_route=%2Fwp%2Fv2%2Fcategories&post=1215"},{"taxonomy":"post_tag","embeddable":true,"href":"https:\/\/bozsogiattila.hu\/index.php?rest_route=%2Fwp%2Fv2%2Ftags&post=1215"}],"curies":[{"name":"wp","href":"https:\/\/api.w.org\/{rel}","templated":true}]}}