{"id":1223,"date":"2015-08-20T20:07:00","date_gmt":"2015-08-20T20:07:00","guid":{"rendered":"https:\/\/bozsogiattila.hu\/?p=1223"},"modified":"2024-01-09T20:08:34","modified_gmt":"2024-01-09T20:08:34","slug":"vannak-neha-furcsa-dolgok","status":"publish","type":"post","link":"https:\/\/bozsogiattila.hu\/?p=1223","title":{"rendered":"VANNAK N\u00c9HA FURCSA DOLGOK"},"content":{"rendered":"\n<p class=\"wp-block-paragraph\">VANNAK N\u00c9HA FURCSA DOLGOK<\/p>\n\n\n\n<p class=\"wp-block-paragraph\">Vannak n\u00e9ha furcsa dolgok,<br>Kisz\u00e1m\u00edthatatlan percek.<br>Van, mikor az \u00e9rz\u00e9s l\u00e1ngol,<br>S az \u00e9rtelem meg rabb\u00e1 lesz.<\/p>\n\n\n\n<p class=\"wp-block-paragraph\">Van, mikor kigy\u00fal egy csillag,<br>T\u00fcnd\u00f6k\u00f6l a magas \u00e9gen,<br>Esz\u00e9t vesztve, f\u00e9ktelen\u00fcl,<br>Re\u00e1nk tekintget hevesen.<\/p>\n\n\n\n<p class=\"wp-block-paragraph\">Van, mikor a sz\u00edv \u00e9s l\u00e9lek,<br>Esedezve rem\u00e9nykedik,<br>V\u00e1gy\u00e1lmokt\u00f3l felhev\u00fclve,<br>Az agy m\u00e1r nem gondolkodik.<\/p>\n\n\n\n<p class=\"wp-block-paragraph\">Van, mikor a terv m\u00e1r nem terv,<br>Hanem egy \u00e1h\u00edtott \u00e1lom,<br>A boldogs\u00e1g rem\u00e9nysug\u00e1r,<br>Szeretetteljes hatalom.<\/p>\n\n\n\n<p class=\"wp-block-paragraph\">Van, mikor m\u00e9g nem mondjuk ki,<br>Pedig sokszor, mily j\u00f3 volna,<br>Ki\u00f6nteni a lelk\u00fcnket,<br>\u00d6r\u00f6m\u00f6kt\u0151l meg\u00fajulva.<\/p>\n\n\n\n<p class=\"wp-block-paragraph\">Van, mikor a t\u00e1vols\u00e1gt\u00f3l,<br>Megriadunk, s tal\u00e1n f\u00e9l\u00fcnk,<br>Nem \u00e9rezz\u00fck, de m\u00e1r tudjuk,<br>Lehet, mindent elvesz\u00edt\u00fcnk.<\/p>\n\n\n\n<p class=\"wp-block-paragraph\">Van, mikor a mag\u00e1nyunkban,<br>Csapongva sz\u00e1ll messze lelk\u00fcnk,<br>S gondolatunk azt kutatja,<br>Val\u00f3s\u00e1g lesz, amit veszt\u00fcnk?<\/p>\n\n\n\n<p class=\"wp-block-paragraph\">Van, mikor az \u00e9rz\u00e9s megfagy,<br>S egy kis melegs\u00e9gre v\u00e1gyunk,<br>Keres\u00fcnk egy jobb megold\u00e1st,<br>S azt\u00e1n gy\u00e1v\u00e1n megh\u00e1tr\u00e1lunk.<\/p>\n\n\n\n<p class=\"wp-block-paragraph\">Van, mikor a l\u00e1nc elszakad,<br>Mert gyenge volt az egyik szem,<br>\u00d6sszeomlik minden akkor,<br>\u00c9s megrokkan az \u00e9rzelem.<\/p>\n\n\n\n<p class=\"wp-block-paragraph\">Van, mikor felel\u0151tlen\u00fcl,<br>Nem t\u00f6r\u0151d\u00fcnk semmivel sem,<br>K\u00e9s\u0151n j\u00f6v\u00fcnk r\u00e1 a bajra,<br>\u00c9s k\u00f6nnyes lesz akkor a szem.<\/p>\n\n\n\n<p class=\"wp-block-paragraph\">Van, mikor keress\u00fck egym\u00e1st,<br>Hi\u00e1nyzik a k\u00e9zfog\u00e1sunk,<br>\u00d6lel\u0151 kar szor\u00edt\u00e1sa,<br>Vagy amir\u0151l majd \u00e1lmodunk.<\/p>\n\n\n\n<p class=\"wp-block-paragraph\">Van, mikor a t\u00e1vols\u00e1gt\u00f3l,<br>Elhom\u00e1lyosul a szem\u00fcnk,<br>S a tal\u00e1lkoz\u00e1sunk napja,<br>Gyakran megjelenik nek\u00fcnk.<\/p>\n\n\n\n<p class=\"wp-block-paragraph\">Van, mikor m\u00e9g rebesgetj\u00fck,<br>Hi\u00fa \u00e1br\u00e1ndjaink t\u00e9ny\u00e9t,<br>M\u00e1s dimenzi\u00f3t eml\u00edt\u00fcnk,<br>Becsapva magunknak \u00e9nj\u00e9t.<\/p>\n\n\n\n<p class=\"wp-block-paragraph\">Van, mikor m\u00e9g kigy\u00fal a f\u00e9ny,<br>Felcsillan olykor a rem\u00e9ny,<br>Fel\u00e9bred\u00fcnk \u00e1lmainkb\u00f3l,<br>R\u00e1j\u00f6v\u00fcnk: &#8211; rossz az eredm\u00e9ny.<\/p>\n\n\n\n<p class=\"wp-block-paragraph\">Van, mikor sz\u00e9p sz\u00f3kra v\u00e1gyunk,<br>Hi\u00e1nyoznak a mondatok,<br>Melyek magukba foglalj\u00e1k,<br>A legszebb sz\u00f3t: a boldogs\u00e1got.<\/p>\n\n\n\n<p class=\"wp-block-paragraph\">Van, mikor a nagy szerelem,<br>\u00c9szrev\u00e9tlen lopakodik,<br>Beteljes\u00fcl, mit k\u00edv\u00e1nunk,<br>Sz\u00edv\u00fcnk, lelk\u00fcnk gazdagodik.<\/p>\n\n\n\n<p class=\"wp-block-paragraph\">Mak\u00f3, 2015-08-20<\/p>\n","protected":false},"excerpt":{"rendered":"<p>VANNAK N\u00c9HA FURCSA DOLGOK Vannak n\u00e9ha furcsa dolgok,Kisz\u00e1m\u00edthatatlan percek.Van, mikor az \u00e9rz\u00e9s l\u00e1ngol,S az \u00e9rtelem meg rabb\u00e1 lesz. Van, mikor kigy\u00fal egy csillag,T\u00fcnd\u00f6k\u00f6l a magas \u00e9gen,Esz\u00e9t vesztve, f\u00e9ktelen\u00fcl,Re\u00e1nk tekintget hevesen. Van, mikor a sz\u00edv \u00e9s l\u00e9lek,Esedezve rem\u00e9nykedik,V\u00e1gy\u00e1lmokt\u00f3l felhev\u00fclve,Az agy m\u00e1r nem gondolkodik. Van, mikor a terv m\u00e1r nem terv,Hanem egy \u00e1h\u00edtott \u00e1lom,A boldogs\u00e1g rem\u00e9nysug\u00e1r,Szeretetteljes hatalom. &#8230; <a title=\"VANNAK N\u00c9HA FURCSA DOLGOK\" class=\"read-more\" href=\"https:\/\/bozsogiattila.hu\/?p=1223\" aria-label=\"Tov\u00e1bbiak VANNAK N\u00c9HA FURCSA DOLGOK\">Olvass tov\u00e1bb<\/a><\/p>\n","protected":false},"author":3,"featured_media":0,"comment_status":"closed","ping_status":"open","sticky":false,"template":"","format":"standard","meta":{"footnotes":""},"categories":[4],"tags":[328,12],"class_list":["post-1223","post","type-post","status-publish","format-standard","hentry","category-versek","tag-328","tag-mako"],"yoast_head":"<!-- This site is optimized with the Yoast SEO plugin v21.8 - https:\/\/yoast.com\/wordpress\/plugins\/seo\/ -->\n<title>VANNAK N\u00c9HA FURCSA DOLGOK - Bozsogi Attila<\/title>\n<meta name=\"robots\" content=\"index, follow, max-snippet:-1, max-image-preview:large, max-video-preview:-1\" \/>\n<link rel=\"canonical\" href=\"https:\/\/bozsogiattila.hu\/?p=1223\" \/>\n<meta property=\"og:locale\" content=\"hu_HU\" \/>\n<meta property=\"og:type\" content=\"article\" \/>\n<meta property=\"og:title\" content=\"VANNAK N\u00c9HA FURCSA DOLGOK - Bozsogi Attila\" \/>\n<meta property=\"og:description\" content=\"VANNAK N\u00c9HA FURCSA DOLGOK Vannak n\u00e9ha furcsa dolgok,Kisz\u00e1m\u00edthatatlan percek.Van, mikor az \u00e9rz\u00e9s l\u00e1ngol,S az \u00e9rtelem meg rabb\u00e1 lesz. Van, mikor kigy\u00fal egy csillag,T\u00fcnd\u00f6k\u00f6l a magas \u00e9gen,Esz\u00e9t vesztve, f\u00e9ktelen\u00fcl,Re\u00e1nk tekintget hevesen. Van, mikor a sz\u00edv \u00e9s l\u00e9lek,Esedezve rem\u00e9nykedik,V\u00e1gy\u00e1lmokt\u00f3l felhev\u00fclve,Az agy m\u00e1r nem gondolkodik. Van, mikor a terv m\u00e1r nem terv,Hanem egy \u00e1h\u00edtott \u00e1lom,A boldogs\u00e1g rem\u00e9nysug\u00e1r,Szeretetteljes hatalom. ... Olvass tov\u00e1bb\" \/>\n<meta property=\"og:url\" content=\"https:\/\/bozsogiattila.hu\/?p=1223\" \/>\n<meta property=\"og:site_name\" content=\"Bozsogi Attila\" \/>\n<meta property=\"article:published_time\" content=\"2015-08-20T20:07:00+00:00\" \/>\n<meta property=\"article:modified_time\" content=\"2024-01-09T20:08:34+00:00\" \/>\n<meta name=\"author\" content=\"Bozsogi Attila\" \/>\n<meta name=\"twitter:card\" content=\"summary_large_image\" \/>\n<meta name=\"twitter:label1\" content=\"Szerz\u0151:\" \/>\n\t<meta name=\"twitter:data1\" content=\"Bozsogi Attila\" \/>\n\t<meta name=\"twitter:label2\" content=\"Becs\u00fclt olvas\u00e1si id\u0151\" \/>\n\t<meta name=\"twitter:data2\" content=\"2 perc\" \/>\n<script type=\"application\/ld+json\" class=\"yoast-schema-graph\">{\"@context\":\"https:\/\/schema.org\",\"@graph\":[{\"@type\":\"WebPage\",\"@id\":\"https:\/\/bozsogiattila.hu\/?p=1223\",\"url\":\"https:\/\/bozsogiattila.hu\/?p=1223\",\"name\":\"VANNAK N\u00c9HA FURCSA DOLGOK - Bozsogi Attila\",\"isPartOf\":{\"@id\":\"https:\/\/bozsogiattila.hu\/#website\"},\"datePublished\":\"2015-08-20T20:07:00+00:00\",\"dateModified\":\"2024-01-09T20:08:34+00:00\",\"author\":{\"@id\":\"https:\/\/bozsogiattila.hu\/#\/schema\/person\/488c99f554a8c4039201260dd5eb795e\"},\"breadcrumb\":{\"@id\":\"https:\/\/bozsogiattila.hu\/?p=1223#breadcrumb\"},\"inLanguage\":\"hu\",\"potentialAction\":[{\"@type\":\"ReadAction\",\"target\":[\"https:\/\/bozsogiattila.hu\/?p=1223\"]}]},{\"@type\":\"BreadcrumbList\",\"@id\":\"https:\/\/bozsogiattila.hu\/?p=1223#breadcrumb\",\"itemListElement\":[{\"@type\":\"ListItem\",\"position\":1,\"name\":\"Kezd\u0151lap\",\"item\":\"https:\/\/bozsogiattila.hu\/\"},{\"@type\":\"ListItem\",\"position\":2,\"name\":\"VANNAK N\u00c9HA FURCSA DOLGOK\"}]},{\"@type\":\"WebSite\",\"@id\":\"https:\/\/bozsogiattila.hu\/#website\",\"url\":\"https:\/\/bozsogiattila.hu\/\",\"name\":\"Bozsogi Attila\",\"description\":\"a zen\u00e9sz, \u00edr\u00f3 munk\u00e1ss\u00e1g\u00e1nak \u00e9s a mak\u00f3i muzsikusok eml\u00e9k\u00e9t \u0151rz\u0151 oldal\",\"potentialAction\":[{\"@type\":\"SearchAction\",\"target\":{\"@type\":\"EntryPoint\",\"urlTemplate\":\"https:\/\/bozsogiattila.hu\/?s={search_term_string}\"},\"query-input\":\"required name=search_term_string\"}],\"inLanguage\":\"hu\"},{\"@type\":\"Person\",\"@id\":\"https:\/\/bozsogiattila.hu\/#\/schema\/person\/488c99f554a8c4039201260dd5eb795e\",\"name\":\"Bozsogi Attila\",\"image\":{\"@type\":\"ImageObject\",\"inLanguage\":\"hu\",\"@id\":\"https:\/\/bozsogiattila.hu\/#\/schema\/person\/image\/\",\"url\":\"https:\/\/secure.gravatar.com\/avatar\/7da6b5985e34ed798d1670c54ce7d20e6a53b800bb0c07945c64b09392f3dbfd?s=96&d=mm&r=g\",\"contentUrl\":\"https:\/\/secure.gravatar.com\/avatar\/7da6b5985e34ed798d1670c54ce7d20e6a53b800bb0c07945c64b09392f3dbfd?s=96&d=mm&r=g\",\"caption\":\"Bozsogi Attila\"},\"sameAs\":[\"http:\/\/www.boszogiattila.hu\"],\"url\":\"https:\/\/bozsogiattila.hu\/?author=3\"}]}<\/script>\n<!-- \/ Yoast SEO plugin. -->","yoast_head_json":{"title":"VANNAK N\u00c9HA FURCSA DOLGOK - Bozsogi Attila","robots":{"index":"index","follow":"follow","max-snippet":"max-snippet:-1","max-image-preview":"max-image-preview:large","max-video-preview":"max-video-preview:-1"},"canonical":"https:\/\/bozsogiattila.hu\/?p=1223","og_locale":"hu_HU","og_type":"article","og_title":"VANNAK N\u00c9HA FURCSA DOLGOK - Bozsogi Attila","og_description":"VANNAK N\u00c9HA FURCSA DOLGOK Vannak n\u00e9ha furcsa dolgok,Kisz\u00e1m\u00edthatatlan percek.Van, mikor az \u00e9rz\u00e9s l\u00e1ngol,S az \u00e9rtelem meg rabb\u00e1 lesz. Van, mikor kigy\u00fal egy csillag,T\u00fcnd\u00f6k\u00f6l a magas \u00e9gen,Esz\u00e9t vesztve, f\u00e9ktelen\u00fcl,Re\u00e1nk tekintget hevesen. Van, mikor a sz\u00edv \u00e9s l\u00e9lek,Esedezve rem\u00e9nykedik,V\u00e1gy\u00e1lmokt\u00f3l felhev\u00fclve,Az agy m\u00e1r nem gondolkodik. Van, mikor a terv m\u00e1r nem terv,Hanem egy \u00e1h\u00edtott \u00e1lom,A boldogs\u00e1g rem\u00e9nysug\u00e1r,Szeretetteljes hatalom. ... Olvass tov\u00e1bb","og_url":"https:\/\/bozsogiattila.hu\/?p=1223","og_site_name":"Bozsogi Attila","article_published_time":"2015-08-20T20:07:00+00:00","article_modified_time":"2024-01-09T20:08:34+00:00","author":"Bozsogi Attila","twitter_card":"summary_large_image","twitter_misc":{"Szerz\u0151:":"Bozsogi Attila","Becs\u00fclt olvas\u00e1si id\u0151":"2 perc"},"schema":{"@context":"https:\/\/schema.org","@graph":[{"@type":"WebPage","@id":"https:\/\/bozsogiattila.hu\/?p=1223","url":"https:\/\/bozsogiattila.hu\/?p=1223","name":"VANNAK N\u00c9HA FURCSA DOLGOK - Bozsogi Attila","isPartOf":{"@id":"https:\/\/bozsogiattila.hu\/#website"},"datePublished":"2015-08-20T20:07:00+00:00","dateModified":"2024-01-09T20:08:34+00:00","author":{"@id":"https:\/\/bozsogiattila.hu\/#\/schema\/person\/488c99f554a8c4039201260dd5eb795e"},"breadcrumb":{"@id":"https:\/\/bozsogiattila.hu\/?p=1223#breadcrumb"},"inLanguage":"hu","potentialAction":[{"@type":"ReadAction","target":["https:\/\/bozsogiattila.hu\/?p=1223"]}]},{"@type":"BreadcrumbList","@id":"https:\/\/bozsogiattila.hu\/?p=1223#breadcrumb","itemListElement":[{"@type":"ListItem","position":1,"name":"Kezd\u0151lap","item":"https:\/\/bozsogiattila.hu\/"},{"@type":"ListItem","position":2,"name":"VANNAK N\u00c9HA FURCSA DOLGOK"}]},{"@type":"WebSite","@id":"https:\/\/bozsogiattila.hu\/#website","url":"https:\/\/bozsogiattila.hu\/","name":"Bozsogi Attila","description":"a zen\u00e9sz, \u00edr\u00f3 munk\u00e1ss\u00e1g\u00e1nak \u00e9s a mak\u00f3i muzsikusok eml\u00e9k\u00e9t \u0151rz\u0151 oldal","potentialAction":[{"@type":"SearchAction","target":{"@type":"EntryPoint","urlTemplate":"https:\/\/bozsogiattila.hu\/?s={search_term_string}"},"query-input":"required name=search_term_string"}],"inLanguage":"hu"},{"@type":"Person","@id":"https:\/\/bozsogiattila.hu\/#\/schema\/person\/488c99f554a8c4039201260dd5eb795e","name":"Bozsogi Attila","image":{"@type":"ImageObject","inLanguage":"hu","@id":"https:\/\/bozsogiattila.hu\/#\/schema\/person\/image\/","url":"https:\/\/secure.gravatar.com\/avatar\/7da6b5985e34ed798d1670c54ce7d20e6a53b800bb0c07945c64b09392f3dbfd?s=96&d=mm&r=g","contentUrl":"https:\/\/secure.gravatar.com\/avatar\/7da6b5985e34ed798d1670c54ce7d20e6a53b800bb0c07945c64b09392f3dbfd?s=96&d=mm&r=g","caption":"Bozsogi Attila"},"sameAs":["http:\/\/www.boszogiattila.hu"],"url":"https:\/\/bozsogiattila.hu\/?author=3"}]}},"jetpack_featured_media_url":"","_links":{"self":[{"href":"https:\/\/bozsogiattila.hu\/index.php?rest_route=\/wp\/v2\/posts\/1223","targetHints":{"allow":["GET"]}}],"collection":[{"href":"https:\/\/bozsogiattila.hu\/index.php?rest_route=\/wp\/v2\/posts"}],"about":[{"href":"https:\/\/bozsogiattila.hu\/index.php?rest_route=\/wp\/v2\/types\/post"}],"author":[{"embeddable":true,"href":"https:\/\/bozsogiattila.hu\/index.php?rest_route=\/wp\/v2\/users\/3"}],"replies":[{"embeddable":true,"href":"https:\/\/bozsogiattila.hu\/index.php?rest_route=%2Fwp%2Fv2%2Fcomments&post=1223"}],"version-history":[{"count":1,"href":"https:\/\/bozsogiattila.hu\/index.php?rest_route=\/wp\/v2\/posts\/1223\/revisions"}],"predecessor-version":[{"id":1224,"href":"https:\/\/bozsogiattila.hu\/index.php?rest_route=\/wp\/v2\/posts\/1223\/revisions\/1224"}],"wp:attachment":[{"href":"https:\/\/bozsogiattila.hu\/index.php?rest_route=%2Fwp%2Fv2%2Fmedia&parent=1223"}],"wp:term":[{"taxonomy":"category","embeddable":true,"href":"https:\/\/bozsogiattila.hu\/index.php?rest_route=%2Fwp%2Fv2%2Fcategories&post=1223"},{"taxonomy":"post_tag","embeddable":true,"href":"https:\/\/bozsogiattila.hu\/index.php?rest_route=%2Fwp%2Fv2%2Ftags&post=1223"}],"curies":[{"name":"wp","href":"https:\/\/api.w.org\/{rel}","templated":true}]}}