{"id":1231,"date":"2020-04-23T20:11:00","date_gmt":"2020-04-23T20:11:00","guid":{"rendered":"https:\/\/bozsogiattila.hu\/?p=1231"},"modified":"2024-01-09T20:12:54","modified_gmt":"2024-01-09T20:12:54","slug":"a-celegyenesben","status":"publish","type":"post","link":"https:\/\/bozsogiattila.hu\/?p=1231","title":{"rendered":"A C\u00c9LEGYENESBEN!"},"content":{"rendered":"\n<p class=\"wp-block-paragraph\">A C\u00c9LEGYENESBEN!<\/p>\n\n\n\n<p class=\"wp-block-paragraph\">A c\u00e9legyenesben j\u00e1rok,<br>Ism\u00e9t, \u00fajra gyermek vagyok.<br>Van ebben kis sz\u00e9ps\u00e9g hiba,<br>Mi jellemz\u0151 a koromra.<\/p>\n\n\n\n<p class=\"wp-block-paragraph\">Nem ugr\u00e1lok, futk\u00e1rozom,<br>Nyolcvanon t\u00fal neh\u00e9z dolog.<br>M\u00e1sodik gyermekkort \u00e9lem,<br>Ez lesz egyszer a v\u00e9gzetem.<\/p>\n\n\n\n<p class=\"wp-block-paragraph\">Lehajolni k\u00f6nnyen tudok,<br>A fel\u00e1ll\u00e1s gondot okoz.<br>Kezem r\u00f6vid, ha olvasok,<br>Ez\u00e9rt szem\u00fcveget hordok.<\/p>\n\n\n\n<p class=\"wp-block-paragraph\">Siet\u00e9ssel probl\u00e9m\u00e1m van,<br>T\u00fcd\u0151m zil\u00e1l az iramban.<br>Gondolatban messze j\u00e1rok,<br>Ilyenkor mindig gyors vagyok.<\/p>\n\n\n\n<p class=\"wp-block-paragraph\">Este mikor villanyt oltok,<br>Mire elalszik-, r\u00e9g alszom.<br>Reggel hatkor fel\u00e9bredek.<br>Els\u0151 dolgom, n\u00e9zem-, \u00e9lek?<\/p>\n\n\n\n<p class=\"wp-block-paragraph\">Megvisel az egyed\u00fcll\u00e9t,<br>Nincs ki, sz\u00f3lna nincs, besz\u00e9l\u00e9s<br>Magammal m\u00e9g nem t\u00e1rsalgok.<br>Ez\u00e9rt v\u00e1laszt nem is v\u00e1rok.<\/p>\n\n\n\n<p class=\"wp-block-paragraph\">F\u00e9rfiker\u00e9kp\u00e1r m\u00e1r neh\u00e9z,<br>V\u00e1z\u00e1n magas fenn az \u00fcl\u00e9s.<br>L\u00e1bam mikor lend\u00edten\u00e9m,<br>Felsz\u00e1ll\u00e1s nem siker\u00e9lm\u00e9ny.<\/p>\n\n\n\n<p class=\"wp-block-paragraph\">Azt gondoltam-, sz\u0171k nadr\u00e1gom.<br>A feneke mi visszafog.<br>Az akad\u00e1ly sajnos nem az,<br>Inam merev, azaz igaz.<\/p>\n\n\n\n<p class=\"wp-block-paragraph\">N\u0151i ker\u00e9kp\u00e1rra \u00fcl\u00f6k,<br>Ami velem lassan d\u00f6c\u00f6g.<br>Lesz\u00e1llok \u00e9s megvizsg\u00e1lom,<br>M\u00e9rt nem halad a fr\u00e1nya roncs.<\/p>\n\n\n\n<p class=\"wp-block-paragraph\">Szomor\u00faan veszem \u00e9szre,<br>\u00c9n vagyok roncs, nem a g\u00e9pem.<br>Ez\u00e9rt lassan csak d\u00f6c\u00f6g\u00f6k,<br>\u00d6regesen, \u00fagy r\u00f6h\u00f6g\u00f6k.<\/p>\n\n\n\n<p class=\"wp-block-paragraph\">Kig\u00fanyolom saj\u00e1t magam,<br>V\u00e9n bolond, mondom azt nyomban.<br>\u00d6nkritik\u00e1m trag\u00e9dia,<br>Ez sajnos a titulusa.<\/p>\n\n\n\n<p class=\"wp-block-paragraph\">Napk\u00f6zben harmonik\u00e1zom,<br>A zene az, nagyhatalom.<br>Zeneszerz\u0151knek munk\u00e1ja.<br>Papira van lekott\u00e1zva.<\/p>\n\n\n\n<p class=\"wp-block-paragraph\">Kott\u00e1t \u00e9n r\u00e9g nem haszn\u00e1lok,<br>Minek, hogyha \u00fagysem l\u00e1tom.<br>Kotta \u00e9s \u00e9sz n\u00e9lk\u00fcl j\u00e1tszom,<br>\u00cdgy v\u00e1ltozott meg a sorsom.<\/p>\n\n\n\n<p class=\"wp-block-paragraph\">Koncerten sosem mosolygok,<br>Helyette, (a) leveg\u0151t falom.<br>\u00cdgy valahogy boldogulok,<br>Kezem remeg, tremol\u00f3zok.<\/p>\n\n\n\n<p class=\"wp-block-paragraph\">A k\u00f6z\u00f6ns\u00e9gnek vastapsa,<br>Nekem sz\u00f3l-, n\u00e9zem b\u00e1mulva?<br>Figyelek h\u00e1t, \u00f3vatosan,<br>Fejet hajtok kom\u00f3tosan.<\/p>\n\n\n\n<p class=\"wp-block-paragraph\">Otthon majd \u00e1ldom\u00e1st iszok,<br>Magammal b\u00fcszk\u00e9n koccintok.<br>V\u00e9gre siker\u00fclt valami,<br>J\u00e1tszom, iszom-, ez sem semmi!<\/p>\n\n\n\n<p class=\"wp-block-paragraph\">Mak\u00f3, 2020-04-23<\/p>\n","protected":false},"excerpt":{"rendered":"<p>A C\u00c9LEGYENESBEN! A c\u00e9legyenesben j\u00e1rok,Ism\u00e9t, \u00fajra gyermek vagyok.Van ebben kis sz\u00e9ps\u00e9g hiba,Mi jellemz\u0151 a koromra. Nem ugr\u00e1lok, futk\u00e1rozom,Nyolcvanon t\u00fal neh\u00e9z dolog.M\u00e1sodik gyermekkort \u00e9lem,Ez lesz egyszer a v\u00e9gzetem. Lehajolni k\u00f6nnyen tudok,A fel\u00e1ll\u00e1s gondot okoz.Kezem r\u00f6vid, ha olvasok,Ez\u00e9rt szem\u00fcveget hordok. Siet\u00e9ssel probl\u00e9m\u00e1m van,T\u00fcd\u0151m zil\u00e1l az iramban.Gondolatban messze j\u00e1rok,Ilyenkor mindig gyors vagyok. Este mikor villanyt oltok,Mire elalszik-, r\u00e9g &#8230; <a title=\"A C\u00c9LEGYENESBEN!\" class=\"read-more\" href=\"https:\/\/bozsogiattila.hu\/?p=1231\" aria-label=\"Tov\u00e1bbiak A C\u00c9LEGYENESBEN!\">Olvass tov\u00e1bb<\/a><\/p>\n","protected":false},"author":3,"featured_media":0,"comment_status":"closed","ping_status":"open","sticky":false,"template":"","format":"standard","meta":{"footnotes":""},"categories":[4],"tags":[321,12],"class_list":["post-1231","post","type-post","status-publish","format-standard","hentry","category-versek","tag-321","tag-mako"],"yoast_head":"<!-- This site is optimized with the Yoast SEO plugin v21.8 - https:\/\/yoast.com\/wordpress\/plugins\/seo\/ -->\n<title>A C\u00c9LEGYENESBEN! - Bozsogi Attila<\/title>\n<meta name=\"robots\" content=\"index, follow, max-snippet:-1, max-image-preview:large, max-video-preview:-1\" \/>\n<link rel=\"canonical\" href=\"https:\/\/bozsogiattila.hu\/?p=1231\" \/>\n<meta property=\"og:locale\" content=\"hu_HU\" \/>\n<meta property=\"og:type\" content=\"article\" \/>\n<meta property=\"og:title\" content=\"A C\u00c9LEGYENESBEN! - Bozsogi Attila\" \/>\n<meta property=\"og:description\" content=\"A C\u00c9LEGYENESBEN! A c\u00e9legyenesben j\u00e1rok,Ism\u00e9t, \u00fajra gyermek vagyok.Van ebben kis sz\u00e9ps\u00e9g hiba,Mi jellemz\u0151 a koromra. Nem ugr\u00e1lok, futk\u00e1rozom,Nyolcvanon t\u00fal neh\u00e9z dolog.M\u00e1sodik gyermekkort \u00e9lem,Ez lesz egyszer a v\u00e9gzetem. Lehajolni k\u00f6nnyen tudok,A fel\u00e1ll\u00e1s gondot okoz.Kezem r\u00f6vid, ha olvasok,Ez\u00e9rt szem\u00fcveget hordok. Siet\u00e9ssel probl\u00e9m\u00e1m van,T\u00fcd\u0151m zil\u00e1l az iramban.Gondolatban messze j\u00e1rok,Ilyenkor mindig gyors vagyok. Este mikor villanyt oltok,Mire elalszik-, r\u00e9g ... Olvass tov\u00e1bb\" \/>\n<meta property=\"og:url\" content=\"https:\/\/bozsogiattila.hu\/?p=1231\" \/>\n<meta property=\"og:site_name\" content=\"Bozsogi Attila\" \/>\n<meta property=\"article:published_time\" content=\"2020-04-23T20:11:00+00:00\" \/>\n<meta property=\"article:modified_time\" content=\"2024-01-09T20:12:54+00:00\" \/>\n<meta name=\"author\" content=\"Bozsogi Attila\" \/>\n<meta name=\"twitter:card\" content=\"summary_large_image\" \/>\n<meta name=\"twitter:label1\" content=\"Szerz\u0151:\" \/>\n\t<meta name=\"twitter:data1\" content=\"Bozsogi Attila\" \/>\n\t<meta name=\"twitter:label2\" content=\"Becs\u00fclt olvas\u00e1si id\u0151\" \/>\n\t<meta name=\"twitter:data2\" content=\"2 perc\" \/>\n<script type=\"application\/ld+json\" class=\"yoast-schema-graph\">{\"@context\":\"https:\/\/schema.org\",\"@graph\":[{\"@type\":\"WebPage\",\"@id\":\"https:\/\/bozsogiattila.hu\/?p=1231\",\"url\":\"https:\/\/bozsogiattila.hu\/?p=1231\",\"name\":\"A C\u00c9LEGYENESBEN! - Bozsogi Attila\",\"isPartOf\":{\"@id\":\"https:\/\/bozsogiattila.hu\/#website\"},\"datePublished\":\"2020-04-23T20:11:00+00:00\",\"dateModified\":\"2024-01-09T20:12:54+00:00\",\"author\":{\"@id\":\"https:\/\/bozsogiattila.hu\/#\/schema\/person\/488c99f554a8c4039201260dd5eb795e\"},\"breadcrumb\":{\"@id\":\"https:\/\/bozsogiattila.hu\/?p=1231#breadcrumb\"},\"inLanguage\":\"hu\",\"potentialAction\":[{\"@type\":\"ReadAction\",\"target\":[\"https:\/\/bozsogiattila.hu\/?p=1231\"]}]},{\"@type\":\"BreadcrumbList\",\"@id\":\"https:\/\/bozsogiattila.hu\/?p=1231#breadcrumb\",\"itemListElement\":[{\"@type\":\"ListItem\",\"position\":1,\"name\":\"Kezd\u0151lap\",\"item\":\"https:\/\/bozsogiattila.hu\/\"},{\"@type\":\"ListItem\",\"position\":2,\"name\":\"A C\u00c9LEGYENESBEN!\"}]},{\"@type\":\"WebSite\",\"@id\":\"https:\/\/bozsogiattila.hu\/#website\",\"url\":\"https:\/\/bozsogiattila.hu\/\",\"name\":\"Bozsogi Attila\",\"description\":\"a zen\u00e9sz, \u00edr\u00f3 munk\u00e1ss\u00e1g\u00e1nak \u00e9s a mak\u00f3i muzsikusok eml\u00e9k\u00e9t \u0151rz\u0151 oldal\",\"potentialAction\":[{\"@type\":\"SearchAction\",\"target\":{\"@type\":\"EntryPoint\",\"urlTemplate\":\"https:\/\/bozsogiattila.hu\/?s={search_term_string}\"},\"query-input\":\"required name=search_term_string\"}],\"inLanguage\":\"hu\"},{\"@type\":\"Person\",\"@id\":\"https:\/\/bozsogiattila.hu\/#\/schema\/person\/488c99f554a8c4039201260dd5eb795e\",\"name\":\"Bozsogi Attila\",\"image\":{\"@type\":\"ImageObject\",\"inLanguage\":\"hu\",\"@id\":\"https:\/\/bozsogiattila.hu\/#\/schema\/person\/image\/\",\"url\":\"https:\/\/secure.gravatar.com\/avatar\/7da6b5985e34ed798d1670c54ce7d20e6a53b800bb0c07945c64b09392f3dbfd?s=96&d=mm&r=g\",\"contentUrl\":\"https:\/\/secure.gravatar.com\/avatar\/7da6b5985e34ed798d1670c54ce7d20e6a53b800bb0c07945c64b09392f3dbfd?s=96&d=mm&r=g\",\"caption\":\"Bozsogi Attila\"},\"sameAs\":[\"http:\/\/www.boszogiattila.hu\"],\"url\":\"https:\/\/bozsogiattila.hu\/?author=3\"}]}<\/script>\n<!-- \/ Yoast SEO plugin. -->","yoast_head_json":{"title":"A C\u00c9LEGYENESBEN! - Bozsogi Attila","robots":{"index":"index","follow":"follow","max-snippet":"max-snippet:-1","max-image-preview":"max-image-preview:large","max-video-preview":"max-video-preview:-1"},"canonical":"https:\/\/bozsogiattila.hu\/?p=1231","og_locale":"hu_HU","og_type":"article","og_title":"A C\u00c9LEGYENESBEN! - Bozsogi Attila","og_description":"A C\u00c9LEGYENESBEN! A c\u00e9legyenesben j\u00e1rok,Ism\u00e9t, \u00fajra gyermek vagyok.Van ebben kis sz\u00e9ps\u00e9g hiba,Mi jellemz\u0151 a koromra. Nem ugr\u00e1lok, futk\u00e1rozom,Nyolcvanon t\u00fal neh\u00e9z dolog.M\u00e1sodik gyermekkort \u00e9lem,Ez lesz egyszer a v\u00e9gzetem. Lehajolni k\u00f6nnyen tudok,A fel\u00e1ll\u00e1s gondot okoz.Kezem r\u00f6vid, ha olvasok,Ez\u00e9rt szem\u00fcveget hordok. Siet\u00e9ssel probl\u00e9m\u00e1m van,T\u00fcd\u0151m zil\u00e1l az iramban.Gondolatban messze j\u00e1rok,Ilyenkor mindig gyors vagyok. Este mikor villanyt oltok,Mire elalszik-, r\u00e9g ... Olvass tov\u00e1bb","og_url":"https:\/\/bozsogiattila.hu\/?p=1231","og_site_name":"Bozsogi Attila","article_published_time":"2020-04-23T20:11:00+00:00","article_modified_time":"2024-01-09T20:12:54+00:00","author":"Bozsogi Attila","twitter_card":"summary_large_image","twitter_misc":{"Szerz\u0151:":"Bozsogi Attila","Becs\u00fclt olvas\u00e1si id\u0151":"2 perc"},"schema":{"@context":"https:\/\/schema.org","@graph":[{"@type":"WebPage","@id":"https:\/\/bozsogiattila.hu\/?p=1231","url":"https:\/\/bozsogiattila.hu\/?p=1231","name":"A C\u00c9LEGYENESBEN! - Bozsogi Attila","isPartOf":{"@id":"https:\/\/bozsogiattila.hu\/#website"},"datePublished":"2020-04-23T20:11:00+00:00","dateModified":"2024-01-09T20:12:54+00:00","author":{"@id":"https:\/\/bozsogiattila.hu\/#\/schema\/person\/488c99f554a8c4039201260dd5eb795e"},"breadcrumb":{"@id":"https:\/\/bozsogiattila.hu\/?p=1231#breadcrumb"},"inLanguage":"hu","potentialAction":[{"@type":"ReadAction","target":["https:\/\/bozsogiattila.hu\/?p=1231"]}]},{"@type":"BreadcrumbList","@id":"https:\/\/bozsogiattila.hu\/?p=1231#breadcrumb","itemListElement":[{"@type":"ListItem","position":1,"name":"Kezd\u0151lap","item":"https:\/\/bozsogiattila.hu\/"},{"@type":"ListItem","position":2,"name":"A C\u00c9LEGYENESBEN!"}]},{"@type":"WebSite","@id":"https:\/\/bozsogiattila.hu\/#website","url":"https:\/\/bozsogiattila.hu\/","name":"Bozsogi Attila","description":"a zen\u00e9sz, \u00edr\u00f3 munk\u00e1ss\u00e1g\u00e1nak \u00e9s a mak\u00f3i muzsikusok eml\u00e9k\u00e9t \u0151rz\u0151 oldal","potentialAction":[{"@type":"SearchAction","target":{"@type":"EntryPoint","urlTemplate":"https:\/\/bozsogiattila.hu\/?s={search_term_string}"},"query-input":"required name=search_term_string"}],"inLanguage":"hu"},{"@type":"Person","@id":"https:\/\/bozsogiattila.hu\/#\/schema\/person\/488c99f554a8c4039201260dd5eb795e","name":"Bozsogi Attila","image":{"@type":"ImageObject","inLanguage":"hu","@id":"https:\/\/bozsogiattila.hu\/#\/schema\/person\/image\/","url":"https:\/\/secure.gravatar.com\/avatar\/7da6b5985e34ed798d1670c54ce7d20e6a53b800bb0c07945c64b09392f3dbfd?s=96&d=mm&r=g","contentUrl":"https:\/\/secure.gravatar.com\/avatar\/7da6b5985e34ed798d1670c54ce7d20e6a53b800bb0c07945c64b09392f3dbfd?s=96&d=mm&r=g","caption":"Bozsogi Attila"},"sameAs":["http:\/\/www.boszogiattila.hu"],"url":"https:\/\/bozsogiattila.hu\/?author=3"}]}},"jetpack_featured_media_url":"","_links":{"self":[{"href":"https:\/\/bozsogiattila.hu\/index.php?rest_route=\/wp\/v2\/posts\/1231","targetHints":{"allow":["GET"]}}],"collection":[{"href":"https:\/\/bozsogiattila.hu\/index.php?rest_route=\/wp\/v2\/posts"}],"about":[{"href":"https:\/\/bozsogiattila.hu\/index.php?rest_route=\/wp\/v2\/types\/post"}],"author":[{"embeddable":true,"href":"https:\/\/bozsogiattila.hu\/index.php?rest_route=\/wp\/v2\/users\/3"}],"replies":[{"embeddable":true,"href":"https:\/\/bozsogiattila.hu\/index.php?rest_route=%2Fwp%2Fv2%2Fcomments&post=1231"}],"version-history":[{"count":1,"href":"https:\/\/bozsogiattila.hu\/index.php?rest_route=\/wp\/v2\/posts\/1231\/revisions"}],"predecessor-version":[{"id":1232,"href":"https:\/\/bozsogiattila.hu\/index.php?rest_route=\/wp\/v2\/posts\/1231\/revisions\/1232"}],"wp:attachment":[{"href":"https:\/\/bozsogiattila.hu\/index.php?rest_route=%2Fwp%2Fv2%2Fmedia&parent=1231"}],"wp:term":[{"taxonomy":"category","embeddable":true,"href":"https:\/\/bozsogiattila.hu\/index.php?rest_route=%2Fwp%2Fv2%2Fcategories&post=1231"},{"taxonomy":"post_tag","embeddable":true,"href":"https:\/\/bozsogiattila.hu\/index.php?rest_route=%2Fwp%2Fv2%2Ftags&post=1231"}],"curies":[{"name":"wp","href":"https:\/\/api.w.org\/{rel}","templated":true}]}}