{"id":1233,"date":"2015-11-28T20:12:00","date_gmt":"2015-11-28T20:12:00","guid":{"rendered":"https:\/\/bozsogiattila.hu\/?p=1233"},"modified":"2024-01-09T20:14:00","modified_gmt":"2024-01-09T20:14:00","slug":"a-feher-lo-mondaja","status":"publish","type":"post","link":"https:\/\/bozsogiattila.hu\/?p=1233","title":{"rendered":"A FEH\u00c9R L\u00d3 MOND\u00c1JA"},"content":{"rendered":"\n<p class=\"wp-block-paragraph\">A FEH\u00c9R L\u00d3 MOND\u00c1JA<\/p>\n\n\n\n<p class=\"wp-block-paragraph\">Egykor h\u0151s\u00f6k, b\u00e1trak voltak,<br>Kalandorok csat\u00e1roztak.<br>Gy\u0151ztesek k\u00e9p\u00e9ben j\u00e1rtak,<br>F\u00f6ldet, n\u00e9pet, h\u00f3d\u00edtottak.<\/p>\n\n\n\n<p class=\"wp-block-paragraph\">Kalandoz\u00e1soknak kora,<br>V\u00e1ndorl\u00e1s volt akkoriba\u2019.<br>Leig\u00e1ztak embereket,<br>Bej\u00e1rtak nagy ter\u00fcletet.<\/p>\n\n\n\n<p class=\"wp-block-paragraph\">\u0150seink is kalandoztak,<br>Etelk\u00f6zb\u0151l elindultak.<br>A nyilaik z\u00e1poroztak,<br>Kegyetlen hal\u00e1lt osztottak.<\/p>\n\n\n\n<p class=\"wp-block-paragraph\">Haz\u00e1t kerestek maguknak,<br>D\u00fas legel\u0151t \u00e1llatoknak.<br>B\u00e9k\u00e9s helyet csal\u00e1djuknak,<br>Nyugalmat a boldogs\u00e1gnak.<\/p>\n\n\n\n<p class=\"wp-block-paragraph\">Szvatopluk kir\u00e1lynak n\u00e9pe,<br>Frank birodalomnak r\u00e9me.<br>Nagy csat\u00e1roz\u00e1sok folytak,<br>Ter\u00fclet\u00e9rt csat\u00e1t v\u00edvtak.<\/p>\n\n\n\n<p class=\"wp-block-paragraph\">K\u00e1rp\u00e1t-medenc\u00e9ben \u00e9ltek,<br>D\u00fas legel\u0151n legeltettek.<br>\u00c1m, nyolcsz\u00e1zkilencven\u00f6tben,<br>V\u00e1ltoz\u00e1s t\u00f6rt\u00e9nt ez \u00e9vben.<\/p>\n\n\n\n<p class=\"wp-block-paragraph\">Megjelent \u00c1rp\u00e1d n\u00e9p\u00e9vel,<br>Furfangj\u00e1val \u00e9s nagy csellel.<br>\u00c1rp\u00e1d, Kund fi\u00e1t elk\u00fcldte,<br>Kusidot szeml\u00e9l\u0151d\u00e9sre.<\/p>\n\n\n\n<p class=\"wp-block-paragraph\">Kusid sz\u00e9tn\u00e9zett Pannonban,<br>Megtetszett mit l\u00e1tott ottan.<br>J\u00f3 term\u0151f\u00f6ld, v\u00edz, legel\u0151,<br>Mind egy helyen el\u00e9rhet\u0151.<\/p>\n\n\n\n<p class=\"wp-block-paragraph\">A feh\u00e9r l\u00f3 mond\u00e1j\u00e1r\u00f3l,<br>Sz\u00e1jhagyom\u00e1ny val\u00f3j\u00e1r\u00f3l,<br>Fennmaradt az ut\u00f3kornak,<br>Furfangja a magyaroknak.<\/p>\n\n\n\n<p class=\"wp-block-paragraph\">Kusid aj\u00e1nd\u00e9kot adott,<br>Ott \u00e9l\u0151knek, mit \u00e1tny\u00fajtott.<br>Feh\u00e9r lovat, k\u00f6t\u0151f\u00e9kkel,<br>Cser\u00e9be kis semmis\u00e9ggel.<\/p>\n\n\n\n<p class=\"wp-block-paragraph\">A Dun\u00e1b\u00f3l kulacs vizet,<br>Term\u0151f\u00f6ldb\u0151l mar\u00e9k f\u00f6ldet,<br>Legel\u0151b\u0151l egy kis f\u00fcvet,<br>Ennyit k\u00e9rt, \u00e9s semmi t\u00f6bbet.<\/p>\n\n\n\n<p class=\"wp-block-paragraph\">Szvatopluk ezen mosolygott,<br>\u00c9s f\u00f6ldm\u0171vel\u0151kre gondolt.<br>Kik a f\u00f6ldet megm\u0171velik,<br>B\u00e9k\u00e9s paraszt lesz mindegyik.<\/p>\n\n\n\n<p class=\"wp-block-paragraph\">\u00cdgy a csel, az j\u00f3l bev\u00e1lt ott.<br>Bevonultak a magyarok.<br>A k\u00f6vet\u00fck b\u00fcszk\u00e9n mondta<br>Orsz\u00e1god m\u00e1r el van adva.<\/p>\n\n\n\n<p class=\"wp-block-paragraph\">F\u00f6ldet lovon, f\u00fcvet f\u00e9ken,<br>Vizet nyergen, nek\u00fcnk adtad,<br>Teh\u00e1t gyorsan szedjed magad,<br>Orsz\u00e1godat h\u00e1trahagyjad.<\/p>\n\n\n\n<p class=\"wp-block-paragraph\">A jelk\u00e9pes birtokszerz\u00e9s,<br>Perzs\u00e1kn\u00e1l is ismert volt r\u00e9g,<br>H\u00e9rodotosz is ismerte,<br>\u00c9rv\u00e9nyesk\u00e9nt eml\u00edtette.<\/p>\n\n\n\n<p class=\"wp-block-paragraph\">Mar\u00f3t-Szvatopluk alakja,<br>Nev\u00e9hez f\u0171z\u0151d\u00f6tt monda.<br>\u00c1rp\u00e1d vez\u00e9rnek furfangja,<br>Magyaroknak haz\u00e1t adta.<\/p>\n\n\n\n<p class=\"wp-block-paragraph\">Mak\u00f3, 2015-11-28<\/p>\n","protected":false},"excerpt":{"rendered":"<p>A FEH\u00c9R L\u00d3 MOND\u00c1JA Egykor h\u0151s\u00f6k, b\u00e1trak voltak,Kalandorok csat\u00e1roztak.Gy\u0151ztesek k\u00e9p\u00e9ben j\u00e1rtak,F\u00f6ldet, n\u00e9pet, h\u00f3d\u00edtottak. Kalandoz\u00e1soknak kora,V\u00e1ndorl\u00e1s volt akkoriba\u2019.Leig\u00e1ztak embereket,Bej\u00e1rtak nagy ter\u00fcletet. \u0150seink is kalandoztak,Etelk\u00f6zb\u0151l elindultak.A nyilaik z\u00e1poroztak,Kegyetlen hal\u00e1lt osztottak. Haz\u00e1t kerestek maguknak,D\u00fas legel\u0151t \u00e1llatoknak.B\u00e9k\u00e9s helyet csal\u00e1djuknak,Nyugalmat a boldogs\u00e1gnak. Szvatopluk kir\u00e1lynak n\u00e9pe,Frank birodalomnak r\u00e9me.Nagy csat\u00e1roz\u00e1sok folytak,Ter\u00fclet\u00e9rt csat\u00e1t v\u00edvtak. K\u00e1rp\u00e1t-medenc\u00e9ben \u00e9ltek,D\u00fas legel\u0151n legeltettek.\u00c1m, nyolcsz\u00e1zkilencven\u00f6tben,V\u00e1ltoz\u00e1s t\u00f6rt\u00e9nt ez \u00e9vben. Megjelent &#8230; <a title=\"A FEH\u00c9R L\u00d3 MOND\u00c1JA\" class=\"read-more\" href=\"https:\/\/bozsogiattila.hu\/?p=1233\" aria-label=\"Tov\u00e1bbiak A FEH\u00c9R L\u00d3 MOND\u00c1JA\">Olvass tov\u00e1bb<\/a><\/p>\n","protected":false},"author":3,"featured_media":0,"comment_status":"closed","ping_status":"open","sticky":false,"template":"","format":"standard","meta":{"footnotes":""},"categories":[4],"tags":[328,12],"class_list":["post-1233","post","type-post","status-publish","format-standard","hentry","category-versek","tag-328","tag-mako"],"yoast_head":"<!-- This site is optimized with the Yoast SEO plugin v21.8 - https:\/\/yoast.com\/wordpress\/plugins\/seo\/ -->\n<title>A FEH\u00c9R L\u00d3 MOND\u00c1JA - Bozsogi Attila<\/title>\n<meta name=\"robots\" content=\"index, follow, max-snippet:-1, max-image-preview:large, max-video-preview:-1\" \/>\n<link rel=\"canonical\" href=\"https:\/\/bozsogiattila.hu\/?p=1233\" \/>\n<meta property=\"og:locale\" content=\"hu_HU\" \/>\n<meta property=\"og:type\" content=\"article\" \/>\n<meta property=\"og:title\" content=\"A FEH\u00c9R L\u00d3 MOND\u00c1JA - Bozsogi Attila\" \/>\n<meta property=\"og:description\" content=\"A FEH\u00c9R L\u00d3 MOND\u00c1JA Egykor h\u0151s\u00f6k, b\u00e1trak voltak,Kalandorok csat\u00e1roztak.Gy\u0151ztesek k\u00e9p\u00e9ben j\u00e1rtak,F\u00f6ldet, n\u00e9pet, h\u00f3d\u00edtottak. Kalandoz\u00e1soknak kora,V\u00e1ndorl\u00e1s volt akkoriba\u2019.Leig\u00e1ztak embereket,Bej\u00e1rtak nagy ter\u00fcletet. \u0150seink is kalandoztak,Etelk\u00f6zb\u0151l elindultak.A nyilaik z\u00e1poroztak,Kegyetlen hal\u00e1lt osztottak. Haz\u00e1t kerestek maguknak,D\u00fas legel\u0151t \u00e1llatoknak.B\u00e9k\u00e9s helyet csal\u00e1djuknak,Nyugalmat a boldogs\u00e1gnak. Szvatopluk kir\u00e1lynak n\u00e9pe,Frank birodalomnak r\u00e9me.Nagy csat\u00e1roz\u00e1sok folytak,Ter\u00fclet\u00e9rt csat\u00e1t v\u00edvtak. K\u00e1rp\u00e1t-medenc\u00e9ben \u00e9ltek,D\u00fas legel\u0151n legeltettek.\u00c1m, nyolcsz\u00e1zkilencven\u00f6tben,V\u00e1ltoz\u00e1s t\u00f6rt\u00e9nt ez \u00e9vben. Megjelent ... Olvass tov\u00e1bb\" \/>\n<meta property=\"og:url\" content=\"https:\/\/bozsogiattila.hu\/?p=1233\" \/>\n<meta property=\"og:site_name\" content=\"Bozsogi Attila\" \/>\n<meta property=\"article:published_time\" content=\"2015-11-28T20:12:00+00:00\" \/>\n<meta property=\"article:modified_time\" content=\"2024-01-09T20:14:00+00:00\" \/>\n<meta name=\"author\" content=\"Bozsogi Attila\" \/>\n<meta name=\"twitter:card\" content=\"summary_large_image\" \/>\n<meta name=\"twitter:label1\" content=\"Szerz\u0151:\" \/>\n\t<meta name=\"twitter:data1\" content=\"Bozsogi Attila\" \/>\n\t<meta name=\"twitter:label2\" content=\"Becs\u00fclt olvas\u00e1si id\u0151\" \/>\n\t<meta name=\"twitter:data2\" content=\"2 perc\" \/>\n<script type=\"application\/ld+json\" class=\"yoast-schema-graph\">{\"@context\":\"https:\/\/schema.org\",\"@graph\":[{\"@type\":\"WebPage\",\"@id\":\"https:\/\/bozsogiattila.hu\/?p=1233\",\"url\":\"https:\/\/bozsogiattila.hu\/?p=1233\",\"name\":\"A FEH\u00c9R L\u00d3 MOND\u00c1JA - Bozsogi Attila\",\"isPartOf\":{\"@id\":\"https:\/\/bozsogiattila.hu\/#website\"},\"datePublished\":\"2015-11-28T20:12:00+00:00\",\"dateModified\":\"2024-01-09T20:14:00+00:00\",\"author\":{\"@id\":\"https:\/\/bozsogiattila.hu\/#\/schema\/person\/488c99f554a8c4039201260dd5eb795e\"},\"breadcrumb\":{\"@id\":\"https:\/\/bozsogiattila.hu\/?p=1233#breadcrumb\"},\"inLanguage\":\"hu\",\"potentialAction\":[{\"@type\":\"ReadAction\",\"target\":[\"https:\/\/bozsogiattila.hu\/?p=1233\"]}]},{\"@type\":\"BreadcrumbList\",\"@id\":\"https:\/\/bozsogiattila.hu\/?p=1233#breadcrumb\",\"itemListElement\":[{\"@type\":\"ListItem\",\"position\":1,\"name\":\"Kezd\u0151lap\",\"item\":\"https:\/\/bozsogiattila.hu\/\"},{\"@type\":\"ListItem\",\"position\":2,\"name\":\"A FEH\u00c9R L\u00d3 MOND\u00c1JA\"}]},{\"@type\":\"WebSite\",\"@id\":\"https:\/\/bozsogiattila.hu\/#website\",\"url\":\"https:\/\/bozsogiattila.hu\/\",\"name\":\"Bozsogi Attila\",\"description\":\"a zen\u00e9sz, \u00edr\u00f3 munk\u00e1ss\u00e1g\u00e1nak \u00e9s a mak\u00f3i muzsikusok eml\u00e9k\u00e9t \u0151rz\u0151 oldal\",\"potentialAction\":[{\"@type\":\"SearchAction\",\"target\":{\"@type\":\"EntryPoint\",\"urlTemplate\":\"https:\/\/bozsogiattila.hu\/?s={search_term_string}\"},\"query-input\":\"required name=search_term_string\"}],\"inLanguage\":\"hu\"},{\"@type\":\"Person\",\"@id\":\"https:\/\/bozsogiattila.hu\/#\/schema\/person\/488c99f554a8c4039201260dd5eb795e\",\"name\":\"Bozsogi Attila\",\"image\":{\"@type\":\"ImageObject\",\"inLanguage\":\"hu\",\"@id\":\"https:\/\/bozsogiattila.hu\/#\/schema\/person\/image\/\",\"url\":\"https:\/\/secure.gravatar.com\/avatar\/7da6b5985e34ed798d1670c54ce7d20e6a53b800bb0c07945c64b09392f3dbfd?s=96&d=mm&r=g\",\"contentUrl\":\"https:\/\/secure.gravatar.com\/avatar\/7da6b5985e34ed798d1670c54ce7d20e6a53b800bb0c07945c64b09392f3dbfd?s=96&d=mm&r=g\",\"caption\":\"Bozsogi Attila\"},\"sameAs\":[\"http:\/\/www.boszogiattila.hu\"],\"url\":\"https:\/\/bozsogiattila.hu\/?author=3\"}]}<\/script>\n<!-- \/ Yoast SEO plugin. -->","yoast_head_json":{"title":"A FEH\u00c9R L\u00d3 MOND\u00c1JA - Bozsogi Attila","robots":{"index":"index","follow":"follow","max-snippet":"max-snippet:-1","max-image-preview":"max-image-preview:large","max-video-preview":"max-video-preview:-1"},"canonical":"https:\/\/bozsogiattila.hu\/?p=1233","og_locale":"hu_HU","og_type":"article","og_title":"A FEH\u00c9R L\u00d3 MOND\u00c1JA - Bozsogi Attila","og_description":"A FEH\u00c9R L\u00d3 MOND\u00c1JA Egykor h\u0151s\u00f6k, b\u00e1trak voltak,Kalandorok csat\u00e1roztak.Gy\u0151ztesek k\u00e9p\u00e9ben j\u00e1rtak,F\u00f6ldet, n\u00e9pet, h\u00f3d\u00edtottak. Kalandoz\u00e1soknak kora,V\u00e1ndorl\u00e1s volt akkoriba\u2019.Leig\u00e1ztak embereket,Bej\u00e1rtak nagy ter\u00fcletet. \u0150seink is kalandoztak,Etelk\u00f6zb\u0151l elindultak.A nyilaik z\u00e1poroztak,Kegyetlen hal\u00e1lt osztottak. Haz\u00e1t kerestek maguknak,D\u00fas legel\u0151t \u00e1llatoknak.B\u00e9k\u00e9s helyet csal\u00e1djuknak,Nyugalmat a boldogs\u00e1gnak. Szvatopluk kir\u00e1lynak n\u00e9pe,Frank birodalomnak r\u00e9me.Nagy csat\u00e1roz\u00e1sok folytak,Ter\u00fclet\u00e9rt csat\u00e1t v\u00edvtak. K\u00e1rp\u00e1t-medenc\u00e9ben \u00e9ltek,D\u00fas legel\u0151n legeltettek.\u00c1m, nyolcsz\u00e1zkilencven\u00f6tben,V\u00e1ltoz\u00e1s t\u00f6rt\u00e9nt ez \u00e9vben. Megjelent ... Olvass tov\u00e1bb","og_url":"https:\/\/bozsogiattila.hu\/?p=1233","og_site_name":"Bozsogi Attila","article_published_time":"2015-11-28T20:12:00+00:00","article_modified_time":"2024-01-09T20:14:00+00:00","author":"Bozsogi Attila","twitter_card":"summary_large_image","twitter_misc":{"Szerz\u0151:":"Bozsogi Attila","Becs\u00fclt olvas\u00e1si id\u0151":"2 perc"},"schema":{"@context":"https:\/\/schema.org","@graph":[{"@type":"WebPage","@id":"https:\/\/bozsogiattila.hu\/?p=1233","url":"https:\/\/bozsogiattila.hu\/?p=1233","name":"A FEH\u00c9R L\u00d3 MOND\u00c1JA - Bozsogi Attila","isPartOf":{"@id":"https:\/\/bozsogiattila.hu\/#website"},"datePublished":"2015-11-28T20:12:00+00:00","dateModified":"2024-01-09T20:14:00+00:00","author":{"@id":"https:\/\/bozsogiattila.hu\/#\/schema\/person\/488c99f554a8c4039201260dd5eb795e"},"breadcrumb":{"@id":"https:\/\/bozsogiattila.hu\/?p=1233#breadcrumb"},"inLanguage":"hu","potentialAction":[{"@type":"ReadAction","target":["https:\/\/bozsogiattila.hu\/?p=1233"]}]},{"@type":"BreadcrumbList","@id":"https:\/\/bozsogiattila.hu\/?p=1233#breadcrumb","itemListElement":[{"@type":"ListItem","position":1,"name":"Kezd\u0151lap","item":"https:\/\/bozsogiattila.hu\/"},{"@type":"ListItem","position":2,"name":"A FEH\u00c9R L\u00d3 MOND\u00c1JA"}]},{"@type":"WebSite","@id":"https:\/\/bozsogiattila.hu\/#website","url":"https:\/\/bozsogiattila.hu\/","name":"Bozsogi Attila","description":"a zen\u00e9sz, \u00edr\u00f3 munk\u00e1ss\u00e1g\u00e1nak \u00e9s a mak\u00f3i muzsikusok eml\u00e9k\u00e9t \u0151rz\u0151 oldal","potentialAction":[{"@type":"SearchAction","target":{"@type":"EntryPoint","urlTemplate":"https:\/\/bozsogiattila.hu\/?s={search_term_string}"},"query-input":"required name=search_term_string"}],"inLanguage":"hu"},{"@type":"Person","@id":"https:\/\/bozsogiattila.hu\/#\/schema\/person\/488c99f554a8c4039201260dd5eb795e","name":"Bozsogi Attila","image":{"@type":"ImageObject","inLanguage":"hu","@id":"https:\/\/bozsogiattila.hu\/#\/schema\/person\/image\/","url":"https:\/\/secure.gravatar.com\/avatar\/7da6b5985e34ed798d1670c54ce7d20e6a53b800bb0c07945c64b09392f3dbfd?s=96&d=mm&r=g","contentUrl":"https:\/\/secure.gravatar.com\/avatar\/7da6b5985e34ed798d1670c54ce7d20e6a53b800bb0c07945c64b09392f3dbfd?s=96&d=mm&r=g","caption":"Bozsogi Attila"},"sameAs":["http:\/\/www.boszogiattila.hu"],"url":"https:\/\/bozsogiattila.hu\/?author=3"}]}},"jetpack_featured_media_url":"","_links":{"self":[{"href":"https:\/\/bozsogiattila.hu\/index.php?rest_route=\/wp\/v2\/posts\/1233","targetHints":{"allow":["GET"]}}],"collection":[{"href":"https:\/\/bozsogiattila.hu\/index.php?rest_route=\/wp\/v2\/posts"}],"about":[{"href":"https:\/\/bozsogiattila.hu\/index.php?rest_route=\/wp\/v2\/types\/post"}],"author":[{"embeddable":true,"href":"https:\/\/bozsogiattila.hu\/index.php?rest_route=\/wp\/v2\/users\/3"}],"replies":[{"embeddable":true,"href":"https:\/\/bozsogiattila.hu\/index.php?rest_route=%2Fwp%2Fv2%2Fcomments&post=1233"}],"version-history":[{"count":1,"href":"https:\/\/bozsogiattila.hu\/index.php?rest_route=\/wp\/v2\/posts\/1233\/revisions"}],"predecessor-version":[{"id":1234,"href":"https:\/\/bozsogiattila.hu\/index.php?rest_route=\/wp\/v2\/posts\/1233\/revisions\/1234"}],"wp:attachment":[{"href":"https:\/\/bozsogiattila.hu\/index.php?rest_route=%2Fwp%2Fv2%2Fmedia&parent=1233"}],"wp:term":[{"taxonomy":"category","embeddable":true,"href":"https:\/\/bozsogiattila.hu\/index.php?rest_route=%2Fwp%2Fv2%2Fcategories&post=1233"},{"taxonomy":"post_tag","embeddable":true,"href":"https:\/\/bozsogiattila.hu\/index.php?rest_route=%2Fwp%2Fv2%2Ftags&post=1233"}],"curies":[{"name":"wp","href":"https:\/\/api.w.org\/{rel}","templated":true}]}}