{"id":1235,"date":"2015-11-06T20:14:00","date_gmt":"2015-11-06T20:14:00","guid":{"rendered":"https:\/\/bozsogiattila.hu\/?p=1235"},"modified":"2024-01-09T20:15:09","modified_gmt":"2024-01-09T20:15:09","slug":"a-felelem","status":"publish","type":"post","link":"https:\/\/bozsogiattila.hu\/?p=1235","title":{"rendered":"A F\u00c9LELEM"},"content":{"rendered":"\n<p class=\"wp-block-paragraph\">A F\u00c9LELEM<\/p>\n\n\n\n<p class=\"wp-block-paragraph\">\u00c9rz\u00e9s tal\u00e1n a sok k\u00f6z\u00fcl,<br>Retteg\u00e9s a sz\u00edv\u00fcnk k\u00f6r\u00fcl.<br>Reszket bens\u0151nk, remeg\u00e9ssel,<br>F\u00e9lelemnek \u00e9rzelm\u00e9vel.<\/p>\n\n\n\n<p class=\"wp-block-paragraph\">Gyermekkorban a s\u00f6t\u00e9tt\u0151l,<br>Feln\u0151ttk\u00e9nt, &#8211; neh\u00e9z \u00e9lett\u0151l.<br>\u00c1tj\u00e1r minden porcik\u00e1nkon,<br>Az elrabolt nyugalmunkon.<\/p>\n\n\n\n<p class=\"wp-block-paragraph\">Iskol\u00e1ban a tan\u00e1rt\u00f3l,<br>Az int\u0151t\u0151l, \u00e9s rov\u00f3t\u00f3l.<br>\u00c9vv\u00e9g\u00e9n a megbuk\u00e1st\u00f3l,<br>S ezzel j\u00e1r\u00f3 bossz\u00fas\u00e1gt\u00f3l.<\/p>\n\n\n\n<p class=\"wp-block-paragraph\">A felv\u00e9teli vizsg\u00e1t\u00f3l,<br>\u00c9s az elutas\u00edt\u00e1st\u00f3l.<br>Tort\u00far\u00e1t\u00f3l, s mi velej\u00e1r,<br>\u00c9s att\u00f3l, mit hoz majd a ny\u00e1r.<\/p>\n\n\n\n<p class=\"wp-block-paragraph\">F\u00e9lt\u00e9kenys\u00e9g \u00e1llapota,<br>Bizalmatlans\u00e1gnak foka.<br>Szerelm\u00fcnk elveszt\u00e9s\u00e9t\u0151l,<br>Borzongunk a r\u00e9m\u00fclett\u0151l.<\/p>\n\n\n\n<p class=\"wp-block-paragraph\">F\u00e9l\u00fcnk fenn a magass\u00e1gban,<br>A m\u00e9lys\u00e9gt\u0151l irt\u00f3zatban.<br>Sebes foly\u00f3nak sodr\u00e1t\u00f3l,<br>\u00d6rv\u00e9ny\u00e9nek l\u00e1tv\u00e1ny\u00e1t\u00f3l.<\/p>\n\n\n\n<p class=\"wp-block-paragraph\">Erd\u0151t j\u00e1rva a vadakt\u00f3l,<br>A megreccsen\u0151 gallyakt\u00f3l.<br>\u00c9gih\u00e1bor\u00fa zaj\u00e1t\u00f3l,<br>Mennyd\u00f6rg\u00e9st\u0151l, vill\u00e1ml\u00e1st\u00f3l.<\/p>\n\n\n\n<p class=\"wp-block-paragraph\">Sebess\u00e9gt\u0151l, sz\u00e1guld\u00e1st\u00f3l,<br>A vonat kisikl\u00e1s\u00e1t\u00f3l.<br>Karambolt\u00f3l, \u00fctk\u00f6z\u00e9st\u0151l,<br>Rend\u0151ri int\u00e9zked\u00e9st\u0151l.<\/p>\n\n\n\n<p class=\"wp-block-paragraph\">Munkahelyen a szark\u00e1t\u00f3l,<br>\u00d6lt\u00f6z\u0151nek tolvaj\u00e1t\u00f3l.<br>A munk\u00e1nk elveszt\u00e9s\u00e9t\u0151l,<br>\u00c9s munkan\u00e9lk\u00fclis\u00e9gt\u0151l.<\/p>\n\n\n\n<p class=\"wp-block-paragraph\">Besurran\u00f3 bet\u00f6r\u0151kt\u0151l,<br>Hitv\u00e1ny, gonosz emberekt\u0151l.<br>Aljas gyilkos fegyver\u00e9t\u0151l,<br>A hal\u00e1lt\u00f3l, s \u00edt\u00e9lett\u0151l.<\/p>\n\n\n\n<p class=\"wp-block-paragraph\">A migr\u00e1nsoknak had\u00e1t\u00f3l,<br>S a sok betolakod\u00f3t\u00f3l.<br>F\u00e9lve, f\u00e9ltj\u00fck vagyonunkat,<br>\u00c9rt\u00e9ket, ing\u00f3s\u00e1gokat.<\/p>\n\n\n\n<p class=\"wp-block-paragraph\">Kis kuty\u00e1t\u00f3l, nagy kuty\u00e1t\u00f3l,<br>\u00c9s azok harap\u00e1s\u00e1t\u00f3l.<br>Bika fel\u00f6klel\u00e9s\u00e9t\u0151l,<br>L\u00f3r\u00fag\u00e1st\u00f3l, s\u00e9r\u00fcl\u00e9st\u0151l.<\/p>\n\n\n\n<p class=\"wp-block-paragraph\">A birk\u00e1knak a kos\u00e1t\u00f3l,<br>A kecskebaknak szarv\u00e1t\u00f3l,<br>A kakas sarkanty\u00faj\u00e1t\u00f3l,<br>G\u00fan\u00e1rnak t\u00e1mad\u00e1s\u00e1t\u00f3l.<\/p>\n\n\n\n<p class=\"wp-block-paragraph\">Az \u00e1rtatlan varangyokt\u00f3l,<br>A kert\u00fcnkben a sikl\u00f3t\u00f3l.<br>K\u00edgy\u00f3t\u00f3l \u00e9s viper\u00e1t\u00f3l,<br>\u00c9s azoknak mar\u00e1s\u00e1t\u00f3l.<\/p>\n\n\n\n<p class=\"wp-block-paragraph\">F\u00e9l\u00fcnk a politik\u00e1t\u00f3l,<br>Politikus elnyom\u00f3kt\u00f3l.<br>Uralkod\u00f3k hatalm\u00e1t\u00f3l,<br>S igazs\u00e1gtalans\u00e1gukt\u00f3l.<\/p>\n\n\n\n<p class=\"wp-block-paragraph\">F\u00e9l\u00fcnk, remeg\u00fcnk, reszket\u00fcnk,<br>S \u00edgy zajlik le az \u00e9let\u00fcnk.<br>Megkeser\u00edti l\u00e9t\u00fcnket,<br>S \u00e1th\u00fazza sokszor terv\u00fcnket.<\/p>\n\n\n\n<p class=\"wp-block-paragraph\">Mak\u00f3, 2015-11-06<\/p>\n","protected":false},"excerpt":{"rendered":"<p>A F\u00c9LELEM \u00c9rz\u00e9s tal\u00e1n a sok k\u00f6z\u00fcl,Retteg\u00e9s a sz\u00edv\u00fcnk k\u00f6r\u00fcl.Reszket bens\u0151nk, remeg\u00e9ssel,F\u00e9lelemnek \u00e9rzelm\u00e9vel. Gyermekkorban a s\u00f6t\u00e9tt\u0151l,Feln\u0151ttk\u00e9nt, &#8211; neh\u00e9z \u00e9lett\u0151l.\u00c1tj\u00e1r minden porcik\u00e1nkon,Az elrabolt nyugalmunkon. Iskol\u00e1ban a tan\u00e1rt\u00f3l,Az int\u0151t\u0151l, \u00e9s rov\u00f3t\u00f3l.\u00c9vv\u00e9g\u00e9n a megbuk\u00e1st\u00f3l,S ezzel j\u00e1r\u00f3 bossz\u00fas\u00e1gt\u00f3l. A felv\u00e9teli vizsg\u00e1t\u00f3l,\u00c9s az elutas\u00edt\u00e1st\u00f3l.Tort\u00far\u00e1t\u00f3l, s mi velej\u00e1r,\u00c9s att\u00f3l, mit hoz majd a ny\u00e1r. F\u00e9lt\u00e9kenys\u00e9g \u00e1llapota,Bizalmatlans\u00e1gnak foka.Szerelm\u00fcnk elveszt\u00e9s\u00e9t\u0151l,Borzongunk a r\u00e9m\u00fclett\u0151l. F\u00e9l\u00fcnk &#8230; <a title=\"A F\u00c9LELEM\" class=\"read-more\" href=\"https:\/\/bozsogiattila.hu\/?p=1235\" aria-label=\"Tov\u00e1bbiak A F\u00c9LELEM\">Olvass tov\u00e1bb<\/a><\/p>\n","protected":false},"author":3,"featured_media":0,"comment_status":"closed","ping_status":"open","sticky":false,"template":"","format":"standard","meta":{"footnotes":""},"categories":[4],"tags":[328,12],"class_list":["post-1235","post","type-post","status-publish","format-standard","hentry","category-versek","tag-328","tag-mako"],"yoast_head":"<!-- This site is optimized with the Yoast SEO plugin v21.8 - https:\/\/yoast.com\/wordpress\/plugins\/seo\/ -->\n<title>A F\u00c9LELEM - Bozsogi Attila<\/title>\n<meta name=\"robots\" content=\"index, follow, max-snippet:-1, max-image-preview:large, max-video-preview:-1\" \/>\n<link rel=\"canonical\" href=\"https:\/\/bozsogiattila.hu\/?p=1235\" \/>\n<meta property=\"og:locale\" content=\"hu_HU\" \/>\n<meta property=\"og:type\" content=\"article\" \/>\n<meta property=\"og:title\" content=\"A F\u00c9LELEM - Bozsogi Attila\" \/>\n<meta property=\"og:description\" content=\"A F\u00c9LELEM \u00c9rz\u00e9s tal\u00e1n a sok k\u00f6z\u00fcl,Retteg\u00e9s a sz\u00edv\u00fcnk k\u00f6r\u00fcl.Reszket bens\u0151nk, remeg\u00e9ssel,F\u00e9lelemnek \u00e9rzelm\u00e9vel. Gyermekkorban a s\u00f6t\u00e9tt\u0151l,Feln\u0151ttk\u00e9nt, &#8211; neh\u00e9z \u00e9lett\u0151l.\u00c1tj\u00e1r minden porcik\u00e1nkon,Az elrabolt nyugalmunkon. Iskol\u00e1ban a tan\u00e1rt\u00f3l,Az int\u0151t\u0151l, \u00e9s rov\u00f3t\u00f3l.\u00c9vv\u00e9g\u00e9n a megbuk\u00e1st\u00f3l,S ezzel j\u00e1r\u00f3 bossz\u00fas\u00e1gt\u00f3l. A felv\u00e9teli vizsg\u00e1t\u00f3l,\u00c9s az elutas\u00edt\u00e1st\u00f3l.Tort\u00far\u00e1t\u00f3l, s mi velej\u00e1r,\u00c9s att\u00f3l, mit hoz majd a ny\u00e1r. F\u00e9lt\u00e9kenys\u00e9g \u00e1llapota,Bizalmatlans\u00e1gnak foka.Szerelm\u00fcnk elveszt\u00e9s\u00e9t\u0151l,Borzongunk a r\u00e9m\u00fclett\u0151l. F\u00e9l\u00fcnk ... Olvass tov\u00e1bb\" \/>\n<meta property=\"og:url\" content=\"https:\/\/bozsogiattila.hu\/?p=1235\" \/>\n<meta property=\"og:site_name\" content=\"Bozsogi Attila\" \/>\n<meta property=\"article:published_time\" content=\"2015-11-06T20:14:00+00:00\" \/>\n<meta property=\"article:modified_time\" content=\"2024-01-09T20:15:09+00:00\" \/>\n<meta name=\"author\" content=\"Bozsogi Attila\" \/>\n<meta name=\"twitter:card\" content=\"summary_large_image\" \/>\n<meta name=\"twitter:label1\" content=\"Szerz\u0151:\" \/>\n\t<meta name=\"twitter:data1\" content=\"Bozsogi Attila\" \/>\n\t<meta name=\"twitter:label2\" content=\"Becs\u00fclt olvas\u00e1si id\u0151\" \/>\n\t<meta name=\"twitter:data2\" content=\"2 perc\" \/>\n<script type=\"application\/ld+json\" class=\"yoast-schema-graph\">{\"@context\":\"https:\/\/schema.org\",\"@graph\":[{\"@type\":\"WebPage\",\"@id\":\"https:\/\/bozsogiattila.hu\/?p=1235\",\"url\":\"https:\/\/bozsogiattila.hu\/?p=1235\",\"name\":\"A F\u00c9LELEM - Bozsogi Attila\",\"isPartOf\":{\"@id\":\"https:\/\/bozsogiattila.hu\/#website\"},\"datePublished\":\"2015-11-06T20:14:00+00:00\",\"dateModified\":\"2024-01-09T20:15:09+00:00\",\"author\":{\"@id\":\"https:\/\/bozsogiattila.hu\/#\/schema\/person\/488c99f554a8c4039201260dd5eb795e\"},\"breadcrumb\":{\"@id\":\"https:\/\/bozsogiattila.hu\/?p=1235#breadcrumb\"},\"inLanguage\":\"hu\",\"potentialAction\":[{\"@type\":\"ReadAction\",\"target\":[\"https:\/\/bozsogiattila.hu\/?p=1235\"]}]},{\"@type\":\"BreadcrumbList\",\"@id\":\"https:\/\/bozsogiattila.hu\/?p=1235#breadcrumb\",\"itemListElement\":[{\"@type\":\"ListItem\",\"position\":1,\"name\":\"Kezd\u0151lap\",\"item\":\"https:\/\/bozsogiattila.hu\/\"},{\"@type\":\"ListItem\",\"position\":2,\"name\":\"A F\u00c9LELEM\"}]},{\"@type\":\"WebSite\",\"@id\":\"https:\/\/bozsogiattila.hu\/#website\",\"url\":\"https:\/\/bozsogiattila.hu\/\",\"name\":\"Bozsogi Attila\",\"description\":\"a zen\u00e9sz, \u00edr\u00f3 munk\u00e1ss\u00e1g\u00e1nak \u00e9s a mak\u00f3i muzsikusok eml\u00e9k\u00e9t \u0151rz\u0151 oldal\",\"potentialAction\":[{\"@type\":\"SearchAction\",\"target\":{\"@type\":\"EntryPoint\",\"urlTemplate\":\"https:\/\/bozsogiattila.hu\/?s={search_term_string}\"},\"query-input\":\"required name=search_term_string\"}],\"inLanguage\":\"hu\"},{\"@type\":\"Person\",\"@id\":\"https:\/\/bozsogiattila.hu\/#\/schema\/person\/488c99f554a8c4039201260dd5eb795e\",\"name\":\"Bozsogi Attila\",\"image\":{\"@type\":\"ImageObject\",\"inLanguage\":\"hu\",\"@id\":\"https:\/\/bozsogiattila.hu\/#\/schema\/person\/image\/\",\"url\":\"https:\/\/secure.gravatar.com\/avatar\/7da6b5985e34ed798d1670c54ce7d20e6a53b800bb0c07945c64b09392f3dbfd?s=96&d=mm&r=g\",\"contentUrl\":\"https:\/\/secure.gravatar.com\/avatar\/7da6b5985e34ed798d1670c54ce7d20e6a53b800bb0c07945c64b09392f3dbfd?s=96&d=mm&r=g\",\"caption\":\"Bozsogi Attila\"},\"sameAs\":[\"http:\/\/www.boszogiattila.hu\"],\"url\":\"https:\/\/bozsogiattila.hu\/?author=3\"}]}<\/script>\n<!-- \/ Yoast SEO plugin. -->","yoast_head_json":{"title":"A F\u00c9LELEM - Bozsogi Attila","robots":{"index":"index","follow":"follow","max-snippet":"max-snippet:-1","max-image-preview":"max-image-preview:large","max-video-preview":"max-video-preview:-1"},"canonical":"https:\/\/bozsogiattila.hu\/?p=1235","og_locale":"hu_HU","og_type":"article","og_title":"A F\u00c9LELEM - Bozsogi Attila","og_description":"A F\u00c9LELEM \u00c9rz\u00e9s tal\u00e1n a sok k\u00f6z\u00fcl,Retteg\u00e9s a sz\u00edv\u00fcnk k\u00f6r\u00fcl.Reszket bens\u0151nk, remeg\u00e9ssel,F\u00e9lelemnek \u00e9rzelm\u00e9vel. Gyermekkorban a s\u00f6t\u00e9tt\u0151l,Feln\u0151ttk\u00e9nt, &#8211; neh\u00e9z \u00e9lett\u0151l.\u00c1tj\u00e1r minden porcik\u00e1nkon,Az elrabolt nyugalmunkon. Iskol\u00e1ban a tan\u00e1rt\u00f3l,Az int\u0151t\u0151l, \u00e9s rov\u00f3t\u00f3l.\u00c9vv\u00e9g\u00e9n a megbuk\u00e1st\u00f3l,S ezzel j\u00e1r\u00f3 bossz\u00fas\u00e1gt\u00f3l. A felv\u00e9teli vizsg\u00e1t\u00f3l,\u00c9s az elutas\u00edt\u00e1st\u00f3l.Tort\u00far\u00e1t\u00f3l, s mi velej\u00e1r,\u00c9s att\u00f3l, mit hoz majd a ny\u00e1r. F\u00e9lt\u00e9kenys\u00e9g \u00e1llapota,Bizalmatlans\u00e1gnak foka.Szerelm\u00fcnk elveszt\u00e9s\u00e9t\u0151l,Borzongunk a r\u00e9m\u00fclett\u0151l. F\u00e9l\u00fcnk ... Olvass tov\u00e1bb","og_url":"https:\/\/bozsogiattila.hu\/?p=1235","og_site_name":"Bozsogi Attila","article_published_time":"2015-11-06T20:14:00+00:00","article_modified_time":"2024-01-09T20:15:09+00:00","author":"Bozsogi Attila","twitter_card":"summary_large_image","twitter_misc":{"Szerz\u0151:":"Bozsogi Attila","Becs\u00fclt olvas\u00e1si id\u0151":"2 perc"},"schema":{"@context":"https:\/\/schema.org","@graph":[{"@type":"WebPage","@id":"https:\/\/bozsogiattila.hu\/?p=1235","url":"https:\/\/bozsogiattila.hu\/?p=1235","name":"A F\u00c9LELEM - Bozsogi Attila","isPartOf":{"@id":"https:\/\/bozsogiattila.hu\/#website"},"datePublished":"2015-11-06T20:14:00+00:00","dateModified":"2024-01-09T20:15:09+00:00","author":{"@id":"https:\/\/bozsogiattila.hu\/#\/schema\/person\/488c99f554a8c4039201260dd5eb795e"},"breadcrumb":{"@id":"https:\/\/bozsogiattila.hu\/?p=1235#breadcrumb"},"inLanguage":"hu","potentialAction":[{"@type":"ReadAction","target":["https:\/\/bozsogiattila.hu\/?p=1235"]}]},{"@type":"BreadcrumbList","@id":"https:\/\/bozsogiattila.hu\/?p=1235#breadcrumb","itemListElement":[{"@type":"ListItem","position":1,"name":"Kezd\u0151lap","item":"https:\/\/bozsogiattila.hu\/"},{"@type":"ListItem","position":2,"name":"A F\u00c9LELEM"}]},{"@type":"WebSite","@id":"https:\/\/bozsogiattila.hu\/#website","url":"https:\/\/bozsogiattila.hu\/","name":"Bozsogi Attila","description":"a zen\u00e9sz, \u00edr\u00f3 munk\u00e1ss\u00e1g\u00e1nak \u00e9s a mak\u00f3i muzsikusok eml\u00e9k\u00e9t \u0151rz\u0151 oldal","potentialAction":[{"@type":"SearchAction","target":{"@type":"EntryPoint","urlTemplate":"https:\/\/bozsogiattila.hu\/?s={search_term_string}"},"query-input":"required name=search_term_string"}],"inLanguage":"hu"},{"@type":"Person","@id":"https:\/\/bozsogiattila.hu\/#\/schema\/person\/488c99f554a8c4039201260dd5eb795e","name":"Bozsogi Attila","image":{"@type":"ImageObject","inLanguage":"hu","@id":"https:\/\/bozsogiattila.hu\/#\/schema\/person\/image\/","url":"https:\/\/secure.gravatar.com\/avatar\/7da6b5985e34ed798d1670c54ce7d20e6a53b800bb0c07945c64b09392f3dbfd?s=96&d=mm&r=g","contentUrl":"https:\/\/secure.gravatar.com\/avatar\/7da6b5985e34ed798d1670c54ce7d20e6a53b800bb0c07945c64b09392f3dbfd?s=96&d=mm&r=g","caption":"Bozsogi Attila"},"sameAs":["http:\/\/www.boszogiattila.hu"],"url":"https:\/\/bozsogiattila.hu\/?author=3"}]}},"jetpack_featured_media_url":"","_links":{"self":[{"href":"https:\/\/bozsogiattila.hu\/index.php?rest_route=\/wp\/v2\/posts\/1235","targetHints":{"allow":["GET"]}}],"collection":[{"href":"https:\/\/bozsogiattila.hu\/index.php?rest_route=\/wp\/v2\/posts"}],"about":[{"href":"https:\/\/bozsogiattila.hu\/index.php?rest_route=\/wp\/v2\/types\/post"}],"author":[{"embeddable":true,"href":"https:\/\/bozsogiattila.hu\/index.php?rest_route=\/wp\/v2\/users\/3"}],"replies":[{"embeddable":true,"href":"https:\/\/bozsogiattila.hu\/index.php?rest_route=%2Fwp%2Fv2%2Fcomments&post=1235"}],"version-history":[{"count":1,"href":"https:\/\/bozsogiattila.hu\/index.php?rest_route=\/wp\/v2\/posts\/1235\/revisions"}],"predecessor-version":[{"id":1236,"href":"https:\/\/bozsogiattila.hu\/index.php?rest_route=\/wp\/v2\/posts\/1235\/revisions\/1236"}],"wp:attachment":[{"href":"https:\/\/bozsogiattila.hu\/index.php?rest_route=%2Fwp%2Fv2%2Fmedia&parent=1235"}],"wp:term":[{"taxonomy":"category","embeddable":true,"href":"https:\/\/bozsogiattila.hu\/index.php?rest_route=%2Fwp%2Fv2%2Fcategories&post=1235"},{"taxonomy":"post_tag","embeddable":true,"href":"https:\/\/bozsogiattila.hu\/index.php?rest_route=%2Fwp%2Fv2%2Ftags&post=1235"}],"curies":[{"name":"wp","href":"https:\/\/api.w.org\/{rel}","templated":true}]}}