{"id":1237,"date":"2015-11-24T20:15:00","date_gmt":"2015-11-24T20:15:00","guid":{"rendered":"https:\/\/bozsogiattila.hu\/?p=1237"},"modified":"2024-01-09T20:16:06","modified_gmt":"2024-01-09T20:16:06","slug":"a-hideg","status":"publish","type":"post","link":"https:\/\/bozsogiattila.hu\/?p=1237","title":{"rendered":"A HIDEG!"},"content":{"rendered":"\n<p class=\"wp-block-paragraph\">A HIDEG!<\/p>\n\n\n\n<p class=\"wp-block-paragraph\">Elm\u00falt m\u00e1r a sz\u00e9p hossz\u00fa \u0151sz,<br>T\u00e9l k\u00f6zeleg, \u00e9s hideg j\u0151.<br>Leheletem, mint a f\u00fcst sz\u00e1ll,<br>Deres k\u00f6r\u00f6ttem a hat\u00e1r.<\/p>\n\n\n\n<p class=\"wp-block-paragraph\">Orrom f\u00e1zik \u00e9s v\u00f6r\u00f6s lesz,<br>Szemem k\u00f6nnye is megered.<br>A kezeimet nem \u00e9rzem,<br>Megdermedtek g\u00e9mberetten.<\/p>\n\n\n\n<p class=\"wp-block-paragraph\">D\u00f6rzs\u00f6lgetem minduntalan,<br>De odakinn ez hasztalan.<br>Melegleveg\u0151t f\u00faj r\u00e1 sz\u00e1m,<br>A fagy\u00e1st\u00f3l \u00edgy meg\u00f3v\u00e1m.<\/p>\n\n\n\n<p class=\"wp-block-paragraph\">Keszty\u0171t h\u00fazok, \u00f6tujjasat,<br>Hogy abban is mozogjanak.<br>J\u00f3 megold\u00e1s, \u00fagy gondolom,<br>De cs\u0151d\u00f6t mond tudom\u00e1nyom.<\/p>\n\n\n\n<p class=\"wp-block-paragraph\">A fagyos sz\u00e9l azt \u00e1tj\u00e1rja,<br>Ujjaimat megtal\u00e1lja.<br>K\u00e9tujjasra v\u00e1ltom h\u00e1t \u00e1t,<br>Hideg ellen az legyen g\u00e1t.<\/p>\n\n\n\n<p class=\"wp-block-paragraph\">Egy ideig minden rendben,<br>Baktatok z\u00fazmar\u00e1s csendben.<br>Ekkor l\u00e1baim is jelzik,<br>N\u00e1luk valami hib\u00e1zik.<\/p>\n\n\n\n<p class=\"wp-block-paragraph\">Meggyors\u00edtom l\u00e9pteimet,<br>S k\u00f6zben a h\u00f3 hullni kezdett.<br>Tappancsaim f\u00f6ld\u00f6n j\u00e1rnak,<br>Rem\u00e9nye sincs javul\u00e1snak.<\/p>\n\n\n\n<p class=\"wp-block-paragraph\">Vastag zokni van azokon,<br>Az sem haszn\u00e1l, fagyos \u00faton.<br>Topogok h\u00e1t \u00fctemesen,<br>A k\u00e9t l\u00e1bam f\u00f6ldh\u00f6z verem.<\/p>\n\n\n\n<p class=\"wp-block-paragraph\">Keservesen vettem \u00e9szre,<br>Valami m\u00e1s \u00f6tlet k\u00e9ne.<br>Kocogni kezdtem a h\u00f3ban,<br>\u00c1m, testemet hanyatt v\u00e1gtam.<\/p>\n\n\n\n<p class=\"wp-block-paragraph\">A l\u00e1baim fellend\u00fcltek,<br>Talpaim \u00e9g fel\u00e9 n\u00e9ztek.<br>Kinevettettem magamat,<br>Cs\u00fasz\u00f3s j\u00e1rda gy\u0151z, \u00e9s arat.<\/p>\n\n\n\n<p class=\"wp-block-paragraph\">Megsz\u00e9gyen\u00fclten hempergem,<br>F\u00e1jlalgatom az \u00fclepem.<br>Hasra fordulok, s fel\u00e1llok,<br>K\u00f6r\u00fcln\u00e9zve puhatolok.<\/p>\n\n\n\n<p class=\"wp-block-paragraph\">Sokan l\u00e1tt\u00e1k mutatv\u00e1nyom,<br>Kacagnak \u0151k, ahogy l\u00e1tom.<br>Ruh\u00e1m havas, \u00edgy leverem,<br>Kezeimmel sepergetem.<\/p>\n\n\n\n<p class=\"wp-block-paragraph\">Ekkor zajra figyelek fel,<br>Csontt\u00e1 fagyott f\u00fcleimmel.<br>\u00d3vatosan megd\u00f6rzs\u00f6ltem,<br>Le ne t\u00f6rj\u00f6n a fejd\u00edszem.<\/p>\n\n\n\n<p class=\"wp-block-paragraph\">T\u00fczelni kezdenek azok,<br>De nem sz\u0171nnek meg a zajok.<br>Egyre k\u00f6zelebbr\u0151l hallom,<br>Hogy mi kopog, m\u00e9g nem tudom?<\/p>\n\n\n\n<p class=\"wp-block-paragraph\">\u00c9les eszem megold\u00e1st lel,<br>Fogam vacog \u00fctem\u00e9vel.<br>Szomor\u00faan r\u00e1 kell j\u00f6nn\u00f6m,<br>Hogy a telet rosszul t\u0171r\u00f6m.<\/p>\n\n\n\n<p class=\"wp-block-paragraph\">Bemegyek h\u00e1t lak\u00e1sunkba,<br>A k\u00e1lyh\u00e1nknak oltalm\u00e1ba.<br>Feladom a t\u00e9li napot,<br>Tavaszt v\u00e1rva, &#8211; \u00e1lmodozok!<\/p>\n\n\n\n<p class=\"wp-block-paragraph\">Mak\u00f3, 2015-11-24<\/p>\n","protected":false},"excerpt":{"rendered":"<p>A HIDEG! Elm\u00falt m\u00e1r a sz\u00e9p hossz\u00fa \u0151sz,T\u00e9l k\u00f6zeleg, \u00e9s hideg j\u0151.Leheletem, mint a f\u00fcst sz\u00e1ll,Deres k\u00f6r\u00f6ttem a hat\u00e1r. Orrom f\u00e1zik \u00e9s v\u00f6r\u00f6s lesz,Szemem k\u00f6nnye is megered.A kezeimet nem \u00e9rzem,Megdermedtek g\u00e9mberetten. D\u00f6rzs\u00f6lgetem minduntalan,De odakinn ez hasztalan.Melegleveg\u0151t f\u00faj r\u00e1 sz\u00e1m,A fagy\u00e1st\u00f3l \u00edgy meg\u00f3v\u00e1m. Keszty\u0171t h\u00fazok, \u00f6tujjasat,Hogy abban is mozogjanak.J\u00f3 megold\u00e1s, \u00fagy gondolom,De cs\u0151d\u00f6t mond tudom\u00e1nyom. A &#8230; <a title=\"A HIDEG!\" class=\"read-more\" href=\"https:\/\/bozsogiattila.hu\/?p=1237\" aria-label=\"Tov\u00e1bbiak A HIDEG!\">Olvass tov\u00e1bb<\/a><\/p>\n","protected":false},"author":3,"featured_media":0,"comment_status":"closed","ping_status":"open","sticky":false,"template":"","format":"standard","meta":{"footnotes":""},"categories":[4],"tags":[328,12],"class_list":["post-1237","post","type-post","status-publish","format-standard","hentry","category-versek","tag-328","tag-mako"],"yoast_head":"<!-- This site is optimized with the Yoast SEO plugin v21.8 - https:\/\/yoast.com\/wordpress\/plugins\/seo\/ -->\n<title>A HIDEG! - Bozsogi Attila<\/title>\n<meta name=\"robots\" content=\"index, follow, max-snippet:-1, max-image-preview:large, max-video-preview:-1\" \/>\n<link rel=\"canonical\" href=\"https:\/\/bozsogiattila.hu\/?p=1237\" \/>\n<meta property=\"og:locale\" content=\"hu_HU\" \/>\n<meta property=\"og:type\" content=\"article\" \/>\n<meta property=\"og:title\" content=\"A HIDEG! - Bozsogi Attila\" \/>\n<meta property=\"og:description\" content=\"A HIDEG! Elm\u00falt m\u00e1r a sz\u00e9p hossz\u00fa \u0151sz,T\u00e9l k\u00f6zeleg, \u00e9s hideg j\u0151.Leheletem, mint a f\u00fcst sz\u00e1ll,Deres k\u00f6r\u00f6ttem a hat\u00e1r. Orrom f\u00e1zik \u00e9s v\u00f6r\u00f6s lesz,Szemem k\u00f6nnye is megered.A kezeimet nem \u00e9rzem,Megdermedtek g\u00e9mberetten. D\u00f6rzs\u00f6lgetem minduntalan,De odakinn ez hasztalan.Melegleveg\u0151t f\u00faj r\u00e1 sz\u00e1m,A fagy\u00e1st\u00f3l \u00edgy meg\u00f3v\u00e1m. Keszty\u0171t h\u00fazok, \u00f6tujjasat,Hogy abban is mozogjanak.J\u00f3 megold\u00e1s, \u00fagy gondolom,De cs\u0151d\u00f6t mond tudom\u00e1nyom. A ... Olvass tov\u00e1bb\" \/>\n<meta property=\"og:url\" content=\"https:\/\/bozsogiattila.hu\/?p=1237\" \/>\n<meta property=\"og:site_name\" content=\"Bozsogi Attila\" \/>\n<meta property=\"article:published_time\" content=\"2015-11-24T20:15:00+00:00\" \/>\n<meta property=\"article:modified_time\" content=\"2024-01-09T20:16:06+00:00\" \/>\n<meta name=\"author\" content=\"Bozsogi Attila\" \/>\n<meta name=\"twitter:card\" content=\"summary_large_image\" \/>\n<meta name=\"twitter:label1\" content=\"Szerz\u0151:\" \/>\n\t<meta name=\"twitter:data1\" content=\"Bozsogi Attila\" \/>\n\t<meta name=\"twitter:label2\" content=\"Becs\u00fclt olvas\u00e1si id\u0151\" \/>\n\t<meta name=\"twitter:data2\" content=\"2 perc\" \/>\n<script type=\"application\/ld+json\" class=\"yoast-schema-graph\">{\"@context\":\"https:\/\/schema.org\",\"@graph\":[{\"@type\":\"WebPage\",\"@id\":\"https:\/\/bozsogiattila.hu\/?p=1237\",\"url\":\"https:\/\/bozsogiattila.hu\/?p=1237\",\"name\":\"A HIDEG! - Bozsogi Attila\",\"isPartOf\":{\"@id\":\"https:\/\/bozsogiattila.hu\/#website\"},\"datePublished\":\"2015-11-24T20:15:00+00:00\",\"dateModified\":\"2024-01-09T20:16:06+00:00\",\"author\":{\"@id\":\"https:\/\/bozsogiattila.hu\/#\/schema\/person\/488c99f554a8c4039201260dd5eb795e\"},\"breadcrumb\":{\"@id\":\"https:\/\/bozsogiattila.hu\/?p=1237#breadcrumb\"},\"inLanguage\":\"hu\",\"potentialAction\":[{\"@type\":\"ReadAction\",\"target\":[\"https:\/\/bozsogiattila.hu\/?p=1237\"]}]},{\"@type\":\"BreadcrumbList\",\"@id\":\"https:\/\/bozsogiattila.hu\/?p=1237#breadcrumb\",\"itemListElement\":[{\"@type\":\"ListItem\",\"position\":1,\"name\":\"Kezd\u0151lap\",\"item\":\"https:\/\/bozsogiattila.hu\/\"},{\"@type\":\"ListItem\",\"position\":2,\"name\":\"A HIDEG!\"}]},{\"@type\":\"WebSite\",\"@id\":\"https:\/\/bozsogiattila.hu\/#website\",\"url\":\"https:\/\/bozsogiattila.hu\/\",\"name\":\"Bozsogi Attila\",\"description\":\"a zen\u00e9sz, \u00edr\u00f3 munk\u00e1ss\u00e1g\u00e1nak \u00e9s a mak\u00f3i muzsikusok eml\u00e9k\u00e9t \u0151rz\u0151 oldal\",\"potentialAction\":[{\"@type\":\"SearchAction\",\"target\":{\"@type\":\"EntryPoint\",\"urlTemplate\":\"https:\/\/bozsogiattila.hu\/?s={search_term_string}\"},\"query-input\":\"required name=search_term_string\"}],\"inLanguage\":\"hu\"},{\"@type\":\"Person\",\"@id\":\"https:\/\/bozsogiattila.hu\/#\/schema\/person\/488c99f554a8c4039201260dd5eb795e\",\"name\":\"Bozsogi Attila\",\"image\":{\"@type\":\"ImageObject\",\"inLanguage\":\"hu\",\"@id\":\"https:\/\/bozsogiattila.hu\/#\/schema\/person\/image\/\",\"url\":\"https:\/\/secure.gravatar.com\/avatar\/7da6b5985e34ed798d1670c54ce7d20e6a53b800bb0c07945c64b09392f3dbfd?s=96&d=mm&r=g\",\"contentUrl\":\"https:\/\/secure.gravatar.com\/avatar\/7da6b5985e34ed798d1670c54ce7d20e6a53b800bb0c07945c64b09392f3dbfd?s=96&d=mm&r=g\",\"caption\":\"Bozsogi Attila\"},\"sameAs\":[\"http:\/\/www.boszogiattila.hu\"],\"url\":\"https:\/\/bozsogiattila.hu\/?author=3\"}]}<\/script>\n<!-- \/ Yoast SEO plugin. -->","yoast_head_json":{"title":"A HIDEG! - Bozsogi Attila","robots":{"index":"index","follow":"follow","max-snippet":"max-snippet:-1","max-image-preview":"max-image-preview:large","max-video-preview":"max-video-preview:-1"},"canonical":"https:\/\/bozsogiattila.hu\/?p=1237","og_locale":"hu_HU","og_type":"article","og_title":"A HIDEG! - Bozsogi Attila","og_description":"A HIDEG! Elm\u00falt m\u00e1r a sz\u00e9p hossz\u00fa \u0151sz,T\u00e9l k\u00f6zeleg, \u00e9s hideg j\u0151.Leheletem, mint a f\u00fcst sz\u00e1ll,Deres k\u00f6r\u00f6ttem a hat\u00e1r. Orrom f\u00e1zik \u00e9s v\u00f6r\u00f6s lesz,Szemem k\u00f6nnye is megered.A kezeimet nem \u00e9rzem,Megdermedtek g\u00e9mberetten. D\u00f6rzs\u00f6lgetem minduntalan,De odakinn ez hasztalan.Melegleveg\u0151t f\u00faj r\u00e1 sz\u00e1m,A fagy\u00e1st\u00f3l \u00edgy meg\u00f3v\u00e1m. Keszty\u0171t h\u00fazok, \u00f6tujjasat,Hogy abban is mozogjanak.J\u00f3 megold\u00e1s, \u00fagy gondolom,De cs\u0151d\u00f6t mond tudom\u00e1nyom. A ... Olvass tov\u00e1bb","og_url":"https:\/\/bozsogiattila.hu\/?p=1237","og_site_name":"Bozsogi Attila","article_published_time":"2015-11-24T20:15:00+00:00","article_modified_time":"2024-01-09T20:16:06+00:00","author":"Bozsogi Attila","twitter_card":"summary_large_image","twitter_misc":{"Szerz\u0151:":"Bozsogi Attila","Becs\u00fclt olvas\u00e1si id\u0151":"2 perc"},"schema":{"@context":"https:\/\/schema.org","@graph":[{"@type":"WebPage","@id":"https:\/\/bozsogiattila.hu\/?p=1237","url":"https:\/\/bozsogiattila.hu\/?p=1237","name":"A HIDEG! - Bozsogi Attila","isPartOf":{"@id":"https:\/\/bozsogiattila.hu\/#website"},"datePublished":"2015-11-24T20:15:00+00:00","dateModified":"2024-01-09T20:16:06+00:00","author":{"@id":"https:\/\/bozsogiattila.hu\/#\/schema\/person\/488c99f554a8c4039201260dd5eb795e"},"breadcrumb":{"@id":"https:\/\/bozsogiattila.hu\/?p=1237#breadcrumb"},"inLanguage":"hu","potentialAction":[{"@type":"ReadAction","target":["https:\/\/bozsogiattila.hu\/?p=1237"]}]},{"@type":"BreadcrumbList","@id":"https:\/\/bozsogiattila.hu\/?p=1237#breadcrumb","itemListElement":[{"@type":"ListItem","position":1,"name":"Kezd\u0151lap","item":"https:\/\/bozsogiattila.hu\/"},{"@type":"ListItem","position":2,"name":"A HIDEG!"}]},{"@type":"WebSite","@id":"https:\/\/bozsogiattila.hu\/#website","url":"https:\/\/bozsogiattila.hu\/","name":"Bozsogi Attila","description":"a zen\u00e9sz, \u00edr\u00f3 munk\u00e1ss\u00e1g\u00e1nak \u00e9s a mak\u00f3i muzsikusok eml\u00e9k\u00e9t \u0151rz\u0151 oldal","potentialAction":[{"@type":"SearchAction","target":{"@type":"EntryPoint","urlTemplate":"https:\/\/bozsogiattila.hu\/?s={search_term_string}"},"query-input":"required name=search_term_string"}],"inLanguage":"hu"},{"@type":"Person","@id":"https:\/\/bozsogiattila.hu\/#\/schema\/person\/488c99f554a8c4039201260dd5eb795e","name":"Bozsogi Attila","image":{"@type":"ImageObject","inLanguage":"hu","@id":"https:\/\/bozsogiattila.hu\/#\/schema\/person\/image\/","url":"https:\/\/secure.gravatar.com\/avatar\/7da6b5985e34ed798d1670c54ce7d20e6a53b800bb0c07945c64b09392f3dbfd?s=96&d=mm&r=g","contentUrl":"https:\/\/secure.gravatar.com\/avatar\/7da6b5985e34ed798d1670c54ce7d20e6a53b800bb0c07945c64b09392f3dbfd?s=96&d=mm&r=g","caption":"Bozsogi Attila"},"sameAs":["http:\/\/www.boszogiattila.hu"],"url":"https:\/\/bozsogiattila.hu\/?author=3"}]}},"jetpack_featured_media_url":"","_links":{"self":[{"href":"https:\/\/bozsogiattila.hu\/index.php?rest_route=\/wp\/v2\/posts\/1237","targetHints":{"allow":["GET"]}}],"collection":[{"href":"https:\/\/bozsogiattila.hu\/index.php?rest_route=\/wp\/v2\/posts"}],"about":[{"href":"https:\/\/bozsogiattila.hu\/index.php?rest_route=\/wp\/v2\/types\/post"}],"author":[{"embeddable":true,"href":"https:\/\/bozsogiattila.hu\/index.php?rest_route=\/wp\/v2\/users\/3"}],"replies":[{"embeddable":true,"href":"https:\/\/bozsogiattila.hu\/index.php?rest_route=%2Fwp%2Fv2%2Fcomments&post=1237"}],"version-history":[{"count":1,"href":"https:\/\/bozsogiattila.hu\/index.php?rest_route=\/wp\/v2\/posts\/1237\/revisions"}],"predecessor-version":[{"id":1238,"href":"https:\/\/bozsogiattila.hu\/index.php?rest_route=\/wp\/v2\/posts\/1237\/revisions\/1238"}],"wp:attachment":[{"href":"https:\/\/bozsogiattila.hu\/index.php?rest_route=%2Fwp%2Fv2%2Fmedia&parent=1237"}],"wp:term":[{"taxonomy":"category","embeddable":true,"href":"https:\/\/bozsogiattila.hu\/index.php?rest_route=%2Fwp%2Fv2%2Fcategories&post=1237"},{"taxonomy":"post_tag","embeddable":true,"href":"https:\/\/bozsogiattila.hu\/index.php?rest_route=%2Fwp%2Fv2%2Ftags&post=1237"}],"curies":[{"name":"wp","href":"https:\/\/api.w.org\/{rel}","templated":true}]}}