{"id":1241,"date":"2020-04-23T20:17:00","date_gmt":"2020-04-23T20:17:00","guid":{"rendered":"https:\/\/bozsogiattila.hu\/?p=1241"},"modified":"2024-01-09T20:18:18","modified_gmt":"2024-01-09T20:18:18","slug":"a-legy","status":"publish","type":"post","link":"https:\/\/bozsogiattila.hu\/?p=1241","title":{"rendered":"A L\u00c9GY!"},"content":{"rendered":"\n<p class=\"wp-block-paragraph\">A L\u00c9GY!<\/p>\n\n\n\n<p class=\"wp-block-paragraph\">Mi a humor, r\u00e9g nem tudom,<br>Val\u00f3s\u00e1gt\u00f3l meg borzongom.<br>Legnagyobb gond, kopasz fejem,<br>C\u00e9lpontja pimasz legyeknek.<\/p>\n\n\n\n<p class=\"wp-block-paragraph\">R\u00e1rep\u00fclnek, ott napoznak,<br>M\u00e1szk\u00e1lnak, \u00fagy csiklandoznak.<br>Belecs\u00edpnek, felord\u00edtok,<br>Nagy hirtelen odacsapok.<\/p>\n\n\n\n<p class=\"wp-block-paragraph\">Megsz\u00e9d\u00fcl\u00f6k \u00fct\u00e9semt\u0151l,<br>De t\u00e1mad\u00f3im el\u0171z\u00f6m.<br>Z\u00f6ngics\u00e9lnek, ott felettem,<br>T\u00e1n nevetnek s\u00e9rt\u0151d\u00f6tten.<\/p>\n\n\n\n<p class=\"wp-block-paragraph\">Ha r\u00e1m sz\u00e1llnak, agyonverem,<br>Bossz\u00fasan mindet kiv\u00e9gzem.<br>Nem t\u00e1g\u00edtnak, j\u00f6nnek velem,<br>K\u00f6r\u00f6znek a fejem felett.<\/p>\n\n\n\n<p class=\"wp-block-paragraph\">Kapkodok, mint Bern\u00e1t tette,<br>Mikor a mennyk\u0151t \u00fcld\u00f6zte.<br>K\u00f6zben ker\u00e9kp\u00e1rom hajtom,<br>Gyors\u00edtok-, mindet ott hagyom.<\/p>\n\n\n\n<p class=\"wp-block-paragraph\">V\u00e9gre csend lett, t\u00e1n elmentek,<br>Most m\u00e1r ism\u00e9t nyugtom lehet.<br>De t\u00e9vedtem, nem \u00edgy t\u00f6rt\u00e9nt,<br>Megjelentek, megint, ism\u00e9t.<\/p>\n\n\n\n<p class=\"wp-block-paragraph\">V\u00e9rszomjasan lecsaptak r\u00e1m,<br>Kobakomat megt\u00e1madv\u00e1n.<br>Jobb kezemmel hadakoztam,<br>Bal k\u00e9zzel a korm\u00e1nyt fogtam.<\/p>\n\n\n\n<p class=\"wp-block-paragraph\">Seg\u00edts\u00e9g\u00fcl fejem h\u00edvtam,<br>Jobbra-balra r\u00e1zogattam.<br>Fejemben a v\u00edz l\u00f6ty\u00f6g\u00f6tt,<br>Sz\u00e9d\u00fclni kezdtem szerf\u00f6l\u00f6tt.<\/p>\n\n\n\n<p class=\"wp-block-paragraph\">F\u00e9lelmemben lass\u00edtottam,<br>Nehogy talajt fogjon h\u00e1tam.<br>A zebr\u00e1n\u00e1l \u00e1lldog\u00e1ltam,<br>Gyalogosra v\u00e1rakoztam.<\/p>\n\n\n\n<p class=\"wp-block-paragraph\">Ekkor, mint egy helikopter,<br>B\u00f6g\u00f6ly \u00e9rkezett nagy h\u00e9vvel.<br>Szemem sark\u00e1b\u00f3l figyeltem,<br>A sz\u00e1nd\u00e9k\u00e1t \u00fagy k\u00e9mleltem.<\/p>\n\n\n\n<p class=\"wp-block-paragraph\">ZZZ, ZZZ, hangzott harci dala,<br>T\u00e1mad\u00e1sra koncentr\u00e1lva.<br>M\u00e9g le sem sz\u00e1llt m\u00e1r \u00fct\u00f6ttem,<br>Hatalmasat inger\u00fclten.<\/p>\n\n\n\n<p class=\"wp-block-paragraph\">Felrep\u00fclt \u00e9s tett egy nagy k\u00f6rt,<br>Majd visszat\u00e9rt, s ott k\u00f6r\u00f6z\u00f6tt.<br>Izzadt homlokom t\u00f6r\u00f6ltem,<br>T\u00e1n kil\u00f6ttyent nagy t\u00f6kfejem.<\/p>\n\n\n\n<p class=\"wp-block-paragraph\">Ekkor v\u00e9gre sikerem volt,<br>Eltal\u00e1ltam a t\u00e1mad\u00f3m.<br>Tovarep\u00fclt \u00e9s ott hagyott,<br>Megsz\u00e9d\u00fclten \u00fagy k\u00f3v\u00e1lygott.<\/p>\n\n\n\n<p class=\"wp-block-paragraph\">Hirtelen nagy f\u00e1jdalom \u00e9rt,<br>\u00c9reztem egy j\u00f3 nagy cs\u00edp\u00e9st.<br>Egy csap\u00e1ssal le\u00fct\u00f6ttem,<br>A darazsat a fejemen.<\/p>\n\n\n\n<p class=\"wp-block-paragraph\">Fejem gyorsan kezdett n\u0151ni,<br>Ortop\u00e9dd\u00e1 alakulni.<br>Leveg\u0151 ut\u00e1n kapkodtam,<br>K\u00ednomban ott fuldokoltam.<\/p>\n\n\n\n<p class=\"wp-block-paragraph\">Kis h\u00edj\u00e1n majd elpusztultam,<br>Ha a ment\u0151 nem j\u00f6n gyorsan.<br>Az\u00f3ta \u00e9n sapk\u00e1t hordok,<br>L\u00e9gyt\u0151l, dar\u00e1zst\u00f3l irt\u00f3zok.<\/p>\n\n\n\n<p class=\"wp-block-paragraph\">Mak\u00f3, 2020-04-23<\/p>\n","protected":false},"excerpt":{"rendered":"<p>A L\u00c9GY! Mi a humor, r\u00e9g nem tudom,Val\u00f3s\u00e1gt\u00f3l meg borzongom.Legnagyobb gond, kopasz fejem,C\u00e9lpontja pimasz legyeknek. R\u00e1rep\u00fclnek, ott napoznak,M\u00e1szk\u00e1lnak, \u00fagy csiklandoznak.Belecs\u00edpnek, felord\u00edtok,Nagy hirtelen odacsapok. Megsz\u00e9d\u00fcl\u00f6k \u00fct\u00e9semt\u0151l,De t\u00e1mad\u00f3im el\u0171z\u00f6m.Z\u00f6ngics\u00e9lnek, ott felettem,T\u00e1n nevetnek s\u00e9rt\u0151d\u00f6tten. Ha r\u00e1m sz\u00e1llnak, agyonverem,Bossz\u00fasan mindet kiv\u00e9gzem.Nem t\u00e1g\u00edtnak, j\u00f6nnek velem,K\u00f6r\u00f6znek a fejem felett. Kapkodok, mint Bern\u00e1t tette,Mikor a mennyk\u0151t \u00fcld\u00f6zte.K\u00f6zben ker\u00e9kp\u00e1rom hajtom,Gyors\u00edtok-, mindet ott hagyom. &#8230; <a title=\"A L\u00c9GY!\" class=\"read-more\" href=\"https:\/\/bozsogiattila.hu\/?p=1241\" aria-label=\"Tov\u00e1bbiak A L\u00c9GY!\">Olvass tov\u00e1bb<\/a><\/p>\n","protected":false},"author":3,"featured_media":0,"comment_status":"closed","ping_status":"open","sticky":false,"template":"","format":"standard","meta":{"footnotes":""},"categories":[4],"tags":[321,12],"class_list":["post-1241","post","type-post","status-publish","format-standard","hentry","category-versek","tag-321","tag-mako"],"yoast_head":"<!-- This site is optimized with the Yoast SEO plugin v21.8 - https:\/\/yoast.com\/wordpress\/plugins\/seo\/ -->\n<title>A L\u00c9GY! - Bozsogi Attila<\/title>\n<meta name=\"robots\" content=\"index, follow, max-snippet:-1, max-image-preview:large, max-video-preview:-1\" \/>\n<link rel=\"canonical\" href=\"https:\/\/bozsogiattila.hu\/?p=1241\" \/>\n<meta property=\"og:locale\" content=\"hu_HU\" \/>\n<meta property=\"og:type\" content=\"article\" \/>\n<meta property=\"og:title\" content=\"A L\u00c9GY! - Bozsogi Attila\" \/>\n<meta property=\"og:description\" content=\"A L\u00c9GY! Mi a humor, r\u00e9g nem tudom,Val\u00f3s\u00e1gt\u00f3l meg borzongom.Legnagyobb gond, kopasz fejem,C\u00e9lpontja pimasz legyeknek. R\u00e1rep\u00fclnek, ott napoznak,M\u00e1szk\u00e1lnak, \u00fagy csiklandoznak.Belecs\u00edpnek, felord\u00edtok,Nagy hirtelen odacsapok. Megsz\u00e9d\u00fcl\u00f6k \u00fct\u00e9semt\u0151l,De t\u00e1mad\u00f3im el\u0171z\u00f6m.Z\u00f6ngics\u00e9lnek, ott felettem,T\u00e1n nevetnek s\u00e9rt\u0151d\u00f6tten. Ha r\u00e1m sz\u00e1llnak, agyonverem,Bossz\u00fasan mindet kiv\u00e9gzem.Nem t\u00e1g\u00edtnak, j\u00f6nnek velem,K\u00f6r\u00f6znek a fejem felett. Kapkodok, mint Bern\u00e1t tette,Mikor a mennyk\u0151t \u00fcld\u00f6zte.K\u00f6zben ker\u00e9kp\u00e1rom hajtom,Gyors\u00edtok-, mindet ott hagyom. ... Olvass tov\u00e1bb\" \/>\n<meta property=\"og:url\" content=\"https:\/\/bozsogiattila.hu\/?p=1241\" \/>\n<meta property=\"og:site_name\" content=\"Bozsogi Attila\" \/>\n<meta property=\"article:published_time\" content=\"2020-04-23T20:17:00+00:00\" \/>\n<meta property=\"article:modified_time\" content=\"2024-01-09T20:18:18+00:00\" \/>\n<meta name=\"author\" content=\"Bozsogi Attila\" \/>\n<meta name=\"twitter:card\" content=\"summary_large_image\" \/>\n<meta name=\"twitter:label1\" content=\"Szerz\u0151:\" \/>\n\t<meta name=\"twitter:data1\" content=\"Bozsogi Attila\" \/>\n\t<meta name=\"twitter:label2\" content=\"Becs\u00fclt olvas\u00e1si id\u0151\" \/>\n\t<meta name=\"twitter:data2\" content=\"2 perc\" \/>\n<script type=\"application\/ld+json\" class=\"yoast-schema-graph\">{\"@context\":\"https:\/\/schema.org\",\"@graph\":[{\"@type\":\"WebPage\",\"@id\":\"https:\/\/bozsogiattila.hu\/?p=1241\",\"url\":\"https:\/\/bozsogiattila.hu\/?p=1241\",\"name\":\"A L\u00c9GY! - Bozsogi Attila\",\"isPartOf\":{\"@id\":\"https:\/\/bozsogiattila.hu\/#website\"},\"datePublished\":\"2020-04-23T20:17:00+00:00\",\"dateModified\":\"2024-01-09T20:18:18+00:00\",\"author\":{\"@id\":\"https:\/\/bozsogiattila.hu\/#\/schema\/person\/488c99f554a8c4039201260dd5eb795e\"},\"breadcrumb\":{\"@id\":\"https:\/\/bozsogiattila.hu\/?p=1241#breadcrumb\"},\"inLanguage\":\"hu\",\"potentialAction\":[{\"@type\":\"ReadAction\",\"target\":[\"https:\/\/bozsogiattila.hu\/?p=1241\"]}]},{\"@type\":\"BreadcrumbList\",\"@id\":\"https:\/\/bozsogiattila.hu\/?p=1241#breadcrumb\",\"itemListElement\":[{\"@type\":\"ListItem\",\"position\":1,\"name\":\"Kezd\u0151lap\",\"item\":\"https:\/\/bozsogiattila.hu\/\"},{\"@type\":\"ListItem\",\"position\":2,\"name\":\"A L\u00c9GY!\"}]},{\"@type\":\"WebSite\",\"@id\":\"https:\/\/bozsogiattila.hu\/#website\",\"url\":\"https:\/\/bozsogiattila.hu\/\",\"name\":\"Bozsogi Attila\",\"description\":\"a zen\u00e9sz, \u00edr\u00f3 munk\u00e1ss\u00e1g\u00e1nak \u00e9s a mak\u00f3i muzsikusok eml\u00e9k\u00e9t \u0151rz\u0151 oldal\",\"potentialAction\":[{\"@type\":\"SearchAction\",\"target\":{\"@type\":\"EntryPoint\",\"urlTemplate\":\"https:\/\/bozsogiattila.hu\/?s={search_term_string}\"},\"query-input\":\"required name=search_term_string\"}],\"inLanguage\":\"hu\"},{\"@type\":\"Person\",\"@id\":\"https:\/\/bozsogiattila.hu\/#\/schema\/person\/488c99f554a8c4039201260dd5eb795e\",\"name\":\"Bozsogi Attila\",\"image\":{\"@type\":\"ImageObject\",\"inLanguage\":\"hu\",\"@id\":\"https:\/\/bozsogiattila.hu\/#\/schema\/person\/image\/\",\"url\":\"https:\/\/secure.gravatar.com\/avatar\/7da6b5985e34ed798d1670c54ce7d20e6a53b800bb0c07945c64b09392f3dbfd?s=96&d=mm&r=g\",\"contentUrl\":\"https:\/\/secure.gravatar.com\/avatar\/7da6b5985e34ed798d1670c54ce7d20e6a53b800bb0c07945c64b09392f3dbfd?s=96&d=mm&r=g\",\"caption\":\"Bozsogi Attila\"},\"sameAs\":[\"http:\/\/www.boszogiattila.hu\"],\"url\":\"https:\/\/bozsogiattila.hu\/?author=3\"}]}<\/script>\n<!-- \/ Yoast SEO plugin. -->","yoast_head_json":{"title":"A L\u00c9GY! - Bozsogi Attila","robots":{"index":"index","follow":"follow","max-snippet":"max-snippet:-1","max-image-preview":"max-image-preview:large","max-video-preview":"max-video-preview:-1"},"canonical":"https:\/\/bozsogiattila.hu\/?p=1241","og_locale":"hu_HU","og_type":"article","og_title":"A L\u00c9GY! - Bozsogi Attila","og_description":"A L\u00c9GY! Mi a humor, r\u00e9g nem tudom,Val\u00f3s\u00e1gt\u00f3l meg borzongom.Legnagyobb gond, kopasz fejem,C\u00e9lpontja pimasz legyeknek. R\u00e1rep\u00fclnek, ott napoznak,M\u00e1szk\u00e1lnak, \u00fagy csiklandoznak.Belecs\u00edpnek, felord\u00edtok,Nagy hirtelen odacsapok. Megsz\u00e9d\u00fcl\u00f6k \u00fct\u00e9semt\u0151l,De t\u00e1mad\u00f3im el\u0171z\u00f6m.Z\u00f6ngics\u00e9lnek, ott felettem,T\u00e1n nevetnek s\u00e9rt\u0151d\u00f6tten. Ha r\u00e1m sz\u00e1llnak, agyonverem,Bossz\u00fasan mindet kiv\u00e9gzem.Nem t\u00e1g\u00edtnak, j\u00f6nnek velem,K\u00f6r\u00f6znek a fejem felett. Kapkodok, mint Bern\u00e1t tette,Mikor a mennyk\u0151t \u00fcld\u00f6zte.K\u00f6zben ker\u00e9kp\u00e1rom hajtom,Gyors\u00edtok-, mindet ott hagyom. ... Olvass tov\u00e1bb","og_url":"https:\/\/bozsogiattila.hu\/?p=1241","og_site_name":"Bozsogi Attila","article_published_time":"2020-04-23T20:17:00+00:00","article_modified_time":"2024-01-09T20:18:18+00:00","author":"Bozsogi Attila","twitter_card":"summary_large_image","twitter_misc":{"Szerz\u0151:":"Bozsogi Attila","Becs\u00fclt olvas\u00e1si id\u0151":"2 perc"},"schema":{"@context":"https:\/\/schema.org","@graph":[{"@type":"WebPage","@id":"https:\/\/bozsogiattila.hu\/?p=1241","url":"https:\/\/bozsogiattila.hu\/?p=1241","name":"A L\u00c9GY! - Bozsogi Attila","isPartOf":{"@id":"https:\/\/bozsogiattila.hu\/#website"},"datePublished":"2020-04-23T20:17:00+00:00","dateModified":"2024-01-09T20:18:18+00:00","author":{"@id":"https:\/\/bozsogiattila.hu\/#\/schema\/person\/488c99f554a8c4039201260dd5eb795e"},"breadcrumb":{"@id":"https:\/\/bozsogiattila.hu\/?p=1241#breadcrumb"},"inLanguage":"hu","potentialAction":[{"@type":"ReadAction","target":["https:\/\/bozsogiattila.hu\/?p=1241"]}]},{"@type":"BreadcrumbList","@id":"https:\/\/bozsogiattila.hu\/?p=1241#breadcrumb","itemListElement":[{"@type":"ListItem","position":1,"name":"Kezd\u0151lap","item":"https:\/\/bozsogiattila.hu\/"},{"@type":"ListItem","position":2,"name":"A L\u00c9GY!"}]},{"@type":"WebSite","@id":"https:\/\/bozsogiattila.hu\/#website","url":"https:\/\/bozsogiattila.hu\/","name":"Bozsogi Attila","description":"a zen\u00e9sz, \u00edr\u00f3 munk\u00e1ss\u00e1g\u00e1nak \u00e9s a mak\u00f3i muzsikusok eml\u00e9k\u00e9t \u0151rz\u0151 oldal","potentialAction":[{"@type":"SearchAction","target":{"@type":"EntryPoint","urlTemplate":"https:\/\/bozsogiattila.hu\/?s={search_term_string}"},"query-input":"required name=search_term_string"}],"inLanguage":"hu"},{"@type":"Person","@id":"https:\/\/bozsogiattila.hu\/#\/schema\/person\/488c99f554a8c4039201260dd5eb795e","name":"Bozsogi Attila","image":{"@type":"ImageObject","inLanguage":"hu","@id":"https:\/\/bozsogiattila.hu\/#\/schema\/person\/image\/","url":"https:\/\/secure.gravatar.com\/avatar\/7da6b5985e34ed798d1670c54ce7d20e6a53b800bb0c07945c64b09392f3dbfd?s=96&d=mm&r=g","contentUrl":"https:\/\/secure.gravatar.com\/avatar\/7da6b5985e34ed798d1670c54ce7d20e6a53b800bb0c07945c64b09392f3dbfd?s=96&d=mm&r=g","caption":"Bozsogi Attila"},"sameAs":["http:\/\/www.boszogiattila.hu"],"url":"https:\/\/bozsogiattila.hu\/?author=3"}]}},"jetpack_featured_media_url":"","_links":{"self":[{"href":"https:\/\/bozsogiattila.hu\/index.php?rest_route=\/wp\/v2\/posts\/1241","targetHints":{"allow":["GET"]}}],"collection":[{"href":"https:\/\/bozsogiattila.hu\/index.php?rest_route=\/wp\/v2\/posts"}],"about":[{"href":"https:\/\/bozsogiattila.hu\/index.php?rest_route=\/wp\/v2\/types\/post"}],"author":[{"embeddable":true,"href":"https:\/\/bozsogiattila.hu\/index.php?rest_route=\/wp\/v2\/users\/3"}],"replies":[{"embeddable":true,"href":"https:\/\/bozsogiattila.hu\/index.php?rest_route=%2Fwp%2Fv2%2Fcomments&post=1241"}],"version-history":[{"count":1,"href":"https:\/\/bozsogiattila.hu\/index.php?rest_route=\/wp\/v2\/posts\/1241\/revisions"}],"predecessor-version":[{"id":1242,"href":"https:\/\/bozsogiattila.hu\/index.php?rest_route=\/wp\/v2\/posts\/1241\/revisions\/1242"}],"wp:attachment":[{"href":"https:\/\/bozsogiattila.hu\/index.php?rest_route=%2Fwp%2Fv2%2Fmedia&parent=1241"}],"wp:term":[{"taxonomy":"category","embeddable":true,"href":"https:\/\/bozsogiattila.hu\/index.php?rest_route=%2Fwp%2Fv2%2Fcategories&post=1241"},{"taxonomy":"post_tag","embeddable":true,"href":"https:\/\/bozsogiattila.hu\/index.php?rest_route=%2Fwp%2Fv2%2Ftags&post=1241"}],"curies":[{"name":"wp","href":"https:\/\/api.w.org\/{rel}","templated":true}]}}