{"id":1255,"date":"2019-10-22T20:23:00","date_gmt":"2019-10-22T20:23:00","guid":{"rendered":"https:\/\/bozsogiattila.hu\/?p=1255"},"modified":"2024-01-09T20:38:32","modified_gmt":"2024-01-09T20:38:32","slug":"az-emlekek-hidjan","status":"publish","type":"post","link":"https:\/\/bozsogiattila.hu\/?p=1255","title":{"rendered":"AZ EML\u00c9KEK H\u00cdDJ\u00c1N"},"content":{"rendered":"\n<p class=\"wp-block-paragraph\">AZ EML\u00c9KEK H\u00cdDJ\u00c1N<\/p>\n\n\n\n<p class=\"wp-block-paragraph\">Az eml\u00e9kek h\u00eddj\u00e1n j\u00e1rtam,<br>N\u00e9m\u00e1n, csendben bandukoltam.<br>N\u00e9ha-n\u00e9ha meg-meg\u00e1lltam,<br>S tov\u00e1bb mentem megf\u00e1radtan.<\/p>\n\n\n\n<p class=\"wp-block-paragraph\">T\u0171n\u0151dtem a naps\u00fct\u00e9sben,<br>Simogat\u00f3 meleg\u00e9ben.<br>Az \u0151szi t\u00e1j k\u00e1pr\u00e1zata,<br>Elb\u0171v\u00f6lt a mag\u00e1nyomba\u2019.<\/p>\n\n\n\n<p class=\"wp-block-paragraph\">A s\u00e1rgul\u00f3 falevelek,<br>Kavalk\u00e1dja nekem intett.<br>L\u00e1gyszell\u0151nek fuvallata,<br>Mereng\u00e9sem feloldotta.<\/p>\n\n\n\n<p class=\"wp-block-paragraph\">N\u00e9ztem \u00e1mulattal messze,<br>Fel a magass\u00e1gos \u00e9gre.<br>Tan\u00faja az, sok titoknak,<br>Jelennek \u00e9s f\u00e1j\u00f3 m\u00faltnak.<\/p>\n\n\n\n<p class=\"wp-block-paragraph\">M\u00faltid\u00e9z\u00e9s a jelenben,<br>Megjelent a k\u00e9pzeletben.<br>K\u00f6r\u00fclvette alakomat,<br>Amely kiss\u00e9 m\u00e1r megrokkant.<\/p>\n\n\n\n<p class=\"wp-block-paragraph\">Az utamon senki nem j\u00e1rt,<br>Annak v\u00e9g\u00e9n valaki v\u00e1rt.<br>A holnap lesz ott a hat\u00e1r,<br>Mi \u00f6r\u00f6kk\u00f6n mag\u00e1ba z\u00e1r.<\/p>\n\n\n\n<p class=\"wp-block-paragraph\">V\u00e9g\u00e1llom\u00e1s-, nincs ki\u00edrva,<br>Hiszen azt mindenki tudja.<br>Nincs tov\u00e1bb csak eml\u00e9kez\u00e9s,<br>Megfakul ott minden \u00e9rz\u00e9s.<\/p>\n\n\n\n<p class=\"wp-block-paragraph\">Gondjaim k\u00f6zt \u00edgy haladtam,<br>A remeg\u0151 l\u00e1baimmal.<br>T\u00fcd\u0151m zil\u00e1lt, n\u00e9ha s\u00edpolt,<br>Olyan volt ez, mint egy sikoly.<\/p>\n\n\n\n<p class=\"wp-block-paragraph\">Az \u00e9vek, ahogyan m\u00falnak,<br>Minden lassul, \u00e9s megf\u00e1rad.<br>A m\u00faltba, ha visszan\u00e9zek,<br>Onnan \u00e9rkezik \u00fczenet.<\/p>\n\n\n\n<p class=\"wp-block-paragraph\">Figyelmeztet, \u00f3va intve,<br>Rem\u00e9nyeket f\u00e9lre t\u00e9ve.<br>A j\u00f6v\u0151 m\u00e1r ut\u00f3pia,<br>\u00c1lom csup\u00e1n az \u00e1rny\u00e9ka.<\/p>\n\n\n\n<p class=\"wp-block-paragraph\">Agyam l\u00fcktet, szemem t\u00e1n s\u00edr,<br>Piros, mint a hajnali p\u00edr.<br>Lelkem zokog el\u00e1rvulva,<br>Csod\u00e1t nem v\u00e1r, t\u00f6bb\u00e9 soha.<\/p>\n\n\n\n<p class=\"wp-block-paragraph\">Egyir\u00e1ny\u00fa lett az utam,<br>H\u00e1tra hi\u00e1ba fordultam.<br>Visszafordulni nem lehet.<br>B\u00e1rmily sz\u00e9p is a kikelet.<\/p>\n\n\n\n<p class=\"wp-block-paragraph\">Mentem, mentem, mentem tov\u00e1bb,<br>N\u00e9ztem a napnak \u00e1rny\u00e9k\u00e1t,<br>Egyszerre csak le\u00e1ldozott,<br>Messze t\u00e1vol al\u00e1bukott.<\/p>\n\n\n\n<p class=\"wp-block-paragraph\">Lej\u00e1rt ideje, nincs tov\u00e1bb,<br>N\u00e1la mindig ez a szok\u00e1s.<br>De j\u00f3 volna \u0151t k\u00f6vetni,<br>\u00c9s reggel \u00fajra kezdeni.<\/p>\n\n\n\n<p class=\"wp-block-paragraph\">N\u00e1lam m\u00e1s itt a regula,<br>(Ha) elmegyek, vissza nincs soha.<br>Ez\u00e9rt j\u00e1rok gondolkodva,<br>Hal\u00e1lf\u00e9lelmet kiz\u00e1rva.<\/p>\n\n\n\n<p class=\"wp-block-paragraph\">A hal\u00e1lt\u00f3l \u00e9n nem f\u00e9lek,<br>Mert az csak pillanat lehet.<br>Az \u00fatt\u00f3l mi hozz\u00e1 vezet.<br>Sz\u00e1momra ez f\u00e9lelmet kelt.<\/p>\n\n\n\n<p class=\"wp-block-paragraph\">Mak\u00f3, 2019-10-22<\/p>\n","protected":false},"excerpt":{"rendered":"<p>AZ EML\u00c9KEK H\u00cdDJ\u00c1N Az eml\u00e9kek h\u00eddj\u00e1n j\u00e1rtam,N\u00e9m\u00e1n, csendben bandukoltam.N\u00e9ha-n\u00e9ha meg-meg\u00e1lltam,S tov\u00e1bb mentem megf\u00e1radtan. T\u0171n\u0151dtem a naps\u00fct\u00e9sben,Simogat\u00f3 meleg\u00e9ben.Az \u0151szi t\u00e1j k\u00e1pr\u00e1zata,Elb\u0171v\u00f6lt a mag\u00e1nyomba\u2019. A s\u00e1rgul\u00f3 falevelek,Kavalk\u00e1dja nekem intett.L\u00e1gyszell\u0151nek fuvallata,Mereng\u00e9sem feloldotta. N\u00e9ztem \u00e1mulattal messze,Fel a magass\u00e1gos \u00e9gre.Tan\u00faja az, sok titoknak,Jelennek \u00e9s f\u00e1j\u00f3 m\u00faltnak. M\u00faltid\u00e9z\u00e9s a jelenben,Megjelent a k\u00e9pzeletben.K\u00f6r\u00fclvette alakomat,Amely kiss\u00e9 m\u00e1r megrokkant. Az utamon senki nem j\u00e1rt,Annak &#8230; <a title=\"AZ EML\u00c9KEK H\u00cdDJ\u00c1N\" class=\"read-more\" href=\"https:\/\/bozsogiattila.hu\/?p=1255\" aria-label=\"Tov\u00e1bbiak AZ EML\u00c9KEK H\u00cdDJ\u00c1N\">Olvass tov\u00e1bb<\/a><\/p>\n","protected":false},"author":3,"featured_media":0,"comment_status":"closed","ping_status":"open","sticky":false,"template":"","format":"standard","meta":{"footnotes":""},"categories":[1],"tags":[327,12],"class_list":["post-1255","post","type-post","status-publish","format-standard","hentry","category-uncategorized","tag-327","tag-mako"],"yoast_head":"<!-- This site is optimized with the Yoast SEO plugin v21.8 - https:\/\/yoast.com\/wordpress\/plugins\/seo\/ -->\n<title>AZ EML\u00c9KEK H\u00cdDJ\u00c1N - Bozsogi Attila<\/title>\n<meta name=\"robots\" content=\"index, follow, max-snippet:-1, max-image-preview:large, max-video-preview:-1\" \/>\n<link rel=\"canonical\" href=\"https:\/\/bozsogiattila.hu\/?p=1255\" \/>\n<meta property=\"og:locale\" content=\"hu_HU\" \/>\n<meta property=\"og:type\" content=\"article\" \/>\n<meta property=\"og:title\" content=\"AZ EML\u00c9KEK H\u00cdDJ\u00c1N - Bozsogi Attila\" \/>\n<meta property=\"og:description\" content=\"AZ EML\u00c9KEK H\u00cdDJ\u00c1N Az eml\u00e9kek h\u00eddj\u00e1n j\u00e1rtam,N\u00e9m\u00e1n, csendben bandukoltam.N\u00e9ha-n\u00e9ha meg-meg\u00e1lltam,S tov\u00e1bb mentem megf\u00e1radtan. T\u0171n\u0151dtem a naps\u00fct\u00e9sben,Simogat\u00f3 meleg\u00e9ben.Az \u0151szi t\u00e1j k\u00e1pr\u00e1zata,Elb\u0171v\u00f6lt a mag\u00e1nyomba\u2019. A s\u00e1rgul\u00f3 falevelek,Kavalk\u00e1dja nekem intett.L\u00e1gyszell\u0151nek fuvallata,Mereng\u00e9sem feloldotta. N\u00e9ztem \u00e1mulattal messze,Fel a magass\u00e1gos \u00e9gre.Tan\u00faja az, sok titoknak,Jelennek \u00e9s f\u00e1j\u00f3 m\u00faltnak. M\u00faltid\u00e9z\u00e9s a jelenben,Megjelent a k\u00e9pzeletben.K\u00f6r\u00fclvette alakomat,Amely kiss\u00e9 m\u00e1r megrokkant. Az utamon senki nem j\u00e1rt,Annak ... Olvass tov\u00e1bb\" \/>\n<meta property=\"og:url\" content=\"https:\/\/bozsogiattila.hu\/?p=1255\" \/>\n<meta property=\"og:site_name\" content=\"Bozsogi Attila\" \/>\n<meta property=\"article:published_time\" content=\"2019-10-22T20:23:00+00:00\" \/>\n<meta property=\"article:modified_time\" content=\"2024-01-09T20:38:32+00:00\" \/>\n<meta name=\"author\" content=\"Bozsogi Attila\" \/>\n<meta name=\"twitter:card\" content=\"summary_large_image\" \/>\n<meta name=\"twitter:label1\" content=\"Szerz\u0151:\" \/>\n\t<meta name=\"twitter:data1\" content=\"Bozsogi Attila\" \/>\n\t<meta name=\"twitter:label2\" content=\"Becs\u00fclt olvas\u00e1si id\u0151\" \/>\n\t<meta name=\"twitter:data2\" content=\"2 perc\" \/>\n<script type=\"application\/ld+json\" class=\"yoast-schema-graph\">{\"@context\":\"https:\/\/schema.org\",\"@graph\":[{\"@type\":\"WebPage\",\"@id\":\"https:\/\/bozsogiattila.hu\/?p=1255\",\"url\":\"https:\/\/bozsogiattila.hu\/?p=1255\",\"name\":\"AZ EML\u00c9KEK H\u00cdDJ\u00c1N - Bozsogi Attila\",\"isPartOf\":{\"@id\":\"https:\/\/bozsogiattila.hu\/#website\"},\"datePublished\":\"2019-10-22T20:23:00+00:00\",\"dateModified\":\"2024-01-09T20:38:32+00:00\",\"author\":{\"@id\":\"https:\/\/bozsogiattila.hu\/#\/schema\/person\/488c99f554a8c4039201260dd5eb795e\"},\"breadcrumb\":{\"@id\":\"https:\/\/bozsogiattila.hu\/?p=1255#breadcrumb\"},\"inLanguage\":\"hu\",\"potentialAction\":[{\"@type\":\"ReadAction\",\"target\":[\"https:\/\/bozsogiattila.hu\/?p=1255\"]}]},{\"@type\":\"BreadcrumbList\",\"@id\":\"https:\/\/bozsogiattila.hu\/?p=1255#breadcrumb\",\"itemListElement\":[{\"@type\":\"ListItem\",\"position\":1,\"name\":\"Kezd\u0151lap\",\"item\":\"https:\/\/bozsogiattila.hu\/\"},{\"@type\":\"ListItem\",\"position\":2,\"name\":\"AZ EML\u00c9KEK H\u00cdDJ\u00c1N\"}]},{\"@type\":\"WebSite\",\"@id\":\"https:\/\/bozsogiattila.hu\/#website\",\"url\":\"https:\/\/bozsogiattila.hu\/\",\"name\":\"Bozsogi Attila\",\"description\":\"a zen\u00e9sz, \u00edr\u00f3 munk\u00e1ss\u00e1g\u00e1nak \u00e9s a mak\u00f3i muzsikusok eml\u00e9k\u00e9t \u0151rz\u0151 oldal\",\"potentialAction\":[{\"@type\":\"SearchAction\",\"target\":{\"@type\":\"EntryPoint\",\"urlTemplate\":\"https:\/\/bozsogiattila.hu\/?s={search_term_string}\"},\"query-input\":\"required name=search_term_string\"}],\"inLanguage\":\"hu\"},{\"@type\":\"Person\",\"@id\":\"https:\/\/bozsogiattila.hu\/#\/schema\/person\/488c99f554a8c4039201260dd5eb795e\",\"name\":\"Bozsogi Attila\",\"image\":{\"@type\":\"ImageObject\",\"inLanguage\":\"hu\",\"@id\":\"https:\/\/bozsogiattila.hu\/#\/schema\/person\/image\/\",\"url\":\"https:\/\/secure.gravatar.com\/avatar\/7da6b5985e34ed798d1670c54ce7d20e6a53b800bb0c07945c64b09392f3dbfd?s=96&d=mm&r=g\",\"contentUrl\":\"https:\/\/secure.gravatar.com\/avatar\/7da6b5985e34ed798d1670c54ce7d20e6a53b800bb0c07945c64b09392f3dbfd?s=96&d=mm&r=g\",\"caption\":\"Bozsogi Attila\"},\"sameAs\":[\"http:\/\/www.boszogiattila.hu\"],\"url\":\"https:\/\/bozsogiattila.hu\/?author=3\"}]}<\/script>\n<!-- \/ Yoast SEO plugin. -->","yoast_head_json":{"title":"AZ EML\u00c9KEK H\u00cdDJ\u00c1N - Bozsogi Attila","robots":{"index":"index","follow":"follow","max-snippet":"max-snippet:-1","max-image-preview":"max-image-preview:large","max-video-preview":"max-video-preview:-1"},"canonical":"https:\/\/bozsogiattila.hu\/?p=1255","og_locale":"hu_HU","og_type":"article","og_title":"AZ EML\u00c9KEK H\u00cdDJ\u00c1N - Bozsogi Attila","og_description":"AZ EML\u00c9KEK H\u00cdDJ\u00c1N Az eml\u00e9kek h\u00eddj\u00e1n j\u00e1rtam,N\u00e9m\u00e1n, csendben bandukoltam.N\u00e9ha-n\u00e9ha meg-meg\u00e1lltam,S tov\u00e1bb mentem megf\u00e1radtan. T\u0171n\u0151dtem a naps\u00fct\u00e9sben,Simogat\u00f3 meleg\u00e9ben.Az \u0151szi t\u00e1j k\u00e1pr\u00e1zata,Elb\u0171v\u00f6lt a mag\u00e1nyomba\u2019. A s\u00e1rgul\u00f3 falevelek,Kavalk\u00e1dja nekem intett.L\u00e1gyszell\u0151nek fuvallata,Mereng\u00e9sem feloldotta. N\u00e9ztem \u00e1mulattal messze,Fel a magass\u00e1gos \u00e9gre.Tan\u00faja az, sok titoknak,Jelennek \u00e9s f\u00e1j\u00f3 m\u00faltnak. M\u00faltid\u00e9z\u00e9s a jelenben,Megjelent a k\u00e9pzeletben.K\u00f6r\u00fclvette alakomat,Amely kiss\u00e9 m\u00e1r megrokkant. Az utamon senki nem j\u00e1rt,Annak ... Olvass tov\u00e1bb","og_url":"https:\/\/bozsogiattila.hu\/?p=1255","og_site_name":"Bozsogi Attila","article_published_time":"2019-10-22T20:23:00+00:00","article_modified_time":"2024-01-09T20:38:32+00:00","author":"Bozsogi Attila","twitter_card":"summary_large_image","twitter_misc":{"Szerz\u0151:":"Bozsogi Attila","Becs\u00fclt olvas\u00e1si id\u0151":"2 perc"},"schema":{"@context":"https:\/\/schema.org","@graph":[{"@type":"WebPage","@id":"https:\/\/bozsogiattila.hu\/?p=1255","url":"https:\/\/bozsogiattila.hu\/?p=1255","name":"AZ EML\u00c9KEK H\u00cdDJ\u00c1N - Bozsogi Attila","isPartOf":{"@id":"https:\/\/bozsogiattila.hu\/#website"},"datePublished":"2019-10-22T20:23:00+00:00","dateModified":"2024-01-09T20:38:32+00:00","author":{"@id":"https:\/\/bozsogiattila.hu\/#\/schema\/person\/488c99f554a8c4039201260dd5eb795e"},"breadcrumb":{"@id":"https:\/\/bozsogiattila.hu\/?p=1255#breadcrumb"},"inLanguage":"hu","potentialAction":[{"@type":"ReadAction","target":["https:\/\/bozsogiattila.hu\/?p=1255"]}]},{"@type":"BreadcrumbList","@id":"https:\/\/bozsogiattila.hu\/?p=1255#breadcrumb","itemListElement":[{"@type":"ListItem","position":1,"name":"Kezd\u0151lap","item":"https:\/\/bozsogiattila.hu\/"},{"@type":"ListItem","position":2,"name":"AZ EML\u00c9KEK H\u00cdDJ\u00c1N"}]},{"@type":"WebSite","@id":"https:\/\/bozsogiattila.hu\/#website","url":"https:\/\/bozsogiattila.hu\/","name":"Bozsogi Attila","description":"a zen\u00e9sz, \u00edr\u00f3 munk\u00e1ss\u00e1g\u00e1nak \u00e9s a mak\u00f3i muzsikusok eml\u00e9k\u00e9t \u0151rz\u0151 oldal","potentialAction":[{"@type":"SearchAction","target":{"@type":"EntryPoint","urlTemplate":"https:\/\/bozsogiattila.hu\/?s={search_term_string}"},"query-input":"required name=search_term_string"}],"inLanguage":"hu"},{"@type":"Person","@id":"https:\/\/bozsogiattila.hu\/#\/schema\/person\/488c99f554a8c4039201260dd5eb795e","name":"Bozsogi Attila","image":{"@type":"ImageObject","inLanguage":"hu","@id":"https:\/\/bozsogiattila.hu\/#\/schema\/person\/image\/","url":"https:\/\/secure.gravatar.com\/avatar\/7da6b5985e34ed798d1670c54ce7d20e6a53b800bb0c07945c64b09392f3dbfd?s=96&d=mm&r=g","contentUrl":"https:\/\/secure.gravatar.com\/avatar\/7da6b5985e34ed798d1670c54ce7d20e6a53b800bb0c07945c64b09392f3dbfd?s=96&d=mm&r=g","caption":"Bozsogi Attila"},"sameAs":["http:\/\/www.boszogiattila.hu"],"url":"https:\/\/bozsogiattila.hu\/?author=3"}]}},"jetpack_featured_media_url":"","_links":{"self":[{"href":"https:\/\/bozsogiattila.hu\/index.php?rest_route=\/wp\/v2\/posts\/1255","targetHints":{"allow":["GET"]}}],"collection":[{"href":"https:\/\/bozsogiattila.hu\/index.php?rest_route=\/wp\/v2\/posts"}],"about":[{"href":"https:\/\/bozsogiattila.hu\/index.php?rest_route=\/wp\/v2\/types\/post"}],"author":[{"embeddable":true,"href":"https:\/\/bozsogiattila.hu\/index.php?rest_route=\/wp\/v2\/users\/3"}],"replies":[{"embeddable":true,"href":"https:\/\/bozsogiattila.hu\/index.php?rest_route=%2Fwp%2Fv2%2Fcomments&post=1255"}],"version-history":[{"count":1,"href":"https:\/\/bozsogiattila.hu\/index.php?rest_route=\/wp\/v2\/posts\/1255\/revisions"}],"predecessor-version":[{"id":1256,"href":"https:\/\/bozsogiattila.hu\/index.php?rest_route=\/wp\/v2\/posts\/1255\/revisions\/1256"}],"wp:attachment":[{"href":"https:\/\/bozsogiattila.hu\/index.php?rest_route=%2Fwp%2Fv2%2Fmedia&parent=1255"}],"wp:term":[{"taxonomy":"category","embeddable":true,"href":"https:\/\/bozsogiattila.hu\/index.php?rest_route=%2Fwp%2Fv2%2Fcategories&post=1255"},{"taxonomy":"post_tag","embeddable":true,"href":"https:\/\/bozsogiattila.hu\/index.php?rest_route=%2Fwp%2Fv2%2Ftags&post=1255"}],"curies":[{"name":"wp","href":"https:\/\/api.w.org\/{rel}","templated":true}]}}