{"id":1259,"date":"2015-09-25T20:25:00","date_gmt":"2015-09-25T20:25:00","guid":{"rendered":"https:\/\/bozsogiattila.hu\/?p=1259"},"modified":"2024-01-09T20:26:26","modified_gmt":"2024-01-09T20:26:26","slug":"az-evfordulo-emleke","status":"publish","type":"post","link":"https:\/\/bozsogiattila.hu\/?p=1259","title":{"rendered":"AZ \u00c9VFORDUL\u00d3 EML\u00c9KE"},"content":{"rendered":"\n<p class=\"wp-block-paragraph\">AZ \u00c9VFORDUL\u00d3 EML\u00c9KE<\/p>\n\n\n\n<p class=\"wp-block-paragraph\">Elj\u00f6tt sz\u00fclet\u00e9sed napja,<br>S r\u00e1d k\u00f6sz\u00f6nt\u00f6tt, ez az \u00f3ra.<br>Nem tudom, hogy mit is mondjak,<br>Eml\u00e9ket, hogyan \u00e1ll\u00edtsak?<\/p>\n\n\n\n<p class=\"wp-block-paragraph\">Sz\u00e9p szavakkal \u00f3d\u00e1t \u00edrjak,<br>S fennk\u00f6lten \u00fagy m\u00e9ltassalak?<br>Kedves verssel k\u00f6sz\u00f6ntselek,<br>Szebb\u00e9 t\u00e9ve az \u00fcnnepet?<\/p>\n\n\n\n<p class=\"wp-block-paragraph\">K\u00e9rd\u00e9seim z\u00e1poroznak,<br>Helyt adva a val\u00f3s\u00e1gnak.<br>Gondolataim cik\u00e1znak,<br>S hozz\u00e1d csendesen eljutnak.<\/p>\n\n\n\n<p class=\"wp-block-paragraph\">\u00c1tny\u00fajtom csokorba szedve,<br>Eml\u00e9kversben f\u0171szerezve.<br>\u00c1t\u00f6lelnek a r\u00edmeim,<br>S \u00f6sszecsengnek a szavaim.<\/p>\n\n\n\n<p class=\"wp-block-paragraph\">Minden sorba bele\u00edrva,<br>Vagy tal\u00e1n csak egy mondatba,<br>Ott van elrejtve, megb\u00fajva,<br>E nagy napnak aj\u00e1nd\u00e9ka.<\/p>\n\n\n\n<p class=\"wp-block-paragraph\">\u00dcnnepel az eg\u00e9sz csal\u00e1d,<br>S mondanak neked hozsann\u00e1t.<br>Elhalmoznak szeretettel,<br>R\u00e1d nevetnek emelt f\u0151vel.<\/p>\n\n\n\n<p class=\"wp-block-paragraph\">Mosoly ragyog a szem\u00fckben,<br>Vir\u00e1gcsokor a kez\u00fckben.<br>Elmondja most ott mindenki,<br>A szeretet\u00e9t ki\u00f6nti.<\/p>\n\n\n\n<p class=\"wp-block-paragraph\">Meghat\u00f3dsz a boldogs\u00e1gt\u00f3l,<br>A sz\u00e9p sz\u00f3k sokas\u00e1g\u00e1t\u00f3l.<br>R\u00e1\u00e9bredsz a val\u00f3s\u00e1gra,<br>R\u00f3lad sz\u00f3l e boldog \u00f3ra.<\/p>\n\n\n\n<p class=\"wp-block-paragraph\">K\u00f6r\u00fclvesznek, bec\u00e9zgetnek,<br>Nevetg\u00e9lnek, szeretgetnek,<br>Asztali \u00e1ld\u00e1st mondanak,<br>\u00d6sszecsengnek a poharak.<\/p>\n\n\n\n<p class=\"wp-block-paragraph\">Cseng\u00e9s\u00fcknek a zen\u00e9je,<br>Elk\u00eds\u00e9r a messzes\u00e9gbe,<br>Hangja megmarad f\u00fcledben,<br>\u00c9vfordul\u00f3d eml\u00e9k\u00e9ben.<\/p>\n\n\n\n<p class=\"wp-block-paragraph\">\u00dagy \u00e9rzed, hogy most j\u00f3 volna,<br>Hogyha meg\u00e1llna az \u00f3ra,<br>A mutat\u00f3 nem haladna,<br>S az id\u0151 is \u00e1csorogna.<\/p>\n\n\n\n<p class=\"wp-block-paragraph\">A boldogs\u00e1g tart\u00f3s lenne,<br>Az \u00e9rzelmek tenger\u00e9be\u2019.<br>Az \u00f6r\u00f6m\u00f6k sz\u00e1rnyaln\u00e1nak,<br>S mindig csak ter\u00e1d v\u00e1rn\u00e1nak.<\/p>\n\n\n\n<p class=\"wp-block-paragraph\">A nappalok, \u00e9jbe ny\u00falnak,<br>S az \u00e9jszak\u00e1k var\u00e1zsolnak.<br>\u00c1lmot hintenek szemedre,<br>Kecsegtet\u00e9st, rebesgetve.<\/p>\n\n\n\n<p class=\"wp-block-paragraph\">M\u00e1snap visszan\u00e9zel r\u00e1juk,<br>Felfeded mi volt \u00f3hajuk.<br>A rosszat, azt sutba veted,<br>\u00c1m a j\u00f3t, azt megsz\u00edvleled.<\/p>\n\n\n\n<p class=\"wp-block-paragraph\">Az \u00e9leted \u00e1br\u00e1ndoz\u00e1s,<br>V\u00e1rod a b\u00edztat\u00f3 \u00f3r\u00e1t.<br>Azt, ami most el\u00e9rkezett,<br>Melyet soha nem feleded.<\/p>\n\n\n\n<p class=\"wp-block-paragraph\">Mit k\u00edv\u00e1njak, most e napon,<br>Mi j\u00f3 lenne, neked nagyon.<br>Ragyogjon az \u00e9g feletted,<br>S minden napod legyen \u00fcnnep!<\/p>\n\n\n\n<p class=\"wp-block-paragraph\">Mak\u00f3, 2015-09-25<\/p>\n","protected":false},"excerpt":{"rendered":"<p>AZ \u00c9VFORDUL\u00d3 EML\u00c9KE Elj\u00f6tt sz\u00fclet\u00e9sed napja,S r\u00e1d k\u00f6sz\u00f6nt\u00f6tt, ez az \u00f3ra.Nem tudom, hogy mit is mondjak,Eml\u00e9ket, hogyan \u00e1ll\u00edtsak? Sz\u00e9p szavakkal \u00f3d\u00e1t \u00edrjak,S fennk\u00f6lten \u00fagy m\u00e9ltassalak?Kedves verssel k\u00f6sz\u00f6ntselek,Szebb\u00e9 t\u00e9ve az \u00fcnnepet? K\u00e9rd\u00e9seim z\u00e1poroznak,Helyt adva a val\u00f3s\u00e1gnak.Gondolataim cik\u00e1znak,S hozz\u00e1d csendesen eljutnak. \u00c1tny\u00fajtom csokorba szedve,Eml\u00e9kversben f\u0171szerezve.\u00c1t\u00f6lelnek a r\u00edmeim,S \u00f6sszecsengnek a szavaim. Minden sorba bele\u00edrva,Vagy tal\u00e1n csak egy mondatba,Ott &#8230; <a title=\"AZ \u00c9VFORDUL\u00d3 EML\u00c9KE\" class=\"read-more\" href=\"https:\/\/bozsogiattila.hu\/?p=1259\" aria-label=\"Tov\u00e1bbiak AZ \u00c9VFORDUL\u00d3 EML\u00c9KE\">Olvass tov\u00e1bb<\/a><\/p>\n","protected":false},"author":3,"featured_media":0,"comment_status":"closed","ping_status":"open","sticky":false,"template":"","format":"standard","meta":{"footnotes":""},"categories":[4],"tags":[328,12],"class_list":["post-1259","post","type-post","status-publish","format-standard","hentry","category-versek","tag-328","tag-mako"],"yoast_head":"<!-- This site is optimized with the Yoast SEO plugin v21.8 - https:\/\/yoast.com\/wordpress\/plugins\/seo\/ -->\n<title>AZ \u00c9VFORDUL\u00d3 EML\u00c9KE - Bozsogi Attila<\/title>\n<meta name=\"robots\" content=\"index, follow, max-snippet:-1, max-image-preview:large, max-video-preview:-1\" \/>\n<link rel=\"canonical\" href=\"https:\/\/bozsogiattila.hu\/?p=1259\" \/>\n<meta property=\"og:locale\" content=\"hu_HU\" \/>\n<meta property=\"og:type\" content=\"article\" \/>\n<meta property=\"og:title\" content=\"AZ \u00c9VFORDUL\u00d3 EML\u00c9KE - Bozsogi Attila\" \/>\n<meta property=\"og:description\" content=\"AZ \u00c9VFORDUL\u00d3 EML\u00c9KE Elj\u00f6tt sz\u00fclet\u00e9sed napja,S r\u00e1d k\u00f6sz\u00f6nt\u00f6tt, ez az \u00f3ra.Nem tudom, hogy mit is mondjak,Eml\u00e9ket, hogyan \u00e1ll\u00edtsak? Sz\u00e9p szavakkal \u00f3d\u00e1t \u00edrjak,S fennk\u00f6lten \u00fagy m\u00e9ltassalak?Kedves verssel k\u00f6sz\u00f6ntselek,Szebb\u00e9 t\u00e9ve az \u00fcnnepet? K\u00e9rd\u00e9seim z\u00e1poroznak,Helyt adva a val\u00f3s\u00e1gnak.Gondolataim cik\u00e1znak,S hozz\u00e1d csendesen eljutnak. \u00c1tny\u00fajtom csokorba szedve,Eml\u00e9kversben f\u0171szerezve.\u00c1t\u00f6lelnek a r\u00edmeim,S \u00f6sszecsengnek a szavaim. Minden sorba bele\u00edrva,Vagy tal\u00e1n csak egy mondatba,Ott ... Olvass tov\u00e1bb\" \/>\n<meta property=\"og:url\" content=\"https:\/\/bozsogiattila.hu\/?p=1259\" \/>\n<meta property=\"og:site_name\" content=\"Bozsogi Attila\" \/>\n<meta property=\"article:published_time\" content=\"2015-09-25T20:25:00+00:00\" \/>\n<meta property=\"article:modified_time\" content=\"2024-01-09T20:26:26+00:00\" \/>\n<meta name=\"author\" content=\"Bozsogi Attila\" \/>\n<meta name=\"twitter:card\" content=\"summary_large_image\" \/>\n<meta name=\"twitter:label1\" content=\"Szerz\u0151:\" \/>\n\t<meta name=\"twitter:data1\" content=\"Bozsogi Attila\" \/>\n\t<meta name=\"twitter:label2\" content=\"Becs\u00fclt olvas\u00e1si id\u0151\" \/>\n\t<meta name=\"twitter:data2\" content=\"2 perc\" \/>\n<script type=\"application\/ld+json\" class=\"yoast-schema-graph\">{\"@context\":\"https:\/\/schema.org\",\"@graph\":[{\"@type\":\"WebPage\",\"@id\":\"https:\/\/bozsogiattila.hu\/?p=1259\",\"url\":\"https:\/\/bozsogiattila.hu\/?p=1259\",\"name\":\"AZ \u00c9VFORDUL\u00d3 EML\u00c9KE - Bozsogi Attila\",\"isPartOf\":{\"@id\":\"https:\/\/bozsogiattila.hu\/#website\"},\"datePublished\":\"2015-09-25T20:25:00+00:00\",\"dateModified\":\"2024-01-09T20:26:26+00:00\",\"author\":{\"@id\":\"https:\/\/bozsogiattila.hu\/#\/schema\/person\/488c99f554a8c4039201260dd5eb795e\"},\"breadcrumb\":{\"@id\":\"https:\/\/bozsogiattila.hu\/?p=1259#breadcrumb\"},\"inLanguage\":\"hu\",\"potentialAction\":[{\"@type\":\"ReadAction\",\"target\":[\"https:\/\/bozsogiattila.hu\/?p=1259\"]}]},{\"@type\":\"BreadcrumbList\",\"@id\":\"https:\/\/bozsogiattila.hu\/?p=1259#breadcrumb\",\"itemListElement\":[{\"@type\":\"ListItem\",\"position\":1,\"name\":\"Kezd\u0151lap\",\"item\":\"https:\/\/bozsogiattila.hu\/\"},{\"@type\":\"ListItem\",\"position\":2,\"name\":\"AZ \u00c9VFORDUL\u00d3 EML\u00c9KE\"}]},{\"@type\":\"WebSite\",\"@id\":\"https:\/\/bozsogiattila.hu\/#website\",\"url\":\"https:\/\/bozsogiattila.hu\/\",\"name\":\"Bozsogi Attila\",\"description\":\"a zen\u00e9sz, \u00edr\u00f3 munk\u00e1ss\u00e1g\u00e1nak \u00e9s a mak\u00f3i muzsikusok eml\u00e9k\u00e9t \u0151rz\u0151 oldal\",\"potentialAction\":[{\"@type\":\"SearchAction\",\"target\":{\"@type\":\"EntryPoint\",\"urlTemplate\":\"https:\/\/bozsogiattila.hu\/?s={search_term_string}\"},\"query-input\":\"required name=search_term_string\"}],\"inLanguage\":\"hu\"},{\"@type\":\"Person\",\"@id\":\"https:\/\/bozsogiattila.hu\/#\/schema\/person\/488c99f554a8c4039201260dd5eb795e\",\"name\":\"Bozsogi Attila\",\"image\":{\"@type\":\"ImageObject\",\"inLanguage\":\"hu\",\"@id\":\"https:\/\/bozsogiattila.hu\/#\/schema\/person\/image\/\",\"url\":\"https:\/\/secure.gravatar.com\/avatar\/7da6b5985e34ed798d1670c54ce7d20e6a53b800bb0c07945c64b09392f3dbfd?s=96&d=mm&r=g\",\"contentUrl\":\"https:\/\/secure.gravatar.com\/avatar\/7da6b5985e34ed798d1670c54ce7d20e6a53b800bb0c07945c64b09392f3dbfd?s=96&d=mm&r=g\",\"caption\":\"Bozsogi Attila\"},\"sameAs\":[\"http:\/\/www.boszogiattila.hu\"],\"url\":\"https:\/\/bozsogiattila.hu\/?author=3\"}]}<\/script>\n<!-- \/ Yoast SEO plugin. -->","yoast_head_json":{"title":"AZ \u00c9VFORDUL\u00d3 EML\u00c9KE - Bozsogi Attila","robots":{"index":"index","follow":"follow","max-snippet":"max-snippet:-1","max-image-preview":"max-image-preview:large","max-video-preview":"max-video-preview:-1"},"canonical":"https:\/\/bozsogiattila.hu\/?p=1259","og_locale":"hu_HU","og_type":"article","og_title":"AZ \u00c9VFORDUL\u00d3 EML\u00c9KE - Bozsogi Attila","og_description":"AZ \u00c9VFORDUL\u00d3 EML\u00c9KE Elj\u00f6tt sz\u00fclet\u00e9sed napja,S r\u00e1d k\u00f6sz\u00f6nt\u00f6tt, ez az \u00f3ra.Nem tudom, hogy mit is mondjak,Eml\u00e9ket, hogyan \u00e1ll\u00edtsak? Sz\u00e9p szavakkal \u00f3d\u00e1t \u00edrjak,S fennk\u00f6lten \u00fagy m\u00e9ltassalak?Kedves verssel k\u00f6sz\u00f6ntselek,Szebb\u00e9 t\u00e9ve az \u00fcnnepet? K\u00e9rd\u00e9seim z\u00e1poroznak,Helyt adva a val\u00f3s\u00e1gnak.Gondolataim cik\u00e1znak,S hozz\u00e1d csendesen eljutnak. \u00c1tny\u00fajtom csokorba szedve,Eml\u00e9kversben f\u0171szerezve.\u00c1t\u00f6lelnek a r\u00edmeim,S \u00f6sszecsengnek a szavaim. Minden sorba bele\u00edrva,Vagy tal\u00e1n csak egy mondatba,Ott ... Olvass tov\u00e1bb","og_url":"https:\/\/bozsogiattila.hu\/?p=1259","og_site_name":"Bozsogi Attila","article_published_time":"2015-09-25T20:25:00+00:00","article_modified_time":"2024-01-09T20:26:26+00:00","author":"Bozsogi Attila","twitter_card":"summary_large_image","twitter_misc":{"Szerz\u0151:":"Bozsogi Attila","Becs\u00fclt olvas\u00e1si id\u0151":"2 perc"},"schema":{"@context":"https:\/\/schema.org","@graph":[{"@type":"WebPage","@id":"https:\/\/bozsogiattila.hu\/?p=1259","url":"https:\/\/bozsogiattila.hu\/?p=1259","name":"AZ \u00c9VFORDUL\u00d3 EML\u00c9KE - Bozsogi Attila","isPartOf":{"@id":"https:\/\/bozsogiattila.hu\/#website"},"datePublished":"2015-09-25T20:25:00+00:00","dateModified":"2024-01-09T20:26:26+00:00","author":{"@id":"https:\/\/bozsogiattila.hu\/#\/schema\/person\/488c99f554a8c4039201260dd5eb795e"},"breadcrumb":{"@id":"https:\/\/bozsogiattila.hu\/?p=1259#breadcrumb"},"inLanguage":"hu","potentialAction":[{"@type":"ReadAction","target":["https:\/\/bozsogiattila.hu\/?p=1259"]}]},{"@type":"BreadcrumbList","@id":"https:\/\/bozsogiattila.hu\/?p=1259#breadcrumb","itemListElement":[{"@type":"ListItem","position":1,"name":"Kezd\u0151lap","item":"https:\/\/bozsogiattila.hu\/"},{"@type":"ListItem","position":2,"name":"AZ \u00c9VFORDUL\u00d3 EML\u00c9KE"}]},{"@type":"WebSite","@id":"https:\/\/bozsogiattila.hu\/#website","url":"https:\/\/bozsogiattila.hu\/","name":"Bozsogi Attila","description":"a zen\u00e9sz, \u00edr\u00f3 munk\u00e1ss\u00e1g\u00e1nak \u00e9s a mak\u00f3i muzsikusok eml\u00e9k\u00e9t \u0151rz\u0151 oldal","potentialAction":[{"@type":"SearchAction","target":{"@type":"EntryPoint","urlTemplate":"https:\/\/bozsogiattila.hu\/?s={search_term_string}"},"query-input":"required name=search_term_string"}],"inLanguage":"hu"},{"@type":"Person","@id":"https:\/\/bozsogiattila.hu\/#\/schema\/person\/488c99f554a8c4039201260dd5eb795e","name":"Bozsogi Attila","image":{"@type":"ImageObject","inLanguage":"hu","@id":"https:\/\/bozsogiattila.hu\/#\/schema\/person\/image\/","url":"https:\/\/secure.gravatar.com\/avatar\/7da6b5985e34ed798d1670c54ce7d20e6a53b800bb0c07945c64b09392f3dbfd?s=96&d=mm&r=g","contentUrl":"https:\/\/secure.gravatar.com\/avatar\/7da6b5985e34ed798d1670c54ce7d20e6a53b800bb0c07945c64b09392f3dbfd?s=96&d=mm&r=g","caption":"Bozsogi Attila"},"sameAs":["http:\/\/www.boszogiattila.hu"],"url":"https:\/\/bozsogiattila.hu\/?author=3"}]}},"jetpack_featured_media_url":"","_links":{"self":[{"href":"https:\/\/bozsogiattila.hu\/index.php?rest_route=\/wp\/v2\/posts\/1259","targetHints":{"allow":["GET"]}}],"collection":[{"href":"https:\/\/bozsogiattila.hu\/index.php?rest_route=\/wp\/v2\/posts"}],"about":[{"href":"https:\/\/bozsogiattila.hu\/index.php?rest_route=\/wp\/v2\/types\/post"}],"author":[{"embeddable":true,"href":"https:\/\/bozsogiattila.hu\/index.php?rest_route=\/wp\/v2\/users\/3"}],"replies":[{"embeddable":true,"href":"https:\/\/bozsogiattila.hu\/index.php?rest_route=%2Fwp%2Fv2%2Fcomments&post=1259"}],"version-history":[{"count":1,"href":"https:\/\/bozsogiattila.hu\/index.php?rest_route=\/wp\/v2\/posts\/1259\/revisions"}],"predecessor-version":[{"id":1260,"href":"https:\/\/bozsogiattila.hu\/index.php?rest_route=\/wp\/v2\/posts\/1259\/revisions\/1260"}],"wp:attachment":[{"href":"https:\/\/bozsogiattila.hu\/index.php?rest_route=%2Fwp%2Fv2%2Fmedia&parent=1259"}],"wp:term":[{"taxonomy":"category","embeddable":true,"href":"https:\/\/bozsogiattila.hu\/index.php?rest_route=%2Fwp%2Fv2%2Fcategories&post=1259"},{"taxonomy":"post_tag","embeddable":true,"href":"https:\/\/bozsogiattila.hu\/index.php?rest_route=%2Fwp%2Fv2%2Ftags&post=1259"}],"curies":[{"name":"wp","href":"https:\/\/api.w.org\/{rel}","templated":true}]}}