{"id":1267,"date":"2020-08-07T20:29:00","date_gmt":"2020-08-07T20:29:00","guid":{"rendered":"https:\/\/bozsogiattila.hu\/?p=1267"},"modified":"2024-01-09T20:31:42","modified_gmt":"2024-01-09T20:31:42","slug":"bucsuzas","status":"publish","type":"post","link":"https:\/\/bozsogiattila.hu\/?p=1267","title":{"rendered":"B\u00daCS\u00daZ\u00c1S!"},"content":{"rendered":"\n<p class=\"wp-block-paragraph\">B\u00daCS\u00daZ\u00c1S!<\/p>\n\n\n\n<p class=\"wp-block-paragraph\">Elment, mert ideje lej\u00e1rt,<br>Elragadta \u0150t a hal\u00e1l.<br>Itt hagyott mindent-, mi\u00e9rt \u00e9lt,<br>Feladta \u00f6r\u00f6kre (a) rem\u00e9nyt.<\/p>\n\n\n\n<p class=\"wp-block-paragraph\">Sz\u00edve nem dobog m\u00e1r tov\u00e1bb,<br>Lelke v\u00e1ndorol-, s visszaj\u00e1r.<br>A holnapja tegnapp\u00e1 v\u00e1lt,<br>T\u00f6bb\u00e9 soha senkit sem v\u00e1r.<\/p>\n\n\n\n<p class=\"wp-block-paragraph\">Pedig r\u00e9gen mindig leste,<br>Gyermekeit, h\u0151n figyelte.<br>Szinte r\u00f6pd\u00f6s\u00f6tt \u00fagy n\u00e9zte,<br>Mikor hozz\u00e1 meg\u00e9rkeztek.<\/p>\n\n\n\n<p class=\"wp-block-paragraph\">Kegyetlen volt hozz\u00e1 a sors,<br>Sokat szenvedett, s t\u0171rt, f\u00e1j\u00f3n.<br>A napjai r\u00f6vid\u00fcltek,<br>S egyszerre csak v\u00e9get \u00e9rtek.<\/p>\n\n\n\n<p class=\"wp-block-paragraph\">Ez az \u00e9letnek t\u00f6rv\u00e9nye,<br>Kegyetlen \u00e9s nincs kiv\u00e9tel.<br>K\u00f6r\u00fcl\u00e1llt\u00e1k az urn\u00e1j\u00e1t,<br>S szerettei b\u00facs\u00faztatt\u00e1k.<\/p>\n\n\n\n<p class=\"wp-block-paragraph\">Felett\u00fck ott vibr\u00e1lt a l\u00e9g,<br>Visszahozta, ami volt, r\u00e9g.<br>A nevet\u00e9s\u00e9t, kacaj\u00e1t,<br>Sz\u00e9p arc\u00e1nak a mosoly\u00e1t.<\/p>\n\n\n\n<p class=\"wp-block-paragraph\">El\u0151tt\u00fck az megjelenik,<br>Ami elm\u00falt-, s tov\u00e1bb m\u00e1r nincs.<br>A csend k\u00f6r\u00fclvette \u0151ket,<br>S nem sz\u00f3lt senki-, eml\u00e9keztek.<\/p>\n\n\n\n<p class=\"wp-block-paragraph\">Esz\u00fckbe jutott (a) gyermekkor,<br>Cs\u00ednytev\u00e9sek, \u00e9s j\u00e1t\u00e9kok.<br>Nem volt harag, sem dics\u00e9ret,<br>Csak eln\u00e9z\u00e9s, \u00e9s szeretet.<\/p>\n\n\n\n<p class=\"wp-block-paragraph\">Im\u00e1dva szerette \u0151ket,<br>F\u00e9ltve, remegve (a) kicsiket.<br>Az id\u0151 rohant, sz\u00e1guldott,<br>Unok\u00e1k j\u00f6ttek-, s boldog volt.<\/p>\n\n\n\n<p class=\"wp-block-paragraph\">Aj\u00e1nd\u00e9k lett cseng\u0151 hangjuk,<br>H\u00edzelg\u00e9s\u00fck, moh\u00f3s\u00e1guk.<br>Mint a csillagok felett\u00fcnk,<br>\u00dagy ragyogott arca, \u00e9rt\u00fck.<\/p>\n\n\n\n<p class=\"wp-block-paragraph\">Felh\u0151 vonult a Nap el\u00e9,<br>Mam\u00e1juknak is t\u0171nt a f\u00e9ny.<br>Tudta, s \u00e9rezte nagy a baj.<br>Mag\u00e1ba z\u00e1rta (a) zivatart.<\/p>\n\n\n\n<p class=\"wp-block-paragraph\">B\u00e1r nagyon beteg volt-, nem f\u00e9lt,<br>K\u00fczd\u00f6tt, s harcolt m\u00e9g-, minden\u00e9rt.<br>Nem adta fel szeretet\u00e9t,<br>V\u00e1rta csal\u00e1dj\u00e1t, \u00fagy, mint r\u00e9g.<\/p>\n\n\n\n<p class=\"wp-block-paragraph\">S\u00fct\u00f6tt, f\u0151z\u00f6tt-, \u00e9s szenvedett,<br>Fagyott mosollyal ter\u00edtett.<br>Ettek, csendben, lakm\u00e1roztak,<br>Nevettek-, de nem kacagtak.<\/p>\n\n\n\n<p class=\"wp-block-paragraph\">\u00c9rezt\u00e9k a s\u00falyt, (a) hatalmast,<br>A sors t\u00e1mad\u00e1s\u00e1t-, zavart.<br>Klinika szag\u00e1t, s illat\u00e1t,<br>Mindent, ami ott re\u00e1 v\u00e1rt.<\/p>\n\n\n\n<p class=\"wp-block-paragraph\">Mikor elindultak \u00edgy sz\u00f3lt,<br>V\u00e1rjatok-, feledtem (egy) dolgot.<br>Gyorsan kisminkelte mag\u00e1t,<br>S bicegve a kocsiba sz\u00e1llt.<\/p>\n\n\n\n<p class=\"wp-block-paragraph\">Utols\u00f3 \u00fatja (volt) szeg\u00e9nynek,<br>Visszakozni nem lehetett.<br>K\u00f6nnyet hullat, \u00e9rte (a) csal\u00e1d,<br>K\u00edv\u00e1nom, boldog (l\u00e9gy) oda\u00e1t!<\/p>\n\n\n\n<p class=\"wp-block-paragraph\">Mak\u00f3, 2020-08-07<\/p>\n","protected":false},"excerpt":{"rendered":"<p>B\u00daCS\u00daZ\u00c1S! Elment, mert ideje lej\u00e1rt,Elragadta \u0150t a hal\u00e1l.Itt hagyott mindent-, mi\u00e9rt \u00e9lt,Feladta \u00f6r\u00f6kre (a) rem\u00e9nyt. Sz\u00edve nem dobog m\u00e1r tov\u00e1bb,Lelke v\u00e1ndorol-, s visszaj\u00e1r.A holnapja tegnapp\u00e1 v\u00e1lt,T\u00f6bb\u00e9 soha senkit sem v\u00e1r. Pedig r\u00e9gen mindig leste,Gyermekeit, h\u0151n figyelte.Szinte r\u00f6pd\u00f6s\u00f6tt \u00fagy n\u00e9zte,Mikor hozz\u00e1 meg\u00e9rkeztek. Kegyetlen volt hozz\u00e1 a sors,Sokat szenvedett, s t\u0171rt, f\u00e1j\u00f3n.A napjai r\u00f6vid\u00fcltek,S egyszerre csak v\u00e9get &#8230; <a title=\"B\u00daCS\u00daZ\u00c1S!\" class=\"read-more\" href=\"https:\/\/bozsogiattila.hu\/?p=1267\" aria-label=\"Tov\u00e1bbiak B\u00daCS\u00daZ\u00c1S!\">Olvass tov\u00e1bb<\/a><\/p>\n","protected":false},"author":3,"featured_media":0,"comment_status":"open","ping_status":"open","sticky":false,"template":"","format":"standard","meta":{"footnotes":""},"categories":[4],"tags":[321,12],"class_list":["post-1267","post","type-post","status-publish","format-standard","hentry","category-versek","tag-321","tag-mako"],"yoast_head":"<!-- This site is optimized with the Yoast SEO plugin v21.8 - https:\/\/yoast.com\/wordpress\/plugins\/seo\/ -->\n<title>B\u00daCS\u00daZ\u00c1S! - Bozsogi Attila<\/title>\n<meta name=\"robots\" content=\"index, follow, max-snippet:-1, max-image-preview:large, max-video-preview:-1\" \/>\n<link rel=\"canonical\" href=\"https:\/\/bozsogiattila.hu\/?p=1267\" \/>\n<meta property=\"og:locale\" content=\"hu_HU\" \/>\n<meta property=\"og:type\" content=\"article\" \/>\n<meta property=\"og:title\" content=\"B\u00daCS\u00daZ\u00c1S! - Bozsogi Attila\" \/>\n<meta property=\"og:description\" content=\"B\u00daCS\u00daZ\u00c1S! Elment, mert ideje lej\u00e1rt,Elragadta \u0150t a hal\u00e1l.Itt hagyott mindent-, mi\u00e9rt \u00e9lt,Feladta \u00f6r\u00f6kre (a) rem\u00e9nyt. Sz\u00edve nem dobog m\u00e1r tov\u00e1bb,Lelke v\u00e1ndorol-, s visszaj\u00e1r.A holnapja tegnapp\u00e1 v\u00e1lt,T\u00f6bb\u00e9 soha senkit sem v\u00e1r. Pedig r\u00e9gen mindig leste,Gyermekeit, h\u0151n figyelte.Szinte r\u00f6pd\u00f6s\u00f6tt \u00fagy n\u00e9zte,Mikor hozz\u00e1 meg\u00e9rkeztek. Kegyetlen volt hozz\u00e1 a sors,Sokat szenvedett, s t\u0171rt, f\u00e1j\u00f3n.A napjai r\u00f6vid\u00fcltek,S egyszerre csak v\u00e9get ... Olvass tov\u00e1bb\" \/>\n<meta property=\"og:url\" content=\"https:\/\/bozsogiattila.hu\/?p=1267\" \/>\n<meta property=\"og:site_name\" content=\"Bozsogi Attila\" \/>\n<meta property=\"article:published_time\" content=\"2020-08-07T20:29:00+00:00\" \/>\n<meta property=\"article:modified_time\" content=\"2024-01-09T20:31:42+00:00\" \/>\n<meta name=\"author\" content=\"Bozsogi Attila\" \/>\n<meta name=\"twitter:card\" content=\"summary_large_image\" \/>\n<meta name=\"twitter:label1\" content=\"Szerz\u0151:\" \/>\n\t<meta name=\"twitter:data1\" content=\"Bozsogi Attila\" \/>\n\t<meta name=\"twitter:label2\" content=\"Becs\u00fclt olvas\u00e1si id\u0151\" \/>\n\t<meta name=\"twitter:data2\" content=\"2 perc\" \/>\n<script type=\"application\/ld+json\" class=\"yoast-schema-graph\">{\"@context\":\"https:\/\/schema.org\",\"@graph\":[{\"@type\":\"WebPage\",\"@id\":\"https:\/\/bozsogiattila.hu\/?p=1267\",\"url\":\"https:\/\/bozsogiattila.hu\/?p=1267\",\"name\":\"B\u00daCS\u00daZ\u00c1S! - Bozsogi Attila\",\"isPartOf\":{\"@id\":\"https:\/\/bozsogiattila.hu\/#website\"},\"datePublished\":\"2020-08-07T20:29:00+00:00\",\"dateModified\":\"2024-01-09T20:31:42+00:00\",\"author\":{\"@id\":\"https:\/\/bozsogiattila.hu\/#\/schema\/person\/488c99f554a8c4039201260dd5eb795e\"},\"breadcrumb\":{\"@id\":\"https:\/\/bozsogiattila.hu\/?p=1267#breadcrumb\"},\"inLanguage\":\"hu\",\"potentialAction\":[{\"@type\":\"ReadAction\",\"target\":[\"https:\/\/bozsogiattila.hu\/?p=1267\"]}]},{\"@type\":\"BreadcrumbList\",\"@id\":\"https:\/\/bozsogiattila.hu\/?p=1267#breadcrumb\",\"itemListElement\":[{\"@type\":\"ListItem\",\"position\":1,\"name\":\"Kezd\u0151lap\",\"item\":\"https:\/\/bozsogiattila.hu\/\"},{\"@type\":\"ListItem\",\"position\":2,\"name\":\"B\u00daCS\u00daZ\u00c1S!\"}]},{\"@type\":\"WebSite\",\"@id\":\"https:\/\/bozsogiattila.hu\/#website\",\"url\":\"https:\/\/bozsogiattila.hu\/\",\"name\":\"Bozsogi Attila\",\"description\":\"a zen\u00e9sz, \u00edr\u00f3 munk\u00e1ss\u00e1g\u00e1nak \u00e9s a mak\u00f3i muzsikusok eml\u00e9k\u00e9t \u0151rz\u0151 oldal\",\"potentialAction\":[{\"@type\":\"SearchAction\",\"target\":{\"@type\":\"EntryPoint\",\"urlTemplate\":\"https:\/\/bozsogiattila.hu\/?s={search_term_string}\"},\"query-input\":\"required name=search_term_string\"}],\"inLanguage\":\"hu\"},{\"@type\":\"Person\",\"@id\":\"https:\/\/bozsogiattila.hu\/#\/schema\/person\/488c99f554a8c4039201260dd5eb795e\",\"name\":\"Bozsogi Attila\",\"image\":{\"@type\":\"ImageObject\",\"inLanguage\":\"hu\",\"@id\":\"https:\/\/bozsogiattila.hu\/#\/schema\/person\/image\/\",\"url\":\"https:\/\/secure.gravatar.com\/avatar\/7da6b5985e34ed798d1670c54ce7d20e6a53b800bb0c07945c64b09392f3dbfd?s=96&d=mm&r=g\",\"contentUrl\":\"https:\/\/secure.gravatar.com\/avatar\/7da6b5985e34ed798d1670c54ce7d20e6a53b800bb0c07945c64b09392f3dbfd?s=96&d=mm&r=g\",\"caption\":\"Bozsogi Attila\"},\"sameAs\":[\"http:\/\/www.boszogiattila.hu\"],\"url\":\"https:\/\/bozsogiattila.hu\/?author=3\"}]}<\/script>\n<!-- \/ Yoast SEO plugin. -->","yoast_head_json":{"title":"B\u00daCS\u00daZ\u00c1S! - Bozsogi Attila","robots":{"index":"index","follow":"follow","max-snippet":"max-snippet:-1","max-image-preview":"max-image-preview:large","max-video-preview":"max-video-preview:-1"},"canonical":"https:\/\/bozsogiattila.hu\/?p=1267","og_locale":"hu_HU","og_type":"article","og_title":"B\u00daCS\u00daZ\u00c1S! - Bozsogi Attila","og_description":"B\u00daCS\u00daZ\u00c1S! Elment, mert ideje lej\u00e1rt,Elragadta \u0150t a hal\u00e1l.Itt hagyott mindent-, mi\u00e9rt \u00e9lt,Feladta \u00f6r\u00f6kre (a) rem\u00e9nyt. Sz\u00edve nem dobog m\u00e1r tov\u00e1bb,Lelke v\u00e1ndorol-, s visszaj\u00e1r.A holnapja tegnapp\u00e1 v\u00e1lt,T\u00f6bb\u00e9 soha senkit sem v\u00e1r. Pedig r\u00e9gen mindig leste,Gyermekeit, h\u0151n figyelte.Szinte r\u00f6pd\u00f6s\u00f6tt \u00fagy n\u00e9zte,Mikor hozz\u00e1 meg\u00e9rkeztek. Kegyetlen volt hozz\u00e1 a sors,Sokat szenvedett, s t\u0171rt, f\u00e1j\u00f3n.A napjai r\u00f6vid\u00fcltek,S egyszerre csak v\u00e9get ... Olvass tov\u00e1bb","og_url":"https:\/\/bozsogiattila.hu\/?p=1267","og_site_name":"Bozsogi Attila","article_published_time":"2020-08-07T20:29:00+00:00","article_modified_time":"2024-01-09T20:31:42+00:00","author":"Bozsogi Attila","twitter_card":"summary_large_image","twitter_misc":{"Szerz\u0151:":"Bozsogi Attila","Becs\u00fclt olvas\u00e1si id\u0151":"2 perc"},"schema":{"@context":"https:\/\/schema.org","@graph":[{"@type":"WebPage","@id":"https:\/\/bozsogiattila.hu\/?p=1267","url":"https:\/\/bozsogiattila.hu\/?p=1267","name":"B\u00daCS\u00daZ\u00c1S! - Bozsogi Attila","isPartOf":{"@id":"https:\/\/bozsogiattila.hu\/#website"},"datePublished":"2020-08-07T20:29:00+00:00","dateModified":"2024-01-09T20:31:42+00:00","author":{"@id":"https:\/\/bozsogiattila.hu\/#\/schema\/person\/488c99f554a8c4039201260dd5eb795e"},"breadcrumb":{"@id":"https:\/\/bozsogiattila.hu\/?p=1267#breadcrumb"},"inLanguage":"hu","potentialAction":[{"@type":"ReadAction","target":["https:\/\/bozsogiattila.hu\/?p=1267"]}]},{"@type":"BreadcrumbList","@id":"https:\/\/bozsogiattila.hu\/?p=1267#breadcrumb","itemListElement":[{"@type":"ListItem","position":1,"name":"Kezd\u0151lap","item":"https:\/\/bozsogiattila.hu\/"},{"@type":"ListItem","position":2,"name":"B\u00daCS\u00daZ\u00c1S!"}]},{"@type":"WebSite","@id":"https:\/\/bozsogiattila.hu\/#website","url":"https:\/\/bozsogiattila.hu\/","name":"Bozsogi Attila","description":"a zen\u00e9sz, \u00edr\u00f3 munk\u00e1ss\u00e1g\u00e1nak \u00e9s a mak\u00f3i muzsikusok eml\u00e9k\u00e9t \u0151rz\u0151 oldal","potentialAction":[{"@type":"SearchAction","target":{"@type":"EntryPoint","urlTemplate":"https:\/\/bozsogiattila.hu\/?s={search_term_string}"},"query-input":"required name=search_term_string"}],"inLanguage":"hu"},{"@type":"Person","@id":"https:\/\/bozsogiattila.hu\/#\/schema\/person\/488c99f554a8c4039201260dd5eb795e","name":"Bozsogi Attila","image":{"@type":"ImageObject","inLanguage":"hu","@id":"https:\/\/bozsogiattila.hu\/#\/schema\/person\/image\/","url":"https:\/\/secure.gravatar.com\/avatar\/7da6b5985e34ed798d1670c54ce7d20e6a53b800bb0c07945c64b09392f3dbfd?s=96&d=mm&r=g","contentUrl":"https:\/\/secure.gravatar.com\/avatar\/7da6b5985e34ed798d1670c54ce7d20e6a53b800bb0c07945c64b09392f3dbfd?s=96&d=mm&r=g","caption":"Bozsogi Attila"},"sameAs":["http:\/\/www.boszogiattila.hu"],"url":"https:\/\/bozsogiattila.hu\/?author=3"}]}},"jetpack_featured_media_url":"","_links":{"self":[{"href":"https:\/\/bozsogiattila.hu\/index.php?rest_route=\/wp\/v2\/posts\/1267","targetHints":{"allow":["GET"]}}],"collection":[{"href":"https:\/\/bozsogiattila.hu\/index.php?rest_route=\/wp\/v2\/posts"}],"about":[{"href":"https:\/\/bozsogiattila.hu\/index.php?rest_route=\/wp\/v2\/types\/post"}],"author":[{"embeddable":true,"href":"https:\/\/bozsogiattila.hu\/index.php?rest_route=\/wp\/v2\/users\/3"}],"replies":[{"embeddable":true,"href":"https:\/\/bozsogiattila.hu\/index.php?rest_route=%2Fwp%2Fv2%2Fcomments&post=1267"}],"version-history":[{"count":1,"href":"https:\/\/bozsogiattila.hu\/index.php?rest_route=\/wp\/v2\/posts\/1267\/revisions"}],"predecessor-version":[{"id":1268,"href":"https:\/\/bozsogiattila.hu\/index.php?rest_route=\/wp\/v2\/posts\/1267\/revisions\/1268"}],"wp:attachment":[{"href":"https:\/\/bozsogiattila.hu\/index.php?rest_route=%2Fwp%2Fv2%2Fmedia&parent=1267"}],"wp:term":[{"taxonomy":"category","embeddable":true,"href":"https:\/\/bozsogiattila.hu\/index.php?rest_route=%2Fwp%2Fv2%2Fcategories&post=1267"},{"taxonomy":"post_tag","embeddable":true,"href":"https:\/\/bozsogiattila.hu\/index.php?rest_route=%2Fwp%2Fv2%2Ftags&post=1267"}],"curies":[{"name":"wp","href":"https:\/\/api.w.org\/{rel}","templated":true}]}}