{"id":1282,"date":"2020-06-27T15:14:00","date_gmt":"2020-06-27T15:14:00","guid":{"rendered":"https:\/\/bozsogiattila.hu\/?p=1282"},"modified":"2024-01-10T15:15:42","modified_gmt":"2024-01-10T15:15:42","slug":"elmentek","status":"publish","type":"post","link":"https:\/\/bozsogiattila.hu\/?p=1282","title":{"rendered":"ELMENTEK"},"content":{"rendered":"\n<p class=\"wp-block-paragraph\">ELMENTEK<\/p>\n\n\n\n<p class=\"wp-block-paragraph\">Elmentek mind, \u00e9s itt hagytak,<br>Lelk\u00fcket elvitt\u00e9k egy nap.<br>Szeretve-szerettek-, nagyon,<br>Hogy mit \u00e9reztek-, nem tudom.<\/p>\n\n\n\n<p class=\"wp-block-paragraph\">A test\u00fck f\u00f6ldbesz\u00e1llt r\u00e9gen,<br>Porb\u00f3l lett, porr\u00e1 v\u00e1lt-, \/ezt) \u00e9rtem.<br>Az eny\u00e9szetnek hatalma,<br>Puszt\u00edtott az, zsarnok m\u00f3dra.<\/p>\n\n\n\n<p class=\"wp-block-paragraph\">Mikor gondolatom \u00edrom,<br>Nem hagy nyugton, \u00f6r\u00f6k \u00e1lmom.<br>Visszahozza azt az id\u0151t,<br>Am\u00edg \u00e9nvelem voltak \u0151k.<\/p>\n\n\n\n<p class=\"wp-block-paragraph\">Mindent megadtak, mi kellett,<br>K\u00fczdelmesen, \u00fagy neveltek.<br>Neh\u00e9z id\u0151k voltak azok,<br>H\u00e1bor\u00fa d\u00falt \u00e9s aratott.<\/p>\n\n\n\n<p class=\"wp-block-paragraph\">Fegyverek ropogtak-, s \u00f6ltek,<br>Err\u0151l nekem nem besz\u00e9ltek.<br>Pinc\u00e9nkben hol voltunk-, f\u00e9lt\u00fcnk,<br>\u00c1t\u00f6leltek \u00fagy remegt\u00fcnk.<\/p>\n\n\n\n<p class=\"wp-block-paragraph\">Kisgyermekk\u00e9nt nem \u00e9rtettem,<br>M\u00e9rt halnak meg az emberek.<br>J\u00e1t\u00e9k ez? Kegyetlen j\u00e1t\u00e9k,<br>Feln\u0151tteknek az tal\u00e1n sz\u00e9p?<\/p>\n\n\n\n<p class=\"wp-block-paragraph\">Akkor m\u00e9g nem gondolkodtam,<br>Any\u00e1m karjaiban voltam.<br>Simogatott, cs\u00f3kolt, s n\u00e9zett,<br>Nem tudtam, hogy mi\u00e9rt f\u00e9ltett.<\/p>\n\n\n\n<p class=\"wp-block-paragraph\">Most, mikor m\u00e1r nincsenek r\u00e9g,<br>R\u00e1juk sokszor eml\u00e9kez\u00e9k.<br>Magam k\u00e9rdem, mi lehetett,<br>Amit akkor \u0151k \u00e9reztek?<\/p>\n\n\n\n<p class=\"wp-block-paragraph\">Sohasem tudom meg azt tal\u00e1n,<br>Mit \u00e9lt \u00e1t, any\u00e1m \u00e9s ap\u00e1m.<br>Err\u0151l nem sz\u00f3ltak, hallgattak,<br>Csak az eml\u00e9kez\u00e9s, maradt.<\/p>\n\n\n\n<p class=\"wp-block-paragraph\">(A) sz\u00edv \u00e9s l\u00e9lek kettesben,<br>A titkukat elrejtette.<br>\u00d6reg fejjel azt keresem,<br>S az eredm\u00e9ny rem\u00e9nytelen.<\/p>\n\n\n\n<p class=\"wp-block-paragraph\">Tudom, m\u00e9gis azt kutatom,<br>Mi lelk\u00fckben \u00e9lt-, ott akkor.<br>Egyszer tal\u00e1n megtudhatom<br>S val\u00f3ra v\u00e1lik v\u00e1gy\u00e1lmom.<\/p>\n\n\n\n<p class=\"wp-block-paragraph\">Az id\u0151 mindent meggy\u00f3gy\u00edt,<br>Hittem, hiszem, mi lelkes\u00edt.<br>De meghal az \u00e9rz\u00e9s bennem,<br>Fel kell adnom-, de nem teszem.<\/p>\n\n\n\n<p class=\"wp-block-paragraph\">Kell, hogy legyen, biztos tudom,<br>Magyar\u00e1zat, mi hatalom.<br>A l\u00e9lek nem hal meg sosem.<br>Egyszer tal\u00e1n s\u00fag majd nekem.<\/p>\n\n\n\n<p class=\"wp-block-paragraph\">Bens\u0151mben a titok nyitja,<br>Az \u0151 titkukat megnyitja.<br>Mi volt egykor-, tudtul adja,<br>S boldogg\u00e1 tesz-, vagy t\u00e1n soha.<\/p>\n\n\n\n<p class=\"wp-block-paragraph\">A gondolat zs\u00e1kutc\u00e1ja,<br>K\u00edv\u00e1ns\u00e1gom eltakarja.<br>R\u00e1 kellett most j\u00f6nn\u00f6m arra,<br>Rejtett titkuk \u00f6r\u00f6k marad.<\/p>\n\n\n\n<p class=\"wp-block-paragraph\">Lelkemben is van egy \u00e9rz\u00e9s,<br>Mit elviszek, valaha \u00e9n.<br>Lelkem titka velem j\u00f6n majd,<br>Ami ut\u00e1n, kutathatnak.<\/p>\n\n\n\n<p class=\"wp-block-paragraph\">Mak\u00f3, 2020-06-27<\/p>\n","protected":false},"excerpt":{"rendered":"<p>ELMENTEK Elmentek mind, \u00e9s itt hagytak,Lelk\u00fcket elvitt\u00e9k egy nap.Szeretve-szerettek-, nagyon,Hogy mit \u00e9reztek-, nem tudom. A test\u00fck f\u00f6ldbesz\u00e1llt r\u00e9gen,Porb\u00f3l lett, porr\u00e1 v\u00e1lt-, \/ezt) \u00e9rtem.Az eny\u00e9szetnek hatalma,Puszt\u00edtott az, zsarnok m\u00f3dra. Mikor gondolatom \u00edrom,Nem hagy nyugton, \u00f6r\u00f6k \u00e1lmom.Visszahozza azt az id\u0151t,Am\u00edg \u00e9nvelem voltak \u0151k. Mindent megadtak, mi kellett,K\u00fczdelmesen, \u00fagy neveltek.Neh\u00e9z id\u0151k voltak azok,H\u00e1bor\u00fa d\u00falt \u00e9s aratott. Fegyverek ropogtak-, &#8230; <a title=\"ELMENTEK\" class=\"read-more\" href=\"https:\/\/bozsogiattila.hu\/?p=1282\" aria-label=\"Tov\u00e1bbiak ELMENTEK\">Olvass tov\u00e1bb<\/a><\/p>\n","protected":false},"author":3,"featured_media":0,"comment_status":"closed","ping_status":"open","sticky":false,"template":"","format":"standard","meta":{"footnotes":""},"categories":[4],"tags":[321,12],"class_list":["post-1282","post","type-post","status-publish","format-standard","hentry","category-versek","tag-321","tag-mako"],"yoast_head":"<!-- This site is optimized with the Yoast SEO plugin v21.8 - https:\/\/yoast.com\/wordpress\/plugins\/seo\/ -->\n<title>ELMENTEK - Bozsogi Attila<\/title>\n<meta name=\"robots\" content=\"index, follow, max-snippet:-1, max-image-preview:large, max-video-preview:-1\" \/>\n<link rel=\"canonical\" href=\"https:\/\/bozsogiattila.hu\/?p=1282\" \/>\n<meta property=\"og:locale\" content=\"hu_HU\" \/>\n<meta property=\"og:type\" content=\"article\" \/>\n<meta property=\"og:title\" content=\"ELMENTEK - Bozsogi Attila\" \/>\n<meta property=\"og:description\" content=\"ELMENTEK Elmentek mind, \u00e9s itt hagytak,Lelk\u00fcket elvitt\u00e9k egy nap.Szeretve-szerettek-, nagyon,Hogy mit \u00e9reztek-, nem tudom. A test\u00fck f\u00f6ldbesz\u00e1llt r\u00e9gen,Porb\u00f3l lett, porr\u00e1 v\u00e1lt-, \/ezt) \u00e9rtem.Az eny\u00e9szetnek hatalma,Puszt\u00edtott az, zsarnok m\u00f3dra. Mikor gondolatom \u00edrom,Nem hagy nyugton, \u00f6r\u00f6k \u00e1lmom.Visszahozza azt az id\u0151t,Am\u00edg \u00e9nvelem voltak \u0151k. Mindent megadtak, mi kellett,K\u00fczdelmesen, \u00fagy neveltek.Neh\u00e9z id\u0151k voltak azok,H\u00e1bor\u00fa d\u00falt \u00e9s aratott. Fegyverek ropogtak-, ... Olvass tov\u00e1bb\" \/>\n<meta property=\"og:url\" content=\"https:\/\/bozsogiattila.hu\/?p=1282\" \/>\n<meta property=\"og:site_name\" content=\"Bozsogi Attila\" \/>\n<meta property=\"article:published_time\" content=\"2020-06-27T15:14:00+00:00\" \/>\n<meta property=\"article:modified_time\" content=\"2024-01-10T15:15:42+00:00\" \/>\n<meta name=\"author\" content=\"Bozsogi Attila\" \/>\n<meta name=\"twitter:card\" content=\"summary_large_image\" \/>\n<meta name=\"twitter:label1\" content=\"Szerz\u0151:\" \/>\n\t<meta name=\"twitter:data1\" content=\"Bozsogi Attila\" \/>\n\t<meta name=\"twitter:label2\" content=\"Becs\u00fclt olvas\u00e1si id\u0151\" \/>\n\t<meta name=\"twitter:data2\" content=\"2 perc\" \/>\n<script type=\"application\/ld+json\" class=\"yoast-schema-graph\">{\"@context\":\"https:\/\/schema.org\",\"@graph\":[{\"@type\":\"WebPage\",\"@id\":\"https:\/\/bozsogiattila.hu\/?p=1282\",\"url\":\"https:\/\/bozsogiattila.hu\/?p=1282\",\"name\":\"ELMENTEK - Bozsogi Attila\",\"isPartOf\":{\"@id\":\"https:\/\/bozsogiattila.hu\/#website\"},\"datePublished\":\"2020-06-27T15:14:00+00:00\",\"dateModified\":\"2024-01-10T15:15:42+00:00\",\"author\":{\"@id\":\"https:\/\/bozsogiattila.hu\/#\/schema\/person\/488c99f554a8c4039201260dd5eb795e\"},\"breadcrumb\":{\"@id\":\"https:\/\/bozsogiattila.hu\/?p=1282#breadcrumb\"},\"inLanguage\":\"hu\",\"potentialAction\":[{\"@type\":\"ReadAction\",\"target\":[\"https:\/\/bozsogiattila.hu\/?p=1282\"]}]},{\"@type\":\"BreadcrumbList\",\"@id\":\"https:\/\/bozsogiattila.hu\/?p=1282#breadcrumb\",\"itemListElement\":[{\"@type\":\"ListItem\",\"position\":1,\"name\":\"Kezd\u0151lap\",\"item\":\"https:\/\/bozsogiattila.hu\/\"},{\"@type\":\"ListItem\",\"position\":2,\"name\":\"ELMENTEK\"}]},{\"@type\":\"WebSite\",\"@id\":\"https:\/\/bozsogiattila.hu\/#website\",\"url\":\"https:\/\/bozsogiattila.hu\/\",\"name\":\"Bozsogi Attila\",\"description\":\"a zen\u00e9sz, \u00edr\u00f3 munk\u00e1ss\u00e1g\u00e1nak \u00e9s a mak\u00f3i muzsikusok eml\u00e9k\u00e9t \u0151rz\u0151 oldal\",\"potentialAction\":[{\"@type\":\"SearchAction\",\"target\":{\"@type\":\"EntryPoint\",\"urlTemplate\":\"https:\/\/bozsogiattila.hu\/?s={search_term_string}\"},\"query-input\":\"required name=search_term_string\"}],\"inLanguage\":\"hu\"},{\"@type\":\"Person\",\"@id\":\"https:\/\/bozsogiattila.hu\/#\/schema\/person\/488c99f554a8c4039201260dd5eb795e\",\"name\":\"Bozsogi Attila\",\"image\":{\"@type\":\"ImageObject\",\"inLanguage\":\"hu\",\"@id\":\"https:\/\/bozsogiattila.hu\/#\/schema\/person\/image\/\",\"url\":\"https:\/\/secure.gravatar.com\/avatar\/7da6b5985e34ed798d1670c54ce7d20e6a53b800bb0c07945c64b09392f3dbfd?s=96&d=mm&r=g\",\"contentUrl\":\"https:\/\/secure.gravatar.com\/avatar\/7da6b5985e34ed798d1670c54ce7d20e6a53b800bb0c07945c64b09392f3dbfd?s=96&d=mm&r=g\",\"caption\":\"Bozsogi Attila\"},\"sameAs\":[\"http:\/\/www.boszogiattila.hu\"],\"url\":\"https:\/\/bozsogiattila.hu\/?author=3\"}]}<\/script>\n<!-- \/ Yoast SEO plugin. -->","yoast_head_json":{"title":"ELMENTEK - Bozsogi Attila","robots":{"index":"index","follow":"follow","max-snippet":"max-snippet:-1","max-image-preview":"max-image-preview:large","max-video-preview":"max-video-preview:-1"},"canonical":"https:\/\/bozsogiattila.hu\/?p=1282","og_locale":"hu_HU","og_type":"article","og_title":"ELMENTEK - Bozsogi Attila","og_description":"ELMENTEK Elmentek mind, \u00e9s itt hagytak,Lelk\u00fcket elvitt\u00e9k egy nap.Szeretve-szerettek-, nagyon,Hogy mit \u00e9reztek-, nem tudom. A test\u00fck f\u00f6ldbesz\u00e1llt r\u00e9gen,Porb\u00f3l lett, porr\u00e1 v\u00e1lt-, \/ezt) \u00e9rtem.Az eny\u00e9szetnek hatalma,Puszt\u00edtott az, zsarnok m\u00f3dra. Mikor gondolatom \u00edrom,Nem hagy nyugton, \u00f6r\u00f6k \u00e1lmom.Visszahozza azt az id\u0151t,Am\u00edg \u00e9nvelem voltak \u0151k. Mindent megadtak, mi kellett,K\u00fczdelmesen, \u00fagy neveltek.Neh\u00e9z id\u0151k voltak azok,H\u00e1bor\u00fa d\u00falt \u00e9s aratott. Fegyverek ropogtak-, ... Olvass tov\u00e1bb","og_url":"https:\/\/bozsogiattila.hu\/?p=1282","og_site_name":"Bozsogi Attila","article_published_time":"2020-06-27T15:14:00+00:00","article_modified_time":"2024-01-10T15:15:42+00:00","author":"Bozsogi Attila","twitter_card":"summary_large_image","twitter_misc":{"Szerz\u0151:":"Bozsogi Attila","Becs\u00fclt olvas\u00e1si id\u0151":"2 perc"},"schema":{"@context":"https:\/\/schema.org","@graph":[{"@type":"WebPage","@id":"https:\/\/bozsogiattila.hu\/?p=1282","url":"https:\/\/bozsogiattila.hu\/?p=1282","name":"ELMENTEK - Bozsogi Attila","isPartOf":{"@id":"https:\/\/bozsogiattila.hu\/#website"},"datePublished":"2020-06-27T15:14:00+00:00","dateModified":"2024-01-10T15:15:42+00:00","author":{"@id":"https:\/\/bozsogiattila.hu\/#\/schema\/person\/488c99f554a8c4039201260dd5eb795e"},"breadcrumb":{"@id":"https:\/\/bozsogiattila.hu\/?p=1282#breadcrumb"},"inLanguage":"hu","potentialAction":[{"@type":"ReadAction","target":["https:\/\/bozsogiattila.hu\/?p=1282"]}]},{"@type":"BreadcrumbList","@id":"https:\/\/bozsogiattila.hu\/?p=1282#breadcrumb","itemListElement":[{"@type":"ListItem","position":1,"name":"Kezd\u0151lap","item":"https:\/\/bozsogiattila.hu\/"},{"@type":"ListItem","position":2,"name":"ELMENTEK"}]},{"@type":"WebSite","@id":"https:\/\/bozsogiattila.hu\/#website","url":"https:\/\/bozsogiattila.hu\/","name":"Bozsogi Attila","description":"a zen\u00e9sz, \u00edr\u00f3 munk\u00e1ss\u00e1g\u00e1nak \u00e9s a mak\u00f3i muzsikusok eml\u00e9k\u00e9t \u0151rz\u0151 oldal","potentialAction":[{"@type":"SearchAction","target":{"@type":"EntryPoint","urlTemplate":"https:\/\/bozsogiattila.hu\/?s={search_term_string}"},"query-input":"required name=search_term_string"}],"inLanguage":"hu"},{"@type":"Person","@id":"https:\/\/bozsogiattila.hu\/#\/schema\/person\/488c99f554a8c4039201260dd5eb795e","name":"Bozsogi Attila","image":{"@type":"ImageObject","inLanguage":"hu","@id":"https:\/\/bozsogiattila.hu\/#\/schema\/person\/image\/","url":"https:\/\/secure.gravatar.com\/avatar\/7da6b5985e34ed798d1670c54ce7d20e6a53b800bb0c07945c64b09392f3dbfd?s=96&d=mm&r=g","contentUrl":"https:\/\/secure.gravatar.com\/avatar\/7da6b5985e34ed798d1670c54ce7d20e6a53b800bb0c07945c64b09392f3dbfd?s=96&d=mm&r=g","caption":"Bozsogi Attila"},"sameAs":["http:\/\/www.boszogiattila.hu"],"url":"https:\/\/bozsogiattila.hu\/?author=3"}]}},"jetpack_featured_media_url":"","_links":{"self":[{"href":"https:\/\/bozsogiattila.hu\/index.php?rest_route=\/wp\/v2\/posts\/1282","targetHints":{"allow":["GET"]}}],"collection":[{"href":"https:\/\/bozsogiattila.hu\/index.php?rest_route=\/wp\/v2\/posts"}],"about":[{"href":"https:\/\/bozsogiattila.hu\/index.php?rest_route=\/wp\/v2\/types\/post"}],"author":[{"embeddable":true,"href":"https:\/\/bozsogiattila.hu\/index.php?rest_route=\/wp\/v2\/users\/3"}],"replies":[{"embeddable":true,"href":"https:\/\/bozsogiattila.hu\/index.php?rest_route=%2Fwp%2Fv2%2Fcomments&post=1282"}],"version-history":[{"count":1,"href":"https:\/\/bozsogiattila.hu\/index.php?rest_route=\/wp\/v2\/posts\/1282\/revisions"}],"predecessor-version":[{"id":1283,"href":"https:\/\/bozsogiattila.hu\/index.php?rest_route=\/wp\/v2\/posts\/1282\/revisions\/1283"}],"wp:attachment":[{"href":"https:\/\/bozsogiattila.hu\/index.php?rest_route=%2Fwp%2Fv2%2Fmedia&parent=1282"}],"wp:term":[{"taxonomy":"category","embeddable":true,"href":"https:\/\/bozsogiattila.hu\/index.php?rest_route=%2Fwp%2Fv2%2Fcategories&post=1282"},{"taxonomy":"post_tag","embeddable":true,"href":"https:\/\/bozsogiattila.hu\/index.php?rest_route=%2Fwp%2Fv2%2Ftags&post=1282"}],"curies":[{"name":"wp","href":"https:\/\/api.w.org\/{rel}","templated":true}]}}