{"id":1286,"date":"2020-08-08T15:16:00","date_gmt":"2020-08-08T15:16:00","guid":{"rendered":"https:\/\/bozsogiattila.hu\/?p=1286"},"modified":"2024-01-10T15:17:33","modified_gmt":"2024-01-10T15:17:33","slug":"elszall-minden","status":"publish","type":"post","link":"https:\/\/bozsogiattila.hu\/?p=1286","title":{"rendered":"ELSZ\u00c1LL MINDEN"},"content":{"rendered":"\n<p class=\"wp-block-paragraph\">ELSZ\u00c1LL MINDEN<\/p>\n\n\n\n<p class=\"wp-block-paragraph\">Felvettem a harmonik\u00e1m<br>R\u00e9gen volt m\u00e1r a kezemben.<br>Nem is tudom mit is j\u00e1tsszak,<br>Nem jut semmi az eszembe.<\/p>\n\n\n\n<p class=\"wp-block-paragraph\">Gondolatom messze kutat,<br>R\u00e9gi dallamot keresve.<br>R\u00e9g m\u00falt id\u0151k eml\u00e9k\u00e9ben,<br>Ott j\u00e1rok \u00e9n k\u00e9pzeletben.<\/p>\n\n\n\n<p class=\"wp-block-paragraph\">Keresem, de nem tal\u00e1lom,<br>\u00c1tkutatom az \u00e9jszak\u00e1t.<br>A sok n\u00f3ta kavalk\u00e1dja,<br>Egyre ink\u00e1bb j\u00f3l megtr\u00e9f\u00e1l.<\/p>\n\n\n\n<p class=\"wp-block-paragraph\">Egy csak egy-, amire v\u00e1gyom,<br>\u00dagy szeretn\u00e9m megtal\u00e1lni,<br>Azt a n\u00f3t\u00e1t elj\u00e1tszani,<br>M\u00falt id\u0151kre eml\u00e9kezni.<\/p>\n\n\n\n<p class=\"wp-block-paragraph\">Lassan dereng, eszembe jut,<br>\u00dajaim m\u00e1t nem kutatj\u00e1k.<br>Felcsend\u00fcl a kedves dallam,<br>S az \u00e9terben messzire sz\u00e1ll.<\/p>\n\n\n\n<p class=\"wp-block-paragraph\">J\u00e1tszom, j\u00e1tszom, meg nem \u00e1llok,<br>Megsz\u00e1llottk\u00e9nt muzsik\u00e1lok.<br>\u201eArcodon egy f\u00e9nyl\u0151 k\u00f6nnycsepp\u201d,<br>Ez volt egykor boldogs\u00e1gom.<\/p>\n\n\n\n<p class=\"wp-block-paragraph\">De sokszor elmuzsik\u00e1ltam,<br>Visszatekintek a m\u00faltra,<br>Szebb id\u0151kre eml\u00e9kezem,<br>Benne volt az a n\u00f3t\u00e1ban.<\/p>\n\n\n\n<p class=\"wp-block-paragraph\">Hi\u00e1ba m\u00falik az id\u0151,<br>Nem lehet azt elfeledni.<br>Ott \u00e9l benn mindig sz\u00edvemben,<br>Nem t\u00e9pi ki soha senki.<\/p>\n\n\n\n<p class=\"wp-block-paragraph\">Elsz\u00e1ll minden-, tovasuhan,<br>Feled\u00e9sbe m\u00e9gsem mer\u00fcl.<br>A sz\u00edvemben benne marad,<br>Mint egy \u00e1lom-, mindig ott \u00fcl.<\/p>\n\n\n\n<p class=\"wp-block-paragraph\">Visszakacsintgat az n\u00e9ha,<br>Eml\u00e9keztet sz\u00e9p id\u0151kre.<br>Ifj\u00fa boh\u00e9m kecses \u00e9vre,<br>Az is lehet, hogy \u00e9vekre.<\/p>\n\n\n\n<p class=\"wp-block-paragraph\">Sz\u00e1ll a dallam, folyv\u00e1st csak sz\u00e1ll,<br>K\u00f6zben s\u00edr a harmonik\u00e1m.<br>Akkordjai megremegnek,<br>Sz\u00e9ps\u00e9g\u00fckkel, kecsegtetnek.<\/p>\n\n\n\n<p class=\"wp-block-paragraph\">Zene, zene var\u00e1zs\u00e1ban,<br>\u00d6r\u00f6kk\u00f6n \u00e9l, \u00f6r\u00f6k minden.<br>\u00c1t\u00edrni azt sosem lehet,<br>Nincs hatalom, nincsen v\u00e9gzet.<\/p>\n\n\n\n<p class=\"wp-block-paragraph\">Ahogy a Nap felkel mindig,<br>Olyan lesz egyszer az \u00e9let,<br>Visszat\u00e9rnek az eml\u00e9kek,<br>Kegyetlen\u00fcl meggy\u00f6t\u00f6rnek.<\/p>\n\n\n\n<p class=\"wp-block-paragraph\">Nem tudni, hogy, hogy volna jobb,<br>Kital\u00e1lni azt nem lehet.<br>Pedig sokan pr\u00f3b\u00e1lt\u00e1k m\u00e1r,<br>Cs\u0151dbejutottak a tervek.<\/p>\n\n\n\n<p class=\"wp-block-paragraph\">\u00c1br\u00e1ndoz\u00e1s nagyhatalom,<br>Olyan, mint egy m\u00e9zesmadzag.<br>Hogyha k\u00f6z\u00f6s nevez\u0151 nincs,<br>C\u00e9ltalanul k\u00f3bor\u00f3lhatsz..<\/p>\n\n\n\n<p class=\"wp-block-paragraph\">Messze sz\u00e1ll a gondolatom,<br>Az is lehet, hogy megreked,<br>Megdobban a sz\u00edvem olykor,<br>Hogy m\u00e9rt-, erre nincs felelet.<\/p>\n\n\n\n<p class=\"wp-block-paragraph\">Mak\u00f3, 2020-08-o8<\/p>\n","protected":false},"excerpt":{"rendered":"<p>ELSZ\u00c1LL MINDEN Felvettem a harmonik\u00e1mR\u00e9gen volt m\u00e1r a kezemben.Nem is tudom mit is j\u00e1tsszak,Nem jut semmi az eszembe. Gondolatom messze kutat,R\u00e9gi dallamot keresve.R\u00e9g m\u00falt id\u0151k eml\u00e9k\u00e9ben,Ott j\u00e1rok \u00e9n k\u00e9pzeletben. Keresem, de nem tal\u00e1lom,\u00c1tkutatom az \u00e9jszak\u00e1t.A sok n\u00f3ta kavalk\u00e1dja,Egyre ink\u00e1bb j\u00f3l megtr\u00e9f\u00e1l. Egy csak egy-, amire v\u00e1gyom,\u00dagy szeretn\u00e9m megtal\u00e1lni,Azt a n\u00f3t\u00e1t elj\u00e1tszani,M\u00falt id\u0151kre eml\u00e9kezni. Lassan dereng, &#8230; <a title=\"ELSZ\u00c1LL MINDEN\" class=\"read-more\" href=\"https:\/\/bozsogiattila.hu\/?p=1286\" aria-label=\"Tov\u00e1bbiak ELSZ\u00c1LL MINDEN\">Olvass tov\u00e1bb<\/a><\/p>\n","protected":false},"author":3,"featured_media":0,"comment_status":"closed","ping_status":"open","sticky":false,"template":"","format":"standard","meta":{"footnotes":""},"categories":[4],"tags":[321,12],"class_list":["post-1286","post","type-post","status-publish","format-standard","hentry","category-versek","tag-321","tag-mako"],"yoast_head":"<!-- This site is optimized with the Yoast SEO plugin v21.8 - https:\/\/yoast.com\/wordpress\/plugins\/seo\/ -->\n<title>ELSZ\u00c1LL MINDEN - Bozsogi Attila<\/title>\n<meta name=\"robots\" content=\"index, follow, max-snippet:-1, max-image-preview:large, max-video-preview:-1\" \/>\n<link rel=\"canonical\" href=\"https:\/\/bozsogiattila.hu\/?p=1286\" \/>\n<meta property=\"og:locale\" content=\"hu_HU\" \/>\n<meta property=\"og:type\" content=\"article\" \/>\n<meta property=\"og:title\" content=\"ELSZ\u00c1LL MINDEN - Bozsogi Attila\" \/>\n<meta property=\"og:description\" content=\"ELSZ\u00c1LL MINDEN Felvettem a harmonik\u00e1mR\u00e9gen volt m\u00e1r a kezemben.Nem is tudom mit is j\u00e1tsszak,Nem jut semmi az eszembe. Gondolatom messze kutat,R\u00e9gi dallamot keresve.R\u00e9g m\u00falt id\u0151k eml\u00e9k\u00e9ben,Ott j\u00e1rok \u00e9n k\u00e9pzeletben. Keresem, de nem tal\u00e1lom,\u00c1tkutatom az \u00e9jszak\u00e1t.A sok n\u00f3ta kavalk\u00e1dja,Egyre ink\u00e1bb j\u00f3l megtr\u00e9f\u00e1l. Egy csak egy-, amire v\u00e1gyom,\u00dagy szeretn\u00e9m megtal\u00e1lni,Azt a n\u00f3t\u00e1t elj\u00e1tszani,M\u00falt id\u0151kre eml\u00e9kezni. Lassan dereng, ... Olvass tov\u00e1bb\" \/>\n<meta property=\"og:url\" content=\"https:\/\/bozsogiattila.hu\/?p=1286\" \/>\n<meta property=\"og:site_name\" content=\"Bozsogi Attila\" \/>\n<meta property=\"article:published_time\" content=\"2020-08-08T15:16:00+00:00\" \/>\n<meta property=\"article:modified_time\" content=\"2024-01-10T15:17:33+00:00\" \/>\n<meta name=\"author\" content=\"Bozsogi Attila\" \/>\n<meta name=\"twitter:card\" content=\"summary_large_image\" \/>\n<meta name=\"twitter:label1\" content=\"Szerz\u0151:\" \/>\n\t<meta name=\"twitter:data1\" content=\"Bozsogi Attila\" \/>\n\t<meta name=\"twitter:label2\" content=\"Becs\u00fclt olvas\u00e1si id\u0151\" \/>\n\t<meta name=\"twitter:data2\" content=\"2 perc\" \/>\n<script type=\"application\/ld+json\" class=\"yoast-schema-graph\">{\"@context\":\"https:\/\/schema.org\",\"@graph\":[{\"@type\":\"WebPage\",\"@id\":\"https:\/\/bozsogiattila.hu\/?p=1286\",\"url\":\"https:\/\/bozsogiattila.hu\/?p=1286\",\"name\":\"ELSZ\u00c1LL MINDEN - Bozsogi Attila\",\"isPartOf\":{\"@id\":\"https:\/\/bozsogiattila.hu\/#website\"},\"datePublished\":\"2020-08-08T15:16:00+00:00\",\"dateModified\":\"2024-01-10T15:17:33+00:00\",\"author\":{\"@id\":\"https:\/\/bozsogiattila.hu\/#\/schema\/person\/488c99f554a8c4039201260dd5eb795e\"},\"breadcrumb\":{\"@id\":\"https:\/\/bozsogiattila.hu\/?p=1286#breadcrumb\"},\"inLanguage\":\"hu\",\"potentialAction\":[{\"@type\":\"ReadAction\",\"target\":[\"https:\/\/bozsogiattila.hu\/?p=1286\"]}]},{\"@type\":\"BreadcrumbList\",\"@id\":\"https:\/\/bozsogiattila.hu\/?p=1286#breadcrumb\",\"itemListElement\":[{\"@type\":\"ListItem\",\"position\":1,\"name\":\"Kezd\u0151lap\",\"item\":\"https:\/\/bozsogiattila.hu\/\"},{\"@type\":\"ListItem\",\"position\":2,\"name\":\"ELSZ\u00c1LL MINDEN\"}]},{\"@type\":\"WebSite\",\"@id\":\"https:\/\/bozsogiattila.hu\/#website\",\"url\":\"https:\/\/bozsogiattila.hu\/\",\"name\":\"Bozsogi Attila\",\"description\":\"a zen\u00e9sz, \u00edr\u00f3 munk\u00e1ss\u00e1g\u00e1nak \u00e9s a mak\u00f3i muzsikusok eml\u00e9k\u00e9t \u0151rz\u0151 oldal\",\"potentialAction\":[{\"@type\":\"SearchAction\",\"target\":{\"@type\":\"EntryPoint\",\"urlTemplate\":\"https:\/\/bozsogiattila.hu\/?s={search_term_string}\"},\"query-input\":\"required name=search_term_string\"}],\"inLanguage\":\"hu\"},{\"@type\":\"Person\",\"@id\":\"https:\/\/bozsogiattila.hu\/#\/schema\/person\/488c99f554a8c4039201260dd5eb795e\",\"name\":\"Bozsogi Attila\",\"image\":{\"@type\":\"ImageObject\",\"inLanguage\":\"hu\",\"@id\":\"https:\/\/bozsogiattila.hu\/#\/schema\/person\/image\/\",\"url\":\"https:\/\/secure.gravatar.com\/avatar\/7da6b5985e34ed798d1670c54ce7d20e6a53b800bb0c07945c64b09392f3dbfd?s=96&d=mm&r=g\",\"contentUrl\":\"https:\/\/secure.gravatar.com\/avatar\/7da6b5985e34ed798d1670c54ce7d20e6a53b800bb0c07945c64b09392f3dbfd?s=96&d=mm&r=g\",\"caption\":\"Bozsogi Attila\"},\"sameAs\":[\"http:\/\/www.boszogiattila.hu\"],\"url\":\"https:\/\/bozsogiattila.hu\/?author=3\"}]}<\/script>\n<!-- \/ Yoast SEO plugin. -->","yoast_head_json":{"title":"ELSZ\u00c1LL MINDEN - Bozsogi Attila","robots":{"index":"index","follow":"follow","max-snippet":"max-snippet:-1","max-image-preview":"max-image-preview:large","max-video-preview":"max-video-preview:-1"},"canonical":"https:\/\/bozsogiattila.hu\/?p=1286","og_locale":"hu_HU","og_type":"article","og_title":"ELSZ\u00c1LL MINDEN - Bozsogi Attila","og_description":"ELSZ\u00c1LL MINDEN Felvettem a harmonik\u00e1mR\u00e9gen volt m\u00e1r a kezemben.Nem is tudom mit is j\u00e1tsszak,Nem jut semmi az eszembe. Gondolatom messze kutat,R\u00e9gi dallamot keresve.R\u00e9g m\u00falt id\u0151k eml\u00e9k\u00e9ben,Ott j\u00e1rok \u00e9n k\u00e9pzeletben. Keresem, de nem tal\u00e1lom,\u00c1tkutatom az \u00e9jszak\u00e1t.A sok n\u00f3ta kavalk\u00e1dja,Egyre ink\u00e1bb j\u00f3l megtr\u00e9f\u00e1l. Egy csak egy-, amire v\u00e1gyom,\u00dagy szeretn\u00e9m megtal\u00e1lni,Azt a n\u00f3t\u00e1t elj\u00e1tszani,M\u00falt id\u0151kre eml\u00e9kezni. Lassan dereng, ... Olvass tov\u00e1bb","og_url":"https:\/\/bozsogiattila.hu\/?p=1286","og_site_name":"Bozsogi Attila","article_published_time":"2020-08-08T15:16:00+00:00","article_modified_time":"2024-01-10T15:17:33+00:00","author":"Bozsogi Attila","twitter_card":"summary_large_image","twitter_misc":{"Szerz\u0151:":"Bozsogi Attila","Becs\u00fclt olvas\u00e1si id\u0151":"2 perc"},"schema":{"@context":"https:\/\/schema.org","@graph":[{"@type":"WebPage","@id":"https:\/\/bozsogiattila.hu\/?p=1286","url":"https:\/\/bozsogiattila.hu\/?p=1286","name":"ELSZ\u00c1LL MINDEN - Bozsogi Attila","isPartOf":{"@id":"https:\/\/bozsogiattila.hu\/#website"},"datePublished":"2020-08-08T15:16:00+00:00","dateModified":"2024-01-10T15:17:33+00:00","author":{"@id":"https:\/\/bozsogiattila.hu\/#\/schema\/person\/488c99f554a8c4039201260dd5eb795e"},"breadcrumb":{"@id":"https:\/\/bozsogiattila.hu\/?p=1286#breadcrumb"},"inLanguage":"hu","potentialAction":[{"@type":"ReadAction","target":["https:\/\/bozsogiattila.hu\/?p=1286"]}]},{"@type":"BreadcrumbList","@id":"https:\/\/bozsogiattila.hu\/?p=1286#breadcrumb","itemListElement":[{"@type":"ListItem","position":1,"name":"Kezd\u0151lap","item":"https:\/\/bozsogiattila.hu\/"},{"@type":"ListItem","position":2,"name":"ELSZ\u00c1LL MINDEN"}]},{"@type":"WebSite","@id":"https:\/\/bozsogiattila.hu\/#website","url":"https:\/\/bozsogiattila.hu\/","name":"Bozsogi Attila","description":"a zen\u00e9sz, \u00edr\u00f3 munk\u00e1ss\u00e1g\u00e1nak \u00e9s a mak\u00f3i muzsikusok eml\u00e9k\u00e9t \u0151rz\u0151 oldal","potentialAction":[{"@type":"SearchAction","target":{"@type":"EntryPoint","urlTemplate":"https:\/\/bozsogiattila.hu\/?s={search_term_string}"},"query-input":"required name=search_term_string"}],"inLanguage":"hu"},{"@type":"Person","@id":"https:\/\/bozsogiattila.hu\/#\/schema\/person\/488c99f554a8c4039201260dd5eb795e","name":"Bozsogi Attila","image":{"@type":"ImageObject","inLanguage":"hu","@id":"https:\/\/bozsogiattila.hu\/#\/schema\/person\/image\/","url":"https:\/\/secure.gravatar.com\/avatar\/7da6b5985e34ed798d1670c54ce7d20e6a53b800bb0c07945c64b09392f3dbfd?s=96&d=mm&r=g","contentUrl":"https:\/\/secure.gravatar.com\/avatar\/7da6b5985e34ed798d1670c54ce7d20e6a53b800bb0c07945c64b09392f3dbfd?s=96&d=mm&r=g","caption":"Bozsogi Attila"},"sameAs":["http:\/\/www.boszogiattila.hu"],"url":"https:\/\/bozsogiattila.hu\/?author=3"}]}},"jetpack_featured_media_url":"","_links":{"self":[{"href":"https:\/\/bozsogiattila.hu\/index.php?rest_route=\/wp\/v2\/posts\/1286","targetHints":{"allow":["GET"]}}],"collection":[{"href":"https:\/\/bozsogiattila.hu\/index.php?rest_route=\/wp\/v2\/posts"}],"about":[{"href":"https:\/\/bozsogiattila.hu\/index.php?rest_route=\/wp\/v2\/types\/post"}],"author":[{"embeddable":true,"href":"https:\/\/bozsogiattila.hu\/index.php?rest_route=\/wp\/v2\/users\/3"}],"replies":[{"embeddable":true,"href":"https:\/\/bozsogiattila.hu\/index.php?rest_route=%2Fwp%2Fv2%2Fcomments&post=1286"}],"version-history":[{"count":1,"href":"https:\/\/bozsogiattila.hu\/index.php?rest_route=\/wp\/v2\/posts\/1286\/revisions"}],"predecessor-version":[{"id":1287,"href":"https:\/\/bozsogiattila.hu\/index.php?rest_route=\/wp\/v2\/posts\/1286\/revisions\/1287"}],"wp:attachment":[{"href":"https:\/\/bozsogiattila.hu\/index.php?rest_route=%2Fwp%2Fv2%2Fmedia&parent=1286"}],"wp:term":[{"taxonomy":"category","embeddable":true,"href":"https:\/\/bozsogiattila.hu\/index.php?rest_route=%2Fwp%2Fv2%2Fcategories&post=1286"},{"taxonomy":"post_tag","embeddable":true,"href":"https:\/\/bozsogiattila.hu\/index.php?rest_route=%2Fwp%2Fv2%2Ftags&post=1286"}],"curies":[{"name":"wp","href":"https:\/\/api.w.org\/{rel}","templated":true}]}}