{"id":1290,"date":"2015-11-29T15:18:00","date_gmt":"2015-11-29T15:18:00","guid":{"rendered":"https:\/\/bozsogiattila.hu\/?p=1290"},"modified":"2024-01-10T15:19:22","modified_gmt":"2024-01-10T15:19:22","slug":"gyermekeveim-emleke","status":"publish","type":"post","link":"https:\/\/bozsogiattila.hu\/?p=1290","title":{"rendered":"GYERMEK\u00c9VEIM EML\u00c9KE!"},"content":{"rendered":"\n<p class=\"wp-block-paragraph\">GYERMEK\u00c9VEIM EML\u00c9KE!<\/p>\n\n\n\n<p class=\"wp-block-paragraph\">Esteledett, vagy este volt,<br>A k\u00e1lyh\u00e1ban, a t\u0171z pattogott.<br>K\u00f6r\u00fcl\u00fclte azt a csal\u00e1d,<br>Besz\u00e9lgettek, egyre tov\u00e1bb.<\/p>\n\n\n\n<p class=\"wp-block-paragraph\">Temett\u00e9k az elm\u00falt napot,<br>A szob\u00e1ban f\u00e9lhom\u00e1ly volt.<br>Csak a k\u00e1lyh\u00e1nak a t\u00fcze,<br>Vil\u00e1g\u00edtott annak f\u00e9nye.<\/p>\n\n\n\n<p class=\"wp-block-paragraph\">Mint kisgyermek hallgat\u00f3ztam,<br>S k\u00f6zben magamat megh\u00faztam.<br>Nem szerettem c\u00e9lpont lenni,<br>Cs\u00ednytev\u00e9sr\u0151l, besz\u00e1molni.<\/p>\n\n\n\n<p class=\"wp-block-paragraph\">N\u00e9ha k\u00e9rd\u0151n n\u00e9ztek re\u00e1m,<br>V\u00e1rt\u00e1k, hogy megny\u00edljon a sz\u00e1m.<br>Csendben vagy nagyon te gyerek,<br>Ap\u00e1m sz\u00f3lott, \u00e9s r\u00e1m n\u00e9zett.<\/p>\n\n\n\n<p class=\"wp-block-paragraph\">Nem tett\u00e9l rossz f\u00e1t a t\u0171zre,<br>K\u00e9rd\u00e9s\u00e9t nekem szegezte?<br>Nem \u00e9n mondtam, dehogy tettem,<br>Hat\u00e1rozottan feleltem.<\/p>\n\n\n\n<p class=\"wp-block-paragraph\">Biztosan elf\u00e1radt szeg\u00e9ny,<br>Nagyap\u00e1m sz\u00f3lt, engem v\u00e9dv\u00e9n.<br>K\u00f6zelebb h\u00faz\u00f3dtam hozz\u00e1,<br>Biztons\u00e1got ott tal\u00e1lv\u00e1n.<\/p>\n\n\n\n<p class=\"wp-block-paragraph\">Hagyj\u00e1tok m\u00e1r szeg\u00e9nyk\u00e9met,<br>Nagymam\u00e1m, huncutul n\u00e9zett.<br>L\u00e1tj\u00e1tok \u00e1rtatlans\u00e1g\u00e1t,<br>Olyan, mint egy kezes b\u00e1r\u00e1ny.<\/p>\n\n\n\n<p class=\"wp-block-paragraph\">Any\u00e1mnak is gyan\u00fas voltam,<br>Nem beteg t\u00e1n, hogy csendben van?<br>Ennyit mondott, s k\u00f6t\u00f6getett,<br>De cs\u00ednytev\u00e9st nem eml\u00edtett.<\/p>\n\n\n\n<p class=\"wp-block-paragraph\">B\u00fcszk\u00e9n kih\u00faztam h\u00e1t magam,<br>\u00dagy \u00e9reztem, nyert\u00fcgyem van.<br>De a felh\u0151k nem t\u0171ntek el,<br>Tornyosultak fejem felett.<\/p>\n\n\n\n<p class=\"wp-block-paragraph\">Ap\u00e1m fel\u00e1llt, s villany gy\u00fajtott,<br>Majd vissza\u00fclt, \u00e9s hallgatott.<br>S k\u00f6zben n\u0151v\u00e9remre n\u00e9zett.<br>K\u00e9rd\u0151en: &#8211; annyit k\u00e9rdezett.<\/p>\n\n\n\n<p class=\"wp-block-paragraph\">Te biztosan tudsz valamit,<br>Am\u00e9rt az \u00f6cs\u00e9d \u00fagy suny\u00edt?<br>Nem, nem, mondta, dehogy tudok,<br>Felelt, b\u00e1tortalanul ott.<\/p>\n\n\n\n<p class=\"wp-block-paragraph\">Megszeppenve, hozz\u00e1f\u0171zte,<br>S peregni kezdett a nyelve.<br>J\u00e1tszott \u00f6cs\u00e9m k\u00f6t\u00e9lt\u00e1ncost,<br>Egy nagy r\u00faddal egyens\u00falyzott.<\/p>\n\n\n\n<p class=\"wp-block-paragraph\">K\u00f6t\u00e9s\u00e9t letette any\u00e1m,<br>\u00c9s k\u00e9tked\u0151n n\u00e9zett re\u00e1m.<br>Hol v\u00e9gezted mutatv\u00e1nyod,<br>L\u00e1tom nem lett semmi bajod?<\/p>\n\n\n\n<p class=\"wp-block-paragraph\">N\u0151v\u00e9rem csillog\u00f3 szeme,<br>S sz\u00e1ja, csak azt kerepelte.<br>Fent a gerincen baktatott,<br>Nagyon \u00fcgyes, \u00e9s b\u00e1tor volt.<\/p>\n\n\n\n<p class=\"wp-block-paragraph\">Ap\u00e1m arca fak\u00f3v\u00e1 v\u00e1lt,<br>Hozz\u00e1m l\u00e9pett, \u00e9s ott csak \u00e1llt.<br>Kez\u00e9t v\u00e1llaimra tette,<br>Remegett, &#8211; de nem \u00e9rezte.<\/p>\n\n\n\n<p class=\"wp-block-paragraph\">Tudod, mit tett\u00e9l fent fiam,<br>Hogyne tudn\u00e1m, s b\u00e1tran mondtam?<br>Nem b\u00e1ntott, &#8211; de m\u00e9gis csak f\u00e1jt,<br>S most m\u00e1r \u00e9rtem aggodalm\u00e1t.<\/p>\n\n\n\n<p class=\"wp-block-paragraph\">Mak\u00f3, 2015-11-29<\/p>\n","protected":false},"excerpt":{"rendered":"<p>GYERMEK\u00c9VEIM EML\u00c9KE! Esteledett, vagy este volt,A k\u00e1lyh\u00e1ban, a t\u0171z pattogott.K\u00f6r\u00fcl\u00fclte azt a csal\u00e1d,Besz\u00e9lgettek, egyre tov\u00e1bb. Temett\u00e9k az elm\u00falt napot,A szob\u00e1ban f\u00e9lhom\u00e1ly volt.Csak a k\u00e1lyh\u00e1nak a t\u00fcze,Vil\u00e1g\u00edtott annak f\u00e9nye. Mint kisgyermek hallgat\u00f3ztam,S k\u00f6zben magamat megh\u00faztam.Nem szerettem c\u00e9lpont lenni,Cs\u00ednytev\u00e9sr\u0151l, besz\u00e1molni. N\u00e9ha k\u00e9rd\u0151n n\u00e9ztek re\u00e1m,V\u00e1rt\u00e1k, hogy megny\u00edljon a sz\u00e1m.Csendben vagy nagyon te gyerek,Ap\u00e1m sz\u00f3lott, \u00e9s r\u00e1m n\u00e9zett. Nem &#8230; <a title=\"GYERMEK\u00c9VEIM EML\u00c9KE!\" class=\"read-more\" href=\"https:\/\/bozsogiattila.hu\/?p=1290\" aria-label=\"Tov\u00e1bbiak GYERMEK\u00c9VEIM EML\u00c9KE!\">Olvass tov\u00e1bb<\/a><\/p>\n","protected":false},"author":3,"featured_media":0,"comment_status":"closed","ping_status":"open","sticky":false,"template":"","format":"standard","meta":{"footnotes":""},"categories":[4],"tags":[328,12],"class_list":["post-1290","post","type-post","status-publish","format-standard","hentry","category-versek","tag-328","tag-mako"],"yoast_head":"<!-- This site is optimized with the Yoast SEO plugin v21.8 - https:\/\/yoast.com\/wordpress\/plugins\/seo\/ -->\n<title>GYERMEK\u00c9VEIM EML\u00c9KE! - Bozsogi Attila<\/title>\n<meta name=\"robots\" content=\"index, follow, max-snippet:-1, max-image-preview:large, max-video-preview:-1\" \/>\n<link rel=\"canonical\" href=\"https:\/\/bozsogiattila.hu\/?p=1290\" \/>\n<meta property=\"og:locale\" content=\"hu_HU\" \/>\n<meta property=\"og:type\" content=\"article\" \/>\n<meta property=\"og:title\" content=\"GYERMEK\u00c9VEIM EML\u00c9KE! - Bozsogi Attila\" \/>\n<meta property=\"og:description\" content=\"GYERMEK\u00c9VEIM EML\u00c9KE! Esteledett, vagy este volt,A k\u00e1lyh\u00e1ban, a t\u0171z pattogott.K\u00f6r\u00fcl\u00fclte azt a csal\u00e1d,Besz\u00e9lgettek, egyre tov\u00e1bb. Temett\u00e9k az elm\u00falt napot,A szob\u00e1ban f\u00e9lhom\u00e1ly volt.Csak a k\u00e1lyh\u00e1nak a t\u00fcze,Vil\u00e1g\u00edtott annak f\u00e9nye. Mint kisgyermek hallgat\u00f3ztam,S k\u00f6zben magamat megh\u00faztam.Nem szerettem c\u00e9lpont lenni,Cs\u00ednytev\u00e9sr\u0151l, besz\u00e1molni. N\u00e9ha k\u00e9rd\u0151n n\u00e9ztek re\u00e1m,V\u00e1rt\u00e1k, hogy megny\u00edljon a sz\u00e1m.Csendben vagy nagyon te gyerek,Ap\u00e1m sz\u00f3lott, \u00e9s r\u00e1m n\u00e9zett. Nem ... Olvass tov\u00e1bb\" \/>\n<meta property=\"og:url\" content=\"https:\/\/bozsogiattila.hu\/?p=1290\" \/>\n<meta property=\"og:site_name\" content=\"Bozsogi Attila\" \/>\n<meta property=\"article:published_time\" content=\"2015-11-29T15:18:00+00:00\" \/>\n<meta property=\"article:modified_time\" content=\"2024-01-10T15:19:22+00:00\" \/>\n<meta name=\"author\" content=\"Bozsogi Attila\" \/>\n<meta name=\"twitter:card\" content=\"summary_large_image\" \/>\n<meta name=\"twitter:label1\" content=\"Szerz\u0151:\" \/>\n\t<meta name=\"twitter:data1\" content=\"Bozsogi Attila\" \/>\n\t<meta name=\"twitter:label2\" content=\"Becs\u00fclt olvas\u00e1si id\u0151\" \/>\n\t<meta name=\"twitter:data2\" content=\"2 perc\" \/>\n<script type=\"application\/ld+json\" class=\"yoast-schema-graph\">{\"@context\":\"https:\/\/schema.org\",\"@graph\":[{\"@type\":\"WebPage\",\"@id\":\"https:\/\/bozsogiattila.hu\/?p=1290\",\"url\":\"https:\/\/bozsogiattila.hu\/?p=1290\",\"name\":\"GYERMEK\u00c9VEIM EML\u00c9KE! - Bozsogi Attila\",\"isPartOf\":{\"@id\":\"https:\/\/bozsogiattila.hu\/#website\"},\"datePublished\":\"2015-11-29T15:18:00+00:00\",\"dateModified\":\"2024-01-10T15:19:22+00:00\",\"author\":{\"@id\":\"https:\/\/bozsogiattila.hu\/#\/schema\/person\/488c99f554a8c4039201260dd5eb795e\"},\"breadcrumb\":{\"@id\":\"https:\/\/bozsogiattila.hu\/?p=1290#breadcrumb\"},\"inLanguage\":\"hu\",\"potentialAction\":[{\"@type\":\"ReadAction\",\"target\":[\"https:\/\/bozsogiattila.hu\/?p=1290\"]}]},{\"@type\":\"BreadcrumbList\",\"@id\":\"https:\/\/bozsogiattila.hu\/?p=1290#breadcrumb\",\"itemListElement\":[{\"@type\":\"ListItem\",\"position\":1,\"name\":\"Kezd\u0151lap\",\"item\":\"https:\/\/bozsogiattila.hu\/\"},{\"@type\":\"ListItem\",\"position\":2,\"name\":\"GYERMEK\u00c9VEIM EML\u00c9KE!\"}]},{\"@type\":\"WebSite\",\"@id\":\"https:\/\/bozsogiattila.hu\/#website\",\"url\":\"https:\/\/bozsogiattila.hu\/\",\"name\":\"Bozsogi Attila\",\"description\":\"a zen\u00e9sz, \u00edr\u00f3 munk\u00e1ss\u00e1g\u00e1nak \u00e9s a mak\u00f3i muzsikusok eml\u00e9k\u00e9t \u0151rz\u0151 oldal\",\"potentialAction\":[{\"@type\":\"SearchAction\",\"target\":{\"@type\":\"EntryPoint\",\"urlTemplate\":\"https:\/\/bozsogiattila.hu\/?s={search_term_string}\"},\"query-input\":\"required name=search_term_string\"}],\"inLanguage\":\"hu\"},{\"@type\":\"Person\",\"@id\":\"https:\/\/bozsogiattila.hu\/#\/schema\/person\/488c99f554a8c4039201260dd5eb795e\",\"name\":\"Bozsogi Attila\",\"image\":{\"@type\":\"ImageObject\",\"inLanguage\":\"hu\",\"@id\":\"https:\/\/bozsogiattila.hu\/#\/schema\/person\/image\/\",\"url\":\"https:\/\/secure.gravatar.com\/avatar\/7da6b5985e34ed798d1670c54ce7d20e6a53b800bb0c07945c64b09392f3dbfd?s=96&d=mm&r=g\",\"contentUrl\":\"https:\/\/secure.gravatar.com\/avatar\/7da6b5985e34ed798d1670c54ce7d20e6a53b800bb0c07945c64b09392f3dbfd?s=96&d=mm&r=g\",\"caption\":\"Bozsogi Attila\"},\"sameAs\":[\"http:\/\/www.boszogiattila.hu\"],\"url\":\"https:\/\/bozsogiattila.hu\/?author=3\"}]}<\/script>\n<!-- \/ Yoast SEO plugin. -->","yoast_head_json":{"title":"GYERMEK\u00c9VEIM EML\u00c9KE! - Bozsogi Attila","robots":{"index":"index","follow":"follow","max-snippet":"max-snippet:-1","max-image-preview":"max-image-preview:large","max-video-preview":"max-video-preview:-1"},"canonical":"https:\/\/bozsogiattila.hu\/?p=1290","og_locale":"hu_HU","og_type":"article","og_title":"GYERMEK\u00c9VEIM EML\u00c9KE! - Bozsogi Attila","og_description":"GYERMEK\u00c9VEIM EML\u00c9KE! Esteledett, vagy este volt,A k\u00e1lyh\u00e1ban, a t\u0171z pattogott.K\u00f6r\u00fcl\u00fclte azt a csal\u00e1d,Besz\u00e9lgettek, egyre tov\u00e1bb. Temett\u00e9k az elm\u00falt napot,A szob\u00e1ban f\u00e9lhom\u00e1ly volt.Csak a k\u00e1lyh\u00e1nak a t\u00fcze,Vil\u00e1g\u00edtott annak f\u00e9nye. Mint kisgyermek hallgat\u00f3ztam,S k\u00f6zben magamat megh\u00faztam.Nem szerettem c\u00e9lpont lenni,Cs\u00ednytev\u00e9sr\u0151l, besz\u00e1molni. N\u00e9ha k\u00e9rd\u0151n n\u00e9ztek re\u00e1m,V\u00e1rt\u00e1k, hogy megny\u00edljon a sz\u00e1m.Csendben vagy nagyon te gyerek,Ap\u00e1m sz\u00f3lott, \u00e9s r\u00e1m n\u00e9zett. Nem ... Olvass tov\u00e1bb","og_url":"https:\/\/bozsogiattila.hu\/?p=1290","og_site_name":"Bozsogi Attila","article_published_time":"2015-11-29T15:18:00+00:00","article_modified_time":"2024-01-10T15:19:22+00:00","author":"Bozsogi Attila","twitter_card":"summary_large_image","twitter_misc":{"Szerz\u0151:":"Bozsogi Attila","Becs\u00fclt olvas\u00e1si id\u0151":"2 perc"},"schema":{"@context":"https:\/\/schema.org","@graph":[{"@type":"WebPage","@id":"https:\/\/bozsogiattila.hu\/?p=1290","url":"https:\/\/bozsogiattila.hu\/?p=1290","name":"GYERMEK\u00c9VEIM EML\u00c9KE! - Bozsogi Attila","isPartOf":{"@id":"https:\/\/bozsogiattila.hu\/#website"},"datePublished":"2015-11-29T15:18:00+00:00","dateModified":"2024-01-10T15:19:22+00:00","author":{"@id":"https:\/\/bozsogiattila.hu\/#\/schema\/person\/488c99f554a8c4039201260dd5eb795e"},"breadcrumb":{"@id":"https:\/\/bozsogiattila.hu\/?p=1290#breadcrumb"},"inLanguage":"hu","potentialAction":[{"@type":"ReadAction","target":["https:\/\/bozsogiattila.hu\/?p=1290"]}]},{"@type":"BreadcrumbList","@id":"https:\/\/bozsogiattila.hu\/?p=1290#breadcrumb","itemListElement":[{"@type":"ListItem","position":1,"name":"Kezd\u0151lap","item":"https:\/\/bozsogiattila.hu\/"},{"@type":"ListItem","position":2,"name":"GYERMEK\u00c9VEIM EML\u00c9KE!"}]},{"@type":"WebSite","@id":"https:\/\/bozsogiattila.hu\/#website","url":"https:\/\/bozsogiattila.hu\/","name":"Bozsogi Attila","description":"a zen\u00e9sz, \u00edr\u00f3 munk\u00e1ss\u00e1g\u00e1nak \u00e9s a mak\u00f3i muzsikusok eml\u00e9k\u00e9t \u0151rz\u0151 oldal","potentialAction":[{"@type":"SearchAction","target":{"@type":"EntryPoint","urlTemplate":"https:\/\/bozsogiattila.hu\/?s={search_term_string}"},"query-input":"required name=search_term_string"}],"inLanguage":"hu"},{"@type":"Person","@id":"https:\/\/bozsogiattila.hu\/#\/schema\/person\/488c99f554a8c4039201260dd5eb795e","name":"Bozsogi Attila","image":{"@type":"ImageObject","inLanguage":"hu","@id":"https:\/\/bozsogiattila.hu\/#\/schema\/person\/image\/","url":"https:\/\/secure.gravatar.com\/avatar\/7da6b5985e34ed798d1670c54ce7d20e6a53b800bb0c07945c64b09392f3dbfd?s=96&d=mm&r=g","contentUrl":"https:\/\/secure.gravatar.com\/avatar\/7da6b5985e34ed798d1670c54ce7d20e6a53b800bb0c07945c64b09392f3dbfd?s=96&d=mm&r=g","caption":"Bozsogi Attila"},"sameAs":["http:\/\/www.boszogiattila.hu"],"url":"https:\/\/bozsogiattila.hu\/?author=3"}]}},"jetpack_featured_media_url":"","_links":{"self":[{"href":"https:\/\/bozsogiattila.hu\/index.php?rest_route=\/wp\/v2\/posts\/1290","targetHints":{"allow":["GET"]}}],"collection":[{"href":"https:\/\/bozsogiattila.hu\/index.php?rest_route=\/wp\/v2\/posts"}],"about":[{"href":"https:\/\/bozsogiattila.hu\/index.php?rest_route=\/wp\/v2\/types\/post"}],"author":[{"embeddable":true,"href":"https:\/\/bozsogiattila.hu\/index.php?rest_route=\/wp\/v2\/users\/3"}],"replies":[{"embeddable":true,"href":"https:\/\/bozsogiattila.hu\/index.php?rest_route=%2Fwp%2Fv2%2Fcomments&post=1290"}],"version-history":[{"count":1,"href":"https:\/\/bozsogiattila.hu\/index.php?rest_route=\/wp\/v2\/posts\/1290\/revisions"}],"predecessor-version":[{"id":1291,"href":"https:\/\/bozsogiattila.hu\/index.php?rest_route=\/wp\/v2\/posts\/1290\/revisions\/1291"}],"wp:attachment":[{"href":"https:\/\/bozsogiattila.hu\/index.php?rest_route=%2Fwp%2Fv2%2Fmedia&parent=1290"}],"wp:term":[{"taxonomy":"category","embeddable":true,"href":"https:\/\/bozsogiattila.hu\/index.php?rest_route=%2Fwp%2Fv2%2Fcategories&post=1290"},{"taxonomy":"post_tag","embeddable":true,"href":"https:\/\/bozsogiattila.hu\/index.php?rest_route=%2Fwp%2Fv2%2Ftags&post=1290"}],"curies":[{"name":"wp","href":"https:\/\/api.w.org\/{rel}","templated":true}]}}