{"id":1296,"date":"2020-03-20T15:21:00","date_gmt":"2020-03-20T15:21:00","guid":{"rendered":"https:\/\/bozsogiattila.hu\/?p=1296"},"modified":"2024-01-10T15:22:39","modified_gmt":"2024-01-10T15:22:39","slug":"hol-vagy-isten","status":"publish","type":"post","link":"https:\/\/bozsogiattila.hu\/?p=1296","title":{"rendered":"HOL VAGY ISTEN?"},"content":{"rendered":"\n<p class=\"wp-block-paragraph\">HOL VAGY ISTEN?<\/p>\n\n\n\n<p class=\"wp-block-paragraph\">K\u00e9nyszerfogs\u00e1gban \u00fccs\u00f6rg\u00f6k,<br>Ha elmegyek maszkot \u00f6lt\u00f6k.<br>Gondolkodom, mint oly sokszor.<br>Emberekr\u0151l-, a vil\u00e1gr\u00f3l.<\/p>\n\n\n\n<p class=\"wp-block-paragraph\">Eszembe jut, most Auswicz,<br>Vil\u00e1g\u00e9g\u00e9s-, hal\u00e1los k\u00edn.<br>Emberirt\u00e1s, \u00e9s gy\u00f6trelem,<br>Emberis\u00e9gnek nagy sz\u00e9gyen.<\/p>\n\n\n\n<p class=\"wp-block-paragraph\">Isten kiv\u00e1lasztott n\u00e9pe,<br>Lett ekkor megtizedelve.<br>M\u00e9rt engedted, mi\u00e9rt n\u00e9zted,<br>E k\u00e9rd\u00e9sek \u00e9lnek bennem?<\/p>\n\n\n\n<p class=\"wp-block-paragraph\">Kereszt\u00e9nyirt\u00e1s, \u00f6ld\u00f6kl\u00e9s,<br>Inkviz\u00edci\u00f3k idej\u00e9n.<br>Vil\u00e1gh\u00e1bor\u00fak borzalma,<br>Hal\u00e1loszt\u00e1s sokas\u00e1ga.<\/p>\n\n\n\n<p class=\"wp-block-paragraph\">Harcok idej\u00e9n a papok,<br>A hit\u00fckben k\u00e9pmutat\u00f3k.<br>\u00c1ld\u00e1st adtak fegyverekre,<br>A kegyetlen seregekre.<\/p>\n\n\n\n<p class=\"wp-block-paragraph\">Ily gondolatok gy\u00f6t\u00f6rnek,<br>Melyekt\u0151l az agyam l\u00fcktet.<br>V\u00e1laszt v\u00e1rn\u00e9k mind ezekre,<br>M\u00falt id\u0151kbe visszat\u00e9rve.<\/p>\n\n\n\n<p class=\"wp-block-paragraph\">Szemem el\u0151tt boszork\u00e1nyper,<br>Pap \u00edt\u00e9let, szigor, s r\u00e9mek.<br>M\u00e1glyahal\u00e1l k\u00ednszenved\u00e9s,<br>Elevenen el\u00e9get\u00e9s.<\/p>\n\n\n\n<p class=\"wp-block-paragraph\">Isten mindezt fentr\u0151l n\u00e9zte,<br>Mit szolg\u00e1i v\u00e9ghez vittek.<br>Nem g\u00e1tolta gaztetteket,<br>Hol volt ekkor, hol lehetett.<\/p>\n\n\n\n<p class=\"wp-block-paragraph\">K\u00e9nyszerfogs\u00e1gban \u00fccs\u00f6rg\u00f6k,<br>V\u00e9dekezem maszkot \u00f6lt\u00f6k.<br>A vil\u00e1gnak retteg\u00e9se,<br>Szeg\u00e9ny, \u00e9s gazdag r\u00e9ms\u00e9ge.<\/p>\n\n\n\n<p class=\"wp-block-paragraph\">Koronav\u00edrus most t\u00e1mad,<br>Nincs kiv\u00e9tel, egyszer lecsap.<br>Rohamosan terjeszkedik,<br>\u00c9s k\u00edm\u00e9letlen\u00fcl puszt\u00edt.<\/p>\n\n\n\n<p class=\"wp-block-paragraph\">Hol vagy Isten, hov\u00e1 b\u00fajt\u00e1l,<br>Mi\u00e9rt n\u00e9zed a puszt\u00edt\u00e1st?<br>Seg\u00edtened k\u00e9ne tal\u00e1n,<br>Ne n\u00e9zd, hogy pusztul a vil\u00e1g.<\/p>\n\n\n\n<p class=\"wp-block-paragraph\">Pr\u00f3bat\u00e9telr\u0151l papjaid,<br>Ne sz\u00f3ljanak a szavaik.<br>R\u00e9gen csak err\u0151l reg\u00e9lnek,<br>Hazudnak az embereknek.<\/p>\n\n\n\n<p class=\"wp-block-paragraph\">A fiad is meg\u00f6letted,<br>\u00c9s keresztre fesz\u00edttetted.<br>Megv\u00e1ltotta a vil\u00e1got,<br>Nem volt el\u00e9g-, m\u00e9rt haragod?<\/p>\n\n\n\n<p class=\"wp-block-paragraph\">Elv\u00e1rod a foh\u00e1szokat,<br>\u00c9s, hogy Hozsann\u00e1t mondjanak.<br>K\u00f6zben a v\u00edrus meg terjed,<br>Seg\u00edtsd h\u00e1t az embereket.<\/p>\n\n\n\n<p class=\"wp-block-paragraph\">Egyszer mutasd meg m\u00e1r v\u00e9gre,<br>Vall\u00e1snak is van \u00e9rt\u00e9ke.<br>Templomokban im\u00e1dkoznak,<br>Vedd \u00e9szre-, hogy benned b\u00edznak.<\/p>\n\n\n\n<p class=\"wp-block-paragraph\">Sajnos \u00e9n m\u00e1st nem mondhatok,<br>Ne hagyj\u00e1tok el az otthont.<br>Elj\u00f6n egyszer a forr\u00f3 ny\u00e1r,<br>Koronav\u00edrusnak hal\u00e1l!<\/p>\n\n\n\n<p class=\"wp-block-paragraph\">Mak\u00f3, 2020-03-20<\/p>\n","protected":false},"excerpt":{"rendered":"<p>HOL VAGY ISTEN? K\u00e9nyszerfogs\u00e1gban \u00fccs\u00f6rg\u00f6k,Ha elmegyek maszkot \u00f6lt\u00f6k.Gondolkodom, mint oly sokszor.Emberekr\u0151l-, a vil\u00e1gr\u00f3l. Eszembe jut, most Auswicz,Vil\u00e1g\u00e9g\u00e9s-, hal\u00e1los k\u00edn.Emberirt\u00e1s, \u00e9s gy\u00f6trelem,Emberis\u00e9gnek nagy sz\u00e9gyen. Isten kiv\u00e1lasztott n\u00e9pe,Lett ekkor megtizedelve.M\u00e9rt engedted, mi\u00e9rt n\u00e9zted,E k\u00e9rd\u00e9sek \u00e9lnek bennem? Kereszt\u00e9nyirt\u00e1s, \u00f6ld\u00f6kl\u00e9s,Inkviz\u00edci\u00f3k idej\u00e9n.Vil\u00e1gh\u00e1bor\u00fak borzalma,Hal\u00e1loszt\u00e1s sokas\u00e1ga. Harcok idej\u00e9n a papok,A hit\u00fckben k\u00e9pmutat\u00f3k.\u00c1ld\u00e1st adtak fegyverekre,A kegyetlen seregekre. Ily gondolatok gy\u00f6t\u00f6rnek,Melyekt\u0151l az agyam l\u00fcktet.V\u00e1laszt &#8230; <a title=\"HOL VAGY ISTEN?\" class=\"read-more\" href=\"https:\/\/bozsogiattila.hu\/?p=1296\" aria-label=\"Tov\u00e1bbiak HOL VAGY ISTEN?\">Olvass tov\u00e1bb<\/a><\/p>\n","protected":false},"author":3,"featured_media":0,"comment_status":"closed","ping_status":"open","sticky":false,"template":"","format":"standard","meta":{"footnotes":""},"categories":[1],"tags":[321,329,12],"class_list":["post-1296","post","type-post","status-publish","format-standard","hentry","category-uncategorized","tag-321","tag-covid","tag-mako"],"yoast_head":"<!-- This site is optimized with the Yoast SEO plugin v21.8 - https:\/\/yoast.com\/wordpress\/plugins\/seo\/ -->\n<title>HOL VAGY ISTEN? - Bozsogi Attila<\/title>\n<meta name=\"robots\" content=\"index, follow, max-snippet:-1, max-image-preview:large, max-video-preview:-1\" \/>\n<link rel=\"canonical\" href=\"https:\/\/bozsogiattila.hu\/?p=1296\" \/>\n<meta property=\"og:locale\" content=\"hu_HU\" \/>\n<meta property=\"og:type\" content=\"article\" \/>\n<meta property=\"og:title\" content=\"HOL VAGY ISTEN? - Bozsogi Attila\" \/>\n<meta property=\"og:description\" content=\"HOL VAGY ISTEN? K\u00e9nyszerfogs\u00e1gban \u00fccs\u00f6rg\u00f6k,Ha elmegyek maszkot \u00f6lt\u00f6k.Gondolkodom, mint oly sokszor.Emberekr\u0151l-, a vil\u00e1gr\u00f3l. Eszembe jut, most Auswicz,Vil\u00e1g\u00e9g\u00e9s-, hal\u00e1los k\u00edn.Emberirt\u00e1s, \u00e9s gy\u00f6trelem,Emberis\u00e9gnek nagy sz\u00e9gyen. Isten kiv\u00e1lasztott n\u00e9pe,Lett ekkor megtizedelve.M\u00e9rt engedted, mi\u00e9rt n\u00e9zted,E k\u00e9rd\u00e9sek \u00e9lnek bennem? Kereszt\u00e9nyirt\u00e1s, \u00f6ld\u00f6kl\u00e9s,Inkviz\u00edci\u00f3k idej\u00e9n.Vil\u00e1gh\u00e1bor\u00fak borzalma,Hal\u00e1loszt\u00e1s sokas\u00e1ga. Harcok idej\u00e9n a papok,A hit\u00fckben k\u00e9pmutat\u00f3k.\u00c1ld\u00e1st adtak fegyverekre,A kegyetlen seregekre. Ily gondolatok gy\u00f6t\u00f6rnek,Melyekt\u0151l az agyam l\u00fcktet.V\u00e1laszt ... Olvass tov\u00e1bb\" \/>\n<meta property=\"og:url\" content=\"https:\/\/bozsogiattila.hu\/?p=1296\" \/>\n<meta property=\"og:site_name\" content=\"Bozsogi Attila\" \/>\n<meta property=\"article:published_time\" content=\"2020-03-20T15:21:00+00:00\" \/>\n<meta property=\"article:modified_time\" content=\"2024-01-10T15:22:39+00:00\" \/>\n<meta name=\"author\" content=\"Bozsogi Attila\" \/>\n<meta name=\"twitter:card\" content=\"summary_large_image\" \/>\n<meta name=\"twitter:label1\" content=\"Szerz\u0151:\" \/>\n\t<meta name=\"twitter:data1\" content=\"Bozsogi Attila\" \/>\n\t<meta name=\"twitter:label2\" content=\"Becs\u00fclt olvas\u00e1si id\u0151\" \/>\n\t<meta name=\"twitter:data2\" content=\"2 perc\" \/>\n<script type=\"application\/ld+json\" class=\"yoast-schema-graph\">{\"@context\":\"https:\/\/schema.org\",\"@graph\":[{\"@type\":\"WebPage\",\"@id\":\"https:\/\/bozsogiattila.hu\/?p=1296\",\"url\":\"https:\/\/bozsogiattila.hu\/?p=1296\",\"name\":\"HOL VAGY ISTEN? - Bozsogi Attila\",\"isPartOf\":{\"@id\":\"https:\/\/bozsogiattila.hu\/#website\"},\"datePublished\":\"2020-03-20T15:21:00+00:00\",\"dateModified\":\"2024-01-10T15:22:39+00:00\",\"author\":{\"@id\":\"https:\/\/bozsogiattila.hu\/#\/schema\/person\/488c99f554a8c4039201260dd5eb795e\"},\"breadcrumb\":{\"@id\":\"https:\/\/bozsogiattila.hu\/?p=1296#breadcrumb\"},\"inLanguage\":\"hu\",\"potentialAction\":[{\"@type\":\"ReadAction\",\"target\":[\"https:\/\/bozsogiattila.hu\/?p=1296\"]}]},{\"@type\":\"BreadcrumbList\",\"@id\":\"https:\/\/bozsogiattila.hu\/?p=1296#breadcrumb\",\"itemListElement\":[{\"@type\":\"ListItem\",\"position\":1,\"name\":\"Kezd\u0151lap\",\"item\":\"https:\/\/bozsogiattila.hu\/\"},{\"@type\":\"ListItem\",\"position\":2,\"name\":\"HOL VAGY ISTEN?\"}]},{\"@type\":\"WebSite\",\"@id\":\"https:\/\/bozsogiattila.hu\/#website\",\"url\":\"https:\/\/bozsogiattila.hu\/\",\"name\":\"Bozsogi Attila\",\"description\":\"a zen\u00e9sz, \u00edr\u00f3 munk\u00e1ss\u00e1g\u00e1nak \u00e9s a mak\u00f3i muzsikusok eml\u00e9k\u00e9t \u0151rz\u0151 oldal\",\"potentialAction\":[{\"@type\":\"SearchAction\",\"target\":{\"@type\":\"EntryPoint\",\"urlTemplate\":\"https:\/\/bozsogiattila.hu\/?s={search_term_string}\"},\"query-input\":\"required name=search_term_string\"}],\"inLanguage\":\"hu\"},{\"@type\":\"Person\",\"@id\":\"https:\/\/bozsogiattila.hu\/#\/schema\/person\/488c99f554a8c4039201260dd5eb795e\",\"name\":\"Bozsogi Attila\",\"image\":{\"@type\":\"ImageObject\",\"inLanguage\":\"hu\",\"@id\":\"https:\/\/bozsogiattila.hu\/#\/schema\/person\/image\/\",\"url\":\"https:\/\/secure.gravatar.com\/avatar\/7da6b5985e34ed798d1670c54ce7d20e6a53b800bb0c07945c64b09392f3dbfd?s=96&d=mm&r=g\",\"contentUrl\":\"https:\/\/secure.gravatar.com\/avatar\/7da6b5985e34ed798d1670c54ce7d20e6a53b800bb0c07945c64b09392f3dbfd?s=96&d=mm&r=g\",\"caption\":\"Bozsogi Attila\"},\"sameAs\":[\"http:\/\/www.boszogiattila.hu\"],\"url\":\"https:\/\/bozsogiattila.hu\/?author=3\"}]}<\/script>\n<!-- \/ Yoast SEO plugin. -->","yoast_head_json":{"title":"HOL VAGY ISTEN? - Bozsogi Attila","robots":{"index":"index","follow":"follow","max-snippet":"max-snippet:-1","max-image-preview":"max-image-preview:large","max-video-preview":"max-video-preview:-1"},"canonical":"https:\/\/bozsogiattila.hu\/?p=1296","og_locale":"hu_HU","og_type":"article","og_title":"HOL VAGY ISTEN? - Bozsogi Attila","og_description":"HOL VAGY ISTEN? K\u00e9nyszerfogs\u00e1gban \u00fccs\u00f6rg\u00f6k,Ha elmegyek maszkot \u00f6lt\u00f6k.Gondolkodom, mint oly sokszor.Emberekr\u0151l-, a vil\u00e1gr\u00f3l. Eszembe jut, most Auswicz,Vil\u00e1g\u00e9g\u00e9s-, hal\u00e1los k\u00edn.Emberirt\u00e1s, \u00e9s gy\u00f6trelem,Emberis\u00e9gnek nagy sz\u00e9gyen. Isten kiv\u00e1lasztott n\u00e9pe,Lett ekkor megtizedelve.M\u00e9rt engedted, mi\u00e9rt n\u00e9zted,E k\u00e9rd\u00e9sek \u00e9lnek bennem? Kereszt\u00e9nyirt\u00e1s, \u00f6ld\u00f6kl\u00e9s,Inkviz\u00edci\u00f3k idej\u00e9n.Vil\u00e1gh\u00e1bor\u00fak borzalma,Hal\u00e1loszt\u00e1s sokas\u00e1ga. Harcok idej\u00e9n a papok,A hit\u00fckben k\u00e9pmutat\u00f3k.\u00c1ld\u00e1st adtak fegyverekre,A kegyetlen seregekre. Ily gondolatok gy\u00f6t\u00f6rnek,Melyekt\u0151l az agyam l\u00fcktet.V\u00e1laszt ... Olvass tov\u00e1bb","og_url":"https:\/\/bozsogiattila.hu\/?p=1296","og_site_name":"Bozsogi Attila","article_published_time":"2020-03-20T15:21:00+00:00","article_modified_time":"2024-01-10T15:22:39+00:00","author":"Bozsogi Attila","twitter_card":"summary_large_image","twitter_misc":{"Szerz\u0151:":"Bozsogi Attila","Becs\u00fclt olvas\u00e1si id\u0151":"2 perc"},"schema":{"@context":"https:\/\/schema.org","@graph":[{"@type":"WebPage","@id":"https:\/\/bozsogiattila.hu\/?p=1296","url":"https:\/\/bozsogiattila.hu\/?p=1296","name":"HOL VAGY ISTEN? - Bozsogi Attila","isPartOf":{"@id":"https:\/\/bozsogiattila.hu\/#website"},"datePublished":"2020-03-20T15:21:00+00:00","dateModified":"2024-01-10T15:22:39+00:00","author":{"@id":"https:\/\/bozsogiattila.hu\/#\/schema\/person\/488c99f554a8c4039201260dd5eb795e"},"breadcrumb":{"@id":"https:\/\/bozsogiattila.hu\/?p=1296#breadcrumb"},"inLanguage":"hu","potentialAction":[{"@type":"ReadAction","target":["https:\/\/bozsogiattila.hu\/?p=1296"]}]},{"@type":"BreadcrumbList","@id":"https:\/\/bozsogiattila.hu\/?p=1296#breadcrumb","itemListElement":[{"@type":"ListItem","position":1,"name":"Kezd\u0151lap","item":"https:\/\/bozsogiattila.hu\/"},{"@type":"ListItem","position":2,"name":"HOL VAGY ISTEN?"}]},{"@type":"WebSite","@id":"https:\/\/bozsogiattila.hu\/#website","url":"https:\/\/bozsogiattila.hu\/","name":"Bozsogi Attila","description":"a zen\u00e9sz, \u00edr\u00f3 munk\u00e1ss\u00e1g\u00e1nak \u00e9s a mak\u00f3i muzsikusok eml\u00e9k\u00e9t \u0151rz\u0151 oldal","potentialAction":[{"@type":"SearchAction","target":{"@type":"EntryPoint","urlTemplate":"https:\/\/bozsogiattila.hu\/?s={search_term_string}"},"query-input":"required name=search_term_string"}],"inLanguage":"hu"},{"@type":"Person","@id":"https:\/\/bozsogiattila.hu\/#\/schema\/person\/488c99f554a8c4039201260dd5eb795e","name":"Bozsogi Attila","image":{"@type":"ImageObject","inLanguage":"hu","@id":"https:\/\/bozsogiattila.hu\/#\/schema\/person\/image\/","url":"https:\/\/secure.gravatar.com\/avatar\/7da6b5985e34ed798d1670c54ce7d20e6a53b800bb0c07945c64b09392f3dbfd?s=96&d=mm&r=g","contentUrl":"https:\/\/secure.gravatar.com\/avatar\/7da6b5985e34ed798d1670c54ce7d20e6a53b800bb0c07945c64b09392f3dbfd?s=96&d=mm&r=g","caption":"Bozsogi Attila"},"sameAs":["http:\/\/www.boszogiattila.hu"],"url":"https:\/\/bozsogiattila.hu\/?author=3"}]}},"jetpack_featured_media_url":"","_links":{"self":[{"href":"https:\/\/bozsogiattila.hu\/index.php?rest_route=\/wp\/v2\/posts\/1296","targetHints":{"allow":["GET"]}}],"collection":[{"href":"https:\/\/bozsogiattila.hu\/index.php?rest_route=\/wp\/v2\/posts"}],"about":[{"href":"https:\/\/bozsogiattila.hu\/index.php?rest_route=\/wp\/v2\/types\/post"}],"author":[{"embeddable":true,"href":"https:\/\/bozsogiattila.hu\/index.php?rest_route=\/wp\/v2\/users\/3"}],"replies":[{"embeddable":true,"href":"https:\/\/bozsogiattila.hu\/index.php?rest_route=%2Fwp%2Fv2%2Fcomments&post=1296"}],"version-history":[{"count":1,"href":"https:\/\/bozsogiattila.hu\/index.php?rest_route=\/wp\/v2\/posts\/1296\/revisions"}],"predecessor-version":[{"id":1297,"href":"https:\/\/bozsogiattila.hu\/index.php?rest_route=\/wp\/v2\/posts\/1296\/revisions\/1297"}],"wp:attachment":[{"href":"https:\/\/bozsogiattila.hu\/index.php?rest_route=%2Fwp%2Fv2%2Fmedia&parent=1296"}],"wp:term":[{"taxonomy":"category","embeddable":true,"href":"https:\/\/bozsogiattila.hu\/index.php?rest_route=%2Fwp%2Fv2%2Fcategories&post=1296"},{"taxonomy":"post_tag","embeddable":true,"href":"https:\/\/bozsogiattila.hu\/index.php?rest_route=%2Fwp%2Fv2%2Ftags&post=1296"}],"curies":[{"name":"wp","href":"https:\/\/api.w.org\/{rel}","templated":true}]}}