{"id":1310,"date":"2015-09-14T15:29:00","date_gmt":"2015-09-14T15:29:00","guid":{"rendered":"https:\/\/bozsogiattila.hu\/?p=1310"},"modified":"2024-01-10T16:11:57","modified_gmt":"2024-01-10T16:11:57","slug":"lango-emlekhaz","status":"publish","type":"post","link":"https:\/\/bozsogiattila.hu\/?p=1310","title":{"rendered":"LANG\u00d3 EML\u00c9KH\u00c1Z"},"content":{"rendered":"\n<p class=\"wp-block-paragraph\">LANG\u00d3 EML\u00c9KH\u00c1Z<\/p>\n\n\n\n<p class=\"wp-block-paragraph\">\u00d6sszefogott Ap\u00e1tfalva,<br>\u00d6regje \u00e9s fiatalja.<br>Eml\u00e9kh\u00e1znak gy\u0171jt\u00f6gettek,<br>R\u00e9gis\u00e9get, erekly\u00e9ket.<\/p>\n\n\n\n<p class=\"wp-block-paragraph\">Lang\u00f3 csal\u00e1dnak a h\u00e1za,<br>Lett a falu m\u00fazeuma.<br>Hirdeti a piact\u00e9ren,<br>(A) falu m\u00faltj\u00e1t b\u00fcszkes\u00e9gben.<\/p>\n\n\n\n<p class=\"wp-block-paragraph\">(A) polg\u00e1rmester besz\u00e9d\u00e9be\u2019,<br>J\u00f3 \u00f6tletk\u00e9nt \u00e9rt\u00e9kelte.<br>(A) pl\u00e9b\u00e1nos \u00far felszentelte,<br>S az avat\u00e1st \u00fcnnepelte.<\/p>\n\n\n\n<p class=\"wp-block-paragraph\">(A) vend\u00e9geket m\u0171sor v\u00e1rta,<br>S mosolyt var\u00e1zsolt arcokra.<br>Tekintetek f\u00e9nyl\u0151k voltak,<br>Boldogs\u00e1gr\u00f3l tan\u00faskodtak.<\/p>\n\n\n\n<p class=\"wp-block-paragraph\">Turista, ha arra t\u00e9ved,<br>A falura eml\u00e9kezhet.<br>L\u00e1thatja egykor, hogy \u00e9ltek,<br>R\u00e9gi korban az emberek.<\/p>\n\n\n\n<p class=\"wp-block-paragraph\">Tisztaszoba vetett \u00e1gyak,<br>D\u00edszes p\u00e1rn\u00e1k, slingelt t\u00e1rgyak.<br>Boglyakemence padk\u00e1val,<br>Hamuvon\u00f3, piszkaf\u00e1val.<\/p>\n\n\n\n<p class=\"wp-block-paragraph\">M\u00edves karnis, \u00f3sdi f\u00fcgg\u00f6ny,<br>Ami r\u00e9g volt, s ma is \u00f6r\u00f6m.<br>A l\u00e1tv\u00e1nya lebilincsel,<br>(Az) \u00e9rt\u00e9ke, felfel\u00e9 \u00edvel.<\/p>\n\n\n\n<p class=\"wp-block-paragraph\">H\u00fasos fatekn\u0151, s ed\u00e9nyek,<br>M\u00e1ra m\u00e1r mind r\u00e9gis\u00e9gek,<br>A zom\u00e1ncuk csak \u00fagy ragyog,<br>Ahogy egykor voltak azok.<\/p>\n\n\n\n<p class=\"wp-block-paragraph\">Nagyany\u00e1ink konyh\u00e1j\u00e1ban,<br>Mind ott voltak, sz\u00e9pen sorban.<br>A csal\u00e1dok \u00f6r\u00f6k\u00f6lt\u00e9k,<br>Mint eml\u00e9ket megbecs\u00fclt\u00e9k.<\/p>\n\n\n\n<p class=\"wp-block-paragraph\">M\u00e1s helys\u00e9gben Krisztus szobor,<br>\u00c9s sok szentk\u00e9p elvar\u00e1zsol.<br>(A) katolikus falu n\u00e9pe,<br>Eml\u00e9kezik az \u0151s\u00f6kre.<\/p>\n\n\n\n<p class=\"wp-block-paragraph\">Az eml\u00e9kh\u00e1z szob\u00e1iba\u2019,<br>Visszat\u00e9r\u00fcnk a m\u00falt\u00fankba.<br>S meg\u00e1llunk egy pillanatra,<br>Mintha az id\u0151 is \u00e1llna.<\/p>\n\n\n\n<p class=\"wp-block-paragraph\">Betekint\u00fcnk a kamr\u00e1ba,<br>Kolb\u00e1sz l\u00f3g ott, \u00e9s szalonna.<br>F\u00f6ldes kamra felm\u00e1zolva,<br>\u00cdgy volt az a m\u00falt sz\u00e1zadba\u2019.<\/p>\n\n\n\n<p class=\"wp-block-paragraph\">B\u00e9res lak\u00e1s az udvarban,<br>Priccs \u00e9s subl\u00f3t, \u00e1ll mag\u00e1ban.<br>Kiss\u00e9 arr\u00e1bb parasztszek\u00e9r,<br>Pomp\u00e1s hint\u00f3, \u00fari eml\u00e9k.<\/p>\n\n\n\n<p class=\"wp-block-paragraph\">Esteledett harang kongat,<br>Vacsor\u00e1ra az h\u00edvogat.<br>(A) megh\u00edvott vend\u00e9gek sora,<br>Igyekszik a Kult\u00farh\u00e1zba.<\/p>\n\n\n\n<p class=\"wp-block-paragraph\">Marhap\u00f6rk\u00f6lt, s\u00fctem\u00e9nyek,<br>\u00c9s megannyi finom \u00e9tek.<br>Szilvap\u00e1linka, v\u00f6r\u00f6sbor,<br>Seg\u00edtett a hangulatkor.<\/p>\n\n\n\n<p class=\"wp-block-paragraph\">Szent Lacinak a band\u00e1ja,<br>Lakodalmas zen\u00e9t h\u00fazta.<br>Boldog volt ki ott lehetett,<br>R\u00e9szesek\u00e9nt az \u00fcnnepnek.<\/p>\n\n\n\n<p class=\"wp-block-paragraph\">Mak\u00f3, 2015-09-14<\/p>\n","protected":false},"excerpt":{"rendered":"<p>LANG\u00d3 EML\u00c9KH\u00c1Z \u00d6sszefogott Ap\u00e1tfalva,\u00d6regje \u00e9s fiatalja.Eml\u00e9kh\u00e1znak gy\u0171jt\u00f6gettek,R\u00e9gis\u00e9get, erekly\u00e9ket. Lang\u00f3 csal\u00e1dnak a h\u00e1za,Lett a falu m\u00fazeuma.Hirdeti a piact\u00e9ren,(A) falu m\u00faltj\u00e1t b\u00fcszkes\u00e9gben. (A) polg\u00e1rmester besz\u00e9d\u00e9be\u2019,J\u00f3 \u00f6tletk\u00e9nt \u00e9rt\u00e9kelte.(A) pl\u00e9b\u00e1nos \u00far felszentelte,S az avat\u00e1st \u00fcnnepelte. (A) vend\u00e9geket m\u0171sor v\u00e1rta,S mosolyt var\u00e1zsolt arcokra.Tekintetek f\u00e9nyl\u0151k voltak,Boldogs\u00e1gr\u00f3l tan\u00faskodtak. Turista, ha arra t\u00e9ved,A falura eml\u00e9kezhet.L\u00e1thatja egykor, hogy \u00e9ltek,R\u00e9gi korban az emberek. Tisztaszoba vetett &#8230; <a title=\"LANG\u00d3 EML\u00c9KH\u00c1Z\" class=\"read-more\" href=\"https:\/\/bozsogiattila.hu\/?p=1310\" aria-label=\"Tov\u00e1bbiak LANG\u00d3 EML\u00c9KH\u00c1Z\">Olvass tov\u00e1bb<\/a><\/p>\n","protected":false},"author":1,"featured_media":0,"comment_status":"open","ping_status":"open","sticky":false,"template":"","format":"standard","meta":{"footnotes":""},"categories":[4],"tags":[328,12],"class_list":["post-1310","post","type-post","status-publish","format-standard","hentry","category-versek","tag-328","tag-mako"],"yoast_head":"<!-- This site is optimized with the Yoast SEO plugin v21.8 - https:\/\/yoast.com\/wordpress\/plugins\/seo\/ -->\n<title>LANG\u00d3 EML\u00c9KH\u00c1Z - Bozsogi Attila<\/title>\n<meta name=\"robots\" content=\"index, follow, max-snippet:-1, max-image-preview:large, max-video-preview:-1\" \/>\n<link rel=\"canonical\" href=\"https:\/\/bozsogiattila.hu\/?p=1310\" \/>\n<meta property=\"og:locale\" content=\"hu_HU\" \/>\n<meta property=\"og:type\" content=\"article\" \/>\n<meta property=\"og:title\" content=\"LANG\u00d3 EML\u00c9KH\u00c1Z - Bozsogi Attila\" \/>\n<meta property=\"og:description\" content=\"LANG\u00d3 EML\u00c9KH\u00c1Z \u00d6sszefogott Ap\u00e1tfalva,\u00d6regje \u00e9s fiatalja.Eml\u00e9kh\u00e1znak gy\u0171jt\u00f6gettek,R\u00e9gis\u00e9get, erekly\u00e9ket. Lang\u00f3 csal\u00e1dnak a h\u00e1za,Lett a falu m\u00fazeuma.Hirdeti a piact\u00e9ren,(A) falu m\u00faltj\u00e1t b\u00fcszkes\u00e9gben. (A) polg\u00e1rmester besz\u00e9d\u00e9be\u2019,J\u00f3 \u00f6tletk\u00e9nt \u00e9rt\u00e9kelte.(A) pl\u00e9b\u00e1nos \u00far felszentelte,S az avat\u00e1st \u00fcnnepelte. (A) vend\u00e9geket m\u0171sor v\u00e1rta,S mosolyt var\u00e1zsolt arcokra.Tekintetek f\u00e9nyl\u0151k voltak,Boldogs\u00e1gr\u00f3l tan\u00faskodtak. Turista, ha arra t\u00e9ved,A falura eml\u00e9kezhet.L\u00e1thatja egykor, hogy \u00e9ltek,R\u00e9gi korban az emberek. Tisztaszoba vetett ... Olvass tov\u00e1bb\" \/>\n<meta property=\"og:url\" content=\"https:\/\/bozsogiattila.hu\/?p=1310\" \/>\n<meta property=\"og:site_name\" content=\"Bozsogi Attila\" \/>\n<meta property=\"article:published_time\" content=\"2015-09-14T15:29:00+00:00\" \/>\n<meta property=\"article:modified_time\" content=\"2024-01-10T16:11:57+00:00\" \/>\n<meta name=\"author\" content=\"admin\" \/>\n<meta name=\"twitter:card\" content=\"summary_large_image\" \/>\n<meta name=\"twitter:label1\" content=\"Szerz\u0151:\" \/>\n\t<meta name=\"twitter:data1\" content=\"admin\" \/>\n\t<meta name=\"twitter:label2\" content=\"Becs\u00fclt olvas\u00e1si id\u0151\" \/>\n\t<meta name=\"twitter:data2\" content=\"2 perc\" \/>\n<script type=\"application\/ld+json\" class=\"yoast-schema-graph\">{\"@context\":\"https:\/\/schema.org\",\"@graph\":[{\"@type\":\"WebPage\",\"@id\":\"https:\/\/bozsogiattila.hu\/?p=1310\",\"url\":\"https:\/\/bozsogiattila.hu\/?p=1310\",\"name\":\"LANG\u00d3 EML\u00c9KH\u00c1Z - Bozsogi Attila\",\"isPartOf\":{\"@id\":\"https:\/\/bozsogiattila.hu\/#website\"},\"datePublished\":\"2015-09-14T15:29:00+00:00\",\"dateModified\":\"2024-01-10T16:11:57+00:00\",\"author\":{\"@id\":\"https:\/\/bozsogiattila.hu\/#\/schema\/person\/23ed6e4fde912e3fbbff3c94fd70af93\"},\"breadcrumb\":{\"@id\":\"https:\/\/bozsogiattila.hu\/?p=1310#breadcrumb\"},\"inLanguage\":\"hu\",\"potentialAction\":[{\"@type\":\"ReadAction\",\"target\":[\"https:\/\/bozsogiattila.hu\/?p=1310\"]}]},{\"@type\":\"BreadcrumbList\",\"@id\":\"https:\/\/bozsogiattila.hu\/?p=1310#breadcrumb\",\"itemListElement\":[{\"@type\":\"ListItem\",\"position\":1,\"name\":\"Kezd\u0151lap\",\"item\":\"https:\/\/bozsogiattila.hu\/\"},{\"@type\":\"ListItem\",\"position\":2,\"name\":\"LANG\u00d3 EML\u00c9KH\u00c1Z\"}]},{\"@type\":\"WebSite\",\"@id\":\"https:\/\/bozsogiattila.hu\/#website\",\"url\":\"https:\/\/bozsogiattila.hu\/\",\"name\":\"Bozsogi Attila\",\"description\":\"a zen\u00e9sz, \u00edr\u00f3 munk\u00e1ss\u00e1g\u00e1nak \u00e9s a mak\u00f3i muzsikusok eml\u00e9k\u00e9t \u0151rz\u0151 oldal\",\"potentialAction\":[{\"@type\":\"SearchAction\",\"target\":{\"@type\":\"EntryPoint\",\"urlTemplate\":\"https:\/\/bozsogiattila.hu\/?s={search_term_string}\"},\"query-input\":\"required name=search_term_string\"}],\"inLanguage\":\"hu\"},{\"@type\":\"Person\",\"@id\":\"https:\/\/bozsogiattila.hu\/#\/schema\/person\/23ed6e4fde912e3fbbff3c94fd70af93\",\"name\":\"admin\",\"image\":{\"@type\":\"ImageObject\",\"inLanguage\":\"hu\",\"@id\":\"https:\/\/bozsogiattila.hu\/#\/schema\/person\/image\/\",\"url\":\"https:\/\/secure.gravatar.com\/avatar\/01d71e133a8c6a1366fe0a61fc157ff2dfc21ab658d4999a2c9ed8ae8b7ecafd?s=96&d=mm&r=g\",\"contentUrl\":\"https:\/\/secure.gravatar.com\/avatar\/01d71e133a8c6a1366fe0a61fc157ff2dfc21ab658d4999a2c9ed8ae8b7ecafd?s=96&d=mm&r=g\",\"caption\":\"admin\"},\"sameAs\":[\"https:\/\/bozsogiattila.hu\"],\"url\":\"https:\/\/bozsogiattila.hu\/?author=1\"}]}<\/script>\n<!-- \/ Yoast SEO plugin. -->","yoast_head_json":{"title":"LANG\u00d3 EML\u00c9KH\u00c1Z - Bozsogi Attila","robots":{"index":"index","follow":"follow","max-snippet":"max-snippet:-1","max-image-preview":"max-image-preview:large","max-video-preview":"max-video-preview:-1"},"canonical":"https:\/\/bozsogiattila.hu\/?p=1310","og_locale":"hu_HU","og_type":"article","og_title":"LANG\u00d3 EML\u00c9KH\u00c1Z - Bozsogi Attila","og_description":"LANG\u00d3 EML\u00c9KH\u00c1Z \u00d6sszefogott Ap\u00e1tfalva,\u00d6regje \u00e9s fiatalja.Eml\u00e9kh\u00e1znak gy\u0171jt\u00f6gettek,R\u00e9gis\u00e9get, erekly\u00e9ket. Lang\u00f3 csal\u00e1dnak a h\u00e1za,Lett a falu m\u00fazeuma.Hirdeti a piact\u00e9ren,(A) falu m\u00faltj\u00e1t b\u00fcszkes\u00e9gben. (A) polg\u00e1rmester besz\u00e9d\u00e9be\u2019,J\u00f3 \u00f6tletk\u00e9nt \u00e9rt\u00e9kelte.(A) pl\u00e9b\u00e1nos \u00far felszentelte,S az avat\u00e1st \u00fcnnepelte. (A) vend\u00e9geket m\u0171sor v\u00e1rta,S mosolyt var\u00e1zsolt arcokra.Tekintetek f\u00e9nyl\u0151k voltak,Boldogs\u00e1gr\u00f3l tan\u00faskodtak. Turista, ha arra t\u00e9ved,A falura eml\u00e9kezhet.L\u00e1thatja egykor, hogy \u00e9ltek,R\u00e9gi korban az emberek. Tisztaszoba vetett ... Olvass tov\u00e1bb","og_url":"https:\/\/bozsogiattila.hu\/?p=1310","og_site_name":"Bozsogi Attila","article_published_time":"2015-09-14T15:29:00+00:00","article_modified_time":"2024-01-10T16:11:57+00:00","author":"admin","twitter_card":"summary_large_image","twitter_misc":{"Szerz\u0151:":"admin","Becs\u00fclt olvas\u00e1si id\u0151":"2 perc"},"schema":{"@context":"https:\/\/schema.org","@graph":[{"@type":"WebPage","@id":"https:\/\/bozsogiattila.hu\/?p=1310","url":"https:\/\/bozsogiattila.hu\/?p=1310","name":"LANG\u00d3 EML\u00c9KH\u00c1Z - Bozsogi Attila","isPartOf":{"@id":"https:\/\/bozsogiattila.hu\/#website"},"datePublished":"2015-09-14T15:29:00+00:00","dateModified":"2024-01-10T16:11:57+00:00","author":{"@id":"https:\/\/bozsogiattila.hu\/#\/schema\/person\/23ed6e4fde912e3fbbff3c94fd70af93"},"breadcrumb":{"@id":"https:\/\/bozsogiattila.hu\/?p=1310#breadcrumb"},"inLanguage":"hu","potentialAction":[{"@type":"ReadAction","target":["https:\/\/bozsogiattila.hu\/?p=1310"]}]},{"@type":"BreadcrumbList","@id":"https:\/\/bozsogiattila.hu\/?p=1310#breadcrumb","itemListElement":[{"@type":"ListItem","position":1,"name":"Kezd\u0151lap","item":"https:\/\/bozsogiattila.hu\/"},{"@type":"ListItem","position":2,"name":"LANG\u00d3 EML\u00c9KH\u00c1Z"}]},{"@type":"WebSite","@id":"https:\/\/bozsogiattila.hu\/#website","url":"https:\/\/bozsogiattila.hu\/","name":"Bozsogi Attila","description":"a zen\u00e9sz, \u00edr\u00f3 munk\u00e1ss\u00e1g\u00e1nak \u00e9s a mak\u00f3i muzsikusok eml\u00e9k\u00e9t \u0151rz\u0151 oldal","potentialAction":[{"@type":"SearchAction","target":{"@type":"EntryPoint","urlTemplate":"https:\/\/bozsogiattila.hu\/?s={search_term_string}"},"query-input":"required name=search_term_string"}],"inLanguage":"hu"},{"@type":"Person","@id":"https:\/\/bozsogiattila.hu\/#\/schema\/person\/23ed6e4fde912e3fbbff3c94fd70af93","name":"admin","image":{"@type":"ImageObject","inLanguage":"hu","@id":"https:\/\/bozsogiattila.hu\/#\/schema\/person\/image\/","url":"https:\/\/secure.gravatar.com\/avatar\/01d71e133a8c6a1366fe0a61fc157ff2dfc21ab658d4999a2c9ed8ae8b7ecafd?s=96&d=mm&r=g","contentUrl":"https:\/\/secure.gravatar.com\/avatar\/01d71e133a8c6a1366fe0a61fc157ff2dfc21ab658d4999a2c9ed8ae8b7ecafd?s=96&d=mm&r=g","caption":"admin"},"sameAs":["https:\/\/bozsogiattila.hu"],"url":"https:\/\/bozsogiattila.hu\/?author=1"}]}},"jetpack_featured_media_url":"","_links":{"self":[{"href":"https:\/\/bozsogiattila.hu\/index.php?rest_route=\/wp\/v2\/posts\/1310","targetHints":{"allow":["GET"]}}],"collection":[{"href":"https:\/\/bozsogiattila.hu\/index.php?rest_route=\/wp\/v2\/posts"}],"about":[{"href":"https:\/\/bozsogiattila.hu\/index.php?rest_route=\/wp\/v2\/types\/post"}],"author":[{"embeddable":true,"href":"https:\/\/bozsogiattila.hu\/index.php?rest_route=\/wp\/v2\/users\/1"}],"replies":[{"embeddable":true,"href":"https:\/\/bozsogiattila.hu\/index.php?rest_route=%2Fwp%2Fv2%2Fcomments&post=1310"}],"version-history":[{"count":1,"href":"https:\/\/bozsogiattila.hu\/index.php?rest_route=\/wp\/v2\/posts\/1310\/revisions"}],"predecessor-version":[{"id":1311,"href":"https:\/\/bozsogiattila.hu\/index.php?rest_route=\/wp\/v2\/posts\/1310\/revisions\/1311"}],"wp:attachment":[{"href":"https:\/\/bozsogiattila.hu\/index.php?rest_route=%2Fwp%2Fv2%2Fmedia&parent=1310"}],"wp:term":[{"taxonomy":"category","embeddable":true,"href":"https:\/\/bozsogiattila.hu\/index.php?rest_route=%2Fwp%2Fv2%2Fcategories&post=1310"},{"taxonomy":"post_tag","embeddable":true,"href":"https:\/\/bozsogiattila.hu\/index.php?rest_route=%2Fwp%2Fv2%2Ftags&post=1310"}],"curies":[{"name":"wp","href":"https:\/\/api.w.org\/{rel}","templated":true}]}}