{"id":1326,"date":"2015-10-28T18:02:00","date_gmt":"2015-10-28T18:02:00","guid":{"rendered":"https:\/\/bozsogiattila.hu\/?p=1326"},"modified":"2024-01-10T18:03:23","modified_gmt":"2024-01-10T18:03:23","slug":"mert-nem-cseng-a-telefonom","status":"publish","type":"post","link":"https:\/\/bozsogiattila.hu\/?p=1326","title":{"rendered":"M\u00c9RT NEM CSENG A TELEFONOM?"},"content":{"rendered":"\n<p class=\"wp-block-paragraph\">M\u00c9RT NEM CSENG A TELEFONOM?<\/p>\n\n\n\n<p class=\"wp-block-paragraph\">M\u00e9rt nem cseng a telefonom,<br>Mi\u00e9rt hallgat, hisz \u00fagy v\u00e1rom?<br>Sz\u00e1mom tudja, m\u00e9gsem berreg,<br>Bennem gondolatot gerjeszt.<\/p>\n\n\n\n<p class=\"wp-block-paragraph\">V\u00e9gre cseng egy pillanatra,<br>Majd elhallgat, zeng\u0151 szava.<br>Elfelejtette a sz\u00e1mom,<br>Jut eszembe gondolatom?<\/p>\n\n\n\n<p class=\"wp-block-paragraph\">Ki h\u00edvhatott, \u00e9szre vette,<br>Rossz gombra t\u00e9vedt a keze.<br>Ez\u00e9rt gyorsan kikapcsolta,<br>Engem r\u00fatul, j\u00f3l becsapva.<\/p>\n\n\n\n<p class=\"wp-block-paragraph\">\u00dcl\u00f6k, s n\u00e9zem, szugger\u00e1lom,<br>De cs\u0151d\u00f6t mond tudom\u00e1nyom.<br>V\u00e1rok epekedve n\u00e9zve,<br>Tal\u00e1n megenyh\u00fcl a sz\u00edve.<\/p>\n\n\n\n<p class=\"wp-block-paragraph\">Bezongor\u00e1zza sz\u00e1momat,<br>J\u00f3 h\u00edreket, csak \u00fagy mondhat.<br>A t\u00e1vols\u00e1g egy pillanat,<br>\u00c9rzelmeknek utat nyithat.<\/p>\n\n\n\n<p class=\"wp-block-paragraph\">Nem kellene m\u00e1st tennie,<br>R\u00e1m gondolni epekedve.<br>K\u00e9sz\u00fcl\u00e9k\u00e9t k\u00e9zbe v\u00e9ve,<br>Hozz\u00e1m ekk\u00e9pp csengethetne.<\/p>\n\n\n\n<p class=\"wp-block-paragraph\">Macska eg\u00e9rharc ez nekem,<br>S k\u00f6zben elszorul a sz\u00edvem.<br>Csak egy perc \u00e9s elmondhatn\u00e1,<br>Mire v\u00e1rok, tudathatn\u00e1.<\/p>\n\n\n\n<p class=\"wp-block-paragraph\">De nem sz\u00f3l az \u00e1tkozott g\u00e9p,<br>Hallgat, mintha nem is lenn\u00e9k.<br>Bellnek tal\u00e1lm\u00e1nya n\u00e9ma,<br>Olyan, mintegy s\u00e1rgar\u00e9pa.<\/p>\n\n\n\n<p class=\"wp-block-paragraph\">Nem \u00e9r t\u00f6bbet, hogyha hallgat,<br>Minek is van, mire j\u00f3 az?<br>Nincsen lelke, nincsen sz\u00edve,<br>Csak tal\u00e1ny a nagy semmibe.<\/p>\n\n\n\n<p class=\"wp-block-paragraph\">De most megsz\u00f3lal a cseng\u0151,<br>Felkapom, s kezem remeg\u0151.<br>Akkor veszem bamb\u00e1n \u00e9szre,<br>Kapucseng\u0151 sz\u00f3l, jelezve.<\/p>\n\n\n\n<p class=\"wp-block-paragraph\">Nagyot nyelek, most bossz\u00fasan,<br>Ki zavarhat, mag\u00e1nyomban?<br>Ki az k\u00e9rdem nyugodt hangon,<br>S k\u00f6zben telefonom tartom?<\/p>\n\n\n\n<p class=\"wp-block-paragraph\">Zsib\u00e1rus \u00e1ll ajt\u00f3m el\u0151tt,<br>Guta \u00fct meg, vagy majd \u00e9n \u0151t?<br>Zavarja \u00e1lmodoz\u00e1som,<br>Ez\u00e9rt r\u00f6gvest elzavarom.<\/p>\n\n\n\n<p class=\"wp-block-paragraph\">Vissza\u00fcl\u00f6k a helyemre,<br>S tov\u00e1bb v\u00e1rok a semmibe.<br>Nem igaz, hogy elfeledte,<br>Tal\u00e1n, mondta menet k\u00f6zbe\u2019.<\/p>\n\n\n\n<p class=\"wp-block-paragraph\">T\u00fcrelmesen tov\u00e1bb v\u00e1rok,<br>S k\u00f6zben pedig hozz\u00e1 v\u00e1gyok.<br>V\u00e1rok, v\u00e1rok, s egyre v\u00e1rok,<br>Mik\u00f6zben le, s fel j\u00e1rk\u00e1lok.<\/p>\n\n\n\n<p class=\"wp-block-paragraph\">F\u00f6ldh\u00f6z v\u00e1gom, agyoncsapom,<br>Ne legyen ily telefonom.<br>Hogyha nem sz\u00f3l, minek legyen,<br>N\u00e9mas\u00e1ga a kezemben?<\/p>\n\n\n\n<p class=\"wp-block-paragraph\">No, de mocorogni kezdett,<br>Nagy hirtelen fel is csengett.<br>T\u00e9ves h\u00edv\u00e1s j\u00f6tt most nekem,<br>S telefonom f\u00f6ldh\u00f6z vertem!<\/p>\n\n\n\n<p class=\"wp-block-paragraph\">Mak\u00f3, 2015-10-28<\/p>\n","protected":false},"excerpt":{"rendered":"<p>M\u00c9RT NEM CSENG A TELEFONOM? M\u00e9rt nem cseng a telefonom,Mi\u00e9rt hallgat, hisz \u00fagy v\u00e1rom?Sz\u00e1mom tudja, m\u00e9gsem berreg,Bennem gondolatot gerjeszt. V\u00e9gre cseng egy pillanatra,Majd elhallgat, zeng\u0151 szava.Elfelejtette a sz\u00e1mom,Jut eszembe gondolatom? Ki h\u00edvhatott, \u00e9szre vette,Rossz gombra t\u00e9vedt a keze.Ez\u00e9rt gyorsan kikapcsolta,Engem r\u00fatul, j\u00f3l becsapva. \u00dcl\u00f6k, s n\u00e9zem, szugger\u00e1lom,De cs\u0151d\u00f6t mond tudom\u00e1nyom.V\u00e1rok epekedve n\u00e9zve,Tal\u00e1n megenyh\u00fcl a sz\u00edve. &#8230; <a title=\"M\u00c9RT NEM CSENG A TELEFONOM?\" class=\"read-more\" href=\"https:\/\/bozsogiattila.hu\/?p=1326\" aria-label=\"Tov\u00e1bbiak M\u00c9RT NEM CSENG A TELEFONOM?\">Olvass tov\u00e1bb<\/a><\/p>\n","protected":false},"author":3,"featured_media":0,"comment_status":"closed","ping_status":"open","sticky":false,"template":"","format":"standard","meta":{"footnotes":""},"categories":[4],"tags":[328,12],"class_list":["post-1326","post","type-post","status-publish","format-standard","hentry","category-versek","tag-328","tag-mako"],"yoast_head":"<!-- This site is optimized with the Yoast SEO plugin v21.8 - https:\/\/yoast.com\/wordpress\/plugins\/seo\/ -->\n<title>M\u00c9RT NEM CSENG A TELEFONOM? - Bozsogi Attila<\/title>\n<meta name=\"robots\" content=\"index, follow, max-snippet:-1, max-image-preview:large, max-video-preview:-1\" \/>\n<link rel=\"canonical\" href=\"https:\/\/bozsogiattila.hu\/?p=1326\" \/>\n<meta property=\"og:locale\" content=\"hu_HU\" \/>\n<meta property=\"og:type\" content=\"article\" \/>\n<meta property=\"og:title\" content=\"M\u00c9RT NEM CSENG A TELEFONOM? - Bozsogi Attila\" \/>\n<meta property=\"og:description\" content=\"M\u00c9RT NEM CSENG A TELEFONOM? M\u00e9rt nem cseng a telefonom,Mi\u00e9rt hallgat, hisz \u00fagy v\u00e1rom?Sz\u00e1mom tudja, m\u00e9gsem berreg,Bennem gondolatot gerjeszt. V\u00e9gre cseng egy pillanatra,Majd elhallgat, zeng\u0151 szava.Elfelejtette a sz\u00e1mom,Jut eszembe gondolatom? Ki h\u00edvhatott, \u00e9szre vette,Rossz gombra t\u00e9vedt a keze.Ez\u00e9rt gyorsan kikapcsolta,Engem r\u00fatul, j\u00f3l becsapva. \u00dcl\u00f6k, s n\u00e9zem, szugger\u00e1lom,De cs\u0151d\u00f6t mond tudom\u00e1nyom.V\u00e1rok epekedve n\u00e9zve,Tal\u00e1n megenyh\u00fcl a sz\u00edve. ... Olvass tov\u00e1bb\" \/>\n<meta property=\"og:url\" content=\"https:\/\/bozsogiattila.hu\/?p=1326\" \/>\n<meta property=\"og:site_name\" content=\"Bozsogi Attila\" \/>\n<meta property=\"article:published_time\" content=\"2015-10-28T18:02:00+00:00\" \/>\n<meta property=\"article:modified_time\" content=\"2024-01-10T18:03:23+00:00\" \/>\n<meta name=\"author\" content=\"Bozsogi Attila\" \/>\n<meta name=\"twitter:card\" content=\"summary_large_image\" \/>\n<meta name=\"twitter:label1\" content=\"Szerz\u0151:\" \/>\n\t<meta name=\"twitter:data1\" content=\"Bozsogi Attila\" \/>\n\t<meta name=\"twitter:label2\" content=\"Becs\u00fclt olvas\u00e1si id\u0151\" \/>\n\t<meta name=\"twitter:data2\" content=\"2 perc\" \/>\n<script type=\"application\/ld+json\" class=\"yoast-schema-graph\">{\"@context\":\"https:\/\/schema.org\",\"@graph\":[{\"@type\":\"WebPage\",\"@id\":\"https:\/\/bozsogiattila.hu\/?p=1326\",\"url\":\"https:\/\/bozsogiattila.hu\/?p=1326\",\"name\":\"M\u00c9RT NEM CSENG A TELEFONOM? - Bozsogi Attila\",\"isPartOf\":{\"@id\":\"https:\/\/bozsogiattila.hu\/#website\"},\"datePublished\":\"2015-10-28T18:02:00+00:00\",\"dateModified\":\"2024-01-10T18:03:23+00:00\",\"author\":{\"@id\":\"https:\/\/bozsogiattila.hu\/#\/schema\/person\/488c99f554a8c4039201260dd5eb795e\"},\"breadcrumb\":{\"@id\":\"https:\/\/bozsogiattila.hu\/?p=1326#breadcrumb\"},\"inLanguage\":\"hu\",\"potentialAction\":[{\"@type\":\"ReadAction\",\"target\":[\"https:\/\/bozsogiattila.hu\/?p=1326\"]}]},{\"@type\":\"BreadcrumbList\",\"@id\":\"https:\/\/bozsogiattila.hu\/?p=1326#breadcrumb\",\"itemListElement\":[{\"@type\":\"ListItem\",\"position\":1,\"name\":\"Kezd\u0151lap\",\"item\":\"https:\/\/bozsogiattila.hu\/\"},{\"@type\":\"ListItem\",\"position\":2,\"name\":\"M\u00c9RT NEM CSENG A TELEFONOM?\"}]},{\"@type\":\"WebSite\",\"@id\":\"https:\/\/bozsogiattila.hu\/#website\",\"url\":\"https:\/\/bozsogiattila.hu\/\",\"name\":\"Bozsogi Attila\",\"description\":\"a zen\u00e9sz, \u00edr\u00f3 munk\u00e1ss\u00e1g\u00e1nak \u00e9s a mak\u00f3i muzsikusok eml\u00e9k\u00e9t \u0151rz\u0151 oldal\",\"potentialAction\":[{\"@type\":\"SearchAction\",\"target\":{\"@type\":\"EntryPoint\",\"urlTemplate\":\"https:\/\/bozsogiattila.hu\/?s={search_term_string}\"},\"query-input\":\"required name=search_term_string\"}],\"inLanguage\":\"hu\"},{\"@type\":\"Person\",\"@id\":\"https:\/\/bozsogiattila.hu\/#\/schema\/person\/488c99f554a8c4039201260dd5eb795e\",\"name\":\"Bozsogi Attila\",\"image\":{\"@type\":\"ImageObject\",\"inLanguage\":\"hu\",\"@id\":\"https:\/\/bozsogiattila.hu\/#\/schema\/person\/image\/\",\"url\":\"https:\/\/secure.gravatar.com\/avatar\/7da6b5985e34ed798d1670c54ce7d20e6a53b800bb0c07945c64b09392f3dbfd?s=96&d=mm&r=g\",\"contentUrl\":\"https:\/\/secure.gravatar.com\/avatar\/7da6b5985e34ed798d1670c54ce7d20e6a53b800bb0c07945c64b09392f3dbfd?s=96&d=mm&r=g\",\"caption\":\"Bozsogi Attila\"},\"sameAs\":[\"http:\/\/www.boszogiattila.hu\"],\"url\":\"https:\/\/bozsogiattila.hu\/?author=3\"}]}<\/script>\n<!-- \/ Yoast SEO plugin. -->","yoast_head_json":{"title":"M\u00c9RT NEM CSENG A TELEFONOM? - Bozsogi Attila","robots":{"index":"index","follow":"follow","max-snippet":"max-snippet:-1","max-image-preview":"max-image-preview:large","max-video-preview":"max-video-preview:-1"},"canonical":"https:\/\/bozsogiattila.hu\/?p=1326","og_locale":"hu_HU","og_type":"article","og_title":"M\u00c9RT NEM CSENG A TELEFONOM? - Bozsogi Attila","og_description":"M\u00c9RT NEM CSENG A TELEFONOM? M\u00e9rt nem cseng a telefonom,Mi\u00e9rt hallgat, hisz \u00fagy v\u00e1rom?Sz\u00e1mom tudja, m\u00e9gsem berreg,Bennem gondolatot gerjeszt. V\u00e9gre cseng egy pillanatra,Majd elhallgat, zeng\u0151 szava.Elfelejtette a sz\u00e1mom,Jut eszembe gondolatom? Ki h\u00edvhatott, \u00e9szre vette,Rossz gombra t\u00e9vedt a keze.Ez\u00e9rt gyorsan kikapcsolta,Engem r\u00fatul, j\u00f3l becsapva. \u00dcl\u00f6k, s n\u00e9zem, szugger\u00e1lom,De cs\u0151d\u00f6t mond tudom\u00e1nyom.V\u00e1rok epekedve n\u00e9zve,Tal\u00e1n megenyh\u00fcl a sz\u00edve. ... Olvass tov\u00e1bb","og_url":"https:\/\/bozsogiattila.hu\/?p=1326","og_site_name":"Bozsogi Attila","article_published_time":"2015-10-28T18:02:00+00:00","article_modified_time":"2024-01-10T18:03:23+00:00","author":"Bozsogi Attila","twitter_card":"summary_large_image","twitter_misc":{"Szerz\u0151:":"Bozsogi Attila","Becs\u00fclt olvas\u00e1si id\u0151":"2 perc"},"schema":{"@context":"https:\/\/schema.org","@graph":[{"@type":"WebPage","@id":"https:\/\/bozsogiattila.hu\/?p=1326","url":"https:\/\/bozsogiattila.hu\/?p=1326","name":"M\u00c9RT NEM CSENG A TELEFONOM? - Bozsogi Attila","isPartOf":{"@id":"https:\/\/bozsogiattila.hu\/#website"},"datePublished":"2015-10-28T18:02:00+00:00","dateModified":"2024-01-10T18:03:23+00:00","author":{"@id":"https:\/\/bozsogiattila.hu\/#\/schema\/person\/488c99f554a8c4039201260dd5eb795e"},"breadcrumb":{"@id":"https:\/\/bozsogiattila.hu\/?p=1326#breadcrumb"},"inLanguage":"hu","potentialAction":[{"@type":"ReadAction","target":["https:\/\/bozsogiattila.hu\/?p=1326"]}]},{"@type":"BreadcrumbList","@id":"https:\/\/bozsogiattila.hu\/?p=1326#breadcrumb","itemListElement":[{"@type":"ListItem","position":1,"name":"Kezd\u0151lap","item":"https:\/\/bozsogiattila.hu\/"},{"@type":"ListItem","position":2,"name":"M\u00c9RT NEM CSENG A TELEFONOM?"}]},{"@type":"WebSite","@id":"https:\/\/bozsogiattila.hu\/#website","url":"https:\/\/bozsogiattila.hu\/","name":"Bozsogi Attila","description":"a zen\u00e9sz, \u00edr\u00f3 munk\u00e1ss\u00e1g\u00e1nak \u00e9s a mak\u00f3i muzsikusok eml\u00e9k\u00e9t \u0151rz\u0151 oldal","potentialAction":[{"@type":"SearchAction","target":{"@type":"EntryPoint","urlTemplate":"https:\/\/bozsogiattila.hu\/?s={search_term_string}"},"query-input":"required name=search_term_string"}],"inLanguage":"hu"},{"@type":"Person","@id":"https:\/\/bozsogiattila.hu\/#\/schema\/person\/488c99f554a8c4039201260dd5eb795e","name":"Bozsogi Attila","image":{"@type":"ImageObject","inLanguage":"hu","@id":"https:\/\/bozsogiattila.hu\/#\/schema\/person\/image\/","url":"https:\/\/secure.gravatar.com\/avatar\/7da6b5985e34ed798d1670c54ce7d20e6a53b800bb0c07945c64b09392f3dbfd?s=96&d=mm&r=g","contentUrl":"https:\/\/secure.gravatar.com\/avatar\/7da6b5985e34ed798d1670c54ce7d20e6a53b800bb0c07945c64b09392f3dbfd?s=96&d=mm&r=g","caption":"Bozsogi Attila"},"sameAs":["http:\/\/www.boszogiattila.hu"],"url":"https:\/\/bozsogiattila.hu\/?author=3"}]}},"jetpack_featured_media_url":"","_links":{"self":[{"href":"https:\/\/bozsogiattila.hu\/index.php?rest_route=\/wp\/v2\/posts\/1326","targetHints":{"allow":["GET"]}}],"collection":[{"href":"https:\/\/bozsogiattila.hu\/index.php?rest_route=\/wp\/v2\/posts"}],"about":[{"href":"https:\/\/bozsogiattila.hu\/index.php?rest_route=\/wp\/v2\/types\/post"}],"author":[{"embeddable":true,"href":"https:\/\/bozsogiattila.hu\/index.php?rest_route=\/wp\/v2\/users\/3"}],"replies":[{"embeddable":true,"href":"https:\/\/bozsogiattila.hu\/index.php?rest_route=%2Fwp%2Fv2%2Fcomments&post=1326"}],"version-history":[{"count":1,"href":"https:\/\/bozsogiattila.hu\/index.php?rest_route=\/wp\/v2\/posts\/1326\/revisions"}],"predecessor-version":[{"id":1327,"href":"https:\/\/bozsogiattila.hu\/index.php?rest_route=\/wp\/v2\/posts\/1326\/revisions\/1327"}],"wp:attachment":[{"href":"https:\/\/bozsogiattila.hu\/index.php?rest_route=%2Fwp%2Fv2%2Fmedia&parent=1326"}],"wp:term":[{"taxonomy":"category","embeddable":true,"href":"https:\/\/bozsogiattila.hu\/index.php?rest_route=%2Fwp%2Fv2%2Fcategories&post=1326"},{"taxonomy":"post_tag","embeddable":true,"href":"https:\/\/bozsogiattila.hu\/index.php?rest_route=%2Fwp%2Fv2%2Ftags&post=1326"}],"curies":[{"name":"wp","href":"https:\/\/api.w.org\/{rel}","templated":true}]}}