{"id":1338,"date":"2020-06-03T18:09:00","date_gmt":"2020-06-03T18:09:00","guid":{"rendered":"https:\/\/bozsogiattila.hu\/?p=1338"},"modified":"2024-01-10T18:10:32","modified_gmt":"2024-01-10T18:10:32","slug":"szaz-eve-mar-trianoni-emlekvers","status":"publish","type":"post","link":"https:\/\/bozsogiattila.hu\/?p=1338","title":{"rendered":"SZ\u00c1Z \u00c9VE M\u00c1R (Trianoni eml\u00e9kvers)"},"content":{"rendered":"\n<p class=\"wp-block-paragraph\">SZ\u00c1Z \u00c9VE M\u00c1R<br>(Trianoni eml\u00e9kvers)<\/p>\n\n\n\n<p class=\"wp-block-paragraph\">Sz\u00e1z \u00e9ve m\u00e1r, tart a nagy gy\u00e1sz,<br>Apponyit sz\u00f3lni sem hagyt\u00e1k.<br>Harmada lett Magyarorsz\u00e1g.<br>Versailles d\u00f6nt\u00f6tt, nyert ott csat\u00e1t.<\/p>\n\n\n\n<p class=\"wp-block-paragraph\">N\u00e9gy nagyhatalomnak terv\u00e9t,<br>T\u00e1rgyal\u00e1sra terjesztett\u00e9k.<br>Haz\u00e1nknak sz\u00e9tszak\u00edt\u00e1s\u00e1t,<br>Gal\u00e1d m\u00f3don v\u00e9ghez vitt\u00e9k.<\/p>\n\n\n\n<p class=\"wp-block-paragraph\">B\u00e9kedikt\u00e1tum sz\u00f6veg\u00e9t,<br>Ketten hiteles\u00edtett\u00e9k.<br>Bern\u00e1rd \u00c1goston, \u00e9s t\u00e1rsa,<br>Ki volt, Drasche-L\u00e1z\u00e1r Alfr\u00e9d.<\/p>\n\n\n\n<p class=\"wp-block-paragraph\">Al\u00e1\u00edr\u00e1suknak s\u00falya,<br>\u00d6r\u00f6kre trag\u00e9dia lett.<br>Bennlakozik a sz\u00edvekben,<br>Magyar ember sosem felejt.<\/p>\n\n\n\n<p class=\"wp-block-paragraph\">Hogy kezd\u0151d\u00f6tt, mi volt az ok,<br>Am\u00e9rt ellen\u00fcnk fordultak?<br>Ezerkilencsz\u00e1ztizennyolc,<br>Fordul\u00f3pont Padov\u00e1ban.<\/p>\n\n\n\n<p class=\"wp-block-paragraph\">Els\u0151 vil\u00e1gh\u00e1bor\u00faban,<br>Monarchi\u00e1nak r\u00e9szek\u00e9nt,<br>Belgr\u00e1di fegyversz\u00fcnet\u00fcnk,<br>K\u00e9relme lett nek\u00fcnk a v\u00e9g.<\/p>\n\n\n\n<p class=\"wp-block-paragraph\">Soknemzet\u0171 Monarchia,<br>Kor\u00e1bbi kisebbs\u00e9gekkel,<br>\u00c9rv\u00e9nyt szerezni nem tudtak,<br>R\u00e9gi k\u00f6vetel\u00e9s\u00fcknek.<\/p>\n\n\n\n<p class=\"wp-block-paragraph\">Nemzetis\u00e9gi tan\u00e1csok,<br>Egyre-m\u00e1sra alakultak,<br>Cseh, rom\u00e1n, d\u00e9lszl\u00e1v ig\u00e9nyek,<br>P\u00e1rosultak az Antanttal.<\/p>\n\n\n\n<p class=\"wp-block-paragraph\">K\u00e1rolyi Mih\u00e1ly korm\u00e1nya,<br>N\u00e9pk\u00f6zt\u00e1rsas\u00e1got hozta.<br>\u0150szir\u00f3zs\u00e1s forradalom,<br>Elm\u00falt\u00e1val nem g\u00e1tolta.<\/p>\n\n\n\n<p class=\"wp-block-paragraph\">Felvid\u00e9ket, D\u00e9lvid\u00e9ket,<br>\u00c9s az Erd\u00e9lyt, megsz\u00e1ll\u00f3kat<br>Szerb, cseh, rom\u00e1n seregeket,<br>Nem t\u00e1madta, nem b\u00e1ntotta.<\/p>\n\n\n\n<p class=\"wp-block-paragraph\">Rendfenntart\u00f3knak fogadta,<br>Ezzel s\u00falyos hib\u00e1t v\u00e9tett,<br>Ereje akkor m\u00e9g megvolt,<br>K\u00e9s\u0151bb m\u00e1r nem lett es\u00e9lye.<\/p>\n\n\n\n<p class=\"wp-block-paragraph\">A gy\u0151ztes Antant hatalmak,<br>Ellen\u00fcnk mind \u00f6ssze fogtak.<br>Kun B\u00e9la kommunist\u00e1i,<br>Nem volt ellenf\u00e9l azoknak.<\/p>\n\n\n\n<p class=\"wp-block-paragraph\">Horthy nemzeti serege,<br>M\u00e1r megfelel\u0151 lett volna.<br>(De) k\u00e9s\u0151n kapt\u00e1k a megh\u00edv\u00f3t,<br>(A) b\u00e9kekonferenci\u00e1ra.<\/p>\n\n\n\n<p class=\"wp-block-paragraph\">Apponyi \u00e9s k\u00fcld\u00f6tts\u00e9ge,<br>H\u00e1zi \u0151rizetben voltak.<br>Felsz\u00f3lalni akkor hagyt\u00e1k,<br>Mikor mindent megt\u00e1rgyaltak.<\/p>\n\n\n\n<p class=\"wp-block-paragraph\">Magyarorsz\u00e1g lett hat\u00e1ros,<br>A r\u00e9gi Magyarorsz\u00e1ggal.<br>G\u00fazsbak\u00f6tve, leig\u00e1zva,<br>H\u00e9tmilli\u00f3 lakos\u00e1val.<\/p>\n\n\n\n<p class=\"wp-block-paragraph\">Az er\u0151szakos dikt\u00e1tum<br>J\u00fanius n\u00e9gy, d\u00e1tum\u00e1val,<br>\u00d6r\u00f6kre gy\u00e1sz, a mi haz\u00e1nknak<br>Keser\u0171s\u00e9g b\u00e1nat\u00e1val.<\/p>\n\n\n\n<p class=\"wp-block-paragraph\">Mak\u00f3, 2020-06-03<\/p>\n","protected":false},"excerpt":{"rendered":"<p>SZ\u00c1Z \u00c9VE M\u00c1R(Trianoni eml\u00e9kvers) Sz\u00e1z \u00e9ve m\u00e1r, tart a nagy gy\u00e1sz,Apponyit sz\u00f3lni sem hagyt\u00e1k.Harmada lett Magyarorsz\u00e1g.Versailles d\u00f6nt\u00f6tt, nyert ott csat\u00e1t. N\u00e9gy nagyhatalomnak terv\u00e9t,T\u00e1rgyal\u00e1sra terjesztett\u00e9k.Haz\u00e1nknak sz\u00e9tszak\u00edt\u00e1s\u00e1t,Gal\u00e1d m\u00f3don v\u00e9ghez vitt\u00e9k. B\u00e9kedikt\u00e1tum sz\u00f6veg\u00e9t,Ketten hiteles\u00edtett\u00e9k.Bern\u00e1rd \u00c1goston, \u00e9s t\u00e1rsa,Ki volt, Drasche-L\u00e1z\u00e1r Alfr\u00e9d. Al\u00e1\u00edr\u00e1suknak s\u00falya,\u00d6r\u00f6kre trag\u00e9dia lett.Bennlakozik a sz\u00edvekben,Magyar ember sosem felejt. Hogy kezd\u0151d\u00f6tt, mi volt az ok,Am\u00e9rt ellen\u00fcnk fordultak?Ezerkilencsz\u00e1ztizennyolc,Fordul\u00f3pont Padov\u00e1ban. &#8230; <a title=\"SZ\u00c1Z \u00c9VE M\u00c1R (Trianoni eml\u00e9kvers)\" class=\"read-more\" href=\"https:\/\/bozsogiattila.hu\/?p=1338\" aria-label=\"Tov\u00e1bbiak SZ\u00c1Z \u00c9VE M\u00c1R (Trianoni eml\u00e9kvers)\">Olvass tov\u00e1bb<\/a><\/p>\n","protected":false},"author":3,"featured_media":0,"comment_status":"closed","ping_status":"open","sticky":false,"template":"","format":"standard","meta":{"footnotes":""},"categories":[4],"tags":[321,12],"class_list":["post-1338","post","type-post","status-publish","format-standard","hentry","category-versek","tag-321","tag-mako"],"yoast_head":"<!-- This site is optimized with the Yoast SEO plugin v21.8 - https:\/\/yoast.com\/wordpress\/plugins\/seo\/ -->\n<title>SZ\u00c1Z \u00c9VE M\u00c1R (Trianoni eml\u00e9kvers) - Bozsogi Attila<\/title>\n<meta name=\"robots\" content=\"index, follow, max-snippet:-1, max-image-preview:large, max-video-preview:-1\" \/>\n<link rel=\"canonical\" href=\"https:\/\/bozsogiattila.hu\/?p=1338\" \/>\n<meta property=\"og:locale\" content=\"hu_HU\" \/>\n<meta property=\"og:type\" content=\"article\" \/>\n<meta property=\"og:title\" content=\"SZ\u00c1Z \u00c9VE M\u00c1R (Trianoni eml\u00e9kvers) - Bozsogi Attila\" \/>\n<meta property=\"og:description\" content=\"SZ\u00c1Z \u00c9VE M\u00c1R(Trianoni eml\u00e9kvers) Sz\u00e1z \u00e9ve m\u00e1r, tart a nagy gy\u00e1sz,Apponyit sz\u00f3lni sem hagyt\u00e1k.Harmada lett Magyarorsz\u00e1g.Versailles d\u00f6nt\u00f6tt, nyert ott csat\u00e1t. N\u00e9gy nagyhatalomnak terv\u00e9t,T\u00e1rgyal\u00e1sra terjesztett\u00e9k.Haz\u00e1nknak sz\u00e9tszak\u00edt\u00e1s\u00e1t,Gal\u00e1d m\u00f3don v\u00e9ghez vitt\u00e9k. B\u00e9kedikt\u00e1tum sz\u00f6veg\u00e9t,Ketten hiteles\u00edtett\u00e9k.Bern\u00e1rd \u00c1goston, \u00e9s t\u00e1rsa,Ki volt, Drasche-L\u00e1z\u00e1r Alfr\u00e9d. Al\u00e1\u00edr\u00e1suknak s\u00falya,\u00d6r\u00f6kre trag\u00e9dia lett.Bennlakozik a sz\u00edvekben,Magyar ember sosem felejt. Hogy kezd\u0151d\u00f6tt, mi volt az ok,Am\u00e9rt ellen\u00fcnk fordultak?Ezerkilencsz\u00e1ztizennyolc,Fordul\u00f3pont Padov\u00e1ban. ... Olvass tov\u00e1bb\" \/>\n<meta property=\"og:url\" content=\"https:\/\/bozsogiattila.hu\/?p=1338\" \/>\n<meta property=\"og:site_name\" content=\"Bozsogi Attila\" \/>\n<meta property=\"article:published_time\" content=\"2020-06-03T18:09:00+00:00\" \/>\n<meta property=\"article:modified_time\" content=\"2024-01-10T18:10:32+00:00\" \/>\n<meta name=\"author\" content=\"Bozsogi Attila\" \/>\n<meta name=\"twitter:card\" content=\"summary_large_image\" \/>\n<meta name=\"twitter:label1\" content=\"Szerz\u0151:\" \/>\n\t<meta name=\"twitter:data1\" content=\"Bozsogi Attila\" \/>\n\t<meta name=\"twitter:label2\" content=\"Becs\u00fclt olvas\u00e1si id\u0151\" \/>\n\t<meta name=\"twitter:data2\" content=\"2 perc\" \/>\n<script type=\"application\/ld+json\" class=\"yoast-schema-graph\">{\"@context\":\"https:\/\/schema.org\",\"@graph\":[{\"@type\":\"WebPage\",\"@id\":\"https:\/\/bozsogiattila.hu\/?p=1338\",\"url\":\"https:\/\/bozsogiattila.hu\/?p=1338\",\"name\":\"SZ\u00c1Z \u00c9VE M\u00c1R (Trianoni eml\u00e9kvers) - Bozsogi Attila\",\"isPartOf\":{\"@id\":\"https:\/\/bozsogiattila.hu\/#website\"},\"datePublished\":\"2020-06-03T18:09:00+00:00\",\"dateModified\":\"2024-01-10T18:10:32+00:00\",\"author\":{\"@id\":\"https:\/\/bozsogiattila.hu\/#\/schema\/person\/488c99f554a8c4039201260dd5eb795e\"},\"breadcrumb\":{\"@id\":\"https:\/\/bozsogiattila.hu\/?p=1338#breadcrumb\"},\"inLanguage\":\"hu\",\"potentialAction\":[{\"@type\":\"ReadAction\",\"target\":[\"https:\/\/bozsogiattila.hu\/?p=1338\"]}]},{\"@type\":\"BreadcrumbList\",\"@id\":\"https:\/\/bozsogiattila.hu\/?p=1338#breadcrumb\",\"itemListElement\":[{\"@type\":\"ListItem\",\"position\":1,\"name\":\"Kezd\u0151lap\",\"item\":\"https:\/\/bozsogiattila.hu\/\"},{\"@type\":\"ListItem\",\"position\":2,\"name\":\"SZ\u00c1Z \u00c9VE M\u00c1R (Trianoni eml\u00e9kvers)\"}]},{\"@type\":\"WebSite\",\"@id\":\"https:\/\/bozsogiattila.hu\/#website\",\"url\":\"https:\/\/bozsogiattila.hu\/\",\"name\":\"Bozsogi Attila\",\"description\":\"a zen\u00e9sz, \u00edr\u00f3 munk\u00e1ss\u00e1g\u00e1nak \u00e9s a mak\u00f3i muzsikusok eml\u00e9k\u00e9t \u0151rz\u0151 oldal\",\"potentialAction\":[{\"@type\":\"SearchAction\",\"target\":{\"@type\":\"EntryPoint\",\"urlTemplate\":\"https:\/\/bozsogiattila.hu\/?s={search_term_string}\"},\"query-input\":\"required name=search_term_string\"}],\"inLanguage\":\"hu\"},{\"@type\":\"Person\",\"@id\":\"https:\/\/bozsogiattila.hu\/#\/schema\/person\/488c99f554a8c4039201260dd5eb795e\",\"name\":\"Bozsogi Attila\",\"image\":{\"@type\":\"ImageObject\",\"inLanguage\":\"hu\",\"@id\":\"https:\/\/bozsogiattila.hu\/#\/schema\/person\/image\/\",\"url\":\"https:\/\/secure.gravatar.com\/avatar\/7da6b5985e34ed798d1670c54ce7d20e6a53b800bb0c07945c64b09392f3dbfd?s=96&d=mm&r=g\",\"contentUrl\":\"https:\/\/secure.gravatar.com\/avatar\/7da6b5985e34ed798d1670c54ce7d20e6a53b800bb0c07945c64b09392f3dbfd?s=96&d=mm&r=g\",\"caption\":\"Bozsogi Attila\"},\"sameAs\":[\"http:\/\/www.boszogiattila.hu\"],\"url\":\"https:\/\/bozsogiattila.hu\/?author=3\"}]}<\/script>\n<!-- \/ Yoast SEO plugin. -->","yoast_head_json":{"title":"SZ\u00c1Z \u00c9VE M\u00c1R (Trianoni eml\u00e9kvers) - Bozsogi Attila","robots":{"index":"index","follow":"follow","max-snippet":"max-snippet:-1","max-image-preview":"max-image-preview:large","max-video-preview":"max-video-preview:-1"},"canonical":"https:\/\/bozsogiattila.hu\/?p=1338","og_locale":"hu_HU","og_type":"article","og_title":"SZ\u00c1Z \u00c9VE M\u00c1R (Trianoni eml\u00e9kvers) - Bozsogi Attila","og_description":"SZ\u00c1Z \u00c9VE M\u00c1R(Trianoni eml\u00e9kvers) Sz\u00e1z \u00e9ve m\u00e1r, tart a nagy gy\u00e1sz,Apponyit sz\u00f3lni sem hagyt\u00e1k.Harmada lett Magyarorsz\u00e1g.Versailles d\u00f6nt\u00f6tt, nyert ott csat\u00e1t. N\u00e9gy nagyhatalomnak terv\u00e9t,T\u00e1rgyal\u00e1sra terjesztett\u00e9k.Haz\u00e1nknak sz\u00e9tszak\u00edt\u00e1s\u00e1t,Gal\u00e1d m\u00f3don v\u00e9ghez vitt\u00e9k. B\u00e9kedikt\u00e1tum sz\u00f6veg\u00e9t,Ketten hiteles\u00edtett\u00e9k.Bern\u00e1rd \u00c1goston, \u00e9s t\u00e1rsa,Ki volt, Drasche-L\u00e1z\u00e1r Alfr\u00e9d. Al\u00e1\u00edr\u00e1suknak s\u00falya,\u00d6r\u00f6kre trag\u00e9dia lett.Bennlakozik a sz\u00edvekben,Magyar ember sosem felejt. Hogy kezd\u0151d\u00f6tt, mi volt az ok,Am\u00e9rt ellen\u00fcnk fordultak?Ezerkilencsz\u00e1ztizennyolc,Fordul\u00f3pont Padov\u00e1ban. ... Olvass tov\u00e1bb","og_url":"https:\/\/bozsogiattila.hu\/?p=1338","og_site_name":"Bozsogi Attila","article_published_time":"2020-06-03T18:09:00+00:00","article_modified_time":"2024-01-10T18:10:32+00:00","author":"Bozsogi Attila","twitter_card":"summary_large_image","twitter_misc":{"Szerz\u0151:":"Bozsogi Attila","Becs\u00fclt olvas\u00e1si id\u0151":"2 perc"},"schema":{"@context":"https:\/\/schema.org","@graph":[{"@type":"WebPage","@id":"https:\/\/bozsogiattila.hu\/?p=1338","url":"https:\/\/bozsogiattila.hu\/?p=1338","name":"SZ\u00c1Z \u00c9VE M\u00c1R (Trianoni eml\u00e9kvers) - Bozsogi Attila","isPartOf":{"@id":"https:\/\/bozsogiattila.hu\/#website"},"datePublished":"2020-06-03T18:09:00+00:00","dateModified":"2024-01-10T18:10:32+00:00","author":{"@id":"https:\/\/bozsogiattila.hu\/#\/schema\/person\/488c99f554a8c4039201260dd5eb795e"},"breadcrumb":{"@id":"https:\/\/bozsogiattila.hu\/?p=1338#breadcrumb"},"inLanguage":"hu","potentialAction":[{"@type":"ReadAction","target":["https:\/\/bozsogiattila.hu\/?p=1338"]}]},{"@type":"BreadcrumbList","@id":"https:\/\/bozsogiattila.hu\/?p=1338#breadcrumb","itemListElement":[{"@type":"ListItem","position":1,"name":"Kezd\u0151lap","item":"https:\/\/bozsogiattila.hu\/"},{"@type":"ListItem","position":2,"name":"SZ\u00c1Z \u00c9VE M\u00c1R (Trianoni eml\u00e9kvers)"}]},{"@type":"WebSite","@id":"https:\/\/bozsogiattila.hu\/#website","url":"https:\/\/bozsogiattila.hu\/","name":"Bozsogi Attila","description":"a zen\u00e9sz, \u00edr\u00f3 munk\u00e1ss\u00e1g\u00e1nak \u00e9s a mak\u00f3i muzsikusok eml\u00e9k\u00e9t \u0151rz\u0151 oldal","potentialAction":[{"@type":"SearchAction","target":{"@type":"EntryPoint","urlTemplate":"https:\/\/bozsogiattila.hu\/?s={search_term_string}"},"query-input":"required name=search_term_string"}],"inLanguage":"hu"},{"@type":"Person","@id":"https:\/\/bozsogiattila.hu\/#\/schema\/person\/488c99f554a8c4039201260dd5eb795e","name":"Bozsogi Attila","image":{"@type":"ImageObject","inLanguage":"hu","@id":"https:\/\/bozsogiattila.hu\/#\/schema\/person\/image\/","url":"https:\/\/secure.gravatar.com\/avatar\/7da6b5985e34ed798d1670c54ce7d20e6a53b800bb0c07945c64b09392f3dbfd?s=96&d=mm&r=g","contentUrl":"https:\/\/secure.gravatar.com\/avatar\/7da6b5985e34ed798d1670c54ce7d20e6a53b800bb0c07945c64b09392f3dbfd?s=96&d=mm&r=g","caption":"Bozsogi Attila"},"sameAs":["http:\/\/www.boszogiattila.hu"],"url":"https:\/\/bozsogiattila.hu\/?author=3"}]}},"jetpack_featured_media_url":"","_links":{"self":[{"href":"https:\/\/bozsogiattila.hu\/index.php?rest_route=\/wp\/v2\/posts\/1338","targetHints":{"allow":["GET"]}}],"collection":[{"href":"https:\/\/bozsogiattila.hu\/index.php?rest_route=\/wp\/v2\/posts"}],"about":[{"href":"https:\/\/bozsogiattila.hu\/index.php?rest_route=\/wp\/v2\/types\/post"}],"author":[{"embeddable":true,"href":"https:\/\/bozsogiattila.hu\/index.php?rest_route=\/wp\/v2\/users\/3"}],"replies":[{"embeddable":true,"href":"https:\/\/bozsogiattila.hu\/index.php?rest_route=%2Fwp%2Fv2%2Fcomments&post=1338"}],"version-history":[{"count":1,"href":"https:\/\/bozsogiattila.hu\/index.php?rest_route=\/wp\/v2\/posts\/1338\/revisions"}],"predecessor-version":[{"id":1339,"href":"https:\/\/bozsogiattila.hu\/index.php?rest_route=\/wp\/v2\/posts\/1338\/revisions\/1339"}],"wp:attachment":[{"href":"https:\/\/bozsogiattila.hu\/index.php?rest_route=%2Fwp%2Fv2%2Fmedia&parent=1338"}],"wp:term":[{"taxonomy":"category","embeddable":true,"href":"https:\/\/bozsogiattila.hu\/index.php?rest_route=%2Fwp%2Fv2%2Fcategories&post=1338"},{"taxonomy":"post_tag","embeddable":true,"href":"https:\/\/bozsogiattila.hu\/index.php?rest_route=%2Fwp%2Fv2%2Ftags&post=1338"}],"curies":[{"name":"wp","href":"https:\/\/api.w.org\/{rel}","templated":true}]}}