{"id":1350,"date":"2020-12-30T18:25:00","date_gmt":"2020-12-30T18:25:00","guid":{"rendered":"https:\/\/bozsogiattila.hu\/?p=1350"},"modified":"2024-01-10T18:25:54","modified_gmt":"2024-01-10T18:25:54","slug":"van-ugy","status":"publish","type":"post","link":"https:\/\/bozsogiattila.hu\/?p=1350","title":{"rendered":"VAN \u00daGY!"},"content":{"rendered":"\n<p class=\"wp-block-paragraph\">VAN \u00daGY!<\/p>\n\n\n\n<p class=\"wp-block-paragraph\">Van \u00fagy, hogy az \u00e1lmok,<br>Val\u00f3s\u00e1gg\u00e1 v\u00e1lnak.<br>Van \u00fagy, hogy egy \u00e9rz\u00e9s,<br>\u00d6r\u00f6kre megmarad.<\/p>\n\n\n\n<p class=\"wp-block-paragraph\">Van \u00fagy, hogy egy n\u00e9z\u00e9s,<br>H\u0171 szerelmet \u00edg\u00e9r.<br>Van \u00fagy, hogy egy \u00f3ra,<br>Mindenn\u00e9l t\u00f6bbet \u00e9r.<\/p>\n\n\n\n<p class=\"wp-block-paragraph\">Van \u00fagy, hogy a tegnap,<br>Eml\u00e9kedet ontja.<br>Van \u00fagy, hogy a j\u00f6v\u0151d,<br>V\u00e1rat csak mag\u00e1ra.<\/p>\n\n\n\n<p class=\"wp-block-paragraph\">Van \u00fagy, hogy egy sz\u00e9p sz\u00f3,<br>Sz\u00edved megdobbantja.<br>Van \u00fagy, hogy a lelked,<br>L\u00e9nyed megnyugtatja.<\/p>\n\n\n\n<p class=\"wp-block-paragraph\">Van \u00fagy, hogy szerelmed,<br>Elhagy mind\u00f6r\u00f6kre.<br>Van \u00fagy, hogy b\u00e1natod,<br>Epekedik \u00e9rte.<\/p>\n\n\n\n<p class=\"wp-block-paragraph\">Van \u00fagy, hogy a helyed,<br>Nem tal\u00e1lod soha.<br>Van \u00fagy, hogy eml\u00e9ked,<br>Visszasz\u00e1ll a m\u00faltba.<\/p>\n\n\n\n<p class=\"wp-block-paragraph\">Van \u00fagy, hogy a mag\u00e1ny,<br>K\u00f6nnyet csal szemedbe,<br>Van \u00fagy, hogy hi\u00e1nyzik,<br>Ki becsapott t\u00e9ged.<\/p>\n\n\n\n<p class=\"wp-block-paragraph\">Van \u00fagy, hogy kutatod,<br>Szerencs\u00e9tlens\u00e9ged.<br>Van \u00fagy, hogy nem \u00e9rted,<br>Mi\u00e9rt ver az Isten.<\/p>\n\n\n\n<p class=\"wp-block-paragraph\">Van \u00fagy, hogy im\u00e1dba,<br>Foglalod a nev\u00e9t,<br>Van \u00fagy, hogy szerelmed.<br>M\u00e9gis semmit sem \u00e9r.<\/p>\n\n\n\n<p class=\"wp-block-paragraph\">Van \u00fagy, hogy nagyon f\u00e1j,<br>\u00d6r\u00f6kk\u00f6n marcangol,<br>Van \u00fagy, hogy nem \u00e9rted,<br>Az\u00e9rt sosem nyugszol.<\/p>\n\n\n\n<p class=\"wp-block-paragraph\">Van \u00fagy, hogy esdekelsz,<br>\u00c9s h\u0151n v\u00e1rod vissza.<br>Van \u00fagy, hogy haragod,<br>Elfojtod magadba.<\/p>\n\n\n\n<p class=\"wp-block-paragraph\">Van \u00fagy, hogy \u00e9leted,<br>Egy z\u00e1tonyon hever.<br>Van \u00fagy, hogy a kedved,<br>M\u00e9gis, csak felemel.<\/p>\n\n\n\n<p class=\"wp-block-paragraph\">Van \u00fagy, hogy egyed\u00fcl,<br>\u00c9lsz, csak rem\u00e9ny n\u00e9lk\u00fcl.<br>Van \u00fagy, hogy v\u00e1ratlan,<br>A v\u00e1gyad, csendes\u00fcl.<\/p>\n\n\n\n<p class=\"wp-block-paragraph\">Van \u00fagy, hogy bel\u00e1tod,<br>Minden m\u00e1r hi\u00e1ba,<br>Van \u00fagy, hogy meg\u00e9rted,<br>Ok\u00e1t a sorsodnak.<\/p>\n\n\n\n<p class=\"wp-block-paragraph\">Van \u00fagy, hogy beborul,<br>A nagy \u00e9g feletted.<br>Van \u00fagy, hogy csillagod,<br>R\u00e9ges-r\u00e9g leesett.<\/p>\n\n\n\n<p class=\"wp-block-paragraph\">Van \u00fagy, hogy m\u00e1r h\u00edvnak,<br>Fel a magas \u00e9gbe.<br>Van \u00fagy, hogy m\u00e9gsem m\u00e9sz,<br>Maradsz rem\u00e9nykedve.<\/p>\n\n\n\n<p class=\"wp-block-paragraph\">Mak\u00f3, 2020-12-30<\/p>\n","protected":false},"excerpt":{"rendered":"<p>VAN \u00daGY! Van \u00fagy, hogy az \u00e1lmok,Val\u00f3s\u00e1gg\u00e1 v\u00e1lnak.Van \u00fagy, hogy egy \u00e9rz\u00e9s,\u00d6r\u00f6kre megmarad. Van \u00fagy, hogy egy n\u00e9z\u00e9s,H\u0171 szerelmet \u00edg\u00e9r.Van \u00fagy, hogy egy \u00f3ra,Mindenn\u00e9l t\u00f6bbet \u00e9r. Van \u00fagy, hogy a tegnap,Eml\u00e9kedet ontja.Van \u00fagy, hogy a j\u00f6v\u0151d,V\u00e1rat csak mag\u00e1ra. Van \u00fagy, hogy egy sz\u00e9p sz\u00f3,Sz\u00edved megdobbantja.Van \u00fagy, hogy a lelked,L\u00e9nyed megnyugtatja. Van \u00fagy, hogy szerelmed,Elhagy mind\u00f6r\u00f6kre.Van &#8230; <a title=\"VAN \u00daGY!\" class=\"read-more\" href=\"https:\/\/bozsogiattila.hu\/?p=1350\" aria-label=\"Tov\u00e1bbiak VAN \u00daGY!\">Olvass tov\u00e1bb<\/a><\/p>\n","protected":false},"author":3,"featured_media":0,"comment_status":"closed","ping_status":"open","sticky":false,"template":"","format":"standard","meta":{"footnotes":""},"categories":[4],"tags":[321,12],"class_list":["post-1350","post","type-post","status-publish","format-standard","hentry","category-versek","tag-321","tag-mako"],"yoast_head":"<!-- This site is optimized with the Yoast SEO plugin v21.8 - https:\/\/yoast.com\/wordpress\/plugins\/seo\/ -->\n<title>VAN \u00daGY! - Bozsogi Attila<\/title>\n<meta name=\"robots\" content=\"index, follow, max-snippet:-1, max-image-preview:large, max-video-preview:-1\" \/>\n<link rel=\"canonical\" href=\"https:\/\/bozsogiattila.hu\/?p=1350\" \/>\n<meta property=\"og:locale\" content=\"hu_HU\" \/>\n<meta property=\"og:type\" content=\"article\" \/>\n<meta property=\"og:title\" content=\"VAN \u00daGY! - Bozsogi Attila\" \/>\n<meta property=\"og:description\" content=\"VAN \u00daGY! Van \u00fagy, hogy az \u00e1lmok,Val\u00f3s\u00e1gg\u00e1 v\u00e1lnak.Van \u00fagy, hogy egy \u00e9rz\u00e9s,\u00d6r\u00f6kre megmarad. Van \u00fagy, hogy egy n\u00e9z\u00e9s,H\u0171 szerelmet \u00edg\u00e9r.Van \u00fagy, hogy egy \u00f3ra,Mindenn\u00e9l t\u00f6bbet \u00e9r. Van \u00fagy, hogy a tegnap,Eml\u00e9kedet ontja.Van \u00fagy, hogy a j\u00f6v\u0151d,V\u00e1rat csak mag\u00e1ra. Van \u00fagy, hogy egy sz\u00e9p sz\u00f3,Sz\u00edved megdobbantja.Van \u00fagy, hogy a lelked,L\u00e9nyed megnyugtatja. Van \u00fagy, hogy szerelmed,Elhagy mind\u00f6r\u00f6kre.Van ... Olvass tov\u00e1bb\" \/>\n<meta property=\"og:url\" content=\"https:\/\/bozsogiattila.hu\/?p=1350\" \/>\n<meta property=\"og:site_name\" content=\"Bozsogi Attila\" \/>\n<meta property=\"article:published_time\" content=\"2020-12-30T18:25:00+00:00\" \/>\n<meta property=\"article:modified_time\" content=\"2024-01-10T18:25:54+00:00\" \/>\n<meta name=\"author\" content=\"Bozsogi Attila\" \/>\n<meta name=\"twitter:card\" content=\"summary_large_image\" \/>\n<meta name=\"twitter:label1\" content=\"Szerz\u0151:\" \/>\n\t<meta name=\"twitter:data1\" content=\"Bozsogi Attila\" \/>\n\t<meta name=\"twitter:label2\" content=\"Becs\u00fclt olvas\u00e1si id\u0151\" \/>\n\t<meta name=\"twitter:data2\" content=\"2 perc\" \/>\n<script type=\"application\/ld+json\" class=\"yoast-schema-graph\">{\"@context\":\"https:\/\/schema.org\",\"@graph\":[{\"@type\":\"WebPage\",\"@id\":\"https:\/\/bozsogiattila.hu\/?p=1350\",\"url\":\"https:\/\/bozsogiattila.hu\/?p=1350\",\"name\":\"VAN \u00daGY! - Bozsogi Attila\",\"isPartOf\":{\"@id\":\"https:\/\/bozsogiattila.hu\/#website\"},\"datePublished\":\"2020-12-30T18:25:00+00:00\",\"dateModified\":\"2024-01-10T18:25:54+00:00\",\"author\":{\"@id\":\"https:\/\/bozsogiattila.hu\/#\/schema\/person\/488c99f554a8c4039201260dd5eb795e\"},\"breadcrumb\":{\"@id\":\"https:\/\/bozsogiattila.hu\/?p=1350#breadcrumb\"},\"inLanguage\":\"hu\",\"potentialAction\":[{\"@type\":\"ReadAction\",\"target\":[\"https:\/\/bozsogiattila.hu\/?p=1350\"]}]},{\"@type\":\"BreadcrumbList\",\"@id\":\"https:\/\/bozsogiattila.hu\/?p=1350#breadcrumb\",\"itemListElement\":[{\"@type\":\"ListItem\",\"position\":1,\"name\":\"Kezd\u0151lap\",\"item\":\"https:\/\/bozsogiattila.hu\/\"},{\"@type\":\"ListItem\",\"position\":2,\"name\":\"VAN \u00daGY!\"}]},{\"@type\":\"WebSite\",\"@id\":\"https:\/\/bozsogiattila.hu\/#website\",\"url\":\"https:\/\/bozsogiattila.hu\/\",\"name\":\"Bozsogi Attila\",\"description\":\"a zen\u00e9sz, \u00edr\u00f3 munk\u00e1ss\u00e1g\u00e1nak \u00e9s a mak\u00f3i muzsikusok eml\u00e9k\u00e9t \u0151rz\u0151 oldal\",\"potentialAction\":[{\"@type\":\"SearchAction\",\"target\":{\"@type\":\"EntryPoint\",\"urlTemplate\":\"https:\/\/bozsogiattila.hu\/?s={search_term_string}\"},\"query-input\":\"required name=search_term_string\"}],\"inLanguage\":\"hu\"},{\"@type\":\"Person\",\"@id\":\"https:\/\/bozsogiattila.hu\/#\/schema\/person\/488c99f554a8c4039201260dd5eb795e\",\"name\":\"Bozsogi Attila\",\"image\":{\"@type\":\"ImageObject\",\"inLanguage\":\"hu\",\"@id\":\"https:\/\/bozsogiattila.hu\/#\/schema\/person\/image\/\",\"url\":\"https:\/\/secure.gravatar.com\/avatar\/7da6b5985e34ed798d1670c54ce7d20e6a53b800bb0c07945c64b09392f3dbfd?s=96&d=mm&r=g\",\"contentUrl\":\"https:\/\/secure.gravatar.com\/avatar\/7da6b5985e34ed798d1670c54ce7d20e6a53b800bb0c07945c64b09392f3dbfd?s=96&d=mm&r=g\",\"caption\":\"Bozsogi Attila\"},\"sameAs\":[\"http:\/\/www.boszogiattila.hu\"],\"url\":\"https:\/\/bozsogiattila.hu\/?author=3\"}]}<\/script>\n<!-- \/ Yoast SEO plugin. -->","yoast_head_json":{"title":"VAN \u00daGY! - Bozsogi Attila","robots":{"index":"index","follow":"follow","max-snippet":"max-snippet:-1","max-image-preview":"max-image-preview:large","max-video-preview":"max-video-preview:-1"},"canonical":"https:\/\/bozsogiattila.hu\/?p=1350","og_locale":"hu_HU","og_type":"article","og_title":"VAN \u00daGY! - Bozsogi Attila","og_description":"VAN \u00daGY! Van \u00fagy, hogy az \u00e1lmok,Val\u00f3s\u00e1gg\u00e1 v\u00e1lnak.Van \u00fagy, hogy egy \u00e9rz\u00e9s,\u00d6r\u00f6kre megmarad. Van \u00fagy, hogy egy n\u00e9z\u00e9s,H\u0171 szerelmet \u00edg\u00e9r.Van \u00fagy, hogy egy \u00f3ra,Mindenn\u00e9l t\u00f6bbet \u00e9r. Van \u00fagy, hogy a tegnap,Eml\u00e9kedet ontja.Van \u00fagy, hogy a j\u00f6v\u0151d,V\u00e1rat csak mag\u00e1ra. Van \u00fagy, hogy egy sz\u00e9p sz\u00f3,Sz\u00edved megdobbantja.Van \u00fagy, hogy a lelked,L\u00e9nyed megnyugtatja. Van \u00fagy, hogy szerelmed,Elhagy mind\u00f6r\u00f6kre.Van ... Olvass tov\u00e1bb","og_url":"https:\/\/bozsogiattila.hu\/?p=1350","og_site_name":"Bozsogi Attila","article_published_time":"2020-12-30T18:25:00+00:00","article_modified_time":"2024-01-10T18:25:54+00:00","author":"Bozsogi Attila","twitter_card":"summary_large_image","twitter_misc":{"Szerz\u0151:":"Bozsogi Attila","Becs\u00fclt olvas\u00e1si id\u0151":"2 perc"},"schema":{"@context":"https:\/\/schema.org","@graph":[{"@type":"WebPage","@id":"https:\/\/bozsogiattila.hu\/?p=1350","url":"https:\/\/bozsogiattila.hu\/?p=1350","name":"VAN \u00daGY! - Bozsogi Attila","isPartOf":{"@id":"https:\/\/bozsogiattila.hu\/#website"},"datePublished":"2020-12-30T18:25:00+00:00","dateModified":"2024-01-10T18:25:54+00:00","author":{"@id":"https:\/\/bozsogiattila.hu\/#\/schema\/person\/488c99f554a8c4039201260dd5eb795e"},"breadcrumb":{"@id":"https:\/\/bozsogiattila.hu\/?p=1350#breadcrumb"},"inLanguage":"hu","potentialAction":[{"@type":"ReadAction","target":["https:\/\/bozsogiattila.hu\/?p=1350"]}]},{"@type":"BreadcrumbList","@id":"https:\/\/bozsogiattila.hu\/?p=1350#breadcrumb","itemListElement":[{"@type":"ListItem","position":1,"name":"Kezd\u0151lap","item":"https:\/\/bozsogiattila.hu\/"},{"@type":"ListItem","position":2,"name":"VAN \u00daGY!"}]},{"@type":"WebSite","@id":"https:\/\/bozsogiattila.hu\/#website","url":"https:\/\/bozsogiattila.hu\/","name":"Bozsogi Attila","description":"a zen\u00e9sz, \u00edr\u00f3 munk\u00e1ss\u00e1g\u00e1nak \u00e9s a mak\u00f3i muzsikusok eml\u00e9k\u00e9t \u0151rz\u0151 oldal","potentialAction":[{"@type":"SearchAction","target":{"@type":"EntryPoint","urlTemplate":"https:\/\/bozsogiattila.hu\/?s={search_term_string}"},"query-input":"required name=search_term_string"}],"inLanguage":"hu"},{"@type":"Person","@id":"https:\/\/bozsogiattila.hu\/#\/schema\/person\/488c99f554a8c4039201260dd5eb795e","name":"Bozsogi Attila","image":{"@type":"ImageObject","inLanguage":"hu","@id":"https:\/\/bozsogiattila.hu\/#\/schema\/person\/image\/","url":"https:\/\/secure.gravatar.com\/avatar\/7da6b5985e34ed798d1670c54ce7d20e6a53b800bb0c07945c64b09392f3dbfd?s=96&d=mm&r=g","contentUrl":"https:\/\/secure.gravatar.com\/avatar\/7da6b5985e34ed798d1670c54ce7d20e6a53b800bb0c07945c64b09392f3dbfd?s=96&d=mm&r=g","caption":"Bozsogi Attila"},"sameAs":["http:\/\/www.boszogiattila.hu"],"url":"https:\/\/bozsogiattila.hu\/?author=3"}]}},"jetpack_featured_media_url":"","_links":{"self":[{"href":"https:\/\/bozsogiattila.hu\/index.php?rest_route=\/wp\/v2\/posts\/1350","targetHints":{"allow":["GET"]}}],"collection":[{"href":"https:\/\/bozsogiattila.hu\/index.php?rest_route=\/wp\/v2\/posts"}],"about":[{"href":"https:\/\/bozsogiattila.hu\/index.php?rest_route=\/wp\/v2\/types\/post"}],"author":[{"embeddable":true,"href":"https:\/\/bozsogiattila.hu\/index.php?rest_route=\/wp\/v2\/users\/3"}],"replies":[{"embeddable":true,"href":"https:\/\/bozsogiattila.hu\/index.php?rest_route=%2Fwp%2Fv2%2Fcomments&post=1350"}],"version-history":[{"count":1,"href":"https:\/\/bozsogiattila.hu\/index.php?rest_route=\/wp\/v2\/posts\/1350\/revisions"}],"predecessor-version":[{"id":1351,"href":"https:\/\/bozsogiattila.hu\/index.php?rest_route=\/wp\/v2\/posts\/1350\/revisions\/1351"}],"wp:attachment":[{"href":"https:\/\/bozsogiattila.hu\/index.php?rest_route=%2Fwp%2Fv2%2Fmedia&parent=1350"}],"wp:term":[{"taxonomy":"category","embeddable":true,"href":"https:\/\/bozsogiattila.hu\/index.php?rest_route=%2Fwp%2Fv2%2Fcategories&post=1350"},{"taxonomy":"post_tag","embeddable":true,"href":"https:\/\/bozsogiattila.hu\/index.php?rest_route=%2Fwp%2Fv2%2Ftags&post=1350"}],"curies":[{"name":"wp","href":"https:\/\/api.w.org\/{rel}","templated":true}]}}