{"id":1354,"date":"2015-11-22T18:27:00","date_gmt":"2015-11-22T18:27:00","guid":{"rendered":"https:\/\/bozsogiattila.hu\/?p=1354"},"modified":"2024-01-10T18:28:25","modified_gmt":"2024-01-10T18:28:25","slug":"verset-irok-gondolkodom","status":"publish","type":"post","link":"https:\/\/bozsogiattila.hu\/?p=1354","title":{"rendered":"VERSET \u00cdROK, GONDOLKODOM!"},"content":{"rendered":"\n<p class=\"wp-block-paragraph\">VERSET \u00cdROK, GONDOLKODOM!<\/p>\n\n\n\n<p class=\"wp-block-paragraph\">Verset \u00edrok, gondolkodom,<br>S err\u0151l-arr\u00f3l \u00e1lmodozom.<br>Rendet rakok az agyamban,<br>Tal\u00e1n, n\u00e9ha ott hiba van.<\/p>\n\n\n\n<p class=\"wp-block-paragraph\">Messze dobom el a sulykot,<br>Elker\u00fcl\u00f6m \u00edgy a val\u00f3t.<br>F\u00e9lrevezet term\u00e9szetem,<br>A rebellis k\u00e9pzeletem.<\/p>\n\n\n\n<p class=\"wp-block-paragraph\">Hib\u00e1t-hib\u00e1ra halmozok,<br>\u00c1m, de mindig j\u00f3t akarok.<br>Hom\u00e1lyos lesz szem\u00fcvegem,<br>Els\u00f6t\u00e9t\u00fcl az \u00e9rzelem.<\/p>\n\n\n\n<p class=\"wp-block-paragraph\">Pedig vil\u00e1goss\u00e1g k\u00e9ne,<br>A Napnak az \u00f6r\u00f6k f\u00e9nye.<br>Jobban l\u00e1ssak magam k\u00f6r\u00fcl,<br>Tudjam ki, \u00e9s minek \u00f6r\u00fcl?<\/p>\n\n\n\n<p class=\"wp-block-paragraph\">Optimizmust \u00f6sszegezem,<br>Pesszimizmussal keverem.<br>Mikor v\u00e9gre helyre rakom,<br>Elfeledem akaratom.<\/p>\n\n\n\n<p class=\"wp-block-paragraph\">A bumer\u00e1ngnak p\u00e9ld\u00e1ja,<br>Szemem el\u0151tt ott van n\u00e9ha.<br>Ki j\u00f3l dobja, szerencs\u00e9s lesz,<br>Visszasz\u00e1ll az a kez\u00e9hez.<\/p>\n\n\n\n<p class=\"wp-block-paragraph\">Hozz\u00e1\u00e1ll\u00e1sban van hiba,<br>Ebb\u0151l lesz sokszor galiba.<br>\u00c9szrev\u00e9tlen megszenvedem,<br>Csorba esik \u00e9rzelmemen.<\/p>\n\n\n\n<p class=\"wp-block-paragraph\">\u00c9rz\u00e9kenny\u00e9 v\u00e1lok ekkor,<br>\u00dagy, mint azaz \u0151si Hektor,<br>Kutatni kezdem a val\u00f3t,<br>Net\u00e1n az \u00f6r\u00f6kk\u00e9 csal\u00f3t.<\/p>\n\n\n\n<p class=\"wp-block-paragraph\">Bizonytalans\u00e1g lesz \u00farr\u00e1,<br>Hatalmamat teszi cs\u00faff\u00e1.<br>Szembesz\u00e1llok \u00f6nmagammal,<br>Lelkemben ekkor lesz zavar.<\/p>\n\n\n\n<p class=\"wp-block-paragraph\">Hevesebben ver a sz\u00edvem,<br>Izzadok, s ver\u00edt\u00e9kezem.<br>L\u00e9legzetem zil\u00e1lni kezd,<br>A k\u00e9t kezem is megremeg.<\/p>\n\n\n\n<p class=\"wp-block-paragraph\">Reszket\u0151kezemmel \u00edrok,<br>R\u00fat bet\u0171ket kanyar\u00edtok.<br>De az \u00e9rtelm\u00fck megmarad,<br>Megnyugszom, ha pihen az agy.<\/p>\n\n\n\n<p class=\"wp-block-paragraph\">Elk\u00e1pr\u00e1ztatnak a t\u00e9nyek,<br>De a sikert\u0151l m\u00e9g f\u00e9lek,<br>Becsapja az elv\u00e1r\u00e1som,<br>S a helyemet nem tal\u00e1lom.<\/p>\n\n\n\n<p class=\"wp-block-paragraph\">Mire v\u00e1gyom, nem is tudom,<br>Minduntalan latolgatom?<br>Pr\u00f3b\u00e1lgatom felkutatni,<br>Az egyens\u00falyt megtal\u00e1lni.<\/p>\n\n\n\n<p class=\"wp-block-paragraph\">Mikor \u00e9rzem, m\u00e1r minden j\u00f3,<br>Akkor t\u00f6r r\u00e1m, majd a val\u00f3.<br>Amit addig kital\u00e1ltam,<br>R\u00e1j\u00f6v\u00f6k, hogy nem hib\u00e1tlan.<\/p>\n\n\n\n<p class=\"wp-block-paragraph\">Hiba n\u00e9lk\u00fcl nincsen ember,<br>N\u00e9ha vesz\u00edt, az, aki nyer.<br>A j\u00e1t\u00e9kosnak a sorsa,<br>Idegharcnak, azaz \u00e1ra.<\/p>\n\n\n\n<p class=\"wp-block-paragraph\">Sok\u00e1, hittem, nincsen hib\u00e1m,<br>S \u00e9ltem boh\u00e9men \u00e9s laz\u00e1n.<br>Egyszer v\u00e9letlen meg tud\u00e1m,<br>Hiba az is, &#8211; ha nincs hib\u00e1m!<\/p>\n\n\n\n<p class=\"wp-block-paragraph\">Mak\u00f3, 2015-11-22<\/p>\n","protected":false},"excerpt":{"rendered":"<p>VERSET \u00cdROK, GONDOLKODOM! Verset \u00edrok, gondolkodom,S err\u0151l-arr\u00f3l \u00e1lmodozom.Rendet rakok az agyamban,Tal\u00e1n, n\u00e9ha ott hiba van. Messze dobom el a sulykot,Elker\u00fcl\u00f6m \u00edgy a val\u00f3t.F\u00e9lrevezet term\u00e9szetem,A rebellis k\u00e9pzeletem. Hib\u00e1t-hib\u00e1ra halmozok,\u00c1m, de mindig j\u00f3t akarok.Hom\u00e1lyos lesz szem\u00fcvegem,Els\u00f6t\u00e9t\u00fcl az \u00e9rzelem. Pedig vil\u00e1goss\u00e1g k\u00e9ne,A Napnak az \u00f6r\u00f6k f\u00e9nye.Jobban l\u00e1ssak magam k\u00f6r\u00fcl,Tudjam ki, \u00e9s minek \u00f6r\u00fcl? Optimizmust \u00f6sszegezem,Pesszimizmussal keverem.Mikor v\u00e9gre helyre &#8230; <a title=\"VERSET \u00cdROK, GONDOLKODOM!\" class=\"read-more\" href=\"https:\/\/bozsogiattila.hu\/?p=1354\" aria-label=\"Tov\u00e1bbiak VERSET \u00cdROK, GONDOLKODOM!\">Olvass tov\u00e1bb<\/a><\/p>\n","protected":false},"author":3,"featured_media":0,"comment_status":"closed","ping_status":"open","sticky":false,"template":"","format":"standard","meta":{"footnotes":""},"categories":[4],"tags":[328,12],"class_list":["post-1354","post","type-post","status-publish","format-standard","hentry","category-versek","tag-328","tag-mako"],"yoast_head":"<!-- This site is optimized with the Yoast SEO plugin v21.8 - https:\/\/yoast.com\/wordpress\/plugins\/seo\/ -->\n<title>VERSET \u00cdROK, GONDOLKODOM! - Bozsogi Attila<\/title>\n<meta name=\"robots\" content=\"index, follow, max-snippet:-1, max-image-preview:large, max-video-preview:-1\" \/>\n<link rel=\"canonical\" href=\"https:\/\/bozsogiattila.hu\/?p=1354\" \/>\n<meta property=\"og:locale\" content=\"hu_HU\" \/>\n<meta property=\"og:type\" content=\"article\" \/>\n<meta property=\"og:title\" content=\"VERSET \u00cdROK, GONDOLKODOM! - Bozsogi Attila\" \/>\n<meta property=\"og:description\" content=\"VERSET \u00cdROK, GONDOLKODOM! Verset \u00edrok, gondolkodom,S err\u0151l-arr\u00f3l \u00e1lmodozom.Rendet rakok az agyamban,Tal\u00e1n, n\u00e9ha ott hiba van. Messze dobom el a sulykot,Elker\u00fcl\u00f6m \u00edgy a val\u00f3t.F\u00e9lrevezet term\u00e9szetem,A rebellis k\u00e9pzeletem. Hib\u00e1t-hib\u00e1ra halmozok,\u00c1m, de mindig j\u00f3t akarok.Hom\u00e1lyos lesz szem\u00fcvegem,Els\u00f6t\u00e9t\u00fcl az \u00e9rzelem. Pedig vil\u00e1goss\u00e1g k\u00e9ne,A Napnak az \u00f6r\u00f6k f\u00e9nye.Jobban l\u00e1ssak magam k\u00f6r\u00fcl,Tudjam ki, \u00e9s minek \u00f6r\u00fcl? Optimizmust \u00f6sszegezem,Pesszimizmussal keverem.Mikor v\u00e9gre helyre ... Olvass tov\u00e1bb\" \/>\n<meta property=\"og:url\" content=\"https:\/\/bozsogiattila.hu\/?p=1354\" \/>\n<meta property=\"og:site_name\" content=\"Bozsogi Attila\" \/>\n<meta property=\"article:published_time\" content=\"2015-11-22T18:27:00+00:00\" \/>\n<meta property=\"article:modified_time\" content=\"2024-01-10T18:28:25+00:00\" \/>\n<meta name=\"author\" content=\"Bozsogi Attila\" \/>\n<meta name=\"twitter:card\" content=\"summary_large_image\" \/>\n<meta name=\"twitter:label1\" content=\"Szerz\u0151:\" \/>\n\t<meta name=\"twitter:data1\" content=\"Bozsogi Attila\" \/>\n\t<meta name=\"twitter:label2\" content=\"Becs\u00fclt olvas\u00e1si id\u0151\" \/>\n\t<meta name=\"twitter:data2\" content=\"2 perc\" \/>\n<script type=\"application\/ld+json\" class=\"yoast-schema-graph\">{\"@context\":\"https:\/\/schema.org\",\"@graph\":[{\"@type\":\"WebPage\",\"@id\":\"https:\/\/bozsogiattila.hu\/?p=1354\",\"url\":\"https:\/\/bozsogiattila.hu\/?p=1354\",\"name\":\"VERSET \u00cdROK, GONDOLKODOM! - Bozsogi Attila\",\"isPartOf\":{\"@id\":\"https:\/\/bozsogiattila.hu\/#website\"},\"datePublished\":\"2015-11-22T18:27:00+00:00\",\"dateModified\":\"2024-01-10T18:28:25+00:00\",\"author\":{\"@id\":\"https:\/\/bozsogiattila.hu\/#\/schema\/person\/488c99f554a8c4039201260dd5eb795e\"},\"breadcrumb\":{\"@id\":\"https:\/\/bozsogiattila.hu\/?p=1354#breadcrumb\"},\"inLanguage\":\"hu\",\"potentialAction\":[{\"@type\":\"ReadAction\",\"target\":[\"https:\/\/bozsogiattila.hu\/?p=1354\"]}]},{\"@type\":\"BreadcrumbList\",\"@id\":\"https:\/\/bozsogiattila.hu\/?p=1354#breadcrumb\",\"itemListElement\":[{\"@type\":\"ListItem\",\"position\":1,\"name\":\"Kezd\u0151lap\",\"item\":\"https:\/\/bozsogiattila.hu\/\"},{\"@type\":\"ListItem\",\"position\":2,\"name\":\"VERSET \u00cdROK, GONDOLKODOM!\"}]},{\"@type\":\"WebSite\",\"@id\":\"https:\/\/bozsogiattila.hu\/#website\",\"url\":\"https:\/\/bozsogiattila.hu\/\",\"name\":\"Bozsogi Attila\",\"description\":\"a zen\u00e9sz, \u00edr\u00f3 munk\u00e1ss\u00e1g\u00e1nak \u00e9s a mak\u00f3i muzsikusok eml\u00e9k\u00e9t \u0151rz\u0151 oldal\",\"potentialAction\":[{\"@type\":\"SearchAction\",\"target\":{\"@type\":\"EntryPoint\",\"urlTemplate\":\"https:\/\/bozsogiattila.hu\/?s={search_term_string}\"},\"query-input\":\"required name=search_term_string\"}],\"inLanguage\":\"hu\"},{\"@type\":\"Person\",\"@id\":\"https:\/\/bozsogiattila.hu\/#\/schema\/person\/488c99f554a8c4039201260dd5eb795e\",\"name\":\"Bozsogi Attila\",\"image\":{\"@type\":\"ImageObject\",\"inLanguage\":\"hu\",\"@id\":\"https:\/\/bozsogiattila.hu\/#\/schema\/person\/image\/\",\"url\":\"https:\/\/secure.gravatar.com\/avatar\/7da6b5985e34ed798d1670c54ce7d20e6a53b800bb0c07945c64b09392f3dbfd?s=96&d=mm&r=g\",\"contentUrl\":\"https:\/\/secure.gravatar.com\/avatar\/7da6b5985e34ed798d1670c54ce7d20e6a53b800bb0c07945c64b09392f3dbfd?s=96&d=mm&r=g\",\"caption\":\"Bozsogi Attila\"},\"sameAs\":[\"http:\/\/www.boszogiattila.hu\"],\"url\":\"https:\/\/bozsogiattila.hu\/?author=3\"}]}<\/script>\n<!-- \/ Yoast SEO plugin. -->","yoast_head_json":{"title":"VERSET \u00cdROK, GONDOLKODOM! - Bozsogi Attila","robots":{"index":"index","follow":"follow","max-snippet":"max-snippet:-1","max-image-preview":"max-image-preview:large","max-video-preview":"max-video-preview:-1"},"canonical":"https:\/\/bozsogiattila.hu\/?p=1354","og_locale":"hu_HU","og_type":"article","og_title":"VERSET \u00cdROK, GONDOLKODOM! - Bozsogi Attila","og_description":"VERSET \u00cdROK, GONDOLKODOM! Verset \u00edrok, gondolkodom,S err\u0151l-arr\u00f3l \u00e1lmodozom.Rendet rakok az agyamban,Tal\u00e1n, n\u00e9ha ott hiba van. Messze dobom el a sulykot,Elker\u00fcl\u00f6m \u00edgy a val\u00f3t.F\u00e9lrevezet term\u00e9szetem,A rebellis k\u00e9pzeletem. Hib\u00e1t-hib\u00e1ra halmozok,\u00c1m, de mindig j\u00f3t akarok.Hom\u00e1lyos lesz szem\u00fcvegem,Els\u00f6t\u00e9t\u00fcl az \u00e9rzelem. Pedig vil\u00e1goss\u00e1g k\u00e9ne,A Napnak az \u00f6r\u00f6k f\u00e9nye.Jobban l\u00e1ssak magam k\u00f6r\u00fcl,Tudjam ki, \u00e9s minek \u00f6r\u00fcl? Optimizmust \u00f6sszegezem,Pesszimizmussal keverem.Mikor v\u00e9gre helyre ... Olvass tov\u00e1bb","og_url":"https:\/\/bozsogiattila.hu\/?p=1354","og_site_name":"Bozsogi Attila","article_published_time":"2015-11-22T18:27:00+00:00","article_modified_time":"2024-01-10T18:28:25+00:00","author":"Bozsogi Attila","twitter_card":"summary_large_image","twitter_misc":{"Szerz\u0151:":"Bozsogi Attila","Becs\u00fclt olvas\u00e1si id\u0151":"2 perc"},"schema":{"@context":"https:\/\/schema.org","@graph":[{"@type":"WebPage","@id":"https:\/\/bozsogiattila.hu\/?p=1354","url":"https:\/\/bozsogiattila.hu\/?p=1354","name":"VERSET \u00cdROK, GONDOLKODOM! - Bozsogi Attila","isPartOf":{"@id":"https:\/\/bozsogiattila.hu\/#website"},"datePublished":"2015-11-22T18:27:00+00:00","dateModified":"2024-01-10T18:28:25+00:00","author":{"@id":"https:\/\/bozsogiattila.hu\/#\/schema\/person\/488c99f554a8c4039201260dd5eb795e"},"breadcrumb":{"@id":"https:\/\/bozsogiattila.hu\/?p=1354#breadcrumb"},"inLanguage":"hu","potentialAction":[{"@type":"ReadAction","target":["https:\/\/bozsogiattila.hu\/?p=1354"]}]},{"@type":"BreadcrumbList","@id":"https:\/\/bozsogiattila.hu\/?p=1354#breadcrumb","itemListElement":[{"@type":"ListItem","position":1,"name":"Kezd\u0151lap","item":"https:\/\/bozsogiattila.hu\/"},{"@type":"ListItem","position":2,"name":"VERSET \u00cdROK, GONDOLKODOM!"}]},{"@type":"WebSite","@id":"https:\/\/bozsogiattila.hu\/#website","url":"https:\/\/bozsogiattila.hu\/","name":"Bozsogi Attila","description":"a zen\u00e9sz, \u00edr\u00f3 munk\u00e1ss\u00e1g\u00e1nak \u00e9s a mak\u00f3i muzsikusok eml\u00e9k\u00e9t \u0151rz\u0151 oldal","potentialAction":[{"@type":"SearchAction","target":{"@type":"EntryPoint","urlTemplate":"https:\/\/bozsogiattila.hu\/?s={search_term_string}"},"query-input":"required name=search_term_string"}],"inLanguage":"hu"},{"@type":"Person","@id":"https:\/\/bozsogiattila.hu\/#\/schema\/person\/488c99f554a8c4039201260dd5eb795e","name":"Bozsogi Attila","image":{"@type":"ImageObject","inLanguage":"hu","@id":"https:\/\/bozsogiattila.hu\/#\/schema\/person\/image\/","url":"https:\/\/secure.gravatar.com\/avatar\/7da6b5985e34ed798d1670c54ce7d20e6a53b800bb0c07945c64b09392f3dbfd?s=96&d=mm&r=g","contentUrl":"https:\/\/secure.gravatar.com\/avatar\/7da6b5985e34ed798d1670c54ce7d20e6a53b800bb0c07945c64b09392f3dbfd?s=96&d=mm&r=g","caption":"Bozsogi Attila"},"sameAs":["http:\/\/www.boszogiattila.hu"],"url":"https:\/\/bozsogiattila.hu\/?author=3"}]}},"jetpack_featured_media_url":"","_links":{"self":[{"href":"https:\/\/bozsogiattila.hu\/index.php?rest_route=\/wp\/v2\/posts\/1354","targetHints":{"allow":["GET"]}}],"collection":[{"href":"https:\/\/bozsogiattila.hu\/index.php?rest_route=\/wp\/v2\/posts"}],"about":[{"href":"https:\/\/bozsogiattila.hu\/index.php?rest_route=\/wp\/v2\/types\/post"}],"author":[{"embeddable":true,"href":"https:\/\/bozsogiattila.hu\/index.php?rest_route=\/wp\/v2\/users\/3"}],"replies":[{"embeddable":true,"href":"https:\/\/bozsogiattila.hu\/index.php?rest_route=%2Fwp%2Fv2%2Fcomments&post=1354"}],"version-history":[{"count":1,"href":"https:\/\/bozsogiattila.hu\/index.php?rest_route=\/wp\/v2\/posts\/1354\/revisions"}],"predecessor-version":[{"id":1355,"href":"https:\/\/bozsogiattila.hu\/index.php?rest_route=\/wp\/v2\/posts\/1354\/revisions\/1355"}],"wp:attachment":[{"href":"https:\/\/bozsogiattila.hu\/index.php?rest_route=%2Fwp%2Fv2%2Fmedia&parent=1354"}],"wp:term":[{"taxonomy":"category","embeddable":true,"href":"https:\/\/bozsogiattila.hu\/index.php?rest_route=%2Fwp%2Fv2%2Fcategories&post=1354"},{"taxonomy":"post_tag","embeddable":true,"href":"https:\/\/bozsogiattila.hu\/index.php?rest_route=%2Fwp%2Fv2%2Ftags&post=1354"}],"curies":[{"name":"wp","href":"https:\/\/api.w.org\/{rel}","templated":true}]}}